{"id":97582,"date":"2026-01-23T00:30:58","date_gmt":"2026-01-22T23:30:58","guid":{"rendered":"https:\/\/www.infokuryr.cz\/n\/?p=97582"},"modified":"2026-01-22T16:01:53","modified_gmt":"2026-01-22T15:01:53","slug":"byvaly-poslanec-vznasi-zavazna-obvineni-stat-privira-oci-nad-organizovanym-zneuzivanim-deti","status":"publish","type":"post","link":"https:\/\/www.infokuryr.cz\/n\/2026\/01\/23\/byvaly-poslanec-vznasi-zavazna-obvineni-stat-privira-oci-nad-organizovanym-zneuzivanim-deti\/","title":{"rendered":"B\u00fdval\u00fd poslanec vzn\u00e1\u0161\u00ed z\u00e1va\u017en\u00e1 obvin\u011bn\u00ed: St\u00e1t p\u0159iv\u00edr\u00e1 o\u010di nad organizovan\u00fdm zneu\u017e\u00edv\u00e1n\u00edm d\u011bt\u00ed"},"content":{"rendered":"<div id=\"fb-root\"><\/div>\n<div class=\"elementor-element elementor-element-1fb4c2c elementor-widget elementor-widget-theme-post-content\" data-id=\"1fb4c2c\" data-element_type=\"widget\" data-widget_type=\"theme-post-content.default\">\n<div class=\"elementor-widget-container\">\n<p><span dir=\"auto\">V dlouh\u00e9m rozhovoru vznesl b\u00fdval\u00fd britsk\u00fd poslanec\u00a0<\/span><strong><span dir=\"auto\">Andrew Bridgen<\/span><\/strong><span dir=\"auto\">\u00a0z\u00e1va\u017en\u00e1 obvin\u011bn\u00ed z organizovan\u00e9ho zneu\u017e\u00edv\u00e1n\u00ed d\u011bt\u00ed, obchodov\u00e1n\u00ed s d\u011btmi a selh\u00e1n\u00ed vl\u00e1dy. V rozhovoru s novin\u00e1\u0159em Flaviem Pasquinem z LightHouseTV Bridgen hovo\u0159il o tom, co pova\u017euje za syst\u00e9mov\u00e9 probl\u00e9my, kter\u00e9 politici, soudnictv\u00ed a bezpe\u010dnostn\u00ed org\u00e1ny ignoruj\u00ed nebo aktivn\u011b zatajuj\u00ed.<\/span><\/p>\n<p><span dir=\"auto\">Bridgen kritizoval skute\u010dnost, \u017ee Spojen\u00e9 kr\u00e1lovstv\u00ed nem\u00e1 samostatn\u00fd syst\u00e9m trestn\u00edho pr\u00e1va pro takzvan\u00e9 \u201esatansk\u00e9 zneu\u017e\u00edv\u00e1n\u00ed d\u011bt\u00ed\u201c. Tvrdil, \u017ee to nen\u00ed zp\u016fsobeno nedostatkem d\u016fkaz\u016f, ale sp\u00ed\u0161e t\u00edm, \u017ee toto t\u00e9ma je spole\u010densky a politicky tabu. Uvedl, \u017ee podobn\u00e9 mechanismy pop\u00edr\u00e1n\u00ed existuj\u00ed i \u200b\u200bv dal\u0161\u00edch evropsk\u00fdch zem\u00edch, v\u010detn\u011b Nizozemska.<\/span><\/p>\n<h3 class=\"wp-block-heading\"><span dir=\"auto\">Obvin\u011bn\u00ed z mezin\u00e1rodn\u00edho obchodov\u00e1n\u00ed s d\u011btmi<\/span><\/h3>\n<p><span dir=\"auto\">\u00dast\u0159edn\u00ed \u010d\u00e1st\u00ed rozhovoru byla Bridgenova tvrzen\u00ed o mezin\u00e1rodn\u011b organizovan\u00e9m gangu obchoduj\u00edc\u00edm s d\u011btmi. Podle n\u011bj byly d\u011bti z v\u00fdchodoevropsk\u00fdch zem\u00ed, jako je Ukrajina a Moldavsko, p\u0159iv\u00e1\u017eeny do Velk\u00e9 Brit\u00e1nie za \u00fa\u010delem sexu\u00e1ln\u00edho vyko\u0159is\u0165ov\u00e1n\u00ed a neleg\u00e1ln\u00edho odb\u011bru org\u00e1n\u016f. Bridgen uvedl, \u017ee vid\u011bl odpov\u00eddaj\u00edc\u00ed d\u016fkazy a p\u0159edal je policii, zpravodajsk\u00fdm slu\u017eb\u00e1m a n\u00e1rodn\u00ed krimin\u00e1ln\u00ed policii. Nebyly v\u0161ak podniknuty \u017e\u00e1dn\u00e9 kroky ani provedeno vy\u0161et\u0159ov\u00e1n\u00ed, a to ani v p\u0159\u00edpad\u011b, \u017ee informace poch\u00e1zely z ukrajinsk\u00fdch zpravodajsk\u00fdch zdroj\u016f.<\/span><\/p>\n<p><span dir=\"auto\">Obzvl\u00e1\u0161t\u011b v\u00fdbu\u0161n\u00e9: Podle Bridgena byli oznamovatel\u00e9, kte\u0159\u00ed se pokusili tyto struktury odhalit, ter\u010dem atent\u00e1t\u016f. Obvin\u011bn\u00ed nazna\u010duj\u00ed, \u017ee st\u00e1tn\u00ed org\u00e1ny, p\u0159inejmen\u0161\u00edm svou ne\u010dinnost\u00ed, p\u0159isp\u011bly k pokra\u010dov\u00e1n\u00ed t\u011bchto zlo\u010din\u016f.<\/span><\/p>\n<p><span dir=\"auto\">V t\u00e9to souvislosti Bridgen zm\u00ednil tak\u00e9 spole\u010dnost Chemonics, kterou spojil s pran\u00edm \u0161pinav\u00fdch pen\u011bz v souvislosti s obchodov\u00e1n\u00edm s d\u011btmi. B\u011bhem rozhovoru nebyly ve\u0159ejn\u011b p\u0159edlo\u017eeny \u017e\u00e1dn\u00e9 d\u016fkazy. Bridgen v\u0161ak uvedl, \u017ee po sv\u00fdch prohl\u00e1\u0161en\u00edch za\u017eil masivn\u00ed osobn\u00ed tlak, v\u010detn\u011b fale\u0161n\u00fdch obvin\u011bn\u00ed a politick\u00e9 izolace v parlamentu.<\/span><\/p>\n<h3 class=\"wp-block-heading\"><span dir=\"auto\">skand\u00e1ly s dom\u00e1c\u00edm n\u00e1sil\u00edm<\/span><\/h3>\n<p><span dir=\"auto\">Krom\u011b mezin\u00e1rodn\u00edch aspekt\u016f Bridgen hovo\u0159il tak\u00e9 o p\u0159\u00edpadech organizovan\u00e9ho sexu\u00e1ln\u00edho n\u00e1sil\u00ed ve Spojen\u00e9m kr\u00e1lovstv\u00ed. Zm\u00ednil se o hromadn\u00fdch zn\u00e1siln\u011bn\u00edch nezletil\u00fdch d\u00edvek ze znev\u00fdhodn\u011bn\u00e9ho prost\u0159ed\u00ed zlo\u010dineck\u00fdmi s\u00edt\u011bmi. I zde obvinil policii a justici ze systematick\u00e9ho p\u0159iv\u00edr\u00e1n\u00ed o\u010d\u00ed a v n\u011bkter\u00fdch p\u0159\u00edpadech z aktivn\u00ed \u00fa\u010dasti. Podle n\u011bj byly ob\u011bti n\u011bkdy dokonce vyd\u00edr\u00e1ny nebo zneu\u017e\u00edv\u00e1ny samotn\u00fdmi policisty.<\/span><\/p>\n<p><span dir=\"auto\">Bridgen interpretoval tyto ud\u00e1losti jako projev hluboce zako\u0159en\u011bn\u00e9 institucion\u00e1ln\u00ed korupce zahrnuj\u00edc\u00ed policii, politiku, soudnictv\u00ed a ekonomick\u00e9 akt\u00e9ry. V takov\u00e9m syst\u00e9mu, argumentoval, se k moci mohou dostat pouze ti, kte\u0159\u00ed jsou ochotni chr\u00e1nit st\u00e1vaj\u00edc\u00ed struktury.<\/span><\/p>\n<h3 class=\"wp-block-heading\"><span dir=\"auto\">&#8222;Zka\u017een\u00fd syst\u00e9m&#8220;<\/span><\/h3>\n<p><span dir=\"auto\">B\u00fdval\u00fd poslanec popisuje tento probl\u00e9m jako glob\u00e1ln\u00ed jev, kter\u00e9mu se v mainstreamov\u00fdch m\u00e9di\u00edch t\u00e9m\u011b\u0159 nev\u011bnuje pozornost, p\u0159esto\u017ee se t\u00fdk\u00e1 milion\u016f d\u011bt\u00ed. Bridgen vysv\u011btluje svou motivaci k ve\u0159ejn\u00e9mu vystoupen\u00ed, navzdory osobn\u00edm d\u016fsledk\u016fm, touhou chr\u00e1nit d\u011bti p\u0159ed nejz\u00e1va\u017en\u011bj\u0161\u00edmi trestn\u00fdmi \u010diny.<\/span><\/p>\n<p><span dir=\"auto\">Zm\u00ednil se tak\u00e9 o konci sv\u00e9 politick\u00e9 kari\u00e9ry a vysv\u011btlil, \u017ee za\u010dala pot\u00e9, co se vyslovil proti schv\u00e1len\u00ed experiment\u00e1ln\u00edch vakc\u00edn proti covidu pro kojence.<\/span><\/p>\n<p><span dir=\"auto\">Rozhovor vykresluje obraz velmi kontroverzn\u00edho, ale dalekos\u00e1hl\u00e9ho tvrzen\u00ed: \u017ee organizovan\u00e9 zneu\u017e\u00edv\u00e1n\u00ed d\u011bt\u00ed nejen existuje, ale je umo\u017en\u011bno selh\u00e1n\u00edm st\u00e1tu \u2013 nebo jeho zapojen\u00edm. D\u016fkazy pro mnoho z t\u011bchto tvrzen\u00ed zat\u00edm nejsou ve\u0159ejn\u011b ov\u011b\u0159iteln\u00e9. Konverzace nicm\u00e9n\u011b vyvol\u00e1v\u00e1 ot\u00e1zky ohledn\u011b transparentnosti, ochoty vy\u0161et\u0159ovat a institucion\u00e1ln\u00ed odpov\u011bdnosti.<\/span><\/p>\n<figure class=\"wp-block-embed is-type-video is-provider-youtube wp-block-embed-youtube wp-embed-aspect-16-9 wp-has-aspect-ratio\">\n<div class=\"wp-block-embed__wrapper\"><iframe loading=\"lazy\" title=\"B\u00fdval\u00fd britsk\u00fd poslanec Andrew Bridgen o satanismu, obchodov\u00e1n\u00ed s d\u011btmi, korupci a zneu\u017e\u00edv\u00e1n\u00ed (holandsk\u00e9 titulky)\" src=\"https:\/\/www.youtube.com\/embed\/xdXuycwc-sA?feature=oembed\" width=\"800\" height=\"450\" frameborder=\"0\" allowfullscreen=\"allowfullscreen\" data-mce-fragment=\"1\"><\/iframe><\/div>\n<div>\n<\/div>\n<\/figure>\n<\/div>\n<\/div>\n<div class=\"elementor-element elementor-element-46a8472 elementor-grid-3 elementor-grid-tablet-2 elementor-grid-mobile-1 elementor-posts--thumbnail-top elementor-widget elementor-widget-posts\" data-id=\"46a8472\" data-element_type=\"widget\" data-settings=\"{&quot;classic_row_gap&quot;:{&quot;unit&quot;:&quot;px&quot;,&quot;size&quot;:25,&quot;sizes&quot;:[]},&quot;classic_columns&quot;:&quot;3&quot;,&quot;classic_columns_tablet&quot;:&quot;2&quot;,&quot;classic_columns_mobile&quot;:&quot;1&quot;,&quot;classic_row_gap_tablet&quot;:{&quot;unit&quot;:&quot;px&quot;,&quot;size&quot;:&quot;&quot;,&quot;sizes&quot;:[]},&quot;classic_row_gap_mobile&quot;:{&quot;unit&quot;:&quot;px&quot;,&quot;size&quot;:&quot;&quot;,&quot;sizes&quot;:[]}}\" data-widget_type=\"posts.classic\">\n<div class=\"elementor-widget-container\">\n<div class=\"elementor-posts-container elementor-posts elementor-posts--skin-classic elementor-grid elementor-has-item-ratio\" role=\"list\"><\/div>\n<\/div>\n<\/div>\n","protected":false},"excerpt":{"rendered":"<p>V dlouh\u00e9m rozhovoru vznesl b\u00fdval\u00fd britsk\u00fd poslanec\u00a0Andrew Bridgen\u00a0z\u00e1va\u017en\u00e1 obvin\u011bn\u00ed z organizovan\u00e9ho zneu\u017e\u00edv\u00e1n\u00ed d\u011bt\u00ed, obchodov\u00e1n\u00ed s&#8230;<\/p>\n","protected":false},"author":2,"featured_media":97583,"comment_status":"closed","ping_status":"closed","sticky":false,"template":"","format":"standard","meta":[],"categories":[7],"tags":[61,245,3891,387,1753],"_links":{"self":[{"href":"https:\/\/www.infokuryr.cz\/n\/wp-json\/wp\/v2\/posts\/97582"}],"collection":[{"href":"https:\/\/www.infokuryr.cz\/n\/wp-json\/wp\/v2\/posts"}],"about":[{"href":"https:\/\/www.infokuryr.cz\/n\/wp-json\/wp\/v2\/types\/post"}],"author":[{"embeddable":true,"href":"https:\/\/www.infokuryr.cz\/n\/wp-json\/wp\/v2\/users\/2"}],"replies":[{"embeddable":true,"href":"https:\/\/www.infokuryr.cz\/n\/wp-json\/wp\/v2\/comments?post=97582"}],"version-history":[{"count":1,"href":"https:\/\/www.infokuryr.cz\/n\/wp-json\/wp\/v2\/posts\/97582\/revisions"}],"predecessor-version":[{"id":97584,"href":"https:\/\/www.infokuryr.cz\/n\/wp-json\/wp\/v2\/posts\/97582\/revisions\/97584"}],"wp:featuredmedia":[{"embeddable":true,"href":"https:\/\/www.infokuryr.cz\/n\/wp-json\/wp\/v2\/media\/97583"}],"wp:attachment":[{"href":"https:\/\/www.infokuryr.cz\/n\/wp-json\/wp\/v2\/media?parent=97582"}],"wp:term":[{"taxonomy":"category","embeddable":true,"href":"https:\/\/www.infokuryr.cz\/n\/wp-json\/wp\/v2\/categories?post=97582"},{"taxonomy":"post_tag","embeddable":true,"href":"https:\/\/www.infokuryr.cz\/n\/wp-json\/wp\/v2\/tags?post=97582"}],"curies":[{"name":"wp","href":"https:\/\/api.w.org\/{rel}","templated":true}]}}