{"id":97579,"date":"2026-01-23T00:27:19","date_gmt":"2026-01-22T23:27:19","guid":{"rendered":"https:\/\/www.infokuryr.cz\/n\/?p=97579"},"modified":"2026-01-22T15:55:58","modified_gmt":"2026-01-22T14:55:58","slug":"thomas-kolbe-nemecka-cenzurni-fronta-a-vzestup-digitalni-kontroly","status":"publish","type":"post","link":"https:\/\/www.infokuryr.cz\/n\/2026\/01\/23\/thomas-kolbe-nemecka-cenzurni-fronta-a-vzestup-digitalni-kontroly\/","title":{"rendered":"Thomas Kolbe: N\u011bmeck\u00e1 cenzurn\u00ed fronta a vzestup digit\u00e1ln\u00ed kontroly"},"content":{"rendered":"<div id=\"fb-root\"><\/div>\n<div class=\"elementor-element elementor-element-1fb4c2c elementor-widget elementor-widget-theme-post-content\" data-id=\"1fb4c2c\" data-element_type=\"widget\" data-widget_type=\"theme-post-content.default\">\n<div class=\"elementor-widget-container\">\n<p><span dir=\"auto\">V atmosf\u00e9\u0159e p\u0159ipom\u00ednaj\u00edc\u00ed rafinovan\u00fd sal\u00f3n odhalil ministersk\u00fd p\u0159edseda \u0160lesvicka-Hol\u0161t\u00fdnska Daniel G\u00fcnther skute\u010dn\u00e9 cenzurn\u00ed ambice politik\u016f. V bezpe\u010dn\u00e9m \u00fato\u010di\u0161ti ve\u0159ejnopr\u00e1vn\u00edho vys\u00edl\u00e1n\u00ed hovo\u0159il otev\u0159en\u011b a t\u00edm zd\u016fraznil represivn\u00ed tendence uvnit\u0159 stranick\u00e9ho syst\u00e9mu. Nyn\u00ed sv\u00e1d\u00edme kritick\u00fd obrann\u00fd boj proti nep\u0159\u00e1tel\u016fm svobody.<\/span><\/p>\n<p><span dir=\"auto\">N\u011bkte\u0159\u00ed dos\u00e1hnou sl\u00e1vy a uzn\u00e1n\u00ed n\u00e1hodou. N\u011bkter\u00fdm \u0161t\u011bst\u00ed pad\u00e1 do kl\u00edna, zat\u00edmco jin\u00ed za\u017e\u00edvaj\u00ed sv\u00fdch deset minut ve\u0159ejn\u00e9 pozornosti n\u00e1hodn\u00fdm r\u00e9torick\u00fdm gestem. V p\u0159\u00edpad\u011b ministra-prezidenta \u0160lesvicka-Hol\u0161t\u00fdnska v N\u011bmecku je to v\u0161ak pochybn\u00e1 pocta.<\/span><\/p>\n<p><span dir=\"auto\">B\u011bhem sv\u00e9ho vystoupen\u00ed v po\u0159adu Markuse Lanze na n\u011bmeck\u00e9 st\u00e1tn\u00ed televizi \u201eZDF\u201c se politik CDU Daniel G\u00fcnther pustil do onoho odhaluj\u00edc\u00edho, upov\u00eddan\u00e9ho t\u00f3nu, kter\u00fd lid\u00e9 obvykle pou\u017e\u00edvaj\u00ed pr\u00e1v\u011b tehdy, kdy\u017e se domn\u00edvaj\u00ed, \u017ee se nach\u00e1zej\u00ed v \u00fadajn\u011b bezpe\u010dn\u00e9m soci\u00e1ln\u00edm prost\u0159ed\u00ed \u2013 v m\u00edst\u011b, kde se neo\u010dek\u00e1v\u00e1 \u017e\u00e1dn\u00e1 kritika, a\u0165 u\u017e z jejich \u00fast vych\u00e1z\u00ed cokoli.<\/span><\/p>\n<p><span dir=\"auto\">B\u011bhem jeho hostov\u00e1n\u00ed v Lanzov\u011b po\u0159adu vy\u0161el najevo trestuhodn\u00fd postoj k principu svobody projevu a ke kritick\u00fdm m\u00e9di\u00edm: Hrozba cenzury, kter\u00e1 a\u017e do bodu blokov\u00e1n\u00ed jednotliv\u00fdch platforem, v\u010detn\u011b port\u00e1lu Nius, odhaluje hlubok\u00fd etick\u00fd rozpad. Nyn\u00ed se k n\u00e1m dost\u00e1v\u00e1 rostouc\u00ed, nen\u00e1padn\u011b funguj\u00edc\u00ed apar\u00e1t represe \u2013 varov\u00e1n\u00ed, kter\u00e9 bychom m\u011bli br\u00e1t v\u00e1\u017en\u011b.<\/span><\/p>\n<p><span dir=\"auto\">Bylo t\u00e9m\u011b\u0159 komick\u00e9, jak se Lanz, kter\u00e9ho elity ve\u0159ejnopr\u00e1vn\u00edho vys\u00edl\u00e1n\u00ed ozna\u010dovaly za hv\u011bzdn\u00e9ho moder\u00e1tora, opakovan\u011b sna\u017eil ve spolupr\u00e1ci se st\u00e1tn\u00edm medi\u00e1ln\u00edm sektorem r\u00e9toricky bagatelizovat G\u00fcntherovu jasn\u011b formulovanou touhu po cenzu\u0159e. Vytrh\u00e1val ji z kontextu, z\u0159e\u010foval ji a skute\u010dn\u00fd skand\u00e1l zakr\u00fdval nov\u00fdmi vlnami pobou\u0159en\u00ed, jako byla debata o Gr\u00f3nsku \u2013 takhle funguje strategie n\u00e1pravy m\u00e9di\u00ed.<\/span><\/p>\n<h2 class=\"wp-block-heading\"><span dir=\"auto\">Vytv\u00e1\u0159en\u00ed \u0159\u00e1du v digit\u00e1ln\u00edm prostoru<\/span><\/h2>\n<p><span dir=\"auto\">To, co se n\u00e1m r\u00fdsuje p\u0159\u00edmo p\u0159ed o\u010dima, je nezam\u011bniteln\u00e9. Vznik\u00e1 sledovac\u00ed apar\u00e1t koordinovan\u00fd Evropskou komis\u00ed v Bruselu, postaven\u00fd na z\u00e1kon\u011b o digit\u00e1ln\u00edch slu\u017eb\u00e1ch, kter\u00fd se jako chobotnice rozprost\u00edr\u00e1 nad n\u00e1rodn\u00edmi zpravodajsk\u00fdmi slu\u017ebami, jako je Feder\u00e1ln\u00ed zpravodajsk\u00e1 slu\u017eba (BND).<\/span><\/p>\n<p><span dir=\"auto\">Daniel G\u00fcnther nyn\u00ed pracuje v ozv\u011bnov\u00e9 komo\u0159e a funguje jako \u010dekaj\u00edc\u00ed cenzor, v\u011b\u0159\u00edc\u00ed, \u017ee je chr\u00e1n\u011bn stranick\u00fdm apar\u00e1tem. Ji\u017e v \u010dervnu lo\u0148sk\u00e9ho roku p\u0159edstavila CDU Schleswig-Holstein politick\u00fd dokument s n\u00e1zvem \u201eOchrana demokracie \u2013 \u00da\u010dinn\u00fd boj proti dezinformac\u00edm, nen\u00e1vistn\u00fdm projev\u016fm a podn\u011bcov\u00e1n\u00ed online\u201c. Auto\u0159i na patn\u00e1cti stran\u00e1ch nast\u00ednili konkr\u00e9tn\u00ed strategii pro regulaci obsahu na platform\u00e1ch, jako jsou Telegram, Meta a X. Totalitn\u00ed my\u0161len\u00ed a vyhl\u00eddka na to, \u017ee se bude tajn\u011b odd\u00e1vat feti\u0161e kontroly, vyvol\u00e1vaj\u00ed zvl\u00e1\u0161tn\u00ed fascinaci i na druh\u00e9 \u00farovni stranick\u00fdch funkcion\u00e1\u0159\u016f.<\/span><\/p>\n<p><span dir=\"auto\">Pokud sledujeme v\u00fdvoj posledn\u00edch n\u011bkolika m\u011bs\u00edc\u016f \u2013 vrchol\u00edc\u00ed skute\u010dn\u00fdm sporem s vl\u00e1dou USA \u2013 jedna v\u011bc je jasn\u00e1: zd\u00e1 se, \u017ee evropsk\u00e9 politick\u00e9 veden\u00ed se ni\u010deho neboj\u00ed v\u00edc ne\u017e ztr\u00e1ty sv\u00e9 dominance nad ve\u0159ejnou diskus\u00ed.<\/span><\/p>\n<p><span dir=\"auto\">Ale v tom spo\u010d\u00edv\u00e1 podstata soci\u00e1ln\u00edch m\u00e9di\u00ed: umo\u017e\u0148uj\u00ed individu\u00e1ln\u00edm n\u00e1zor\u016fm voln\u011b se \u0161\u00ed\u0159it, vytv\u00e1\u0159et shluky a hlasit\u011b je prohla\u0161ovat ve ve\u0159ejn\u00e9 sf\u00e9\u0159e. To je jejich explozivn\u00ed s\u00edla \u2013 a z\u0159ejm\u011b skute\u010dn\u00fd probl\u00e9m z pohledu t\u011bch, kte\u0159\u00ed by rad\u011bji \u0159\u00eddili, usm\u011br\u0148ovali a kontrolovali diskurz. G\u00fcnther nen\u00ed ve sv\u00e9m ta\u017een\u00ed proti rezistentn\u00ed opozici, kter\u00e1 se n\u011bkdy stav\u00ed proti covidov\u00fdm lockdown\u016fm, n\u011bkdy proti p\u0159eh\u0159\u00e1t\u00e9 klimatick\u00e9 apokalypse a jinak obecn\u011b zauj\u00edm\u00e1 kritick\u00fd postoj v\u016f\u010di st\u00e1tu, s\u00e1m.<\/span><\/p>\n<h2 class=\"wp-block-heading\"><span dir=\"auto\">N\u011bmeck\u00e9 ko\u0159eny<\/span><\/h2>\n<p><span dir=\"auto\">Strategicky se zpo\u010d\u00e1tku m\u00edrn\u00e1 cenzura \u0159\u00eddila zd\u00e1nliv\u011b inteligentn\u00ed cestou medi\u00e1ln\u00ed politiky. R\u00e9torickou frontu charakterizuj\u00ed dva sm\u011bry:<\/span><\/p>\n<p><span dir=\"auto\">Na jedn\u00e9 stran\u011b se politici v\u017edy odvol\u00e1vaj\u00ed na tzv. ochranu nezletil\u00fdch, kdy\u017e cht\u011bj\u00ed ospravedlnit n\u00e1stroje pro monitorov\u00e1n\u00ed soukrom\u00e9 komunikace. Na druhou stranu v\u00e1gn\u00ed koncept boje proti \u201enen\u00e1vistn\u00fdm projev\u016fm\u201c online slou\u017e\u00ed jako p\u00e1ka proti na\u0161emu soukrom\u00ed. St\u00e1t se prezentuje jako mor\u00e1ln\u00ed bojovn\u00edk proti zlu, ponech\u00e1v\u00e1 definici toho, co se sm\u00ed v politick\u00e9m diskurzu \u0159\u00edkat, do zna\u010dn\u00e9 m\u00edry otev\u0159enou a operuje bok po boku se s\u00edt\u00ed tzv. d\u016fv\u011bryhodn\u00fdch oznamovatel\u016f \u2013 digit\u00e1ln\u00edch inform\u00e1tor\u016f, kte\u0159\u00ed pe\u010dliv\u011b hl\u00e1s\u00ed hrani\u010dn\u00ed p\u0159\u00edpady r\u00e9toriky st\u00e1tn\u00edm org\u00e1n\u016fm. Pak se v\u011bci mohou zkomplikovat: st\u00e1tn\u00ed n\u00e1v\u0161t\u011bvy v dom\u00e1cnostech nebo zmrazov\u00e1n\u00ed \u00fa\u010dt\u016f se etablovaly jako \u00fa\u010dinn\u00e9 n\u00e1stroje v boji proti disentu. St\u00e1t a banky \u2013 i zde t\u00e1hnou stejn\u00fdm sm\u011brem.<\/span><\/p>\n<p><span dir=\"auto\">Takov\u00fd syst\u00e9m vytv\u00e1\u0159\u00ed prostor tich\u00e9 hrozby, kde se skr\u00fdvaj\u00ed nevysloven\u00e9 p\u0159edsudky. \u00da\u010dastn\u00edci ve\u0159ejn\u00fdch debat \u2013 koment\u00e1to\u0159i, podcaste\u0159i a medi\u00e1ln\u00ed producenti \u2013 uplat\u0148uj\u00ed ment\u00e1ln\u00ed cenzuru je\u0161t\u011b p\u0159ed zah\u00e1jen\u00edm debaty, \u010d\u00edm\u017e tlum\u00ed kritick\u00e9 hlasy v\u016f\u010di st\u00e1tn\u00edm instituc\u00edm, stran\u00e1m a politick\u00fdm osobnostem.<\/span><\/p>\n<p><span dir=\"auto\">Vzhledem k tomu, \u017ee se politika m\u011bkk\u00e9 cenzury st\u00e1le v\u00edce ukazuje jako ne\u00fa\u010dinn\u00e1, p\u0159ij\u00edmaj\u00ed se ost\u0159ej\u0161\u00ed opat\u0159en\u00ed. Klima na digit\u00e1ln\u00edch platform\u00e1ch se st\u00e1v\u00e1 drsn\u011bj\u0161\u00edm. Dokonce i memy, kousav\u00e9 koment\u00e1\u0159e nebo pr\u00e1vn\u011b bezprobl\u00e9mov\u00e9 ur\u00e1\u017eky se st\u00e1vaj\u00ed casus belli pro sledovac\u00ed apar\u00e1t \u2013 nen\u00e1padnou, ale st\u00e1le otev\u0159en\u011bj\u0161\u00ed s\u00ed\u0165, kter\u00e1 znateln\u011b omezuje prostor pro svobodn\u00e9 projevy.<\/span><\/p>\n<p><span dir=\"auto\">D\u011bjiny k na\u0161\u00ed zemi nebudou laskav\u00e9. N\u011bmecko bylo v jist\u00e9m smyslu v\u00fdchoz\u00edm bodem \u2013 nemocn\u00fdm ko\u0159enem \u2013 tohoto syst\u00e9mu. S p\u0159ijet\u00edm z\u00e1kona o vym\u00e1h\u00e1n\u00ed pr\u00e1va na soci\u00e1ln\u00edch s\u00edt\u00edch (NetzDG) \u200b\u200bv roce 2017 do\u0161lo k prvn\u00edmu institucionalizovan\u00e9mu \u00fatoku na svobodu projevu a N\u011bmecko bylo jeho hnac\u00ed silou. V \u010dele tohoto cenzurn\u00edho stroje st\u00e1l politik SPD a tehdej\u0161\u00ed ministr spravedlnosti Heiko Maas. Vyu\u017eil p\u0159\u00edle\u017eitosti k tomu, aby dal pr\u016fchod sv\u00e9mu odporu v\u016f\u010di ob\u010dansk\u00fdm svobod\u00e1m. Z\u00edskal podporu od sv\u00e9ho koali\u010dn\u00edho partnera, ministra vnitra CDU Thomase de Maizi\u00e8ra, kter\u00fd je zjevn\u011b stejn\u011b odd\u00e1n duchu nesvobody. Osudov\u00e9 duo, kter\u00e9 tento temn\u00fd projekt prosazovalo v eticky sklerotick\u00e9 koalici.<\/span><\/p>\n<p><span dir=\"auto\">Je pozoruhodn\u00e9, jak tato iniciativa, kter\u00e1 vznikla v N\u011bmecku, poprv\u00e9 nabyla hmatateln\u00e9 podoby v bruselsk\u00e9m z\u00e1kon\u011b o digit\u00e1ln\u00edch slu\u017eb\u00e1ch, jak dychtiv\u011b ji bruselsk\u00e1 byrokracie p\u0159ijala a jak se pozd\u011bji dostala do politick\u00fdch program\u016f n\u011bmeck\u00fdch stran. V\u0161e nyn\u00ed podl\u00e9h\u00e1 hierarchick\u00e9mu linii velen\u00ed. Sm\u011brnice CDU Schleswig-Holstein pro digit\u00e1ln\u00ed kontrolu bezprobl\u00e9mov\u011b zapadaj\u00ed do t\u00e9to p\u0159edem stanoven\u00e9 strategie.<\/span><\/p>\n<p><span dir=\"auto\">V r\u00e1mci stranick\u00e9ho apar\u00e1tu panuje jednota; jedin\u00fd nesouhlas vyjad\u0159uje tolik kritizovan\u00e1 strana AfD, kter\u00e1 vehementn\u011b odm\u00edt\u00e1 sledov\u00e1n\u00ed ob\u010dan\u016f v digit\u00e1ln\u00ed sf\u00e9\u0159e. P\u0159ed bezpe\u010dnostn\u00ed zd\u00ed se situace za\u010d\u00edn\u00e1 komplikovat.<\/span><\/p>\n<p><span dir=\"auto\">Pokrok dosa\u017een\u00fd p\u0159i budov\u00e1n\u00ed cenzurn\u00edho apar\u00e1tu EU a hore\u010dn\u00e9 \u00fasil\u00ed jednotliv\u00fdch st\u00e1t\u016f o jeho uveden\u00ed do praxe jednozna\u010dn\u011b ukazuj\u00ed, jak zoufal\u00e1 je situace pro na\u0161i svobodu. Stejn\u011b bez\u00fat\u011b\u0161n\u00e1 je budoucnost z\u00e1kladn\u00edch civiliza\u010dn\u00edch hodnot \u2013 osobn\u00ed svobody od represivn\u00edho apar\u00e1tu i samotn\u00e9 svobody projevu.<\/span><\/p>\n<p><span dir=\"auto\">To, \u010deho jsme v sou\u010dasn\u00e9 dob\u011b sv\u011bdky, je anticiviliza\u010dn\u00ed \u00fader, forma kulturn\u00ed degenerace prezentovan\u00e1 pod rou\u0161kou klimaticko-socialistick\u00e9 transformace na\u0161\u00ed spole\u010dnosti. R\u00e9torika je mor\u00e1ln\u011b nabit\u00e1, po\u017eadavky v\u0161eobj\u00edmaj\u00edc\u00ed a d\u016fsledky hluboce autorit\u00e1\u0159sk\u00e9. Kde jsou hlasy elit t\u00e9to zem\u011b, kter\u00e9 by se postavily proti rostouc\u00edmu apar\u00e1tu represe? Ztichly \u2013 a t\u00edm se zdiskreditovaly.<\/span><\/p>\n<h2 class=\"wp-block-heading\"><span dir=\"auto\">Cena krize<\/span><\/h2>\n<p><span dir=\"auto\">Je p\u0159edv\u00eddateln\u00e9, co n\u00e1s \u010dek\u00e1. \u010c\u00edm z\u00e1va\u017en\u011bj\u0161\u00ed bude ekonomick\u00e1 krize a \u010d\u00edm v\u00edce bude ovliv\u0148ovat prosperitu mas, t\u00edm nemilosrdn\u011bji bude vybudovan\u00fd apar\u00e1t pron\u00e1sledovat disidenty a svobodn\u00fd tisk. Represe n\u00e1sleduj\u00ed krizi jako st\u00edn t\u011blo \u2013 st\u00e1le hloub\u011bji do pou\u0161t\u011b totality.<\/span><\/p>\n<p><span dir=\"auto\">A kdo v\u00ed \u2013 mo\u017en\u00e1 jednou budeme Danielu G\u00fcntherovi vd\u011b\u010dn\u00ed za jeho naivn\u00ed a kr\u00e1tkozrakou up\u0159\u00edmnost. Mo\u017en\u00e1 to byl on, kdo ne\u00famysln\u011b stimuloval imunitn\u00ed syst\u00e9m na\u0161\u00ed spole\u010dnosti a zost\u0159il pov\u011bdom\u00ed mnoh\u00fdch o z\u00e1sadn\u00edm probl\u00e9mu na\u0161\u00ed doby.<\/span><\/p>\n<p><span dir=\"auto\">Pokud by tomu tak bylo, G\u00fcnther by se \u2013 by\u0165 jako protivn\u00edk a ne\u00famysln\u011b, ale v kone\u010dn\u00e9m d\u016fsledku ve slu\u017eb\u00e1ch svobody \u2013 do\u010dkal sv\u00e9ho okam\u017eiku sl\u00e1vy. Pak by vykonal dobr\u00fd skutek t\u00edm, \u017ee by pomohl zabr\u00e1nit sklouznut\u00ed na\u0161\u00ed spole\u010dnosti do ba\u017einy socialistick\u00e9ho pl\u00e1novan\u00e9ho hospod\u00e1\u0159stv\u00ed \u2013 syst\u00e9mu, kter\u00fd nevyhnuteln\u011b produkuje represivn\u00ed, troufal\u00fd a otupuj\u00edc\u00ed apar\u00e1t kontroly.<\/span><\/p>\n<h3><span dir=\"auto\">*<\/span><\/h3>\n<p><strong><span dir=\"auto\">O autorovi:<\/span><\/strong><br \/>\n<span dir=\"auto\">Thomas Kolbe m\u00e1 titul v oboru ekonomie. V\u00edce ne\u017e 25 let pracoval jako novin\u00e1\u0159 a medi\u00e1ln\u00ed producent pro klienty z r\u016fzn\u00fdch odv\u011btv\u00ed a obchodn\u00edch sdru\u017een\u00ed. Jako spisovatel se zam\u011b\u0159uje na ekonomick\u00e9 procesy a pozoruje geopolitick\u00e9 ud\u00e1losti z pohledu kapit\u00e1lov\u00fdch trh\u016f. Jeho publikace se \u0159\u00edd\u00ed filozofi\u00ed, kter\u00e1 klade do centra pozornost jednotlivce a jeho pr\u00e1va na sebeur\u010den\u00ed.<\/span><\/p>\n<\/div>\n<\/div>\n<div class=\"elementor-element elementor-element-8c57238 quelle dc-has-condition dc-condition-empty elementor-widget elementor-widget-heading\" data-id=\"8c57238\" data-element_type=\"widget\" data-widget_type=\"heading.default\">\n<div class=\"elementor-widget-container\">\n<h3 class=\"elementor-heading-title elementor-size-default\"><span style=\"font-size: 10pt;\"><a href=\"https:\/\/www.zerohedge.com\/political\/germanys-censorship-frontier-and-rise-digital-control\" target=\"_blank\" rel=\"nofollow noopener\"><span dir=\"auto\">Zdroj<\/span><\/a><\/span><\/h3>\n<p>&nbsp;<\/p>\n<\/div>\n<\/div>\n","protected":false},"excerpt":{"rendered":"<p>V atmosf\u00e9\u0159e p\u0159ipom\u00ednaj\u00edc\u00ed rafinovan\u00fd sal\u00f3n odhalil ministersk\u00fd p\u0159edseda \u0160lesvicka-Hol\u0161t\u00fdnska Daniel G\u00fcnther skute\u010dn\u00e9 cenzurn\u00ed ambice politik\u016f&#8230;.<\/p>\n","protected":false},"author":2,"featured_media":21972,"comment_status":"closed","ping_status":"closed","sticky":false,"template":"","format":"standard","meta":[],"categories":[7],"tags":[63,1503,84],"_links":{"self":[{"href":"https:\/\/www.infokuryr.cz\/n\/wp-json\/wp\/v2\/posts\/97579"}],"collection":[{"href":"https:\/\/www.infokuryr.cz\/n\/wp-json\/wp\/v2\/posts"}],"about":[{"href":"https:\/\/www.infokuryr.cz\/n\/wp-json\/wp\/v2\/types\/post"}],"author":[{"embeddable":true,"href":"https:\/\/www.infokuryr.cz\/n\/wp-json\/wp\/v2\/users\/2"}],"replies":[{"embeddable":true,"href":"https:\/\/www.infokuryr.cz\/n\/wp-json\/wp\/v2\/comments?post=97579"}],"version-history":[{"count":0,"href":"https:\/\/www.infokuryr.cz\/n\/wp-json\/wp\/v2\/posts\/97579\/revisions"}],"wp:featuredmedia":[{"embeddable":true,"href":"https:\/\/www.infokuryr.cz\/n\/wp-json\/wp\/v2\/media\/21972"}],"wp:attachment":[{"href":"https:\/\/www.infokuryr.cz\/n\/wp-json\/wp\/v2\/media?parent=97579"}],"wp:term":[{"taxonomy":"category","embeddable":true,"href":"https:\/\/www.infokuryr.cz\/n\/wp-json\/wp\/v2\/categories?post=97579"},{"taxonomy":"post_tag","embeddable":true,"href":"https:\/\/www.infokuryr.cz\/n\/wp-json\/wp\/v2\/tags?post=97579"}],"curies":[{"name":"wp","href":"https:\/\/api.w.org\/{rel}","templated":true}]}}