{"id":97573,"date":"2026-01-23T00:25:09","date_gmt":"2026-01-22T23:25:09","guid":{"rendered":"https:\/\/www.infokuryr.cz\/n\/?p=97573"},"modified":"2026-01-22T15:41:35","modified_gmt":"2026-01-22T14:41:35","slug":"zbynek-fiala-s-usa-na-vecne-casy-a-nikam-jinam","status":"publish","type":"post","link":"https:\/\/www.infokuryr.cz\/n\/2026\/01\/23\/zbynek-fiala-s-usa-na-vecne-casy-a-nikam-jinam\/","title":{"rendered":"Zbyn\u011bk Fiala: S USA na v\u011b\u010dn\u00e9 \u010dasy (a nikam jinam)"},"content":{"rendered":"<div id=\"fb-root\"><\/div>\n<p><strong>Kanadsk\u00fd premi\u00e9r Mark Carney mluv\u00ed o historick\u00e9m zlomu, cituje Havla a rad\u00ed vyhodit z v\u00fdloh star\u00e1 hesla.<\/strong><\/p>\n<p style=\"font-weight: 400;\">U\u017e v\u00a0tom zase l\u00edt\u00e1me. V\u00a0Davosu se citovala Havlova legenda o \u017eivot\u011b ve l\u017ei i marnost ob\u011bti \u010ceskoslovenska v\u00a0Mnichov\u011b 1938. Sv\u011bt se m\u00e1 probudit nad na\u0161\u00edm odstra\u0161uj\u00edc\u00edm p\u0159\u00edkladem. V\u00a0\u00fatern\u00edm projevu kanadsk\u00e9ho premi\u00e9ra, a tak\u00e9 b\u00fdval\u00e9ho guvern\u00e9ra jak Bank of Canada, tak Bank of England, Marka Carneyho na Sv\u011btov\u00e9m ekonomick\u00e9m f\u00f3ru sice Trumpovo jm\u00e9no nezazn\u011blo, ale v\u0161ichni pochopili jeho varov\u00e1n\u00ed p\u0159ed zlomovou situac\u00ed ve sv\u011bt\u011b:<\/p>\n<p style=\"font-weight: 400;\"><em>\u201eKa\u017ed\u00fd den jsme sv\u011bdky toho, \u017ee \u017eijeme v\u00a0\u00e9\u0159e velmocensk\u00e9ho soupe\u0159en\u00ed. \u017de \u0159\u00e1d zalo\u017een\u00fd na pravidlech sl\u00e1bne. \u017de siln\u00ed si d\u011blaj\u00ed, co mohou, a\u00a0slab\u00ed strp\u00ed, co mus\u00ed.<\/em><\/p>\n<p style=\"font-weight: 400;\"><em>Tento Th\u00fakydid\u016fv aforismus je p\u0159edkl\u00e1d\u00e1n jako nevyhnutelnost\u00a0\u2013 jako p\u0159irozen\u00e1 logika mezin\u00e1rodn\u00edch vztah\u016f, kter\u00e1 se nyn\u00ed znovu prosazuje. A\u00a0tv\u00e1\u0159\u00ed v\u00a0tv\u00e1\u0159 t\u00e9to logice maj\u00ed zem\u011b silnou tendenci p\u0159izp\u016fsobit se v\u00a0z\u00e1jmu zachov\u00e1n\u00ed klidu. Vyhov\u011bt. Vyhnout se probl\u00e9m\u016fm. Doufat, \u017ee si poslu\u0161nost\u00ed zajist\u00ed bezpe\u010dnost. Nezajist\u00ed.\u201c<\/em><\/p>\n<p style=\"font-weight: 400;\">Carney to mysl\u00ed doslova, kdy\u017e americk\u00fd prezident Domald Trump pova\u017euje za samoz\u0159ejm\u00e9, \u017ee dostane nejen Gr\u00f3nsko, ale mo\u017en\u00e1 i Kanadu a k\u00a0nim Mexiko a Venezuelu, jen proto, \u017ee je chce.<\/p>\n<p style=\"font-weight: 400;\">Proto se je\u0161t\u011b p\u0159ed Davosem Carney jistil n\u00e1v\u0161t\u011bvou Pekingu, kde podepsal s\u00a0\u010c\u00ednou memorandum o porozum\u011bn\u00ed o \u0161ir\u0161\u00ed perspektivn\u00ed spolupr\u00e1ci v r\u00e1mci strategick\u00e9ho partnerstv\u00ed. Okam\u017eit\u011b m\u00e1 skon\u010dit celn\u00ed v\u00e1lka, kter\u00e1 blokovala dovoz \u010d\u00ednsk\u00fdch elektrick\u00fdch aut. Rychle vzniknou pracovn\u00ed skupiny pro spolupr\u00e1ci v\u00a0oblastech jako jsou finance, d\u0159evo, ropa, zelen\u00e9 technologie a cestovn\u00ed ruch.<\/p>\n<p style=\"font-weight: 400;\">\u010c\u00ednsk\u00fd velvyslanec v\u00a0Kanad\u011b Wang Ti nyn\u00ed vysv\u011btlil agentu\u0159e The Canadian Press, \u017ee p\u0159\u00edslu\u0161n\u00e1 ministerstva v \u010c\u00edn\u011b a Kanad\u011b budou v\u00a0kontaktu, aby mohly a rychleji postupovat v prioritn\u00edch oblastech. Spolupr\u00e1ce nezahrnuje oblasti jako um\u011bl\u00e1 inteligence, kritick\u00e9 miner\u00e1ly a obrana, aby se zbyte\u010dn\u011b nedr\u00e1\u017edil Washington. Carney se v listopadu vr\u00e1t\u00ed do \u010c\u00edny na summit APEC v \u0160en\u010denu, kde m\u016f\u017ee debata pokra\u010dovat.<\/p>\n<p style=\"font-weight: 400;\">V\u00a0Davosu Carney nazna\u010dil, \u017ee by mohlo j\u00edt o p\u0159\u00edklad pro ostatn\u00ed, tedy men\u0161\u00ed a st\u0159edn\u00ed zem\u011b, kter\u00e9 jsou p\u0159i tomto banketu mocnost\u00ed nikoliv u stolu, ale na tal\u00ed\u0159i.<\/p>\n<p style=\"font-weight: 400;\"><em>\u201eJak\u00e9 jsou tedy na\u0161e mo\u017enosti?<\/em><\/p>\n<p style=\"font-weight: 400;\"><em>V roce 1978\u00a0napsal \u010desk\u00fd disident V\u00e1clav Havel esej nazvanou\u00a0Moc bezmocn\u00fdch, v\u00a0n\u00ed\u017e si polo\u017eil prostou ot\u00e1zku: Jak se komunistick\u00fd syst\u00e9m udr\u017euje u\u00a0moci?<\/em><\/p>\n<p style=\"font-weight: 400;\"><em>Jeho odpov\u011b\u010f za\u010d\u00ednala zelin\u00e1\u0159em. Vedouc\u00ed prodejny se zeleninou um\u00edst\u00ed do v\u00fdkladu heslo: \u201eProlet\u00e1\u0159i v\u0161ech zem\u00ed, spojte se!\u201c S\u00e1m tomu nev\u011b\u0159\u00ed. Nikdo tomu nev\u011b\u0159\u00ed. Ale p\u0159esto to heslo ve v\u00fdkladu m\u00e1\u00a0\u2013 aby se vyhnul probl\u00e9m\u016fm, dal najevo svou poslu\u0161nost, aby m\u011bl klid. A\u00a0proto\u017ee v\u0161ichni vedouc\u00ed prodejen ve v\u0161ech ulic\u00edch d\u011blaj\u00ed tot\u00e9\u017e, syst\u00e9m p\u0159etrv\u00e1v\u00e1.<\/em><\/p>\n<p style=\"font-weight: 400;\"><em>Nejen d\u00edky n\u00e1sil\u00ed, ale tak\u00e9 d\u00edky \u00fa\u010dasti oby\u010dejn\u00fdch lid\u00ed na ritu\u00e1lech, kter\u00e9 v\u00a0soukrom\u00ed pova\u017euj\u00ed za vylhan\u00e9.<\/em><\/p>\n<p style=\"font-weight: 400;\"><em>Havel tomu \u0159\u00edkal \u201e\u017eivot ve l\u017ei\u201c. Moc syst\u00e9mu se nezakl\u00e1d\u00e1 na pravd\u011b, n\u00fdbr\u017e na ochot\u011b v\u0161ech lid\u00ed chovat se tak, jako by pravdu m\u011bl. A\u00a0z toho tak\u00e9 pramen\u00ed jeho k\u0159ehkost: sta\u010d\u00ed, aby jeden \u010dlov\u011bk vypov\u011bd\u011bl poslu\u0161nost\u00a0\u2014 aby zelin\u00e1\u0159 odstranil heslo\u00a0\u2014, a\u00a0zd\u00e1n\u00ed za\u010d\u00edn\u00e1 dost\u00e1vat trhliny.<\/em><\/p>\n<p style=\"font-weight: 400;\"><em>Je na\u010dase, aby firmy a\u00a0zem\u011b odstranily heslo z\u00a0v\u00fdkladu.\u201c<\/em><\/p>\n<p style=\"font-weight: 400;\">Fajn, za tot\u00e1\u010de to celkem fungovalo, ale pak se i Havel vr\u00e1til k\u00a0zelin\u00e1\u0159sk\u00e9 praxi, kdy\u017e 30. ledna 2003 podepsal Dopis osmi, kde figurovali tak\u00e9 premi\u00e9\u0159i Brit\u00e1nie, \u0160pan\u011blska, It\u00e1lie, Polska, Ma\u010farska, D\u00e1nska a Portugalska, aby podpo\u0159ili vylhanou v\u00e1lku USA proti Ir\u00e1ku. Prosazovali ji v\u00a0situaci, kdy Francie a N\u011bmecko tuto v\u00e1lku \u201ekoalice ochotn\u00fdch\u201c rozhodn\u011b odm\u00edtaly. Ze seznamu je vid\u011bt, \u017ee d\u00e1nsk\u00e1 p\u0159\u00edchylnost te\u010f p\u0159i\u0161la p\u0159\u00edkladn\u011b nazmar. \u010cesko bylo francouzsk\u00fdm prezidentem pou\u010deno, \u017ee p\u0159i\u0161lo o vz\u00e1cnou p\u0159\u00edle\u017eitost ml\u010det.<\/p>\n<p style=\"font-weight: 400;\">Kdo by se do toho cht\u011bl pono\u0159it, je tu vynikaj\u00edc\u00ed kniha \u010desk\u00e9ho v\u011bdce, emeritn\u00edho profesora lingvistiky a slavisty na Pensylv\u00e1nsk\u00e9 univerzit\u011b Petra Steinera pod n\u00e1zvem\u00a0<strong>V\u00e1clav Havel: Od existenci\u00e1ln\u00ed revoluce k invazi do Ir\u00e1ku<\/strong>. Vydala ji Univerzita Palack\u00e9ho v\u00a0Olomouci, 2022.<\/p>\n<p style=\"font-weight: 400;\"><a href=\"https:\/\/www.vasevec.info\/komentare\/jak-jsme-naleteli\">https:\/\/www.vasevec.info\/komentare\/jak-jsme-naleteli<\/a><\/p>\n<p style=\"font-weight: 400;\">Takhle hluboce to ale z\u00e1padn\u00ed publikum studovat nebude. Pro n\u011b bude zaj\u00edmav\u011bj\u0161\u00ed Carneyova anal\u00fdza vlastn\u00edho chov\u00e1n\u00ed:<\/p>\n<p style=\"font-weight: 400;\"><em>\u201eZem\u011b jako je Kanada prosperovaly po desetilet\u00ed v\u00a0r\u00e1mci toho, co jsme naz\u00fdvali mezin\u00e1rodn\u00edm \u0159\u00e1dem zalo\u017een\u00fdm na pravidlech. Vstupovali jsme do spole\u010dn\u00fdch instituc\u00ed, chv\u00e1lili jejich principy a\u00a0t\u011b\u017eili z\u00a0jejich p\u0159edv\u00eddatelnosti. Pod ochranou tohoto \u0159\u00e1du jsme mohli prosazovat zahrani\u010dn\u00ed politiku zalo\u017eenou na hodnot\u00e1ch.<\/em><\/p>\n<p style=\"font-weight: 400;\"><em>V\u011bd\u011bli jsme, \u017ee tento mezin\u00e1rodn\u00ed \u0159\u00e1d v\u017edy neplat\u00ed. \u017de kdy\u017e se to hod\u00ed, nejsiln\u011bj\u0161\u00ed ho poru\u0161\u00ed. \u017de obchodn\u00ed pravidla jsou vym\u00e1h\u00e1na asymetricky. A\u00a0\u017ee mezin\u00e1rodn\u00ed pr\u00e1vo je uplat\u0148ov\u00e1no s\u00a0r\u016fznou p\u0159\u00edsnost\u00ed v\u00a0z\u00e1vislosti na toto\u017enosti obvin\u011bn\u00e9ho nebo ob\u011bti.<\/em><\/p>\n<p style=\"font-weight: 400;\"><em>Tato fikce byla u\u017eite\u010dn\u00e1 a\u00a0zejm\u00e9na americk\u00e1 hegemonie zaji\u0161\u0165ovala ve\u0159ejn\u00e9 statky: otev\u0159en\u00e9 n\u00e1mo\u0159n\u00ed trasy, stabiln\u00ed finan\u010dn\u00ed syst\u00e9m, kolektivn\u00ed bezpe\u010dnost a\u00a0podporu r\u00e1mcov\u00e9ho \u0159e\u0161en\u00ed spor\u016f.<\/em><\/p>\n<p style=\"font-weight: 400;\"><em>A tak jsme do v\u00fdkladu um\u00edstili heslo. \u00da\u010dastnili jsme se ritu\u00e1l\u016f. A\u00a0pov\u011bt\u0161inou jsme se vyh\u00fdbali poukazov\u00e1n\u00ed na rozd\u00edly mezi r\u00e9torikou a\u00a0realitou.<\/em><\/p>\n<p style=\"font-weight: 400;\"><em>Tato v\u00fdhodn\u00e1 dohoda u\u017e nefunguje.\u201c<\/em><\/p>\n<p style=\"font-weight: 400;\">Tak to vid\u00edte, \u017ee ta zelin\u00e1\u0159sk\u00e1 logika nebyla tak \u00fapln\u00fd \u00falet. Star\u00fd kab\u00e1t let\u00ed do popelnice. A nov\u00fd? Ten se teprve \u0161ije. Pokud budeme n\u011bjak\u00fd kab\u00e1t je\u0161t\u011b pot\u0159ebovat a na\u0161e dal\u0161\u00ed spojenectv\u00ed na v\u011b\u010dn\u00e9 \u010dasy se nezm\u011bn\u00ed ve spojenectv\u00ed pro v\u011b\u010dnost:<\/p>\n<p style=\"font-weight: 400;\"><em>\u201eDovolte mi, abych to \u0159ekl narovinu: nach\u00e1z\u00edme se uprost\u0159ed zlomu, nikoli postupn\u00e9 zm\u011bny.<\/em><\/p>\n<p style=\"font-weight: 400;\"><em>S\u00e9rie kriz\u00ed ve finan\u010dnictv\u00ed, zdravotnictv\u00ed, energetice a\u00a0geopolitice z\u00a0posledn\u00edch dvou desetilet\u00ed odhalila rizika extr\u00e9mn\u00ed glob\u00e1ln\u00ed integrace.<\/em><\/p>\n<p style=\"font-weight: 400;\"><em>A v\u00a0posledn\u00ed dob\u011b za\u010daly velmoci pou\u017e\u00edvat ekonomickou integraci jako zbra\u0148. Cla jako p\u00e1ku. Finan\u010dn\u00ed infrastrukturu jako donucovac\u00ed prost\u0159edek. Dodavatelsk\u00e9 \u0159et\u011bzce jako zranitelnost, kter\u00e9 lze zneu\u017e\u00edt.<\/em><\/p>\n<p style=\"font-weight: 400;\"><em>Nem\u016f\u017eeme \u201e\u017e\u00edt ve l\u017ei\u201c vz\u00e1jemn\u00e9 prosp\u011b\u0161nosti integrace, jestli\u017ee se integrace st\u00e1v\u00e1 zdrojem na\u0161\u00ed pod\u0159\u00edzenosti.<\/em><\/p>\n<p style=\"font-weight: 400;\"><em>Multilater\u00e1ln\u00ed instituce, na kter\u00e9 se st\u0159edn\u00ed mocnosti spol\u00e9haly\u00a0\u2014 Sv\u011btov\u00e1 obchodn\u00ed organizace, OSN, Konference smluvn\u00edch stran, struktura kolektivn\u00edho \u0159e\u0161en\u00ed probl\u00e9m\u016f\u00a0\u2013 jsou v\u00fdrazn\u011b oslabeny.<\/em><\/p>\n<p style=\"font-weight: 400;\"><em>V\u00fdsledkem je, \u017ee mnoh\u00e9 zem\u011b doch\u00e1zej\u00ed k\u00a0toto\u017en\u00e9mu z\u00e1v\u011bru. Mus\u00ed rozv\u00edjet v\u011bt\u0161\u00ed strategickou autonomii: v\u00a0oblasti energetiky, potravin, kritick\u00fdch miner\u00e1l\u016f, financ\u00ed a\u00a0dodavatelsk\u00fdch \u0159et\u011bzc\u016f.<\/em><\/p>\n<p style=\"font-weight: 400;\"><em>Takov\u00e9 nutk\u00e1n\u00ed je pochopiteln\u00e9. Zem\u011b, kter\u00e1 se nedok\u00e1\u017ee sama u\u017eivit, z\u00e1sobovat palivem nebo br\u00e1nit, m\u00e1 jen m\u00e1lo mo\u017enost\u00ed. Kdy\u017e v\u00e1s p\u0159estanou chr\u00e1nit pravidla, mus\u00edte se chr\u00e1nit sami.\u201c<\/em><\/p>\n<p style=\"font-weight: 400;\">A to, jak to d\u011bl\u00e1 Kanada, je stejn\u011b zaj\u00edmav\u00e9, jako jejich hokej. Od n\u00e1stupu Carneye do \u00fa\u0159adu se dohodla na komplexn\u00edm strategick\u00e9m partnerstv\u00ed s\u00a0Evropskou uni\u00ed,\u00a0\u00a0podepsala dal\u0161\u00edch dvan\u00e1ct obchodn\u00edch a\u00a0bezpe\u010dnostn\u00edch dohod na \u010dty\u0159ech sv\u011btad\u00edlech a b\u011bhem n\u011bkolika posledn\u00edch dn\u00ed uzav\u0159ela strategick\u00e9 partnerstv\u00ed s\u00a0\u010c\u00ednou. Snaha o dal\u0161\u00ed diverzifikaci vztah\u016f pokra\u010duje.<\/p>\n<p style=\"font-weight: 400;\">Carney to ozna\u010duje za budov\u00e1n\u00ed funk\u010dn\u00edch koalic, kter\u00e9\u00a0sdru\u017euj\u00ed partnery s dostatkem spole\u010dn\u00fdch z\u00e1jm\u016f, aby mohli postupovat spole\u010dn\u011b. Tak se vytv\u00e1\u0159\u00ed hust\u00e1 s\u00ed\u0165 vazeb nap\u0159\u00ed\u010d obchodem, investicemi a\u00a0kulturou, na ni\u017e se m\u016f\u017ee obracet p\u0159i budouc\u00edch v\u00fdzv\u00e1ch a\u00a0p\u0159\u00edle\u017eitostech.<\/p>\n<p style=\"font-weight: 400;\"><em>\u201eSt\u0159edn\u00ed mocnosti mus\u00ed jednat spole\u010dn\u011b, proto\u017ee pokud nejste u\u00a0stolu, jste na j\u00eddeln\u00edm l\u00edstku. Velmoci si mohou dovolit jednat samostatn\u011b. Maj\u00ed dostate\u010dn\u011b velk\u00fd trh, vojenskou kapacitu a\u00a0vliv, aby mohly diktovat podm\u00ednky. St\u0159edn\u00ed mocnosti tohle v\u0161echno nemaj\u00ed. Jen\u017ee kdy\u017e vyjedn\u00e1v\u00e1me s\u00a0hegemonem bilater\u00e1ln\u011b, vyjedn\u00e1v\u00e1me z\u00a0pozice slabosti. P\u0159ij\u00edm\u00e1me, co je n\u00e1m nab\u00eddnuto. Soupe\u0159\u00edme mezi sebou o\u00a0to, kdo bude nejvst\u0159\u00edcn\u011bj\u0161\u00ed. To ale nen\u00ed svrchovanost. Je to p\u0159edst\u00edr\u00e1n\u00ed svrchovanosti a\u00a0faktick\u00e9 p\u0159ijet\u00ed pod\u0159\u00edzenosti.\u201c<\/em><\/p>\n<p style=\"font-weight: 400;\"><em>\u201eCh\u00e1peme, \u017ee tento zlom vy\u017eaduje n\u011bco v\u00edc ne\u017e p\u0159izp\u016fsoben\u00ed. Vy\u017eaduje, abychom si up\u0159\u00edmn\u011b p\u0159iznali, jak vypad\u00e1 dne\u0161n\u00ed sv\u011bt. Odstra\u0148ujeme heslo z\u00a0v\u00fdkladu.\u201c<\/em><\/p>\n<p style=\"font-weight: 400;\"><em>\u201eMocn\u00ed maj\u00ed svou moc. Ale i\u00a0my n\u011bco m\u00e1me\u00a0\u2013 schopnost p\u0159estat s\u00a0p\u0159edst\u00edr\u00e1n\u00edm, pojmenovat realitu, budovat svou s\u00edlu u\u00a0sebe doma a\u00a0jednat spole\u010dn\u011b.\u201c<\/em><\/p>\n<p style=\"font-weight: 400;\">Kdybych to m\u011bl shrnout, cesta ven je v\u00a0pou\u017e\u00edv\u00e1n\u00ed vlastn\u00edho mozku a spolupr\u00e1ce s\u00a0t\u011bmi, kdo se tak\u00e9 n\u011b\u010deho takov\u00e9ho ne\u0161t\u00edt\u00ed. V\u00a0na\u0161em prost\u0159ed\u00ed by to nesp\u00ed\u0161 m\u011blo znamenat o\u017eiven\u00ed spolupr\u00e1ce ve V4 a usilovat i o \u00fa\u010dast Rakouska, p\u0159\u00edpadn\u011b dal\u0161\u00edch v\u00a0regionu. Pokud v\u0161ak Trump ve stejn\u011b svat\u00e9m nad\u0161en\u00ed, jak\u00fdm se hrne pod gr\u00f3nsk\u00e9 ledovce, ukon\u010d\u00ed v\u00e1lku na Ukrajin\u011b, vznikne zcela nov\u00e1 situace v\u00a0pozitivn\u00edm smyslu.<\/p>\n<p style=\"font-weight: 400;\">Je opravdu nejvy\u0161\u0161\u00ed \u010das vystr\u010dit hlavu z\u00a0krabice a br\u00e1t v\u011bci tak, jak jsou, po vyno\u0159en\u00ed z\u00a0mlhoviny hesel. Jsme slab\u00ed, mal\u00ed \u2013 dosti t\u011bchto \u0159e\u010d\u00ed! (Tohle jsem taky n\u011bkde \u010det\u2026) Nakonec aby se ti prolet\u00e1\u0159i p\u0159ecejen spojili, jen nikoliv jako prolet\u00e1\u0159i, a u\u017e v\u016fbec ne pod knutou hegemona.<\/p>\n<p><a href=\"https:\/\/vasevec.info\/blogy\/s-usa-na-vecne-casy-nikam-jinam\">Zbyn\u011bk Fiala<\/a><\/p>\n<p><img decoding=\"async\" loading=\"lazy\" class=\"alignnone size-medium wp-image-18520\" src=\"http:\/\/www.infokuryr.cz\/n\/wp-content\/uploads\/2022\/11\/zbynek-fiala-300x208.jpg\" alt=\"\" width=\"300\" height=\"208\" srcset=\"https:\/\/www.infokuryr.cz\/n\/wp-content\/uploads\/2022\/11\/zbynek-fiala-300x208.jpg 300w, https:\/\/www.infokuryr.cz\/n\/wp-content\/uploads\/2022\/11\/zbynek-fiala.jpg 318w\" sizes=\"(max-width: 300px) 100vw, 300px\" \/><\/p>\n<p>&nbsp;<\/p>\n","protected":false},"excerpt":{"rendered":"<p>Kanadsk\u00fd premi\u00e9r Mark Carney mluv\u00ed o historick\u00e9m zlomu, cituje Havla a rad\u00ed vyhodit z v\u00fdloh&#8230;<\/p>\n","protected":false},"author":2,"featured_media":4176,"comment_status":"closed","ping_status":"closed","sticky":false,"template":"","format":"standard","meta":[],"categories":[6],"tags":[1042,2164,248,621,37,613],"_links":{"self":[{"href":"https:\/\/www.infokuryr.cz\/n\/wp-json\/wp\/v2\/posts\/97573"}],"collection":[{"href":"https:\/\/www.infokuryr.cz\/n\/wp-json\/wp\/v2\/posts"}],"about":[{"href":"https:\/\/www.infokuryr.cz\/n\/wp-json\/wp\/v2\/types\/post"}],"author":[{"embeddable":true,"href":"https:\/\/www.infokuryr.cz\/n\/wp-json\/wp\/v2\/users\/2"}],"replies":[{"embeddable":true,"href":"https:\/\/www.infokuryr.cz\/n\/wp-json\/wp\/v2\/comments?post=97573"}],"version-history":[{"count":0,"href":"https:\/\/www.infokuryr.cz\/n\/wp-json\/wp\/v2\/posts\/97573\/revisions"}],"wp:featuredmedia":[{"embeddable":true,"href":"https:\/\/www.infokuryr.cz\/n\/wp-json\/wp\/v2\/media\/4176"}],"wp:attachment":[{"href":"https:\/\/www.infokuryr.cz\/n\/wp-json\/wp\/v2\/media?parent=97573"}],"wp:term":[{"taxonomy":"category","embeddable":true,"href":"https:\/\/www.infokuryr.cz\/n\/wp-json\/wp\/v2\/categories?post=97573"},{"taxonomy":"post_tag","embeddable":true,"href":"https:\/\/www.infokuryr.cz\/n\/wp-json\/wp\/v2\/tags?post=97573"}],"curies":[{"name":"wp","href":"https:\/\/api.w.org\/{rel}","templated":true}]}}