{"id":97534,"date":"2026-01-22T05:39:55","date_gmt":"2026-01-22T04:39:55","guid":{"rendered":"https:\/\/www.infokuryr.cz\/n\/?p=97534"},"modified":"2026-01-22T05:39:55","modified_gmt":"2026-01-22T04:39:55","slug":"trumpova-dohoda-umozni-usa-kontrolu-nad-castmi-gronska","status":"publish","type":"post","link":"https:\/\/www.infokuryr.cz\/n\/2026\/01\/22\/trumpova-dohoda-umozni-usa-kontrolu-nad-castmi-gronska\/","title":{"rendered":"Trumpova dohoda umo\u017en\u00ed USA kontrolu nad \u010d\u00e1stmi Gr\u00f3nska"},"content":{"rendered":"<div id=\"fb-root\"><\/div>\n<h3>Dohoda vyjednan\u00e1 se \u0161\u00e9fem NATO Markem Ruttem \u00fadajn\u011b povol\u00ed \u201esuver\u00e9nn\u00ed z\u00e1kladny\u201c na ostrov\u011b<\/h3>\n<p data-start=\"165\" data-end=\"245\"><span dir=\"auto\">USA budou kontrolovat \u010d\u00e1sti Gr\u00f3nska t\u00edm, \u017ee je ozna\u010d\u00ed za suver\u00e9nn\u00ed vojensk\u00e9 z\u00e1kladny, informoval ve st\u0159edu ve\u010der den\u00edk The Telegraph s odvol\u00e1n\u00edm na n\u00e1vrh dohody mezi prezidentem Donaldem Trumpem a gener\u00e1ln\u00edm tajemn\u00edkem NATO Markem Ruttem.<\/span><\/p>\n<p data-start=\"719\" data-end=\"985\"><span dir=\"auto\">Dohoda, kter\u00e9 bylo dosa\u017eeno na okraji Sv\u011btov\u00e9ho ekonomick\u00e9ho f\u00f3ra v Davosu ve \u0160v\u00fdcarsku, je evropsk\u00fdmi p\u0159edstaviteli vn\u00edm\u00e1na jako zp\u016fsob, jak obej\u00edt Trumpovy hrozby anektovat cel\u00fd arktick\u00fd ostrov od D\u00e1nska. Trump i Rutte uvedli, \u017ee podrobnosti je\u0161t\u011b nebyly finalizov\u00e1ny.<\/span><\/p>\n<p data-start=\"987\" data-end=\"1366\"><span dir=\"auto\">N\u00e1vrh r\u00e1mce by Washingtonu umo\u017enil vybudovat z\u00e1kladny v Gr\u00f3nsku, kter\u00e9 by byly pova\u017eov\u00e1ny za \u00fazem\u00ed USA v arktick\u00e9 oblasti, uvedl den\u00edk The Telegraph. Toto uspo\u0159\u00e1d\u00e1n\u00ed by \u00fadajn\u011b bylo podobn\u00e9 smlouv\u011b, kter\u00e1 oprav\u0148uje Brit\u00e1nii k udr\u017een\u00ed dvou\u00a0<\/span><em><span dir=\"auto\">\u201esuver\u00e9nn\u00edch z\u00e1kladn\u00edch oblast\u00ed\u201c<\/span><\/em><span dir=\"auto\">\u00a0na Kypru. USA v sou\u010dasn\u00e9 dob\u011b provozuj\u00ed leteckou z\u00e1kladnu na severoz\u00e1padn\u00edm pob\u0159e\u017e\u00ed Gr\u00f3nska na z\u00e1klad\u011b dohody z roku 1951.<\/span><\/p>\n<p data-start=\"987\" data-end=\"1366\"><span dir=\"auto\">Dohoda \u00fadajn\u011b tak\u00e9 umo\u017en\u00ed USA t\u011b\u017eit vz\u00e1cn\u00e9 zeminy v \u010d\u00e1stech Gr\u00f3nska, ani\u017e by musely \u017e\u00e1dat o povolen\u00ed.<\/span><\/p>\n<p data-start=\"987\" data-end=\"1366\"><span dir=\"auto\">Podle Axiosu n\u00e1vrh obsahuje ustanoven\u00ed o roz\u0161\u00ed\u0159en\u00ed americk\u00e9ho syst\u00e9mu protiraketov\u00e9 obrany Golden Dome do Gr\u00f3nska.<\/span><\/p>\n<p data-start=\"987\" data-end=\"1366\"><img decoding=\"async\" loading=\"lazy\" class=\"alignnone size-full wp-image-1185\" src=\"http:\/\/www.infokuryr.cz\/n\/wp-content\/uploads\/2021\/04\/kuryr-podpis.png\" alt=\"\" width=\"84\" height=\"24\" \/><\/p>\n<p data-start=\"987\" data-end=\"1366\">\n","protected":false},"excerpt":{"rendered":"<p>Dohoda vyjednan\u00e1 se \u0161\u00e9fem NATO Markem Ruttem \u00fadajn\u011b povol\u00ed \u201esuver\u00e9nn\u00ed z\u00e1kladny\u201c na ostrov\u011b USA budou&#8230;<\/p>\n","protected":false},"author":2,"featured_media":97535,"comment_status":"closed","ping_status":"closed","sticky":false,"template":"","format":"standard","meta":[],"categories":[7],"tags":[924,3484,2320,37],"_links":{"self":[{"href":"https:\/\/www.infokuryr.cz\/n\/wp-json\/wp\/v2\/posts\/97534"}],"collection":[{"href":"https:\/\/www.infokuryr.cz\/n\/wp-json\/wp\/v2\/posts"}],"about":[{"href":"https:\/\/www.infokuryr.cz\/n\/wp-json\/wp\/v2\/types\/post"}],"author":[{"embeddable":true,"href":"https:\/\/www.infokuryr.cz\/n\/wp-json\/wp\/v2\/users\/2"}],"replies":[{"embeddable":true,"href":"https:\/\/www.infokuryr.cz\/n\/wp-json\/wp\/v2\/comments?post=97534"}],"version-history":[{"count":0,"href":"https:\/\/www.infokuryr.cz\/n\/wp-json\/wp\/v2\/posts\/97534\/revisions"}],"wp:featuredmedia":[{"embeddable":true,"href":"https:\/\/www.infokuryr.cz\/n\/wp-json\/wp\/v2\/media\/97535"}],"wp:attachment":[{"href":"https:\/\/www.infokuryr.cz\/n\/wp-json\/wp\/v2\/media?parent=97534"}],"wp:term":[{"taxonomy":"category","embeddable":true,"href":"https:\/\/www.infokuryr.cz\/n\/wp-json\/wp\/v2\/categories?post=97534"},{"taxonomy":"post_tag","embeddable":true,"href":"https:\/\/www.infokuryr.cz\/n\/wp-json\/wp\/v2\/tags?post=97534"}],"curies":[{"name":"wp","href":"https:\/\/api.w.org\/{rel}","templated":true}]}}