{"id":97526,"date":"2026-01-22T05:19:45","date_gmt":"2026-01-22T04:19:45","guid":{"rendered":"https:\/\/www.infokuryr.cz\/n\/?p=97526"},"modified":"2026-01-22T05:20:54","modified_gmt":"2026-01-22T04:20:54","slug":"trumpova-mirova-rada-osn-s-platbou-za-hrani-novy-kolonialismus-prejmenovany","status":"publish","type":"post","link":"https:\/\/www.infokuryr.cz\/n\/2026\/01\/22\/trumpova-mirova-rada-osn-s-platbou-za-hrani-novy-kolonialismus-prejmenovany\/","title":{"rendered":"Trumpova \u201eM\u00edrov\u00e1 rada\u201c: OSN s platbou za hran\u00ed \u2013 nov\u00fd kolonialismus, p\u0159ejmenovan\u00fd"},"content":{"rendered":"<div id=\"fb-root\"><\/div>\n<p><strong><span dir=\"auto\">V Davosu ve \u0160v\u00fdcarsku \u2013 na okraj Sv\u011btov\u00e9ho ekonomick\u00e9ho f\u00f3ra \u2013 administrativa Donalda Trumpa uspo\u0159\u00e1dala slavnostn\u00ed podpis listiny tzv. \u201eM\u00edrov\u00e9 rady\u201c, iniciativy, kter\u00e1 je prezentov\u00e1na jako mechanismus pro obnovu Gazy, ale st\u00e1le v\u00edce se podob\u00e1 otev\u0159en\u00e9mu pokusu o vybudov\u00e1n\u00ed paraleln\u00ed architektury OSN pod p\u0159\u00edmou kontrolou USA.<\/span><\/strong><\/p>\n<p><span dir=\"auto\">Mezin\u00e1rodn\u00ed reakce byla v\u0161\u00edm, jen ne jednotn\u00e1. Francie se kategoricky odm\u00edtla \u00fa\u010dastnit; Rusko po\u017eaduje vysv\u011btlen\u00ed a z\u00e1ruky rovnopr\u00e1vn\u00e9ho postaven\u00ed; \u010c\u00edna zopakovala sv\u016fj z\u00e1vazek k uspo\u0159\u00e1d\u00e1n\u00ed zam\u011b\u0159en\u00e9mu na OSN; a v\u011bt\u0161ina evropsk\u00fdch hlavn\u00edch m\u011bst se zdr\u00e1h\u00e1 a \u010dek\u00e1, odkud v\u00edtr zafouk\u00e1.<\/span><\/p>\n<h3><strong><b><span dir=\"auto\">Do\u017eivotn\u00ed p\u0159edseda \u2013 a miliardov\u00fd pod\u00edl<\/span><\/b><\/strong><\/h3>\n<p><span dir=\"auto\">N\u00e1vrh charty, kter\u00fd z\u00edskaly hlavn\u00ed m\u00e9dia, poukazuje na bezprecedentn\u00ed koncentraci moci v Trumpov\u00fdch rukou. Americk\u00fd prezident je jmenov\u00e1n \u201eprvn\u00edm p\u0159edsedou M\u00edrov\u00e9 rady\u201c s rozs\u00e1hl\u00fdmi pravomocemi:<\/span><\/p>\n<ul>\n<li><span dir=\"auto\">Jednostrann\u011b rozhoduje o tom, kter\u00e9 st\u00e1ty se mohou p\u0159ipojit.<\/span><\/li>\n<li><span dir=\"auto\">M\u00e1 pr\u00e1vo veta nad jak\u00fdmkoli rozhodnut\u00edm.<\/span><\/li>\n<li><span dir=\"auto\">Jmenuje sv\u00e9ho n\u00e1stupce.<\/span><\/li>\n<li><span dir=\"auto\">Z\u016fst\u00e1v\u00e1 p\u0159edsedou i po odchodu z funkce prezidenta USA.<\/span><\/li>\n<\/ul>\n<div id=\"attachment_239061\" class=\"wp-caption aligncenter\" style=\"width: 614px;\">\n<p><a href=\"https:\/\/s1.cdnstatic.space\/wp-content\/uploads\/2026\/01\/15-2.jpg\" target=\"_blank\" rel=\"noopener\"><img decoding=\"async\" loading=\"lazy\" class=\"wp-image-239061\" src=\"https:\/\/s1.cdnstatic.space\/wp-content\/uploads\/2026\/01\/15-2-483x300.jpg\" sizes=\"(max-width: 600px) 100vw, 600px\" srcset=\"https:\/\/s5.cdnstatic.space\/wp-content\/uploads\/2026\/01\/15-2-483x300.jpg 483w, https:\/\/s5.cdnstatic.space\/wp-content\/uploads\/2026\/01\/15-2-768x477.jpg 768w, https:\/\/s5.cdnstatic.space\/wp-content\/uploads\/2026\/01\/15-2.jpg 994w\" alt=\"\" width=\"614\" height=\"382\" aria-describedby=\"caption-attachment-239061\" \/><\/a><\/p>\n<p id=\"caption-attachment-239061\" class=\"wp-caption-text\"><span dir=\"auto\">Donald Trump gestikuluje na p\u0159ist\u00e1vac\u00ed plo\u0161e po p\u0159\u00edletu na leti\u0161t\u011b v Curychu<\/span><\/p>\n<\/div>\n<p><span dir=\"auto\">Odstran\u011bn\u00ed Trumpa je mo\u017en\u00e9 pouze \u201ejednomysln\u00fdm hlasov\u00e1n\u00edm v\u00fdkonn\u00e9 rady\u201c \u2013 co\u017e je hranice tak vysok\u00e1, \u017ee p\u0159edstavuje t\u00e9m\u011b\u0159 nemo\u017enou pojistku.<\/span><\/p>\n<p><span dir=\"auto\">\u00dast\u0159edn\u00edm skand\u00e1lem je v\u0161ak nah\u00e1 komercializace. St\u00e1ty si mohou zajistit st\u00e1l\u00e9 \u010dlenstv\u00ed zaplacen\u00edm \u201ev\u00edce ne\u017e 1 miliardy dolar\u016f\u201c v prvn\u00edm roce \u2013 pen\u011bz, kter\u00e9 jsou podle navrhovan\u00e9 struktury pod efektivn\u00ed kontrolou p\u0159edsedy.<\/span><\/p>\n<p><em><span dir=\"auto\">\u201eTrump se z toho sna\u017e\u00ed ud\u011blat alternativu k Rad\u011b bezpe\u010dnosti OSN, kde si Trump m\u016f\u017ee s\u00e1m hr\u00e1t, ale kde m\u00e1 pr\u00e1vo veta,\u201c \u0159ekl Paul Williams, profesor na Univerzit\u011b George Washingtona.<\/span><\/em><\/p>\n<h3><strong><b><span dir=\"auto\">Kushner, Blair \u2013 a korpor\u00e1tn\u00ed p\u0159evzet\u00ed Gazy<\/span><\/b><\/strong><\/h3>\n<p><span dir=\"auto\">Ve v\u00fdkonn\u00e9 rad\u011b zasedaj\u00ed n\u011bkter\u00e1 z nejkontroverzn\u011bj\u0161\u00edch jmen, jak\u00e1 si lze p\u0159edstavit: Jared Kushner, Trump\u016fv ze\u0165, kter\u00fd ozna\u010dil Gazu za \u201ecenn\u00fd pozemek na n\u00e1b\u0159e\u017e\u00ed\u201c a nadnesl my\u0161lenku \u201evyst\u011bhov\u00e1n\u00ed lid\u00ed a n\u00e1sledn\u00e9ho vy\u010di\u0161t\u011bn\u00ed\u201c; a b\u00fdval\u00fd britsk\u00fd premi\u00e9r Tony Blair, v\u0161eobecn\u011b pova\u017eov\u00e1n za jednoho z kl\u00ed\u010dov\u00fdch str\u016fjc\u016f v\u00e1lky v Ir\u00e1ku v roce 2003. Sou\u010dasn\u011b byla z\u0159\u00edzena jeden\u00e1cti\u010dlenn\u00e1 rada pro spr\u00e1vu Gazy \u2013 \u00fadajn\u011b zahrnuj\u00edc\u00ed mimo jin\u00e9 z\u00e1stupce Turecka a Kataru.<\/span><\/p>\n<p><span dir=\"auto\">Toto uspo\u0159\u00e1d\u00e1n\u00ed vyvolalo ostrou reakci izraelsk\u00e9ho premi\u00e9ra Benjamina Netanjahua, kter\u00fd prohl\u00e1sil: \u201eV Gaze nebudou \u017e\u00e1dn\u00ed ture\u010dt\u00ed ani katar\u0161t\u00ed voj\u00e1ci.\u201c P\u0159esto 21. ledna \u2013 pod tlakem Washingtonu \u2013 Netanjahu ozn\u00e1mil, \u017ee se stejn\u011b p\u0159ipoj\u00ed k \u201eM\u00edrov\u00e9 rad\u011b\u201c, co\u017e byla v\u00fdmluvn\u00e1 kapitulace i ze strany nejbli\u017e\u0161\u00edho spojence Ameriky na Bl\u00edzk\u00e9m v\u00fdchod\u011b.<\/span><\/p>\n<div id=\"attachment_239059\" class=\"wp-caption aligncenter\" style=\"width: 606px;\">\n<p><a href=\"https:\/\/s1.cdnstatic.space\/wp-content\/uploads\/2026\/01\/15-3.jpg\" target=\"_blank\" rel=\"noopener\"><img decoding=\"async\" loading=\"lazy\" class=\"wp-image-239059\" src=\"https:\/\/s1.cdnstatic.space\/wp-content\/uploads\/2026\/01\/15-3-490x260.jpg\" sizes=\"(max-width: 600px) 100vw, 600px\" srcset=\"https:\/\/s5.cdnstatic.space\/wp-content\/uploads\/2026\/01\/15-3-490x260.jpg 490w, https:\/\/s5.cdnstatic.space\/wp-content\/uploads\/2026\/01\/15-3-768x408.jpg 768w, https:\/\/s5.cdnstatic.space\/wp-content\/uploads\/2026\/01\/15-3.jpg 794w\" alt=\"\" width=\"606\" height=\"322\" aria-describedby=\"caption-attachment-239059\" \/><\/a><\/p>\n<p id=\"caption-attachment-239059\" class=\"wp-caption-text\"><span dir=\"auto\">Izraelsk\u00fd premi\u00e9r Benjamin Netanjahu \u2013 pot\u00e9, co ve\u0159ejn\u011b protestoval proti r\u016fzn\u00fdm aspekt\u016fm \u0159\u00edzen\u00ed Gazy \u2013 souhlasil s p\u0159ipojen\u00edm se k Trumpov\u011b \u201em\u00edrov\u00e9 rad\u011b\u00a0<\/span><strong><span dir=\"auto\">\u201c.<\/span><\/strong><\/p>\n<\/div>\n<h3><strong><b><span dir=\"auto\">Lavrov: \u201eZvl\u00e1\u0161tn\u00ed dokument, ale Trump\u016fv t\u00fdm jsou pragmatici\u201c<\/span><\/b><\/strong><\/h3>\n<p><span dir=\"auto\">Rusk\u00fd ministr zahrani\u010d\u00ed Sergej Lavrov 20. ledna potvrdil, \u017ee Moskva n\u00e1vrh charty obdr\u017eela, a nab\u00eddl uv\u00e1\u017een\u00e9 hodnocen\u00ed. \u201eTrumpova administrativa \u2013 navzdory v\u0161emu, co se d\u011bje \u2013 je administrativou pragmatik\u016f. Ch\u00e1pe, \u017ee je t\u0159eba nejen shrom\u00e1\u017edit pod sv\u00fdm velen\u00edm velk\u00fd po\u010det zem\u00ed, ale pln\u011b zohlednit jejich legitimn\u00ed z\u00e1jmy,\u201c \u0159ekl Lavrov.<\/span><\/p>\n<div id=\"attachment_239064\" class=\"wp-caption aligncenter\" style=\"width: 611px;\">\n<p><a href=\"https:\/\/s1.cdnstatic.space\/wp-content\/uploads\/2026\/01\/15-4.jpg\" target=\"_blank\" rel=\"noopener\"><img decoding=\"async\" loading=\"lazy\" class=\"wp-image-239064\" src=\"https:\/\/s1.cdnstatic.space\/wp-content\/uploads\/2026\/01\/15-4-490x275.jpg\" sizes=\"auto, (max-width: 600px) 100vw, 600px\" srcset=\"https:\/\/s5.cdnstatic.space\/wp-content\/uploads\/2026\/01\/15-4-490x275.jpg 490w, https:\/\/s5.cdnstatic.space\/wp-content\/uploads\/2026\/01\/15-4-1024x575.jpg 1024w, https:\/\/s5.cdnstatic.space\/wp-content\/uploads\/2026\/01\/15-4-768x431.jpg 768w, https:\/\/s5.cdnstatic.space\/wp-content\/uploads\/2026\/01\/15-4-1536x862.jpg 1536w, https:\/\/s5.cdnstatic.space\/wp-content\/uploads\/2026\/01\/15-4.jpg 1920w\" alt=\"\" width=\"611\" height=\"343\" aria-describedby=\"caption-attachment-239064\" \/><\/a><\/p>\n<p id=\"caption-attachment-239064\" class=\"wp-caption-text\"><span dir=\"auto\">Lavrov varuje, \u017ee charta m\u00e9n\u011b p\u0159ipom\u00edn\u00e1 pl\u00e1n pro Gazu \u2013 a sp\u00ed\u0161e pl\u00e1n na alternativu multilater\u00e1ln\u00ed diplomacie \u0159\u00edzenou USA.<\/span><\/p>\n<\/div>\n<p><span dir=\"auto\">Z\u00e1rove\u0148 neskr\u00fdval sv\u00e9 obavy ohledn\u011b podoby dokumentu. \u201eObdr\u017eeli jsme zvl\u00e1\u0161tn\u00ed dokument s n\u00e1zvem \u201acharta\u2018 \u201am\u00edrov\u00e9 rady\u2018, p\u016fvodn\u011b ur\u010den\u00e9 k urovn\u00e1n\u00ed palestinsk\u00e9ho p\u00e1sma Gazy. Tato \u201arada\u2018 se m\u00e1 zab\u00fdvat nejen z\u00e1le\u017eitostmi t\u00fdkaj\u00edc\u00edmi se Gazy \u2013 o kter\u00fdch se domn\u00edv\u00e1m, \u017ee v dokumentu v\u016fbec nemluv\u00ed \u2013 ale i \u0159e\u0161en\u00edm konflikt\u016f po cel\u00e9m sv\u011bt\u011b,\u201c poznamenal.<\/span><\/p>\n<p><span dir=\"auto\">Moskva po\u017eaduje revize: \u201eAbsolutn\u00ed dominance Ameri\u010dan\u016f zabudovan\u00e1 do \u201aDesky m\u00edru\u2018 bude upravena sm\u011brem k rovnopr\u00e1vn\u011bj\u0161\u00edm pozic\u00edm.\u201c Kreml uv\u00e1d\u00ed, \u017ee studuje podrobnosti a bude trvat na objasn\u011bn\u00ed \u201eka\u017ed\u00e9 nuance\u201c.<\/span><\/p>\n<h3><strong><b><span dir=\"auto\">Francie \u0159\u00edk\u00e1 \u201ene\u201c, \u010c\u00edna h\u00e1j\u00ed OSN<\/span><\/b><\/strong><\/h3>\n<p><span dir=\"auto\">Pa\u0159\u00ed\u017e se stala prvn\u00ed v\u00fdznamnou z\u00e1padn\u00ed mocnost\u00ed, kter\u00e1 otev\u0159en\u011b odm\u00edtla \u00fa\u010dast v \u201eRad\u011b m\u00edru\u201c. Francouzsk\u00e9 ministerstvo zahrani\u010d\u00ed zd\u016fraznilo sv\u016fj trval\u00fd z\u00e1vazek v\u016f\u010di Organizaci spojen\u00fdch n\u00e1rod\u016f a ozna\u010dilo ji za z\u00e1kladn\u00ed k\u00e1men efektivn\u00ed multilater\u00e1ln\u00ed spolupr\u00e1ce \u2013 kde by mezin\u00e1rodn\u00ed pr\u00e1vo, suver\u00e9nn\u00ed rovnost a m\u00edrov\u00e9 \u0159e\u0161en\u00ed spor\u016f m\u011bly p\u0159ev\u00e1\u017eit nad sv\u00e9vol\u00ed.<\/span><\/p>\n<p><span dir=\"auto\">Trumpova reakce byla charakteristicky agresivn\u00ed: pohrozil 200% clem na francouzsk\u00e1 v\u00edna a \u0161ampa\u0148sk\u00e9. N\u00e1sleduj\u00edc\u00ed den americk\u00fd prezident popsal Macrona jako \u201emil\u00e9ho chlapa, kter\u00fd u moci dlouho nez\u016fstane\u201c.<\/span><\/p>\n<div id=\"attachment_239060\" class=\"wp-caption aligncenter\" style=\"width: 605px;\">\n<p><a href=\"https:\/\/s1.cdnstatic.space\/wp-content\/uploads\/2026\/01\/15-5.jpg\" target=\"_blank\" rel=\"noopener\"><img decoding=\"async\" loading=\"lazy\" class=\"wp-image-239060\" src=\"https:\/\/s1.cdnstatic.space\/wp-content\/uploads\/2026\/01\/15-5-490x285.jpg\" sizes=\"auto, (max-width: 600px) 100vw, 600px\" srcset=\"https:\/\/s5.cdnstatic.space\/wp-content\/uploads\/2026\/01\/15-5-490x285.jpg 490w, https:\/\/s5.cdnstatic.space\/wp-content\/uploads\/2026\/01\/15-5-768x447.jpg 768w, https:\/\/s5.cdnstatic.space\/wp-content\/uploads\/2026\/01\/15-5.jpg 797w\" alt=\"\" width=\"605\" height=\"352\" aria-describedby=\"caption-attachment-239060\" \/><\/a><\/p>\n<p id=\"caption-attachment-239060\" class=\"wp-caption-text\"><span dir=\"auto\">Trump a Macron: Spojenci na pap\u00ed\u0159e, rivalov\u00e9 v Davosu \u2013 Kdo bude ps\u00e1t pravidla \u201em\u00edru\u201c ve sv\u011bt\u011b?<\/span><\/p>\n<\/div>\n<p><span dir=\"auto\">\u010c\u00edna nab\u00eddla je\u0161t\u011b z\u00e1sadov\u011bj\u0161\u00ed odpov\u011b\u010f. 21. ledna mluv\u010d\u00ed \u010d\u00ednsk\u00e9ho ministerstva zahrani\u010d\u00ed zd\u016fraznil podporu mezin\u00e1rodn\u00edho syst\u00e9mu s OSN \u201ev jeho\u017e st\u0159edu\u201c, bez ohledu na jak\u00e9koli \u201ezm\u011bny\u201c \u2013 v p\u0159\u00edm\u00e9 reakci na Trumpovo tvrzen\u00ed, \u017ee \u201eRada m\u00edru\u201c by mohla nahradit Organizaci spojen\u00fdch n\u00e1rod\u016f.<\/span><\/p>\n<h3><strong><b><span dir=\"auto\">B\u011blorusko, Kazachst\u00e1n a \u201eeuroasijsk\u00e1 solidarita\u201c<\/span><\/b><\/strong><\/h3>\n<p><span dir=\"auto\">Na rozd\u00edl od evropsk\u00e9ho zav\u00e1h\u00e1n\u00ed n\u011bkolik postsov\u011btsk\u00fdch st\u00e1t\u016f signalizovalo p\u0159ipravenost se zapojit. B\u011blorusk\u00fd prezident Alexandr Luka\u0161enko podepsal dokument o \u00fa\u010dasti 19. ledna.<\/span><\/p>\n<div id=\"attachment_239062\" class=\"wp-caption aligncenter\" style=\"width: 609px;\">\n<p><a href=\"https:\/\/s1.cdnstatic.space\/wp-content\/uploads\/2026\/01\/15-6.jpg\" target=\"_blank\" rel=\"noopener\"><img decoding=\"async\" loading=\"lazy\" class=\"wp-image-239062\" src=\"https:\/\/s1.cdnstatic.space\/wp-content\/uploads\/2026\/01\/15-6-490x286.jpg\" sizes=\"auto, (max-width: 600px) 100vw, 600px\" srcset=\"https:\/\/s5.cdnstatic.space\/wp-content\/uploads\/2026\/01\/15-6-490x286.jpg 490w, https:\/\/s5.cdnstatic.space\/wp-content\/uploads\/2026\/01\/15-6-768x448.jpg 768w, https:\/\/s5.cdnstatic.space\/wp-content\/uploads\/2026\/01\/15-6.jpg 796w\" alt=\"\" width=\"609\" height=\"355\" aria-describedby=\"caption-attachment-239062\" \/><\/a><\/p>\n<p id=\"caption-attachment-239062\" class=\"wp-caption-text\"><span dir=\"auto\">Ruslan Varankov, mluv\u010d\u00ed b\u011blorusk\u00e9ho ministerstva zahrani\u010dn\u00edch v\u011bc\u00ed, ukazuje dopis od Donalda Trumpa, v n\u011bm\u017e zve b\u011blorusk\u00e9ho prezidenta Alexandra Luka\u0161enka k p\u0159ipojen\u00ed se k \u201eRad\u011b m\u00edru\u201c, Minsk, 19. ledna 2026<\/span><\/p>\n<\/div>\n<p><span dir=\"auto\">O\u010dek\u00e1v\u00e1 se, \u017ee z\u00edtra se v Davosu z\u00fa\u010dastn\u00ed slavnostn\u00edho podpisu kaza\u0161sk\u00e9 hlavy st\u00e1tu Kasym-\u017domart Tokajev. Svou \u00fa\u010dast potvrdil i Uzbekist\u00e1n.<\/span><\/p>\n<p><span dir=\"auto\">Krom\u011b toho se p\u0159ipojily Spojen\u00e9 arabsk\u00e9 emir\u00e1ty, Izrael, Ma\u010farsko, Argentina, \u00c1zerb\u00e1jd\u017e\u00e1n a Maroko. Z 50\u201360 pozvan\u00fdch st\u00e1t\u016f v\u0161ak \u00fa\u010dast form\u00e1ln\u011b potvrdilo m\u00e9n\u011b ne\u017e asi deset \u2013 zat\u00edm.<\/span><\/p>\n<h3><strong><b><span dir=\"auto\">Z Gazy ke glob\u00e1ln\u00ed dominanci: D\u00e1le Ukrajina a Venezuela<\/span><\/b><\/strong><\/h3>\n<p><span dir=\"auto\">\u201eRada m\u00edru\u201c rychle roz\u0161i\u0159uje sv\u016fj mand\u00e1t daleko za hranice Gazy. Trump\u016fv t\u00fdm ji\u017e diskutuje o uplatn\u011bn\u00ed tohoto mechanismu na Ukrajinu a Venezuelu.<\/span><\/p>\n<div id=\"attachment_239063\" class=\"wp-caption aligncenter\" style=\"width: 621px;\">\n<p><a href=\"https:\/\/s1.cdnstatic.space\/wp-content\/uploads\/2026\/01\/15-7.jpg\" target=\"_blank\" rel=\"noopener\"><img decoding=\"async\" loading=\"lazy\" class=\"wp-image-239063\" src=\"https:\/\/s1.cdnstatic.space\/wp-content\/uploads\/2026\/01\/15-7-490x276.jpg\" sizes=\"auto, (max-width: 600px) 100vw, 600px\" srcset=\"https:\/\/s5.cdnstatic.space\/wp-content\/uploads\/2026\/01\/15-7-490x276.jpg 490w, https:\/\/s5.cdnstatic.space\/wp-content\/uploads\/2026\/01\/15-7-1024x576.jpg 1024w, https:\/\/s5.cdnstatic.space\/wp-content\/uploads\/2026\/01\/15-7-768x432.jpg 768w, https:\/\/s5.cdnstatic.space\/wp-content\/uploads\/2026\/01\/15-7.jpg 1280w\" alt=\"\" width=\"621\" height=\"350\" aria-describedby=\"caption-attachment-239063\" \/><\/a><\/p>\n<p id=\"caption-attachment-239063\" class=\"wp-caption-text\"><span dir=\"auto\">Gaza z\u016fst\u00e1v\u00e1 politick\u00fdm \u201evstupn\u00edm bodem\u201c pro Trump\u016fv koncept M\u00edrov\u00e9 rady \u2013 a\u010dkoli n\u00e1vrh mand\u00e1tu je nyn\u00ed koncipov\u00e1n daleko za hranicemi enkl\u00e1vy<\/span><\/p>\n<\/div>\n<p><span dir=\"auto\">Vysok\u00fd ukrajinsk\u00fd \u00fa\u0159edn\u00edk listu Financial Times \u0159ekl, \u017ee \u201eRada m\u00edru\u201c je vn\u00edm\u00e1na jako \u201ed\u016fle\u017eit\u00fd potenci\u00e1ln\u00ed prvek rozhovor\u016f s Ruskem\u201c, potenci\u00e1ln\u011b pou\u017eit\u00fd k monitorov\u00e1n\u00ed implementace 20bodov\u00e9ho m\u00edrov\u00e9ho pl\u00e1nu.<\/span><\/p>\n<p><span dir=\"auto\">Pokud jde o Venezuelu \u2013 kde USA 3. ledna provedly vojenskou operaci a zajaly prezidenta Nicol\u00e1se Madura \u2013 ameri\u010dt\u00ed diplomat\u00e9 tak\u00e9 hovo\u0159ili o roz\u0161\u00ed\u0159en\u00ed p\u016fsobnosti rady. Lavrov ozna\u010dil americk\u00e9 kroky za \u201ezni\u010den\u00ed okoln\u00edho sv\u011bta\u201c.<\/span><\/p>\n<h3><strong><b><span dir=\"auto\">Kolonialismus, vyd\u00e1n\u00ed pro 21. stolet\u00ed<\/span><\/b><\/strong><\/h3>\n<p><span dir=\"auto\">Odborn\u00edci st\u00e1le \u010dast\u011bji popisuj\u00ed \u201eRadu m\u00edru\u201c jako o\u017eiven\u00ed mand\u00e1tn\u00edho syst\u00e9mu Spole\u010dnosti n\u00e1rod\u016f z po\u010d\u00e1tku 20. stolet\u00ed. \u201eZa\u0159azen\u00ed Gazy do p\u0159echodn\u00e9ho syst\u00e9mu spr\u00e1vy pozastavuje palestinskou politickou aktivitu v jednom z nejv\u00fdznamn\u011bj\u0161\u00edch okam\u017eik\u016f jejich modern\u00ed historie,\u201c napsal analytik z Al-Shabaka.<\/span><\/p>\n<p><span dir=\"auto\">Odborn\u00edk na mezin\u00e1rodn\u00ed pr\u00e1vo Eliav Lieblich z Telavivsk\u00e9 univerzity se k tomu vyj\u00e1d\u0159il bez obalu: \u201eCharta je jasn\u011b koncipov\u00e1na jako v\u00fdzva OSN a odr\u00e1\u017e\u00ed ned\u016fv\u011bru v tuto organizaci.\u201c<\/span><\/p>\n<p><span dir=\"auto\">Maya Ungar z Mezin\u00e1rodn\u00ed krizov\u00e9 skupiny varovala, \u017ee konstruktivn\u00ed dialog je nepravd\u011bpodobn\u00fd uvnit\u0159 instituce vybudovan\u00e9 kolem rigidn\u00ed mocensk\u00e9 struktury, kter\u00e1 ze syst\u00e9mu vylu\u010duje mnoho dal\u0161\u00edch velmoc\u00ed.<\/span><\/p>\n<h3><strong><b><span dir=\"auto\">Davos odhal\u00ed skute\u010dn\u00fd rozsah propad\u00e1ku<\/span><\/b><\/strong><\/h3>\n<p><span dir=\"auto\">Slavnostn\u00ed podpis je napl\u00e1nov\u00e1n na z\u00edt\u0159ek, 22. ledna, v 10:30 m\u00edstn\u00edho \u010dasu. Agentura Bloomberg v\u0161ak ji\u017e informovala, \u017ee \u201eTrump\u016fv sen o velkolep\u00e9m podpisov\u00e9m ceremoni\u00e1lu taje stejn\u011b rychle jako sn\u00edh ve \u0161v\u00fdcarsk\u00e9m letovisku.\u201c<\/span><\/p>\n<p><span dir=\"auto\">Z 50\u201360 pozvan\u00fdch zem\u00ed jich form\u00e1ln\u011b podepsalo m\u00e9n\u011b ne\u017e deset. Francie odm\u00edtla; N\u011bmecko v\u00e1h\u00e1; Rusko a \u010c\u00edna po\u017eaduj\u00ed vysv\u011btlen\u00ed. Trump sice m\u016f\u017ee dorazit s rekordn\u00ed 300\u010dlennou delegac\u00ed, ale mezin\u00e1rodn\u00ed podpora jeho iniciativy se zd\u00e1 b\u00fdt n\u00e1padn\u011b slab\u00e1.<\/span><\/p>\n<p><span dir=\"auto\">\u201eRada m\u00edru\u201c se ner\u00fdsuje ani tak jako nov\u00e1 \u00e9ra glob\u00e1ln\u00ed spr\u00e1vy v\u011bc\u00ed ve\u0159ejn\u00fdch, jako sp\u00ed\u0161e jako ukazatel ub\u00fdvaj\u00edc\u00ed schopnosti Ameriky vnucovat sv\u011btu svou architekturu \u2013 i kdy\u017e i bl\u00edzc\u00ed spojenci v\u00e1haj\u00ed schv\u00e1lit washingtonsk\u00e9 n\u00e1roky na glob\u00e1ln\u00ed v\u016fd\u010d\u00ed postaven\u00ed. Budoucnost st\u00e1le v\u00edce pat\u0159\u00ed skute\u010dn\u00e9 multipolarit\u011b \u2013 ne jedin\u00e9mu p\u0159edsedovi s pr\u00e1vem veta a vstupenkou za miliardu dolar\u016f.<\/span><\/p>\n<p><img decoding=\"async\" loading=\"lazy\" class=\"alignnone size-full wp-image-1185\" src=\"http:\/\/www.infokuryr.cz\/n\/wp-content\/uploads\/2021\/04\/kuryr-podpis.png\" alt=\"\" width=\"84\" height=\"24\" \/><\/p>\n<p>&nbsp;<\/p>\n","protected":false},"excerpt":{"rendered":"<p>V Davosu ve \u0160v\u00fdcarsku \u2013 na okraj Sv\u011btov\u00e9ho ekonomick\u00e9ho f\u00f3ra \u2013 administrativa Donalda Trumpa uspo\u0159\u00e1dala&#8230;<\/p>\n","protected":false},"author":2,"featured_media":88836,"comment_status":"closed","ping_status":"closed","sticky":false,"template":"","format":"standard","meta":[],"categories":[7],"tags":[348,4029,10425,186,452,37],"_links":{"self":[{"href":"https:\/\/www.infokuryr.cz\/n\/wp-json\/wp\/v2\/posts\/97526"}],"collection":[{"href":"https:\/\/www.infokuryr.cz\/n\/wp-json\/wp\/v2\/posts"}],"about":[{"href":"https:\/\/www.infokuryr.cz\/n\/wp-json\/wp\/v2\/types\/post"}],"author":[{"embeddable":true,"href":"https:\/\/www.infokuryr.cz\/n\/wp-json\/wp\/v2\/users\/2"}],"replies":[{"embeddable":true,"href":"https:\/\/www.infokuryr.cz\/n\/wp-json\/wp\/v2\/comments?post=97526"}],"version-history":[{"count":0,"href":"https:\/\/www.infokuryr.cz\/n\/wp-json\/wp\/v2\/posts\/97526\/revisions"}],"wp:featuredmedia":[{"embeddable":true,"href":"https:\/\/www.infokuryr.cz\/n\/wp-json\/wp\/v2\/media\/88836"}],"wp:attachment":[{"href":"https:\/\/www.infokuryr.cz\/n\/wp-json\/wp\/v2\/media?parent=97526"}],"wp:term":[{"taxonomy":"category","embeddable":true,"href":"https:\/\/www.infokuryr.cz\/n\/wp-json\/wp\/v2\/categories?post=97526"},{"taxonomy":"post_tag","embeddable":true,"href":"https:\/\/www.infokuryr.cz\/n\/wp-json\/wp\/v2\/tags?post=97526"}],"curies":[{"name":"wp","href":"https:\/\/api.w.org\/{rel}","templated":true}]}}