{"id":97505,"date":"2026-01-22T04:06:52","date_gmt":"2026-01-22T03:06:52","guid":{"rendered":"https:\/\/www.infokuryr.cz\/n\/?p=97505"},"modified":"2026-01-22T04:07:46","modified_gmt":"2026-01-22T03:07:46","slug":"kanadsky-premier-pronesl-neuveritelny-projev-v-davosu-o-konci-stareho-svetoveho-radu-a-americke-hegemonie","status":"publish","type":"post","link":"https:\/\/www.infokuryr.cz\/n\/2026\/01\/22\/kanadsky-premier-pronesl-neuveritelny-projev-v-davosu-o-konci-stareho-svetoveho-radu-a-americke-hegemonie\/","title":{"rendered":"Kanadsk\u00fd premi\u00e9r pronesl neuv\u011b\u0159iteln\u00fd projev v Davosu o konci star\u00e9ho sv\u011btov\u00e9ho \u0159\u00e1du a americk\u00e9 hegemonie!"},"content":{"rendered":"<div id=\"fb-root\"><\/div>\n<h4>Kanadsk\u00fd premi\u00e9r pronesl neuv\u011b\u0159iteln\u00fd projev v Davosu o konci star\u00e9ho sv\u011btov\u00e9ho \u0159\u00e1du a americk\u00e9 hegemonie! Do\u0161lo dokonce i na zelin\u00e1\u0159e, prolet\u00e1\u0159e a V\u00e1clava Havla! Vladimir Putin nab\u00eddl Trumpovi 1 miliardu USD z rusk\u00fdch zmrazen\u00fdch aktiv jako p\u0159\u00edsp\u011bvek Ruska pro vstup do jeho Rady m\u00edru! A globalizace na Z\u00e1pad\u011b i v USA podle americk\u00e9ho ministra selhala a za n\u00ed nastupuje ta \u010d\u00ednsk\u00e1!<\/h4>\n<p>Davosk\u00e9 f\u00f3rum je m\u00edstem popravy star\u00e9 globalizace. Takto lakonicky lze hodnotit pr\u016fb\u011bh konference a v\u0161echno ostatn\u00ed je vlastn\u011b podru\u017en\u00e9, a to dokonce i ty ot\u00e1zky okolo Gr\u00f3nska. Tento Davos je naprosto jin\u00fd. Jedn\u00e1 se o smute\u010dn\u00ed akci, de facto o poh\u0159eb americk\u00e9 unipol\u00e1rn\u00ed globalizace Pax Americana.<\/p>\n<p>Pr\u00e1v\u011b ona \u0159\u00eddila mezin\u00e1rodn\u00ed pr\u00e1vo a celosv\u011btov\u00fd trh prakticky od konce II. sv. v\u00e1lky. Tato \u00e9ra definitivn\u011b kon\u010d\u00ed a pr\u00e1v\u011b v Davosu se nyn\u00ed kon\u00e1 poh\u0159eb t\u00e9to star\u00e9 globalizace. Ne\u017e se dostanu k tomu hlavn\u00edmu, je pot\u0159eba se nejprve pod\u00edvat do Ruska. Vladimir Putin p\u0159ekvapil a k\u00fdvl na Trumpovu nab\u00eddku.<\/p>\n<figure id=\"attachment_65970\" class=\"wp-caption aligncenter\" style=\"width: 709px;\"><a href=\"https:\/\/aeronet.news\/wp-content\/uploads\/PutinPeaceBoard.jpg\"><img decoding=\"async\" loading=\"lazy\" class=\"wp-image-65970 \" src=\"https:\/\/aeronet.news\/wp-content\/uploads\/PutinPeaceBoard-1024x576.jpg\" sizes=\"(max-width: 700px) 100vw, 700px\" srcset=\"https:\/\/aeronet.news\/wp-content\/uploads\/PutinPeaceBoard-1024x576.jpg 1024w, https:\/\/aeronet.news\/wp-content\/uploads\/PutinPeaceBoard-300x169.jpg 300w, https:\/\/aeronet.news\/wp-content\/uploads\/PutinPeaceBoard-768x432.jpg 768w, https:\/\/aeronet.news\/wp-content\/uploads\/PutinPeaceBoard-700x394.jpg 700w, https:\/\/aeronet.news\/wp-content\/uploads\/PutinPeaceBoard-635x357.jpg 635w, https:\/\/aeronet.news\/wp-content\/uploads\/PutinPeaceBoard-859x483.jpg 859w, https:\/\/aeronet.news\/wp-content\/uploads\/PutinPeaceBoard.jpg 1280w\" alt=\"\" width=\"709\" height=\"399\" \/><\/a><figcaption class=\"wp-caption-text\">Vladimir Putin, prezident RF<\/figcaption><\/figure>\n<p>Moskva je pr\u00fd p\u0159ipravena p\u0159isp\u011bt k iniciativ\u011b americk\u00e9ho prezidenta Donalda Trumpa \u201e<em>Board of Peace<\/em>\u201c (<em>Rada m\u00edru<\/em>), \u0159ekl ve st\u0159edu prezident Vladimir Putin rusk\u00e9 Rad\u011b bezpe\u010dnosti.\u00a0<strong>Navrhl, aby byla t\u00e9to organizaci v\u011bnov\u00e1na \u010d\u00e1stka 1 miliarda dolar\u016f z rusk\u00fdch aktiv zmrazen\u00fdch v USA na podporu obnovy palestinsk\u00e9 enkl\u00e1vy.<\/strong><\/p>\n<p>Iniciativa po\u010d\u00edt\u00e1 s mezin\u00e1rodn\u00ed radou, kter\u00e1 bude spravovat financov\u00e1n\u00ed, bezpe\u010dnost a politickou koordinaci v Gaze b\u011bhem p\u0159echodn\u00e9ho obdob\u00ed po uzav\u0159en\u00ed p\u0159\u00edm\u011b\u0159\u00ed mezi Izraelem a Hamasem. Tento org\u00e1n bude spolupracovat s palestinskou technokratickou spr\u00e1vou. Trump s t\u00edmto n\u00e1padem p\u0159i\u0161el pot\u00e9, co USA loni zprost\u0159edkovaly p\u0159\u00edm\u011b\u0159\u00ed.<\/p>\n<h3>Putin chce m\u00edt pro Rusko pozici v Trumpov\u011b Rad\u011b m\u00edru<\/h3>\n<p>Rusko by mohlo poskytnout organizaci 1 miliardu dolar\u016f \u201e<em>hned te\u010f, je\u0161t\u011b p\u0159edt\u00edm, ne\u017e se rozhodneme, zda se zapoj\u00edme\u2026 do pr\u00e1ce Rady m\u00edru<\/em>,\u201c uvedl rusk\u00fd prezident s odkazem na \u201e<em>zvl\u00e1\u0161tn\u00ed vztahy Moskvy s palestinsk\u00fdm lidem<\/em>.\u201c Tato \u010d\u00e1stka by mohla b\u00fdt \u010derp\u00e1na \u201e<em>z rusk\u00fdch aktiv zmrazen\u00fdch p\u0159edchoz\u00ed americkou administrativou<\/em>\u201c, dodal.<\/p>\n<p>Moskva \u201e<em>v\u017edy podporovala a nad\u00e1le podporuje ve\u0161ker\u00e9 snahy sm\u011b\u0159uj\u00edc\u00ed k pos\u00edlen\u00ed mezin\u00e1rodn\u00ed stability<\/em>\u201c, uvedl Putin.\u00a0<strong>Putin pod\u011bkoval Trumpovi za pozv\u00e1n\u00ed, ale uvedl, \u017ee Moskva bude pot\u0159ebovat v\u00edce \u010dasu na prostudov\u00e1n\u00ed nab\u00eddky a konzultaci se sv\u00fdmi strategick\u00fdmi partnery.<\/strong>\u00a0Trump pozval do rady des\u00edtky zem\u00ed. Ma\u010farsko, Maroko, Vietnam, Kazachst\u00e1n a Argentina ji\u017e nab\u00eddku p\u0159ijaly. Pozvan\u00e9 zem\u011b se \u00fadajn\u011b mohou p\u0159ipojit zdarma na t\u0159i roky.<\/p>\n<p><a href=\"https:\/\/x.com\/BBMagaMom\/status\/2014103240258863598?ref_src=twsrc%5Etfw%7Ctwcamp%5Etweetembed%7Ctwterm%5E2014103240258863598%7Ctwgr%5E9619ae4b584836d96938188073148d0411572679%7Ctwcon%5Es1_&amp;ref_url=https%3A%2F%2Faeronet.news%2Fkanadsky-premier-pronesl-neuveritelny-projev-v-davosu-o-konci-stareho-svetoveho-radu-a-americke-hegemonie-doslo-dokonce-i-na-zelinare-proletare-a-vaclava-havla%2F\"><img decoding=\"async\" loading=\"lazy\" class=\"wp-image-97506 aligncenter\" src=\"http:\/\/www.infokuryr.cz\/n\/wp-content\/uploads\/2026\/01\/x1-13-226x300.jpg\" alt=\"\" width=\"536\" height=\"712\" srcset=\"https:\/\/www.infokuryr.cz\/n\/wp-content\/uploads\/2026\/01\/x1-13-226x300.jpg 226w, https:\/\/www.infokuryr.cz\/n\/wp-content\/uploads\/2026\/01\/x1-13.jpg 678w\" sizes=\"(max-width: 536px) 100vw, 536px\" \/><\/a><\/p>\n<p>Za trval\u00e9 \u010dlenstv\u00ed je \u00fadajn\u011b vy\u017eadov\u00e1na platba ve v\u00fd\u0161i 1 miliardy dolar\u016f, co\u017e je \u010d\u00e1stka odpov\u00eddaj\u00edc\u00ed daru, kter\u00fd nab\u00eddl Putin. V \u00fater\u00fd \u010c\u00edna rovn\u011b\u017e potvrdila, \u017ee byla pozv\u00e1na k \u00fa\u010dasti, ale neuvedla, zda se z\u00fa\u010dastn\u00ed. Podle Washingtonu by mand\u00e1t tohoto org\u00e1nu mohl b\u00fdt pozd\u011bji roz\u0161\u00ed\u0159en tak, aby se zab\u00fdval i dal\u0161\u00edmi konflikty po cel\u00e9m sv\u011bt\u011b.<\/p>\n<p>Podle agentury AP se zhruba 5 miliard dolar\u016f z celkov\u00fdch asi 300 miliard dolar\u016f zmrazen\u00fdch rusk\u00fdch aktiv nach\u00e1z\u00ed v USA. Ve st\u0159edu Putin uvedl, \u017ee zb\u00fdvaj\u00edc\u00ed \u010d\u00e1stka zmrazen\u00e1 v USA by mohla b\u00fdt pou\u017eita na ekonomickou obnovu oblast\u00ed po\u0161kozen\u00fdch b\u011bhem boj\u016f, jakmile Moskva a Kyjev uzav\u0159ou m\u00edrovou dohodu. Jak je tedy vid\u011bt, tak Kreml v\u00ed p\u0159esn\u011b, jak\u00e9 karty hr\u00e1t s Trumpem a pouze se potvrzuje hra velmoc\u00ed.<\/p>\n<h3>Kanadsk\u00fd premi\u00e9r v Davosu p\u0159ednesl konceptu\u00e1ln\u00ed projev, kter\u00fd se dal p\u0159irovnat ke smute\u010dn\u00ed \u0159e\u010di na poh\u0159bu Pax Americana<\/h3>\n<p>A t\u00edm se dost\u00e1v\u00e1me zp\u00e1tky do Davosu, kde ji\u017e v \u00fater\u00fd zazn\u011bl naprosto neuv\u011b\u0159iteln\u00fd projev kanadsk\u00e9ho premi\u00e9ra Marka Carneyho, kter\u00fd je\u0161t\u011b p\u0159ed konferenc\u00ed v Davosu zaplnil hlavn\u00ed str\u00e1nky novin sv\u00fdmi v\u00fdroky p\u0159i st\u00e1tn\u00ed n\u00e1v\u0161t\u011bv\u011b v \u010c\u00edn\u011b, kde prohl\u00e1sil\u00a0<strong>[<a href=\"https:\/\/aeronet.news\/partnerstvi-s-cinou-nas-dobre-pripravuje-na-novy-svetovy-rad-kanadsky-premier-po-pouhych-9-mesicich-otocil-a-v-pekingu-polibil-prsten-prvni-hmatatelny-dusledek-odchodu-usa-z-cela-svetove-globalizace\/\">1<\/a>]<\/strong>, \u017ee Kanada je d\u00edky spolupr\u00e1ci s \u010c\u00ednou dob\u0159e p\u0159ipravov\u00e1na na nov\u00fd sv\u011btov\u00fd \u0159\u00e1d.<\/p>\n<p>Tehdy nebylo je\u0161t\u011b jasn\u00e9, do jak\u00e9 hloubky Carney tohle myslel, ale po jeho projevu v Davosu u\u017e to v\u00edme. Kanadsk\u00fd premi\u00e9r toti\u017e v projevu mluvil o konci americk\u00e9 hegemonie a o konci star\u00e9ho sv\u011btov\u00e9ho \u0159\u00e1du Pax Americana.\u00a0<strong>Carney citoval i V\u00e1clava Havla a jeho esej \u201c<em>Moc bezmocn\u00fdch<\/em>\u201d o zelin\u00e1\u0159ovi, kter\u00fd do v\u00fdlohy vyv\u011bsoval cedulku s n\u00e1pisem \u201c<em>Prolet\u00e1\u0159i v\u0161ech zem\u00ed, spojte se!<\/em>\u201c<\/strong>\u00a0a t\u00edm pom\u00e1hal udr\u017eovat komunismus p\u0159i \u017eivot\u011b.<\/p>\n<p>&nbsp;<\/p>\n<div id=\"rumble_v72hgiu\">\n<div id=\"vid_v72hgiu\" class=\"rumble_v72hgiu-Rumble-cls\" tabindex=\"-1\">\n<div>\n<div class=\"bigPlayUI ctp\">\n<div class=\"bigPlayUIInner ctp\"><div class='videoWrapper'>\r\n\t            <iframe src='https:\/\/rumble.com\/embed\/pj.v72hgiu\/' frameborder='0' allowfullscreen><\/iframe>\r\n\t        <\/div><\/div>\n<\/div>\n<\/div>\n<\/div>\n<\/div>\n<p>&nbsp;<\/p>\n<p>Podle Carneyho je sou\u010dasn\u00fd kolektivn\u00ed Z\u00e1pad jako ten zelin\u00e1\u0159. Vyv\u011b\u0161uje hesla o mezin\u00e1rodn\u00edm pr\u00e1vu a o rovnosti, ale ve skute\u010dnosti tomu heslu u\u017e nikdo nev\u011b\u0159\u00ed. Mezin\u00e1rodn\u00ed pr\u00e1vo plat\u00ed jen pro n\u011bkoho, pro velmoci neplat\u00ed. Je t\u0159eba se p\u0159estat p\u0159etva\u0159ovat a je pot\u0159eba za\u010d\u00edt budovat samostatnost, znovu obnovit n\u00e1rodn\u00ed sob\u011bsta\u010dnost, v obran\u011b, v potravin\u00e1\u0159stv\u00ed, v pr\u016fmyslu, proto\u017ee na starou globalizaci se ji\u017e nejde spol\u00e9hat, nebo\u0165 ta neslou\u017e\u00ed v\u0161em, ale pouze USA.<\/p>\n<p>Carney prost\u011b zap\u00edskal ke konci globalizace a vyzval k multipolarit\u011b a k vytv\u00e1\u0159en\u00ed alianc\u00ed ad-hoc s r\u016fzn\u00fdmi stranami sv\u011bta. Tedy s \u010c\u00ednou, Katarem, s Indi\u00ed, s Taiwanem a prakticky s ka\u017ed\u00fdm, s k\u00fdm to bude pot\u0159eba. Unipol\u00e1rn\u00ed globalizace okolo USA, tedy Pax Americana, se podle Carneyho ji\u017e nevr\u00e1t\u00ed. Pokud nem\u00e1te \u010das na jeho z\u00e1sadn\u00ed projev ve videu v\u00fd\u0161e, tak tady n\u00ed\u017ee je p\u0159epis:<\/p>\n<h3>Projev kanadsk\u00e9ho premi\u00e9ra Marka Carneyho v Davosu o konci star\u00e9ho sv\u011btov\u00e9ho \u0159\u00e1du<\/h3>\n<p>Zd\u00e1 se, \u017ee ka\u017ed\u00fd den n\u00e1m je p\u0159ipom\u00edn\u00e1no, \u017ee \u017eijeme v dob\u011b velmocensk\u00e9ho soupe\u0159en\u00ed, \u017ee \u0159\u00e1d zalo\u017een\u00fd na pravidlech sl\u00e1bne, \u017ee siln\u00ed mohou d\u011blat, co cht\u011bj\u00ed, a slab\u00ed mus\u00ed sn\u00e1\u0161et, co mus\u00ed. A tento aforismus Th\u00fakydida je prezentov\u00e1n jako nevyhnuteln\u00fd, jako p\u0159irozen\u00e1 logika mezin\u00e1rodn\u00edch vztah\u016f, kter\u00e1 se znovu prosazuje. A tv\u00e1\u0159\u00ed v tv\u00e1\u0159 t\u00e9to logice maj\u00ed zem\u011b silnou tendenci se p\u0159izp\u016fsobovat, vych\u00e1zet s ostatn\u00edmi, uzp\u016fsobit se, vyh\u00fdbat se probl\u00e9m\u016fm a doufat, \u017ee poslu\u0161nost jim zajist\u00ed bezpe\u010dnost. Jen\u017ee nezajist\u00ed. Jak\u00e9 jsou tedy na\u0161e mo\u017enosti?<\/p>\n<p>V roce 1978 napsal \u010desk\u00fd disident V\u00e1clav Havel, pozd\u011bj\u0161\u00ed prezident, esej s n\u00e1zvem Moc bezmocn\u00fdch. V n\u00ed polo\u017eil jednoduchou ot\u00e1zku. Jak se komunistick\u00fd syst\u00e9m udr\u017eoval? Jeho odpov\u011b\u010f za\u010d\u00ednala zelin\u00e1\u0159em. Ka\u017ed\u00e9 r\u00e1no vyv\u011bsil obchodn\u00edk do v\u00fdlohy n\u00e1pis: \u201e<em>Prolet\u00e1\u0159i v\u0161ech zem\u00ed, spojte se!<\/em>\u201c Nev\u011b\u0159il tomu, nikdo tomu nev\u011b\u0159il.\u00a0<strong>Ale n\u00e1pis vyv\u011bsil, aby se vyhnul pot\u00ed\u017e\u00edm, aby dal najevo poslu\u0161nost, aby se p\u0159izp\u016fsobil.<\/strong>\u00a0A proto\u017ee ka\u017ed\u00fd obchodn\u00edk v ka\u017ed\u00e9 ulici d\u011blal tot\u00e9\u017e, syst\u00e9m p\u0159etrv\u00e1val nejen d\u00edky n\u00e1sil\u00ed, ale tak\u00e9 d\u00edky \u00fa\u010dasti oby\u010dejn\u00fdch lid\u00ed na ritu\u00e1lech, o nich\u017e v soukrom\u00ed v\u011bd\u011bli, \u017ee jsou fale\u0161n\u00e9. Havel to nazval \u017eivotem ve l\u017ei. S\u00edla syst\u00e9mu nepoch\u00e1z\u00ed z jeho pravdivosti, ale z ochoty v\u0161ech chovat se, jako by to byla pravda.<\/p>\n<p>A jeho k\u0159ehkost poch\u00e1z\u00ed ze stejn\u00e9ho zdroje. Kdy\u017e i jen jeden \u010dlov\u011bk p\u0159estane hr\u00e1t svou roli, kdy\u017e zelin\u00e1\u0159 sund\u00e1 sv\u016fj n\u00e1pis, iluze se za\u010d\u00edn\u00e1 rozpadat. P\u0159\u00e1tel\u00e9, je \u010das, aby spole\u010dnosti a zem\u011b sundaly sv\u00e9 n\u00e1pisy. Po desetilet\u00ed prosperovaly zem\u011b jako Kanada v r\u00e1mci toho, co jsme naz\u00fdvali mezin\u00e1rodn\u00edm \u0159\u00e1dem zalo\u017een\u00fdm na pravidlech. P\u0159ipojili jsme se k jeho instituc\u00edm, chv\u00e1lili jsme jeho principy, t\u011b\u017eili jsme z jeho p\u0159edv\u00eddatelnosti. A d\u00edky tomu jsme mohli pod jeho ochranou prosazovat zahrani\u010dn\u00ed politiku zalo\u017eenou na hodnot\u00e1ch. V\u011bd\u011bli jsme, \u017ee p\u0159\u00edb\u011bh o mezin\u00e1rodn\u00edm \u0159\u00e1du zalo\u017een\u00e9m na pravidlech je \u010d\u00e1ste\u010dn\u011b fale\u0161n\u00fd, \u017ee ti nejsiln\u011bj\u0161\u00ed se z n\u011bj vyjmou, kdy\u017e se jim to hod\u00ed, \u017ee obchodn\u00ed pravidla jsou prosazov\u00e1na asymetricky.<\/p>\n<p>A v\u011bd\u011bli jsme, \u017ee mezin\u00e1rodn\u00ed pr\u00e1vo se uplat\u0148uje s r\u016fznou p\u0159\u00edsnost\u00ed v z\u00e1vislosti na identit\u011b obvin\u011bn\u00e9ho nebo ob\u011bti. Tato fikce byla u\u017eite\u010dn\u00e1. A zejm\u00e9na americk\u00e1 hegemonie pom\u00e1hala poskytovat ve\u0159ejn\u00e9 statky, otev\u0159en\u00e9 n\u00e1mo\u0159n\u00ed trasy, stabiln\u00ed finan\u010dn\u00ed syst\u00e9m, kolektivn\u00ed bezpe\u010dnost a podporu r\u00e1mc\u016f pro \u0159e\u0161en\u00ed spor\u016f. Tak jsme um\u00edstili ceduli do v\u00fdlohy, \u00fa\u010dastnili se ritu\u00e1l\u016f a do zna\u010dn\u00e9 m\u00edry se vyh\u00fdbali poukazov\u00e1n\u00ed na rozd\u00edly mezi r\u00e9torikou a realitou. Tato dohoda ji\u017e nefunguje. \u0158eknu to na rovinu.\u00a0<strong>Nach\u00e1z\u00edme se uprost\u0159ed zlomu, nikoli p\u0159echodu.<\/strong>\u00a0V uplynul\u00fdch dvou desetilet\u00edch odhalila \u0159ada kriz\u00ed ve finan\u010dnictv\u00ed, zdravotnictv\u00ed, energetice a geopolitice rizika extr\u00e9mn\u00ed glob\u00e1ln\u00ed integrace. V posledn\u00ed dob\u011b v\u0161ak velmoci za\u010daly vyu\u017e\u00edvat ekonomickou integraci jako zbra\u0148, cla jako p\u00e1ku, finan\u010dn\u00ed infrastrukturu jako donucovac\u00ed prost\u0159edek a dodavatelsk\u00e9 \u0159et\u011bzce jako zraniteln\u00e1 m\u00edsta, kter\u00e1 lze zneu\u017e\u00edt.<\/p>\n<p>Nelze \u017e\u00edt v l\u017ei vz\u00e1jemn\u00e9ho prosp\u011bchu prost\u0159ednictv\u00edm integrace, kdy\u017e se integrace stane zdrojem va\u0161\u00ed pod\u0159\u00edzenosti. Jsou ohro\u017eeny multilater\u00e1ln\u00ed instituce, na kter\u00e9 se st\u0159edn\u00ed mocnosti spol\u00e9haly, WTO, OSN, sv\u011btov\u00fd policista, architektura, samotn\u00e1 architektura kolektivn\u00edho \u0159e\u0161en\u00ed probl\u00e9m\u016f. V d\u016fsledku toho mnoho zem\u00ed doch\u00e1z\u00ed ke stejn\u00fdm z\u00e1v\u011br\u016fm, \u017ee mus\u00ed rozv\u00edjet v\u011bt\u0161\u00ed strategickou autonomii v oblasti energetiky, potravin, kritick\u00fdch miner\u00e1l\u016f ve financ\u00edch a dodavatelsk\u00fdch \u0159et\u011bzc\u00edch. A tento impuls je pochopiteln\u00fd. Zem\u011b, kter\u00e1 se nedok\u00e1\u017ee sama u\u017eivit, z\u00e1sobovat palivem nebo br\u00e1nit, m\u00e1 jen m\u00e1lo mo\u017enost\u00ed. Kdy\u017e v\u00e1s pravidla ji\u017e nechr\u00e1n\u00ed, mus\u00edte se chr\u00e1nit sami. Ale bu\u010fme si jasn\u011b v\u011bdomi, kam to vede.<\/p>\n<p>Sv\u011bt pevnost\u00ed bude chud\u0161\u00ed, k\u0159eh\u010d\u00ed a m\u00e9n\u011b udr\u017eiteln\u00fd. A je tu je\u0161t\u011b jedna pravda. Pokud velmoci opust\u00ed i pouh\u00e9 p\u0159edst\u00edr\u00e1n\u00ed dodr\u017eov\u00e1n\u00ed pravidel a hodnot, aby mohly bez p\u0159ek\u00e1\u017eek sledovat sv\u00e9 mocensk\u00e9 a z\u00e1jmov\u00e9 c\u00edle, bude st\u00e1le t\u011b\u017e\u0161\u00ed dosahovat zisk\u016f z transak\u010dn\u00edho p\u0159\u00edstupu.\u00a0<strong>Hegemoni nemohou neust\u00e1le zpen\u011b\u017eovat sv\u00e9 vztahy. Spojenci se budou diverzifikovat, aby se zajistili proti nejistot\u011b.\u00a0Budou si kupovat poji\u0161t\u011bn\u00ed, roz\u0161i\u0159ovat mo\u017enosti, aby mohli obnovit suverenitu.<\/strong>\u00a0Suverenitu, kter\u00e1 byla kdysi zalo\u017eena na pravidlech, ale bude st\u00e1le v\u00edce zakotvena ve schopnosti odol\u00e1vat tlaku. V\u0161ichni v t\u00e9to m\u00edstnosti v\u011bd\u00ed, \u017ee se jedn\u00e1 o klasick\u00e9 \u0159\u00edzen\u00ed rizik. \u0158\u00edzen\u00ed rizik m\u00e1 svou cenu. Ale n\u00e1klady na strategickou autonomii, na suverenitu, lze tak\u00e9 sd\u00edlet. Kolektivn\u00ed investice do odolnosti jsou levn\u011bj\u0161\u00ed ne\u017e budov\u00e1n\u00ed vlastn\u00edch pevnost\u00ed.<\/p>\n<p>Sd\u00edlen\u00e9 standardy sni\u017euj\u00ed fragmentaci. Komplementarity jsou pozitivn\u00ed sou\u010det. A ot\u00e1zkou pro st\u0159edn\u00ed mocnosti, jako je Kanada, nen\u00ed, zda se mus\u00edme p\u0159izp\u016fsobit nov\u00e9 realit\u011b, proto\u017ee mus\u00edme. Ot\u00e1zkou je, zda se p\u0159izp\u016fsob\u00edme pouh\u00fdm budov\u00e1n\u00edm vy\u0161\u0161\u00edch zd\u00ed, nebo zda m\u016f\u017eeme ud\u011blat n\u011bco ambici\u00f3zn\u011bj\u0161\u00edho. Kanada byla mezi prvn\u00edmi, kdo zaslechl varovn\u00fd sign\u00e1l, kter\u00fd n\u00e1s vedl k z\u00e1sadn\u00ed zm\u011bn\u011b na\u0161eho strategick\u00e9ho postoje. Kana\u010fan\u00e9 v\u011bd\u00ed, \u017ee na\u0161e star\u00e9 pohodln\u00e9 p\u0159edpoklady, \u017ee na\u0161e geografick\u00e1 poloha a \u010dlenstv\u00ed v alianc\u00edch n\u00e1m automaticky zajist\u00ed prosperitu a bezpe\u010dnost, ji\u017e neplat\u00ed. N\u00e1\u0161 nov\u00fd p\u0159\u00edstup spo\u010d\u00edv\u00e1 v tom, co finsk\u00fd prezident Alexander Stubb nazval realismem zalo\u017een\u00fdm na hodnot\u00e1ch. Jin\u00fdmi slovy, sna\u017e\u00edme se b\u00fdt jak principi\u00e1ln\u00ed, tak pragmati\u010dt\u00ed. Principi\u00e1ln\u00ed v na\u0161em z\u00e1vazku k z\u00e1kladn\u00edm hodnot\u00e1m. Suverenita, \u00fazemn\u00ed celistvost, z\u00e1kaz pou\u017eit\u00ed s\u00edly, s v\u00fdjimkou p\u0159\u00edpad\u016f, kdy je to v souladu s Chartou OSN, a dodr\u017eov\u00e1n\u00ed lidsk\u00fdch pr\u00e1v.<\/p>\n<p>A pragmatick\u00fd v uzn\u00e1n\u00ed toho, \u017ee pokrok je \u010dasto postupn\u00fd, \u017ee z\u00e1jmy se li\u0161\u00ed a \u017ee ne ka\u017ed\u00fd partner bude sd\u00edlet v\u0161echny na\u0161e hodnoty. Proto se anga\u017eujeme \u0161iroce, strategicky a s otev\u0159en\u00fdma o\u010dima. Aktivn\u011b p\u0159ij\u00edm\u00e1me sv\u011bt takov\u00fd, jak\u00fd je, a ne\u010dek\u00e1me na sv\u011bt, jak\u00fd bychom si p\u0159\u00e1li. Upravujeme na\u0161e vztahy tak, aby jejich hloubka odr\u00e1\u017eela na\u0161e hodnoty, a up\u0159ednost\u0148ujeme \u0161irok\u00e9 zapojen\u00ed, abychom maximalizovali n\u00e1\u0161 vliv. A vzhledem k moment\u00e1ln\u00ed nestabilit\u011b sv\u011bta, rizik\u016fm, kter\u00e1 to s sebou nese, a tomu, co je v s\u00e1zce pro budoucnost. A ji\u017e se nespol\u00e9h\u00e1me pouze na s\u00edlu na\u0161ich hodnot, ale tak\u00e9 na hodnotu na\u0161\u00ed s\u00edly. Tuto s\u00edlu budujeme doma.<\/p>\n<p>Od n\u00e1stupu m\u00e9 vl\u00e1dy jsme sn\u00ed\u017eili dan\u011b z p\u0159\u00edjm\u016f, kapit\u00e1lov\u00fdch v\u00fdnos\u016f a podnikov\u00fdch investic. Odstranili jsme v\u0161echny feder\u00e1ln\u00ed p\u0159ek\u00e1\u017eky meziprovinci\u00e1ln\u00edho obchodu. Zrychlujeme investice v hodnot\u011b bilionu dolar\u016f do energetiky, um\u011bl\u00e9 inteligence, kritick\u00fdch miner\u00e1l\u016f, nov\u00fdch obchodn\u00edch koridor\u016f a dal\u0161\u00edch oblast\u00ed. Do konce tohoto desetilet\u00ed zdvojn\u00e1sob\u00edme na\u0161e v\u00fddaje na obranu, a to zp\u016fsobem, kter\u00fd pos\u00edl\u00ed na\u0161e dom\u00e1c\u00ed pr\u016fmyslov\u00e1 odv\u011btv\u00ed. A rychle diverzifikujeme na\u0161e aktivity v zahrani\u010d\u00ed. Dohodli jsme se na komplexn\u00edm strategick\u00e9m partnerstv\u00ed s EU, v\u010detn\u011b p\u0159ipojen\u00ed se k evropsk\u00fdm dohod\u00e1m o zad\u00e1v\u00e1n\u00ed ve\u0159ejn\u00fdch zak\u00e1zek v oblasti obrany.<\/p>\n<p>Za \u0161est m\u011bs\u00edc\u016f jsme podepsali dal\u0161\u00edch 12 obchodn\u00edch a bezpe\u010dnostn\u00edch dohod na \u010dty\u0159ech kontinentech. V uplynul\u00fdch dnech jsme uzav\u0159eli nov\u00e1 strategick\u00e1 partnerstv\u00ed s \u010c\u00ednou a Katarem.\u00a0<strong>Jedn\u00e1me o dohod\u00e1ch o voln\u00e9m obchodu s Indi\u00ed, ASEANem, Thajskem, Filip\u00ednami a Mercosurem.<\/strong>\u00a0D\u011bl\u00e1me i n\u011bco jin\u00e9ho. Abychom pomohli \u0159e\u0161it glob\u00e1ln\u00ed probl\u00e9my, usilujeme o variabiln\u00ed geometrii. Jin\u00fdmi slovy o r\u016fzn\u00e9 koalice pro r\u016fzn\u00e9 ot\u00e1zky zalo\u017een\u00e9 na spole\u010dn\u00fdch hodnot\u00e1ch a z\u00e1jmech. Pokud jde o Ukrajinu, jsme kl\u00ed\u010dov\u00fdm \u010dlenem koalice ochotn\u00fdch a jedn\u00edm z nejv\u011bt\u0161\u00edch p\u0159isp\u011bvatel\u016f na obranu a bezpe\u010dnost v p\u0159epo\u010dtu na obyvatele.<\/p>\n<p>V ot\u00e1zce suverenity Arktidy pevn\u011b stoj\u00edme za Gr\u00f3nskem a D\u00e1nskem a pln\u011b podporujeme jejich jedine\u010dn\u00e9 pr\u00e1vo rozhodovat o budoucnosti Gr\u00f3nska. Na\u0161e odhodl\u00e1n\u00ed dodr\u017eovat \u010dl\u00e1nek 5 Severoatlantick\u00e9 smlouvy je neochv\u011bjn\u00e9. Spolupracujeme proto s na\u0161imi spojenci z NATO, v\u010detn\u011b Nordic Baltic Gate, na dal\u0161\u00edm zabezpe\u010den\u00ed severn\u00ed a z\u00e1padn\u00ed strany aliance, mimo jin\u00e9 prost\u0159ednictv\u00edm bezprecedentn\u00edch investic Kanady do radar\u016f s dalek\u00fdm dosahem, investic do ponorek, letadel a pozemn\u00edch a ledov\u00fdch jednotek. Kanada se d\u016frazn\u011b stav\u00ed proti cl\u016fm uvalen\u00fdm kv\u016fli ot\u00e1zce Gr\u00f3nska a vyz\u00fdv\u00e1 k c\u00edlen\u00fdm jedn\u00e1n\u00edm, aby bylo dosa\u017eeno na\u0161ich spole\u010dn\u00fdch c\u00edl\u016f v oblasti bezpe\u010dnosti a prosperity v Arktid\u011b.<\/p>\n<p>V oblasti plurilater\u00e1ln\u00edho obchodu podporujeme snahy o vybudov\u00e1n\u00ed mostu mezi Transpacifick\u00fdm partnerstv\u00edm a Evropskou uni\u00ed, co\u017e by vedlo k vytvo\u0159en\u00ed nov\u00e9ho obchodn\u00edho bloku s 1,5 miliardou obyvatel. V oblasti kritick\u00fdch miner\u00e1l\u016f vytv\u00e1\u0159\u00edme kluby kupuj\u00edc\u00edch zakotven\u00e9 v G7, aby se sv\u011bt mohl diverzifikovat a zbavit se z\u00e1vislosti na koncentrovan\u00fdch dod\u00e1vk\u00e1ch.\u00a0<strong>A v oblasti um\u011bl\u00e9 inteligence spolupracujeme s podobn\u011b sm\u00fd\u0161lej\u00edc\u00edmi demokraciemi, abychom zajistili, \u017ee nakonec nebudeme nuceni volit mezi hegemony a hyperscalery.<\/strong>\u00a0Nejedn\u00e1 se o naivn\u00ed multilateralismus, ani o spol\u00e9h\u00e1n\u00ed se na jejich instituce, ale o budov\u00e1n\u00ed koalic, kter\u00e9 \u0159e\u0161\u00ed jednotliv\u00e9 ot\u00e1zky s partnery, kte\u0159\u00ed sd\u00edlej\u00ed dostatek spole\u010dn\u00fdch z\u00e1jm\u016f, aby mohli jednat spole\u010dn\u011b. V n\u011bkter\u00fdch p\u0159\u00edpadech to bude drtiv\u00e1 v\u011bt\u0161ina n\u00e1rod\u016f.<\/p>\n<p>Vytv\u00e1\u0159\u00ed se tak hust\u00e1 s\u00ed\u0165 propojen\u00ed nap\u0159\u00ed\u010d obchodem, investicemi a kulturou, z n\u00ed\u017e m\u016f\u017eeme \u010derpat pro budouc\u00ed v\u00fdzvy a p\u0159\u00edle\u017eitosti. Argumentujte, \u017ee st\u0159edn\u00ed mocnosti mus\u00ed jednat spole\u010dn\u011b, proto\u017ee pokud nejsme u stolu, jsme na j\u00eddeln\u00edm l\u00edstku. Ale tak\u00e9 bych \u0159ekl, \u017ee velmoci si zat\u00edm mohou dovolit jednat samostatn\u011b. Maj\u00ed velikost trhu, vojenskou kapacitu a p\u00e1ku, aby diktovaly podm\u00ednky. St\u0159edn\u00ed mocnosti to nemaj\u00ed. Ale kdy\u017e vyjedn\u00e1v\u00e1me pouze bilater\u00e1ln\u011b s hegemoni\u00ed, vyjedn\u00e1v\u00e1me ze slab\u00e9 pozice. P\u0159ij\u00edm\u00e1me to, co n\u00e1m je nab\u00eddnuto. Sout\u011b\u017e\u00edme mezi sebou o to, kdo bude nejvst\u0159\u00edcn\u011bj\u0161\u00ed. To nen\u00ed suverenita. Je to p\u0159edv\u00e1d\u011bn\u00ed suverenity p\u0159i p\u0159ij\u00edm\u00e1n\u00ed pod\u0159\u00edzenosti. Ve sv\u011bt\u011b soupe\u0159en\u00ed velmoc\u00ed maj\u00ed zem\u011b mezi nimi na v\u00fdb\u011br.<\/p>\n<p>Sout\u011b\u017eit mezi sebou o p\u0159\u00edze\u0148 nebo se spojit a vytvo\u0159it t\u0159et\u00ed cestu s dopadem. Nem\u011bli bychom dovolit, aby vzestup tvrd\u00e9 s\u00edly zast\u0159el skute\u010dnost, \u017ee s\u00edla legitimity, integrity a pravidel z\u016fstane siln\u00e1, pokud se rozhodneme je spole\u010dn\u011b uplat\u0148ovat. Co\u017e m\u011b p\u0159iv\u00e1d\u00ed zp\u011bt k Havlovi.\u00a0<strong>Co to znamen\u00e1 pro st\u0159edn\u00ed mocnosti \u017e\u00edt v pravd\u011b?<\/strong>\u00a0Za prv\u00e9 to znamen\u00e1 pojmenovat realitu.\u00a0<strong>P\u0159estat se odvol\u00e1vat na mezin\u00e1rodn\u00ed \u0159\u00e1d zalo\u017een\u00fd na pravidlech, jako by st\u00e1le fungoval tak, jak se propaguje.<\/strong>\u00a0Naz\u00fdvat v\u011bci prav\u00fdmi jm\u00e9ny. Syst\u00e9m zesiluj\u00edc\u00ed rivalitu velmoc\u00ed, kde ti nejmocn\u011bj\u0161\u00ed prosazuj\u00ed sv\u00e9 z\u00e1jmy pomoc\u00ed ekonomick\u00e9 integrace jako donucovac\u00edho prost\u0159edku.<\/p>\n<p>Znamen\u00e1 to jednat d\u016fsledn\u011b a uplat\u0148ovat stejn\u00e1 m\u011b\u0159\u00edtka na spojence i rivaly. Kdy\u017e st\u0159edn\u00ed mocnosti kritizuj\u00ed ekonomick\u00e9 zastra\u0161ov\u00e1n\u00ed z jedn\u00e9 strany, ale ml\u010d\u00ed, kdy\u017e k n\u011bmu doch\u00e1z\u00ed z druh\u00e9 strany, nech\u00e1v\u00e1me ceduli ve v\u00fdloze. Znamen\u00e1 to budovat to, v co v\u011b\u0159\u00edme, m\u00edsto \u010dek\u00e1n\u00ed na obnoven\u00ed star\u00e9ho \u0159\u00e1du. Znamen\u00e1 to vytv\u00e1\u0159et instituce a dohody, kter\u00e9 funguj\u00ed tak, jak je pops\u00e1no. A znamen\u00e1 to omezit p\u00e1ky, kter\u00e9 umo\u017e\u0148uj\u00ed n\u00e1tlak. Budov\u00e1n\u00ed siln\u00e9 dom\u00e1c\u00ed ekonomiky by m\u011blo b\u00fdt bezprost\u0159edn\u00ed prioritou ka\u017ed\u00e9 vl\u00e1dy. A mezin\u00e1rodn\u00ed diverzifikace nen\u00ed jen ekonomickou opatrnost\u00ed. Je to materi\u00e1ln\u00ed z\u00e1klad pro poctivou zahrani\u010dn\u00ed politiku. Proto\u017ee zem\u011b si pr\u00e1vo na principi\u00e1ln\u00ed postoje zaslou\u017e\u00ed t\u00edm, \u017ee sni\u017euj\u00ed svou zranitelnost v\u016f\u010di odvetn\u00fdm opat\u0159en\u00edm. Tak jako Kanada.<\/p>\n<p>Kanada m\u00e1 to, co sv\u011bt chce. Jsme energetick\u00e1 supervelmoc. M\u00e1me obrovsk\u00e9 z\u00e1soby kritick\u00fdch miner\u00e1l\u016f. M\u00e1me nejvzd\u011blan\u011bj\u0161\u00ed obyvatelstvo na sv\u011bt\u011b. Na\u0161e penzijn\u00ed fondy pat\u0159\u00ed mezi nejv\u011bt\u0161\u00ed a nejsofistikovan\u011bj\u0161\u00ed investory na sv\u011bt\u011b. Jin\u00fdmi slovy, m\u00e1me kapit\u00e1lov\u00fd talent. M\u00e1me tak\u00e9 vl\u00e1du s obrovskou fisk\u00e1ln\u00ed kapacitou, kter\u00e1 umo\u017e\u0148uje rozhodn\u00e9 jedn\u00e1n\u00ed. A m\u00e1me hodnoty, o kter\u00e9 usiluje mnoho jin\u00fdch. Kanada je pluralitn\u00ed spole\u010dnost, kter\u00e1 funguje. Na\u0161e ve\u0159ejn\u00e1 sf\u00e9ra je hlasit\u00e1, rozmanit\u00e1 a svobodn\u00e1. Kana\u010fan\u00e9 z\u016fst\u00e1vaj\u00ed odhodl\u00e1ni k udr\u017eitelnosti.<\/p>\n<p>Jsme stabiln\u00edm a spolehliv\u00fdm partnerem ve sv\u011bt\u011b, kter\u00fd je v\u0161\u00edm jin\u00fdm ne\u017e stabiln\u00edm a spolehliv\u00fdm. Partnerem, kter\u00fd buduje a cen\u00ed si dlouhodob\u00fdch vztah\u016f. A m\u00e1me je\u0161t\u011b n\u011bco jin\u00e9ho. Uv\u011bdomujeme si, co se d\u011bje, a jsme odhodl\u00e1ni jednat podle toho. Ch\u00e1peme, \u017ee tento zlom vy\u017eaduje v\u00edce ne\u017e jen p\u0159izp\u016fsoben\u00ed. Vy\u017eaduje up\u0159\u00edmnost ohledn\u011b toho, jak sv\u011bt skute\u010dn\u011b vypad\u00e1.<strong>\u00a0Sundav\u00e1me ceduli z v\u00fdlohy.\u00a0V\u00edme, \u017ee star\u00fd \u0159\u00e1d se nevr\u00e1t\u00ed.\u00a0Nem\u011bli bychom ho oplak\u00e1vat. Nostalgie nen\u00ed strategie.<\/strong><\/p>\n<p>V\u011b\u0159\u00edme v\u0161ak, \u017ee z tohoto zlomu m\u016f\u017eeme vybudovat n\u011bco v\u011bt\u0161\u00edho, lep\u0161\u00edho, siln\u011bj\u0161\u00edho a spravedliv\u011bj\u0161\u00edho. To je \u00fakol st\u0159edn\u00edch mocnost\u00ed, zem\u00ed, kter\u00e9 maj\u00ed nejv\u00edce co ztratit ve sv\u011bt\u011b pevnost\u00ed a nejv\u00edce co z\u00edskat ze skute\u010dn\u00e9 spolupr\u00e1ce. Mocn\u00ed maj\u00ed svou moc, ale my m\u00e1me tak\u00e9 n\u011bco. Schopnost p\u0159estat p\u0159edst\u00edrat, pojmenovat realitu, budovat na\u0161i s\u00edlu doma a jednat spole\u010dn\u011b. To je cesta Kanady. Vyb\u00edr\u00e1me si ji otev\u0159en\u011b a sebev\u011bdom\u011b a je to cesta \u0161iroce otev\u0159en\u00e1 pro ka\u017edou zemi, kter\u00e1 je ochotna se po n\u00ed vydat s n\u00e1mi. D\u011bkuji v\u00e1m mnohokr\u00e1t<\/p>\n<p>\u2013<em>Carney<\/em>\u2013<\/p>\n<h3>Globalizace na Z\u00e1pad\u011b a v USA selhala!<\/h3>\n<p>Projev kanadsk\u00e9ho premi\u00e9ra je v podstat\u011b t\u00edm nejlep\u0161\u00edm a vlastn\u011b asi jedin\u00fdm konceptu\u00e1ln\u00edm projevem, kter\u00fd tam otev\u0159en\u011b zazn\u011bl a byl pronesen tak, aby to d\u00e1valo hlavu a patu. Carney je globalista, kter\u00fd vze\u0161el ze syst\u00e9mu tzv. kanadsk\u00e9ho konzervatismu, kter\u00fd byl s americk\u00fdmi neocony v jedn\u00e9 posteli de facto cel\u00e9 dek\u00e1dy a od konce II. sv. v\u00e1lky. Carney ale pochopil, jakou roli m\u011bla Kanada, \u017ee ve vztahu k USA je v americk\u00e9 globalizaci vn\u00edm\u00e1na nejen jako pod\u0159\u00edzen\u00e1 zem\u011b, ale hlavn\u011b jako zem\u011b, kterou USA klidn\u011b mohou anektovat jako druhou v po\u0159ad\u00ed, hned po Gr\u00f3nsku.<\/p>\n<p>&nbsp;<\/p>\n<div id=\"rumble_v72h58i\">\n<div id=\"vid_v72h58i\" class=\"rumble_v72h58i-Rumble-cls\" tabindex=\"-1\">\n<div>\n<div class=\"bigPlayUI ctp\">\n<div class=\"bigPlayUIInner ctp\"><div class='videoWrapper'>\r\n\t            <iframe src='https:\/\/rumble.com\/embed\/pj.v72h58i\/' frameborder='0' allowfullscreen><\/iframe>\r\n\t        <\/div><\/div>\n<\/div>\n<\/div>\n<\/div>\n<\/div>\n<p>&nbsp;<\/p>\n<p>Ale abych nezapomn\u011bl, tak v Davosu mn\u011b zaujal je\u0161t\u011b jeden projev, vlastn\u011b jen kr\u00e1tk\u00fd \u00fasek, a to z projevu americk\u00e9ho ministra obchodu Howarda Lutnicka. Ten spr\u00e1vn\u011b prohl\u00e1sil, \u017ee globalizace na Z\u00e1pad\u011b a v USA selhala. Zapomn\u011bl ale dodat, \u017ee to byla americk\u00e1 unipol\u00e1rn\u00ed globalizace Pax Americana, kter\u00e1 selhala, a \u017ee na jej\u00ed m\u00edsto te\u010f nastupuje ta \u010d\u00ednsk\u00e1, multipol\u00e1rn\u00ed globalizace. P\u0159esn\u011b ta nov\u00e1 globalizace, o kter\u00e9 kanadsk\u00fd premi\u00e9r mluvil v Pekingu a v \u00fater\u00fd v Davosu.<\/p>\n<h3>Globalizace nekon\u010d\u00ed, pouze se jej\u00ed centr\u00e1la st\u011bhuje z USA do \u010c\u00edny!<\/h3>\n<p>Kdyby to Lutnick v\u011bd\u011bl, tak by se hloup\u011b \u0159e\u010dnicky na p\u00f3diu neptal, pro\u010d EU stav\u00ed fotovoltaick\u00e9 a v\u011btrn\u00e9 elektr\u00e1rny pro dosa\u017een\u00ed Net Zero emis\u00ed v roce 2030, kdy\u017e EU nevyr\u00e1b\u00ed baterie? Baterie vyr\u00e1b\u00ed \u010c\u00edna. A Lutnick se divil, pro\u010d EU prosazuje elektromobilitu, kdy\u017ee jej\u00ed prvky na zaji\u0161t\u011bn\u00ed elektrick\u00e9 budoucnosti se vyr\u00e1b\u00ed jen v \u010c\u00edn\u011b? Kdyby byl Lutnick konceptu\u00e1l, v\u011bd\u011bl by, \u017ee je to logick\u00fd proces p\u0159esunu z\u00e1vislosti EU z USA na \u010c\u00ednu.<\/p>\n<p>Evropsk\u00e1 unie byla ve star\u00e9 globalizaci, kterou Lutnick a jeho Trump te\u010f bouraj\u00ed, orientov\u00e1na na USA jako na centrum globalizace.\u00a0<strong>Nyn\u00ed se cel\u00fd globalizovan\u00fd sv\u011bt obrac\u00ed k USA z\u00e1dy a \u010delem k \u010c\u00edn\u011b.<\/strong>\u00a0Mimochodem, \u0161\u00e9fka ECB Christine Lagarde ode\u0161la z ve\u010de\u0159e v Davosu b\u011bhem Lutnickova projevu. A b\u00fdval\u00fd americk\u00fd viceprezident Al Gore dokonce na Lutncka bu\u010del. Gore i Lagarde jsou samoz\u0159ejm\u011b vysok\u00e9 figury star\u00e9ho sv\u011btov\u00e9ho \u0159\u00e1du a logicky Trumpa a jeho lidi nen\u00e1vid\u00ed. Davos tak odhalil, \u017ee poh\u0159eb Pax Americana p\u0159ipom\u00edn\u00e1 sp\u00ed\u0161 poh\u0159eb vysok\u00e9ho \u010dlena mafie, b\u011bhem kter\u00e9ho se vy\u0159izuj\u00ed \u00fa\u010dty a pos\u00edlaj\u00ed vzkazy.<\/p>\n<div class=\"twitter-tweet twitter-tweet-rendered\"><a href=\"https:\/\/x.com\/cmclymer\/status\/2013968579733881138?ref_src=twsrc%5Etfw%7Ctwcamp%5Etweetembed%7Ctwterm%5E2013968579733881138%7Ctwgr%5E9619ae4b584836d96938188073148d0411572679%7Ctwcon%5Es1_&amp;ref_url=https%3A%2F%2Faeronet.news%2Fkanadsky-premier-pronesl-neuveritelny-projev-v-davosu-o-konci-stareho-svetoveho-radu-a-americke-hegemonie-doslo-dokonce-i-na-zelinare-proletare-a-vaclava-havla%2F\"><img decoding=\"async\" loading=\"lazy\" class=\"wp-image-97507 aligncenter\" src=\"http:\/\/www.infokuryr.cz\/n\/wp-content\/uploads\/2026\/01\/x2-8-300x300.jpg\" alt=\"\" width=\"425\" height=\"425\" srcset=\"https:\/\/www.infokuryr.cz\/n\/wp-content\/uploads\/2026\/01\/x2-8-300x300.jpg 300w, https:\/\/www.infokuryr.cz\/n\/wp-content\/uploads\/2026\/01\/x2-8-150x150.jpg 150w\" sizes=\"(max-width: 425px) 100vw, 425px\" \/><\/a><\/div>\n<p>A pr\u00e1v\u011b proto EU bude baterie odeb\u00edrat od \u010c\u00edny. Je neuv\u011b\u0159iteln\u00e9 poslouchat americk\u00e9ho ministra a sledovat, \u017ee naprosto netu\u0161\u00ed, co to znamen\u00e1, kdy\u017e se bour\u00e1 Pax Americana. A nech\u00e1pe, \u017ee kdy\u017e Trump vystupuje z glob\u00e1ln\u00edch struktur, kdy\u017e prosazuje America First, \u017ee t\u00edm\u00a0<strong>likviduje pozici USA jako glob\u00e1ln\u00edho unipol\u00e1rn\u00edho v\u016fdce globalizace a t\u00edm vh\u00e1n\u00ed cel\u00fd sv\u011bt do rukou a n\u00e1ru\u010de \u010c\u00edny jako nov\u00e9ho l\u00eddra sv\u011btov\u00e9 globalizace.<\/strong><\/p>\n<p>Proto kanadsk\u00fd premi\u00e9r jel do \u010c\u00edny a ne do Washingtonu. Lutnick p\u0159ipom\u00ednal t\u00fdpka, kter\u00fd si p\u0159i\u0161el s radost\u00ed zazp\u00edvat na sv\u016fj vlastn\u00ed poh\u0159eb a je\u0161t\u011b ostatn\u00ed p\u0159esv\u011bd\u010doval, \u017ee s tou svoj\u00ed vlastn\u00ed mrtvolou v rakvi nem\u00e1 jako fakt nic spole\u010dn\u00e9ho. Takov\u00fdch bizarn\u00edch obraz\u016f bylo v Davosu k vid\u011bn\u00ed v\u00edc. Ve \u010dtvrtek proto p\u0159inesu dal\u0161\u00ed informace.<\/p>\n<p><a href=\"https:\/\/aeronet.news\/kanadsky-premier-pronesl-neuveritelny-projev-v-davosu-o-konci-stareho-svetoveho-radu-a-americke-hegemonie-doslo-dokonce-i-na-zelinare-proletare-a-vaclava-havla\/\">-VK-<\/a><\/p>\n<p>&nbsp;<\/p>\n","protected":false},"excerpt":{"rendered":"<p>Kanadsk\u00fd premi\u00e9r pronesl neuv\u011b\u0159iteln\u00fd projev v Davosu o konci star\u00e9ho sv\u011btov\u00e9ho \u0159\u00e1du a americk\u00e9 hegemonie!&#8230;<\/p>\n","protected":false},"author":2,"featured_media":97508,"comment_status":"closed","ping_status":"closed","sticky":false,"template":"","format":"standard","meta":[],"categories":[6],"tags":[1042,1729,1499,248,621,710,2190],"_links":{"self":[{"href":"https:\/\/www.infokuryr.cz\/n\/wp-json\/wp\/v2\/posts\/97505"}],"collection":[{"href":"https:\/\/www.infokuryr.cz\/n\/wp-json\/wp\/v2\/posts"}],"about":[{"href":"https:\/\/www.infokuryr.cz\/n\/wp-json\/wp\/v2\/types\/post"}],"author":[{"embeddable":true,"href":"https:\/\/www.infokuryr.cz\/n\/wp-json\/wp\/v2\/users\/2"}],"replies":[{"embeddable":true,"href":"https:\/\/www.infokuryr.cz\/n\/wp-json\/wp\/v2\/comments?post=97505"}],"version-history":[{"count":1,"href":"https:\/\/www.infokuryr.cz\/n\/wp-json\/wp\/v2\/posts\/97505\/revisions"}],"predecessor-version":[{"id":97509,"href":"https:\/\/www.infokuryr.cz\/n\/wp-json\/wp\/v2\/posts\/97505\/revisions\/97509"}],"wp:featuredmedia":[{"embeddable":true,"href":"https:\/\/www.infokuryr.cz\/n\/wp-json\/wp\/v2\/media\/97508"}],"wp:attachment":[{"href":"https:\/\/www.infokuryr.cz\/n\/wp-json\/wp\/v2\/media?parent=97505"}],"wp:term":[{"taxonomy":"category","embeddable":true,"href":"https:\/\/www.infokuryr.cz\/n\/wp-json\/wp\/v2\/categories?post=97505"},{"taxonomy":"post_tag","embeddable":true,"href":"https:\/\/www.infokuryr.cz\/n\/wp-json\/wp\/v2\/tags?post=97505"}],"curies":[{"name":"wp","href":"https:\/\/api.w.org\/{rel}","templated":true}]}}