{"id":97497,"date":"2026-01-22T03:44:59","date_gmt":"2026-01-22T02:44:59","guid":{"rendered":"https:\/\/www.infokuryr.cz\/n\/?p=97497"},"modified":"2026-01-22T03:44:59","modified_gmt":"2026-01-22T02:44:59","slug":"jiri-pondelicek-co-potrebujeme-a-co-bychom-dnes-meli-chtit","status":"publish","type":"post","link":"https:\/\/www.infokuryr.cz\/n\/2026\/01\/22\/jiri-pondelicek-co-potrebujeme-a-co-bychom-dnes-meli-chtit\/","title":{"rendered":"Ji\u0159\u00ed Pond\u011bl\u00ed\u010dek: Co pot\u0159ebujeme a co bychom dnes m\u011bli cht\u00edt?"},"content":{"rendered":"<div id=\"fb-root\"><\/div>\n<p><strong>Na tuto ot\u00e1zku odpov\u00edm hned na za\u010d\u00e1tku. Ono to nen\u00ed nijak t\u011b\u017ek\u00e9 a dokonce to vypl\u00fdv\u00e1 i z na\u0161\u00ed historie a spole\u010densk\u00e9ho v\u00fdvoje.<\/strong><\/p>\n<p style=\"font-weight: 400;\">Pot\u0159ebujeme dos\u00e1hnout takov\u00e9ho technologick\u00e9ho a hospod\u00e1\u0159sk\u00e9ho rozvoje, jak\u00fdm proch\u00e1zej\u00ed zem\u011b v\u00fdchodu a k nim se hl\u00e1s\u00edc\u00ed zem\u011b BRICS a p\u0159itom si ponechat ob\u010dansk\u00e9 svobody tradi\u010dn\u00edho z\u00e1padn\u00edho sv\u011bta a solid\u00e1rn\u00ed syst\u00e9m soci\u00e1ln\u00edho st\u00e1tu. Nesl\u00fdchan\u00e9 kac\u00ed\u0159stv\u00ed? Ani omylem! Naopak n\u011bco, co vypl\u00fdv\u00e1 z dlouhodob\u00e9ho \u00fasil\u00ed osv\u00edcen\u00e9 \u010d\u00e1sti \u010desk\u00e9 a vlastn\u011b i \u010deskoslovensk\u00e9 spole\u010dnosti. T\u00e9 spole\u010dnosti, kter\u00e1 u\u017e mnohokr\u00e1t osv\u011bd\u010dila sv\u016fj bohat\u00fd my\u0161lenkov\u00fd potenci\u00e1l.\u00a0 A jej\u00ed\u017e sou\u010d\u00e1st\u00ed jsme i my. V\u017edy\u0165 \u00fasil\u00ed o hl\u00e1s\u00e1n\u00ed v\u00edry slovansk\u00fdm jazykem a vlastn\u00ed n\u00e1rodn\u00ed literaturu je idea, kter\u00e1 m\u00e1 sv\u016fj p\u016fvod u n\u00e1s, v 9. stolet\u00ed na Velk\u00e9 Morav\u011b. V 15. stolet\u00ed byla pr\u00e1v\u011b u n\u00e1s zah\u00e1jena evropsk\u00e1 reformace, kter\u00e1 musela b\u00fdt zpo\u010d\u00e1tku br\u00e1n\u011bna husitsk\u00fdmi cepy ale dosp\u011bla a\u017e k osv\u00edcen\u00e9 a n\u00e1bo\u017eensky relativn\u011b tolerantn\u00ed vl\u00e1d\u011b Ji\u0159\u00edho z Pod\u011bbrad, kter\u00fd oslovil sv\u011bt my\u0161lenou bl\u00edzkou sou\u010dasn\u00e9 OSN. Byla to pr\u00e1v\u011b \u010desk\u00e1 spole\u010dnost 16. a po\u010d\u00e1tku 17. stolet\u00ed, kter\u00e1 vygenerovala \u0159adu u\u010denc\u016f, vrchol\u00edc\u00ed Komensk\u00fdm, kter\u00fd sepsal svou V\u0161en\u00e1pravu , rozpravu o n\u00e1prav\u011b obecn\u00fdch v\u011bc\u00ed lidsk\u00fdch. Ve sv\u00fdch d\u011bjin\u00e1ch jsme se tedy v\u011bt\u0161inou vyzna\u010dovali pom\u011brn\u011b bohatou my\u0161lenkovou i hmotnou tvo\u0159ivost\u00ed a to vedlo i k pom\u011brn\u011b slu\u0161n\u00e9 kulturn\u00ed a hospod\u00e1\u0159sk\u00e9 \u00farovni na\u0161\u00ed zem\u011b u\u017e v nejstar\u0161\u00edch dob\u00e1ch.<\/p>\n<p style=\"font-weight: 400;\">Bohu\u017eel, tyto nad\u011bje zmizely ve v\u00edru T\u0159icetilet\u00e9 v\u00e1lky a n\u00e1sledn\u00e9 vl\u00e1d\u011b Habsburk\u016f, poznamenan\u00e9 rekatolizac\u00ed, germanizac\u00ed, inkvizic\u00ed a p\u00e1len\u00edm knih a \u010darod\u011bjnic. To znamenalo zaost\u00e1v\u00e1n\u00ed za sv\u011btem, kter\u00fd \u0161el cestou pr\u016fmyslov\u00e9ho rozvoje a zem\u011bpisn\u00fdch a v\u011bdeck\u00fdch objev\u016f. Ov\u0161em\u017ee bez n\u00e1s, nepo\u010d\u00edt\u00e1me -li n\u011bkter\u00e9 \u00fasp\u011b\u0161n\u00e9 pob\u011blohorsk\u00e9 exulanty.<\/p>\n<p style=\"font-weight: 400;\">Vznik \u010ceskoslovensk\u00e9 republiky se stal novou nad\u011bj\u00ed a to v\u00edce ne\u017e opodstatn\u011bnou. D\u00edky p\u0159edch\u00e1zej\u00edc\u00edmu n\u00e1rodn\u00edmu obrozen\u00ed a n\u00e1sledn\u00fdm ideov\u00fdm kvas\u016fm spojen\u00fdm se st\u00e1topr\u00e1vn\u00edm \u00fasil\u00edm nov\u011b zrozen\u00e9 \u010desk\u00e9 politiky ve druh\u00e9 polovin\u011b 19. stolet\u00ed, m\u011blo \u010ceskoslovensko republik\u00e1nsk\u00fd a demokratick\u00fd charakter. Nav\u00edc\u00a0\u00a0d\u00edky siln\u00e9mu levicov\u00e9mu hnut\u00ed sm\u011b\u0159ovalo, p\u0159es nesporn\u00e9 t\u011b\u017ek\u00e9 soci\u00e1ln\u00ed d\u016fsledky kapitalismu a ob\u010dasn\u00e9 n\u00e1siln\u00e9\u00a0\u00a0i tragick\u00e9\u00a0\u00a0incidenty p\u0159i demonstrac\u00edch a st\u00e1vk\u00e1ch, k soci\u00e1ln\u00edmu st\u00e1tu.\u00a0\u00a0L\u00e9pe \u0159e\u010deno, k soci\u00e1ln\u00edmu sm\u00edru. Pr\u00e1v\u011b tehdy za\u010d\u00edn\u00e1 dost\u00e1vat na\u0161e n\u00e1rodn\u00ed snaha modern\u00ed podobu, schopnou realizace.\u00a0\u00a0Shrnuto,\u00a0\u00a0ob\u010dansk\u00e9 svobody a svoboda n\u00e1rodn\u00ed, technologick\u00fd rozvoj a soci\u00e1ln\u00ed solidarita. Takov\u00e9 jsou tradi\u010dn\u00ed c\u00edle \u010desk\u00e9 spole\u010dnosti a vinou se jak \u010derven\u00e1 nit na\u0161imi novodob\u00fdmi d\u011bjinami.<\/p>\n<p style=\"font-weight: 400;\">Tento nad\u011bjn\u00fd historick\u00fd proces byl zma\u0159en v\u00e1lkou a n\u011bmeckou okupac\u00ed. P\u0159esto byl ale po v\u00e1lce op\u011bt nastartov\u00e1n v\u00fdvoj, kter\u00fd ony t\u0159i z\u00e1sadn\u00ed principy sliboval naplnit. Ujal se pro n\u011bj pojem socializuj\u00edc\u00ed demokracie. I kdy\u017e je\u0161t\u011b dozn\u00edvaly v\u00e1le\u010dn\u00e9 ud\u00e1losti, pat\u0159\u00ed obdob\u00ed let 1945 \u2013 1948 mezi obdob\u00ed \u00fasp\u011b\u0161n\u00e1 a pln\u00e1 nad\u011bj\u00ed. Zn\u00e1rodn\u011bn\u00ed bank, t\u011b\u017ek\u00e9ho pr\u016fmyslu a nerostn\u00e9ho bohatstv\u00ed p\u0159edstavovalo v\u00fdznamn\u00e9 kroky k modern\u00edmu \u0159\u00edzen\u00ed hospod\u00e1\u0159sk\u00e9ho rozvoje p\u0159i zachov\u00e1n\u00ed soukrom\u00e9 iniciativy v ostatn\u00edch oblastech . Odsun N\u011bmc\u016f pak vy\u0159e\u0161il dlouhodob\u00fd a t\u00ed\u017eiv\u00fd politick\u00fd probl\u00e9m, kter\u00fd hrozil kdykoli v budoucnu znovu propuknout v chaos a n\u00e1siln\u00e9 nepokoje.<\/p>\n<p style=\"font-weight: 400;\">I tentokr\u00e1t ale byl v\u00fdvoj p\u0159eru\u0161en. Studenou v\u00e1lkou a s t\u00edm souvisej\u00edc\u00edm p\u0159evratem v \u00fanoru 1948. Ve jm\u00e9nu t\u0159\u00eddn\u00edho boje a diktatury proletari\u00e1tu byla potla\u010dena ob\u010dansk\u00e1 pr\u00e1va, vl\u00e1dnouc\u00ed osobnosti se a\u017e zbyte\u010dn\u011b ochotn\u011b pod\u0159izovaly p\u0159\u00e1n\u00edm soudruh\u016f z SSSR . Byla sice rozjeta velkorys\u00e1 v\u00fdstavba a\u00a0\u00a0nelze \u0159\u00edci, \u017ee by \u0161lo o jednozna\u010dn\u011b temn\u00e9 obdob\u00ed ale cenzura a politick\u00e9 procesy sehr\u00e1ly roli, kter\u00e1 opravdu nic pozitivn\u00edho p\u0159in\u00e9st nemohla a nav\u00edc perzekuce zas\u00e1hla i mnoho vlastenc\u016f, socialist\u016f a komunist\u016f. Tedy osob, kter\u00e9 rozhodn\u011b skute\u010dn\u00fdmi nep\u0159\u00e1teli republiky a socialismu nebyly. Rovn\u011b\u017e izolace vypl\u00fdvaj\u00edc\u00ed z re\u00e1ln\u00e9 situace studen\u00e9 v\u00e1lky opozdila technologick\u00fd v\u00fdvoj o \u0159adu let. Na druhou stranu se ale zlep\u0161ilo soci\u00e1ln\u00ed zabezpe\u010den\u00ed i zdravotn\u00ed p\u00e9\u010de. Izolace pak v pozd\u011bj\u0161\u00edch letech vedla i k nutnosti vlastn\u00edho v\u00fdzkumu a v\u00fdstavb\u011b odborn\u00fdch t\u00fdm\u016f v technologick\u00e9 oblasti. Lze \u0159\u00edci, \u017ee pokud by komunist\u00e9 tehdy m\u00edsto bezhlav\u00e9 perzekuce v\u00edce naslouchali partner\u016fm i kritik\u016fm, mohly se d\u011bjiny ub\u00edrat mnohem pozitivn\u011bj\u0161\u00edm sm\u011brem.<\/p>\n<p style=\"font-weight: 400;\">Koncem pades\u00e1t\u00fdch let a za\u010d\u00e1tkem \u0161edes\u00e1t\u00fdch se situace za\u010dala pomalu uvol\u0148ovat a pon\u011bkud se zm\u00edrnila i mezin\u00e1rodn\u00ed izolace. Postupn\u00e9 uvol\u0148ov\u00e1n\u00ed tak sp\u011blo k obrodn\u00e9mu hnut\u00ed roku 1968, kter\u00e9 vedlo k obnoven\u00ed ob\u010dansk\u00fdch svobod a v osob\u011b akademika Oty \u0160ika z\u00edskalo p\u0159edn\u00edho p\u0159edstavitele hospod\u00e1\u0159sk\u00e9 reformy, kter\u00e1 se stala z\u00e1kladem n\u00e1rodohospod\u00e1\u0159sk\u00e9 teorie zvan\u00e9 t\u0159et\u00ed cesta. Cel\u00e9 hnut\u00ed m\u011blo, p\u0159es r\u016fzn\u00e9 v\u00fdtky z dom\u00e1c\u00edho i zahrani\u010dn\u00edho prost\u0159ed\u00ed, v\u00fdrazn\u011b socialistick\u00fd charakter a p\u0159es uplatn\u011bn\u00ed tr\u017en\u00edch prvk\u016f nevedlo k n\u00e1vratu primitivn\u00edho kapitalismu. P\u0159\u00edli\u0161 mnoho lid\u00ed tehdy pamatovalo hospod\u00e1\u0159sk\u00e9 krize, chudobu a nezam\u011bstnanost a tak\u00e9 v\u00e1lku a jej\u00ed \u00fatrapy a samoz\u0159ejm\u011b i jej\u00ed p\u0159\u00ed\u010diny. Srpnov\u00e1 invaze vojsk Var\u0161avsk\u00e9 smlouvy znamenala opravdu v\u00e1\u017en\u00fd z\u00e1sah do ud\u00e1lost\u00ed v tehdej\u0161\u00edm \u010ceskoslovensku ale nelze ji vn\u00edmat bez posouzen\u00ed geopolitick\u00fdch pohyb\u016f a glob\u00e1ln\u00edch ud\u00e1lost\u00ed t\u00e9 doby. Mnohem v\u011bt\u0161\u00ed vliv ne\u017e samotn\u00e1 vojensk\u00e1 akce m\u011bl n\u00e1stup staronov\u00fdch, dogmatick\u00fdch struktur KS\u010c kter\u00e9 postupn\u011b odbouraly pozitivn\u00ed prvky reformn\u00ed politiky a nastolily kurs tzv. normalizace, kter\u00fd do zna\u010dn\u00e9 m\u00edry obnovil atmosf\u00e9ru studen\u00e9 v\u00e1lky a vedl i ke kari\u00e9rn\u00edm a profesn\u00edm postih\u016fm akt\u00e9r\u016f reformy. Pozd\u011bji do\u0161lo i k n\u011bkter\u00fdm politick\u00fdm proces\u016fm a represivn\u00edm akc\u00edm StB.<\/p>\n<p style=\"font-weight: 400;\">Toto obdob\u00ed, jakkoli bylo poznamen\u00e1no n\u00e1vratem studenov\u00e1le\u010dnick\u00e9 r\u00e9toriky a represivn\u00edch praktik, nebylo stejn\u00e9 jako pades\u00e1t\u00e1 l\u00e9ta.\u00a0\u00a0Rozsudky v procesech byly p\u0159ece jen m\u00edrn\u011bj\u0161\u00ed a postihy se sp\u00ed\u0161e soust\u0159edily na profesn\u00ed a kari\u00e9rn\u00ed sankce a \u0161ikanov\u00e1n\u00ed.\u00a0\u00a0Do svobodn\u00e9 spole\u010dnosti ct\u00edc\u00ed ob\u010dansk\u00e1 pr\u00e1va to ov\u0161em m\u011blo daleko. P\u0159esto nelze \u0159\u00edci, \u017ee by \u010ceskoslovensko t\u00e9 doby bylo zaostalou zem\u00ed. Prob\u00edhala pom\u011brn\u011b velkorys\u00e1 v\u00fdstavba a v technologick\u00fdch oborech u n\u00e1s pracovaly velice schopn\u00e9 t\u00fdmy odborn\u00edk\u016f. Vysp\u011bl\u00e9 bylo zdravotnictv\u00ed a zem\u011bd\u011blstv\u00ed dok\u00e1zalo zajistit do zna\u010dn\u00e9 m\u00edry i potravinovou sob\u011bsta\u010dnost. \u0160koly na v\u0161ech \u00farovn\u00edch poskytovaly vzd\u011bl\u00e1n\u00ed na velice dobr\u00e9 \u00farovni i kdy\u017e byla v\u00fduka zat\u00ed\u017een\u00e1 ideologick\u00fdmi pou\u010dkami a propagandou. Zaost\u00e1v\u00e1n\u00ed se ale projevilo v p\u0159\u00edli\u0161 pomal\u00e9m a nedostate\u010dn\u00e9m zav\u00e1d\u011bn\u00ed nov\u00fdch elektronick\u00fdch technologi\u00ed a zkostnat\u011bl\u00e9m syst\u00e9mu \u0159\u00edzen\u00ed . Vl\u00e1dnouc\u00ed garnitura se soust\u0159edila st\u00e1le v\u00edce na udr\u017een\u00ed vlastn\u00ed mocensk\u00e9 pozice a pot\u0159eby b\u011b\u017en\u00e9ho \u017eivota obyvatel odb\u00fdvala ideologick\u00fdmi pou\u010dkami a odkazov\u00e1n\u00edm na z\u00e1\u0159n\u00e9 z\u00edt\u0159ky.<\/p>\n<p style=\"font-weight: 400;\">A\u017e v pr\u016fb\u011bhu osmdes\u00e1t\u00fdch let se situace op\u011bt za\u010dala m\u011bnit. Dlouhotrvaj\u00edc\u00ed soupe\u0159en\u00ed z\u00e1padu s v\u00fdchodem a zejm\u00e9na z\u00e1vody ve zbrojen\u00ed vedly k zat\u00ed\u017een\u00ed jak z\u00e1padn\u00edch tak v\u00fdchodn\u00edch ekonomik<\/p>\n<p style=\"font-weight: 400;\">a pom\u011bry se st\u00e1valy neudr\u017eiteln\u00fdmi. V zem\u00edch sov\u011btsk\u00e9ho bloku s\u00edlily hlasy opozice\u00a0\u00a0a i vl\u00e1dnouc\u00ed kruhy si za\u010d\u00ednaly uv\u011bdomovat pot\u0159ebu ur\u010dit\u00fdch zm\u011bn. Z\u00e1pad se zase p\u0159ipravoval na ovl\u00e1dnut\u00ed v\u00fdchodn\u00edch trh\u016f a z\u00edsk\u00e1n\u00ed politick\u00e9ho vlivu v zem\u00edch\u00a0\u00a0sov\u011btsk\u00e9ho mocensk\u00e9ho bloku. V\u00edtali jsme postupn\u00e9 zm\u011bny v politick\u00e9 praxi, kdy se re\u017eim uvol\u0148oval a za\u010d\u00ednaly se \u0159e\u0161it nahromad\u011bn\u00e9 probl\u00e9my, co\u017e bylo podm\u00edn\u011bno p\u0159edev\u0161\u00edm politikou M. Gorba\u010dova a jeho spolupracovn\u00edk\u016f. Nov\u00e1 politick\u00e1 praxe se ale neprosazovala snadno. Star\u0161\u00ed mocensk\u00e9 skupiny se sv\u00e9ho postaven\u00ed pochopiteln\u011b vzd\u00e1t nehodlaly a ve ve\u0159ejnosti nar\u016fstala netrp\u011blivost a nervozita. Policejn\u00ed z\u00e1kroky proti demonstruj\u00edc\u00edm ob\u010dan\u016fm situaci jen vyost\u0159ovaly. Re\u017eimy v\u00fdchodn\u00edho bloku se postupn\u011b hroutily a opozice p\u0159eb\u00edrala moc. U n\u00e1s do\u0161lo v listopadu 1989 k p\u0159evratu kter\u00fd byl spu\u0161t\u011bn brut\u00e1ln\u00edm z\u00e1krokem proti studentsk\u00e9 demonstraci na N\u00e1rodn\u00ed t\u0159\u00edd\u011b v Praze. Dnes u\u017e nen\u00ed pochyb o tom, \u017ee cel\u00e1 ud\u00e1lost byla zinscenov\u00e1na\u00a0\u00a0tajnou slu\u017ebou. T\u00edm byl, bohu\u017eel, poznamen\u00e1n i n\u00e1sleduj\u00edc\u00ed v\u00fdvoj. V\u00fdbuch te\u010f u\u017e spont\u00e1nn\u00edch ob\u010dansk\u00fdch protest\u016f, kter\u00fd n\u00e1sledoval, pak vedl k p\u00e1du vl\u00e1dy a postupn\u011b k celkov\u00e9 zm\u011bn\u011b politick\u00e9ho syst\u00e9mu.<\/p>\n<p style=\"font-weight: 400;\">\u0160irok\u00e1 ve\u0159ejnost o\u010dek\u00e1vala rozumnou hospod\u00e1\u0159skou reformu p\u0159i zachov\u00e1n\u00ed soci\u00e1ln\u00edch jistot, sebev\u011bdomou zahrani\u010dn\u00ed politiku a obnoven\u00ed pln\u00e9 suverenity. Opozi\u010dn\u00ed p\u0159edstavitel\u00e9, kter\u00e9 p\u0159evrat vynesl k moci se t\u011b\u0161ili d\u016fv\u011b\u0159e ve\u0159ejnosti a\u017e mimo\u0159\u00e1dn\u011b. \u0158ada p\u0159\u00edzniv\u00fdch soci\u00e1ln\u00edch, hospod\u00e1\u0159sk\u00fdch a\u00a0\u00a0technick\u00fdch ukazatel\u016f nad\u011bje lid\u00ed ostatn\u011b podporovala.<\/p>\n<p style=\"font-weight: 400;\">Tyto nad\u011bje byly ale velice z\u00e1hy, mus\u00edm to tak \u0159\u00edci, doslova za\u0159\u00edznuty. Nastupuj\u00edc\u00ed prezident,\u00a0\u00a0vyzna\u010duj\u00edc\u00ed se zna\u010dnou popularitou, se naprosto nehor\u00e1zn\u011b omluvil za pov\u00e1le\u010dn\u00fd odsun a bohu\u017eel na\u0161el i dost n\u00e1sledovn\u00edk\u016f v m\u00e9di\u00edch i politice. Z\u00a0\u00a0televizn\u00edch obrazovek promlouvali nejr\u016fzn\u011bj\u0161\u00ed experti, \u017ee \u017e\u00e1dn\u00e9 t\u0159et\u00ed cesty nebudou a vlastn\u011b ani neexistuj\u00ed a bude tu tuh\u00fd, asoci\u00e1ln\u00ed kapitalismus. Nic jin\u00e9ho pr\u00fd nep\u0159ich\u00e1z\u00ed v \u00favahu. A n\u00e1rodn\u00ed hrdost? Ze sd\u011blovac\u00edch prost\u0159edk\u016f i politick\u00fdch projev\u016f okam\u017eit\u011b zazn\u011bly hlasy, \u017ee vlastn\u011b nem\u00e1me b\u00fdt na co hrd\u00ed, \u017ee na\u0161e nejlep\u0161\u00ed\u00a0\u00a0tradice a d\u011bjinn\u00e9 odkazy jsou vlastn\u011b fale\u0161n\u00e9\u00a0\u00a0a m\u011bli bychom se za sebe styd\u011bt. Jo a n\u011bjak\u00e9 \u010ceskoslovensko, \u017ee je vlastn\u011b jen um\u011ble vytvo\u0159en\u00fd slepenec. A bohu\u017eel se na\u0161lo dost zaslepen\u00fdch, kte\u0159\u00ed t\u011bmto propagandistick\u00fdm tez\u00edm uv\u011b\u0159ili. Nebudu tady popisovat cel\u00fdch t\u0159icet let v\u00fdvoje po listopadov\u00e9m p\u0159evratu. Ale sta\u010d\u00ed snad poznamenat, \u017ee posledn\u00ed vl\u00e1dn\u00ed sestava premi\u00e9ra Fialy byla nepochybn\u011b to nejhor\u0161\u00ed co se ve Strakov\u011b akademii po p\u0159evratu vyskytlo a tot\u00e9\u017e lze \u0159\u00edci o obsazen\u00ed Pra\u017esk\u00e9ho hradu. Do\u0161lo k pokus\u016fm o zaveden\u00ed cenzury a dal\u0161\u00edm krok\u016fm k osek\u00e1v\u00e1n\u00ed ob\u010dansk\u00fdch svobod .Vl\u00e1dn\u00ed \u010dinitel\u00e9 otev\u0159en\u011b kryli a podporovali pouli\u010dn\u00ed v\u00fdtr\u017enosti a provokace fanatik\u016f. Dokonce jsme se do\u010dkali i politick\u00fdch proces\u016f a vyhazov\u016f z pr\u00e1ce z politick\u00fdch d\u016fvod\u016f. O rozhazov\u00e1n\u00ed pen\u011bz a zadlu\u017eov\u00e1n\u00ed zem\u011b nemluv\u011b. Je nutn\u00e9 p\u0159ipomenout i serviln\u00ed poklonkov\u00e1n\u00ed kdejak\u00e9mu nesmysln\u00e9mu na\u0159\u00edzen\u00ed bruselsk\u00fdch not\u00e1bl\u016f bez ohledu na katastrof\u00e1ln\u00ed hospod\u00e1\u0159sk\u00e9 d\u016fsledky a destrukci mezin\u00e1rodn\u00edch vztah\u016f se sousedn\u00edmi zem\u011bmi. Kdy\u017e uv\u00e1\u017e\u00edme, \u017ee od roku 1991 jsme byli neust\u00e1le pou\u010dov\u00e1ni jak je nutn\u00e9 v\u0161e privatizovat, zpoplat\u0148ovat, utlumovat a zav\u00e1d\u011bt nejr\u016fzn\u011bj\u0161\u00ed restrikce, p\u0159\u00edli\u0161 pozitivn\u00ed v\u00fdsledky tu nejsou. Federace se rozd\u011blila, pr\u016fmysl v trosk\u00e1ch, zem\u011bd\u011blstv\u00ed rozvr\u00e1cen\u00e9 a z\u00e1visl\u00e9 na dotac\u00edch, vysok\u00fd st\u00e1tn\u00ed dluh, na soci\u00e1ln\u00ed v\u00fddaje chyb\u00ed pen\u00edze, \u00farove\u0148 \u0161kolstv\u00ed zoufal\u00e1 a arm\u00e1da sp\u00ed\u0161e symbolick\u00e1. Do toho neust\u00e1le drzej\u0161\u00ed uzurpace bruselsk\u00fdch eurobyrokrat\u016f a vzr\u016fstaj\u00edc\u00ed tlak ze strany N\u011bmecka, zejm\u00e9na prost\u0159ednictv\u00edm spolk\u016f odsunut\u00fdch \u010desk\u00fdch N\u011bmc\u016f. Nebezpe\u010dn\u00e9 tendence se projevily i v zatahov\u00e1n\u00ed \u010cesk\u00e9 republiky do ukrajinsk\u00e9ho konfliktu a adoraci extr\u00e9mn\u00edch skupin, kter\u00e9 navazovaly na temn\u00e9 str\u00e1nky ukrajinsk\u00e9 historie. A dalo by se pokra\u010dovat d\u00e1l.<\/p>\n<p style=\"font-weight: 400;\">V t\u011bchto dnech, jak se zd\u00e1, stoj\u00edme op\u011bt na d\u011bjinn\u00e9 k\u0159i\u017eovatce a nelze nevn\u00edmat celosv\u011btov\u00e9 pohyby, kter\u00e9 n\u00e1s o tom den co den p\u0159esv\u011bd\u010duj\u00ed. V\u00fdsledky posledn\u00edch parlamentn\u00edch voleb ostatn\u011b d\u00e1vaj\u00ed i ur\u010ditou novou nad\u011bji. Z\u00e1le\u017e\u00ed na n\u00e1s co s n\u00ed ud\u011bl\u00e1me a zda pochop\u00edme smysl na\u0161ich vlastn\u00edch d\u011bjin.<\/p>\n<p style=\"font-weight: 400;\">M\u011bli bychom m\u00edt tedy na pam\u011bti t\u0159i tradi\u010dn\u00ed c\u00edle na\u0161eho sna\u017een\u00ed, kter\u00fdch bychom se m\u011bli dr\u017eet a kter\u00e9 bychom m\u011bli cht\u00edt od nov\u00e9 vl\u00e1dy a tak\u00e9 od jej\u00edch n\u00e1stupc\u016f. A samoz\u0159ejm\u011b i od poslanc\u016f, zastupitel\u016f a pracovn\u00edk\u016f sd\u011blovac\u00edch prost\u0159edk\u016f a \u0161kol. P\u0159ipome\u0148me si je. Ob\u010dansk\u00e9 svobody, samoz\u0159ejm\u011b v\u010detn\u011b n\u00e1rodn\u00ed sv\u00e9bytnosti a st\u00e1tn\u00ed samostatnosti,\u00a0\u00a0technologick\u00fd rozvoj, vzd\u011bl\u00e1n\u00ed a profesn\u00ed kvalifikaci a soci\u00e1ln\u00ed solidaritu. To je to, co n\u00e1m zaru\u010d\u00ed prosperitu, kulturn\u00ed \u00farove\u0148 a respekt v evropsk\u00e9m a sv\u011btov\u00e9m m\u011b\u0159\u00edtku.<\/p>\n<p><a href=\"https:\/\/vasevec.info\/blogy\/co-potrebujeme-co-bychom-dnes-meli-chtit\"><em>Ji\u0159\u00ed Pond\u011bl\u00ed\u010dek<\/em><\/a><\/p>\n<p>&nbsp;<\/p>\n","protected":false},"excerpt":{"rendered":"<p>Na tuto ot\u00e1zku odpov\u00edm hned na za\u010d\u00e1tku. Ono to nen\u00ed nijak t\u011b\u017ek\u00e9 a dokonce to&#8230;<\/p>\n","protected":false},"author":2,"featured_media":3109,"comment_status":"closed","ping_status":"closed","sticky":false,"template":"","format":"standard","meta":[],"categories":[6],"tags":[59,1503,9954,122],"_links":{"self":[{"href":"https:\/\/www.infokuryr.cz\/n\/wp-json\/wp\/v2\/posts\/97497"}],"collection":[{"href":"https:\/\/www.infokuryr.cz\/n\/wp-json\/wp\/v2\/posts"}],"about":[{"href":"https:\/\/www.infokuryr.cz\/n\/wp-json\/wp\/v2\/types\/post"}],"author":[{"embeddable":true,"href":"https:\/\/www.infokuryr.cz\/n\/wp-json\/wp\/v2\/users\/2"}],"replies":[{"embeddable":true,"href":"https:\/\/www.infokuryr.cz\/n\/wp-json\/wp\/v2\/comments?post=97497"}],"version-history":[{"count":0,"href":"https:\/\/www.infokuryr.cz\/n\/wp-json\/wp\/v2\/posts\/97497\/revisions"}],"wp:featuredmedia":[{"embeddable":true,"href":"https:\/\/www.infokuryr.cz\/n\/wp-json\/wp\/v2\/media\/3109"}],"wp:attachment":[{"href":"https:\/\/www.infokuryr.cz\/n\/wp-json\/wp\/v2\/media?parent=97497"}],"wp:term":[{"taxonomy":"category","embeddable":true,"href":"https:\/\/www.infokuryr.cz\/n\/wp-json\/wp\/v2\/categories?post=97497"},{"taxonomy":"post_tag","embeddable":true,"href":"https:\/\/www.infokuryr.cz\/n\/wp-json\/wp\/v2\/tags?post=97497"}],"curies":[{"name":"wp","href":"https:\/\/api.w.org\/{rel}","templated":true}]}}