{"id":97485,"date":"2026-01-22T00:29:48","date_gmt":"2026-01-21T23:29:48","guid":{"rendered":"https:\/\/www.infokuryr.cz\/n\/?p=97485"},"modified":"2026-01-21T18:33:52","modified_gmt":"2026-01-21T17:33:52","slug":"marek-rezanka-cim-mene-komunismu","status":"publish","type":"post","link":"https:\/\/www.infokuryr.cz\/n\/2026\/01\/22\/marek-rezanka-cim-mene-komunismu\/","title":{"rendered":"Marek \u0158ezanka: \u010c\u00edm m\u00e9n\u011b komunismu\u2026"},"content":{"rendered":"<div id=\"fb-root\"><\/div>\n<p>Kdy\u017e Hermann G\u00f6ring h\u00e1jil p\u0159ed norimbersk\u00fdm tribun\u00e1lem existenci vyhlazovac\u00edch koncentra\u010dn\u00edch t\u00e1bor\u016f, argumentoval pot\u0159ebou zbavit se komunist\u016f. V\u011b\u0159il, \u017ee na tuto formulaci bude Z\u00e1pad sly\u0161et. Koneckonc\u016f, v USA se brzy dostal k moci fanatick\u00fd mccarthismus, kter\u00fd se sna\u017eil vym\u00fdtit cokoli levicov\u00e9ho.<\/p>\n<p>Ti, kdo kladou rovn\u00edtko mezi fa\u0161ismus na stran\u011b jedn\u00e9 a komunismus na t\u00e9 druh\u00e9, absolutn\u011b odhl\u00ed\u017eej\u00ed od antagonismu obou ideologi\u00ed. Fa\u0161ismus je krajn\u00ed formou kapitalistick\u00e9ho z\u0159\u00edzen\u00ed, kter\u00e9 v krizi odhazuje demokratickou fas\u00e1du. Proto byl podporov\u00e1n firmami jako Coca-Cola, Ferrari, Coco Chanel, Hugo Boss \u010di Schneider-Creusot.<\/p>\n<p>Komunismus a nadn\u00e1rodn\u00ed podniky nejdou dohromady.<\/p>\n<p>Ptejme se, pro\u010d v jednadvac\u00e1t\u00e9m stolet\u00ed, kdy i v r\u00e1mci Evropsk\u00e9 unie funguj\u00ed siln\u00e9 komunistick\u00e9 strany v \u0158ecku \u010di na Kypru, je v \u010cesk\u00e9 republice zaveden z\u00e1kaz propagace komunistick\u00fdch symbol\u016f.<br \/>\nLze nam\u00edtnout, \u017ee podobn\u00fd z\u00e1kaz najdeme v sousedn\u00edm Polsku \u010di v Ma\u010farsku. Ale v obou t\u011bchto p\u0159\u00edpadech panuje podez\u0159en\u00ed z proti\u00fastavn\u00edho po\u010d\u00edn\u00e1n\u00ed.<\/p>\n<p>Varov\u00e1n\u00edm by n\u00e1m m\u011bl b\u00fdt p\u0159\u00edklad Ukrajiny, kde byly zak\u00e1z\u00e1ny r\u016fzn\u00e9 levicov\u00e9 strany (Lev\u00e1 opozice, Svaz levicov\u00fdch sil, Pokrokov\u00e1 socialistick\u00e1 strana Ukrajiny, Socialistick\u00e1 strana Ukrajiny \u010di Socialist\u00e9), nikoli pouze ta komunistick\u00e1. Zato pou\u017e\u00edv\u00e1n\u00ed fa\u0161istick\u00fdch symbol\u016f je zde p\u0159ehl\u00ed\u017eeno, a to nejen v p\u0159\u00edpad\u011b praporu Azov.<\/p>\n<p>Od por\u00e1\u017eky nacismu a fa\u0161ismu ve druh\u00e9 sv\u011btov\u00e9 v\u00e1lce uplynulo v\u00edce ne\u017e osmdes\u00e1t let, a p\u00e1nov\u00e9 Posselt \u010di Magyar usiluj\u00ed o zru\u0161en\u00ed dekret\u016f prezidenta Edvarda Bene\u0161e, co\u017e je po\u017eadavek na faktickou revizi v\u00fdsledk\u016f druh\u00e9 sv\u011btov\u00e9 v\u00e1lky.<\/p>\n<p>Pokud miz\u00ed pomn\u00edky k osvobozen\u00ed \u010ceskoslovenska od nacismu, jako nap\u0159\u00edklad v Teplic\u00edch, pova\u017euji to za \u0161patnou zpr\u00e1vu pro celou na\u0161i spole\u010dnost a pro stav na\u0161\u00ed demokracie.<\/p>\n<p>Vylo\u017een\u011b postr\u00e1d\u00e1m tlak zdola na vl\u00e1du Andreje Babi\u0161e, aby se proti antikomunistick\u00e9 legislativ\u011b z d\u00edlny kabinetu Petra Fialy postavila. D\u011bjiny katolick\u00e9 c\u00edrkve jsou doslova posety mrtvolami a zneu\u017eit\u00fdmi chlapci, a p\u0159esto nikoho v Evrop\u011b ani nenapadne, aby katolick\u00e9 symboly zakazoval. Nemus\u00edme b\u00fdt katol\u00edky, ale respektujeme v\u00edru t\u011bch, kte\u0159\u00ed ji sd\u00edlej\u00ed. Nemus\u00edme b\u00fdt komunisty, ale m\u011bli bychom si v\u00e1\u017eit v\u0161ech komunist\u016f, kte\u0159\u00ed ob\u011btovali sv\u00e9 \u017eivoty ve v\u00e1lce s fa\u0161ismem a nacismem. A m\u011bli bychom b\u00fdt schopni projevit \u00factu v\u0161em, kdo se pod\u00edleli na na\u0161em osvobozen\u00ed v roce 1945.<\/p>\n<p>Zat\u00edmco v p\u0159\u00edpad\u011b Durychovy ulice \u017e\u00e1dn\u00e9 po\u017eadavky na jej\u00ed p\u0159ejmenov\u00e1n\u00ed vzn\u00e1\u0161eny nejsou (s ohledem na autorovy postoje v obdob\u00ed Masarykovy republiky), n\u00e1vrh na stanici metra pod n\u00e1zvem Olbrachtova vyvolal v ur\u010dit\u00fdch kruz\u00edch odpor. Budou za chv\u00edli vadit i V. Van\u010dura, J. Drda \u010di E. E. Kisch?<\/p>\n<p>\u010c\u00edm v\u00edce s\u00edl\u00ed odpor proti komunismu, t\u00edm m\u00e9n\u011b se broj\u00ed proti fa\u0161ismu a nacismu. Omlouvaj\u00ed se symboly vl\u010d\u00edho h\u00e1ku \u010di \u010dern\u00e9ho slunce, toleruje se kult Bandery apod.<\/p>\n<p>Evropsk\u00e1 unie se dnes a denn\u011b zakl\u00edn\u00e1 sv\u00fdmi hodnotami. Osobn\u011b kladu antifa\u0161ismus hodn\u011b vysoko. A nemohu si pomoci, nejv\u00fdrazn\u011bj\u0161\u00ed antifa\u0161istickou silou za druh\u00e9 sv\u011btov\u00e9 v\u00e1lky byli komunist\u00e9. Ti byli fa\u0161isty nejv\u00edce pron\u00e1sledov\u00e1ni a vra\u017ed\u011bni. V N\u011bmecku plnili koncentra\u010dn\u00ed t\u00e1bory ji\u017e od t\u0159ic\u00e1t\u00fdch let 20. stolet\u00ed. Pokus o zast\u0159en\u00ed tohoto faktu vede k jedin\u00e9mu: Ke shov\u00edvavosti v\u016f\u010di fa\u0161ismu a k p\u0159ekrucov\u00e1n\u00ed d\u011bjin. Co\u017e hodnot\u00edm jako popliv\u00e1n\u00ed pam\u00e1tky v\u0161ech, kdo v boji proti nacismu a fa\u0161ismu polo\u017eili sv\u00e9 \u017eivoty.<br \/>\nAbychom nebyli k tomuto fenom\u00e9nu lhostejn\u00ed, napsal jsem n\u00e1sleduj\u00edc\u00ed sonet:<\/p>\n<p style=\"text-align: center;\"><strong><em>Zbyl\u00e1 setba<\/em><\/strong><\/p>\n<p style=\"text-align: center;\">Slova se krout\u00ed, v\u00fdznam zapom\u00edn\u00e1.<br \/>\nStr\u017een je vd\u011bk, a pod n\u00edm jizva hnis\u00e1.<br \/>\nZe zrady \u010dest je, z hrdinstv\u00ed pak vina,<br \/>\njed pln\u00ed \u010d\u00ed\u0161i, pr\u00e1zdno pojme m\u00edsa.<\/p>\n<p style=\"text-align: center;\">\u0158e\u010d sr\u016fst\u00e1 s fal\u0161\u00ed, nikdo nerozezn\u00e1<br \/>\nzrno a plevy. Jedno s druh\u00fdm spl\u00fdv\u00e1.<br \/>\nZmizely u\u0161i, noh\u00e1m vzali hlezna,<br \/>\nnen\u00e1vist zraje, kde d\u0159\u00edv kvetla sl\u00edva.<\/p>\n<p style=\"text-align: center;\">Z pomn\u00edk\u016f pravda v de\u0161t\u00edch l\u017e\u00ed se drol\u00ed.<br \/>\nZl\u00e9 je, kdy\u017e \u017eiv\u00ed plat\u00ed za mrtvoly,<br \/>\na v suti d\u011bjin \u0161kleb se us\u00eddl\u00ed.<\/p>\n<p style=\"text-align: center;\">Srp rezne v bl\u00e1t\u011b. Tma se na n\u011bj d\u00edv\u00e1.<br \/>\nOdlou\u010den ji\u017e byl d\u00e1vno od kladiva.<br \/>\nSetba, co zb\u00fdv\u00e1, ra\u0161\u00ed u vidl\u00ed\u2026<\/p>\n<p style=\"text-align: left;\">P\u0159id\u00e1m sem je\u0161t\u011b jeden sv\u016fj sonet, tentokr\u00e1t v\u011bnovan\u00fd v\u0161em, kdo pot\u0159ebuj\u00ed povzbudit, aby se op\u011bt mohli nadechnout. V\u0161em, kdo maj\u00ed obavu ze\u00a0sv\u011btov\u00e9ho v\u00fdvoje a boj\u00ed se zni\u010duj\u00edc\u00edho konfliktu. V\u0161em, kdo pot\u0159ebuj\u00ed sly\u0161et, \u017ee je\u0161t\u011b v\u0161e nen\u00ed ztraceno.<\/p>\n<p style=\"text-align: center;\"><strong><em>Sta\u010d\u00ed nit\u2026<\/em><\/strong><\/p>\n<p style=\"text-align: center;\">Po p\u00e1du \u010dlov\u011bk pomalu se zved\u00e1,<br \/>\nu\u017e to, \u017ee za\u010dne, \u017e\u00e1d\u00e1 mnoho sil.<br \/>\nNaj\u00edt svou cestu b\u00fdv\u00e1 n\u011bkdy v\u011bda.<br \/>\nO vy\u0161\u0161\u00ed pomoc rovn\u011b\u017e poprosil.<\/p>\n<p style=\"text-align: center;\">Ten, kdo se zved\u00e1, nem\u00edv\u00e1 to snadn\u00e9.<br \/>\nPoznal ji\u017e n\u011bco, \u010demu \u0159\u00edk\u00e1 zvrat.<br \/>\nStrach \u010dasto \u0161ept\u00e1, \u017ee zas brzy spadne.<br \/>\nTen, kdo m\u00e1 v\u016fli, dok\u00e1\u017ee v\u0161ak vst\u00e1t.<\/p>\n<p style=\"text-align: center;\">S\u00e1hl si na dno, kde to velmi bol\u00ed.<br \/>\nT\u00edm v\u00edc si p\u0159eje vzlet\u011bt nad vrcholy.<br \/>\nPoraz\u00ed strach, kdo zvl\u00e1dne ve dne sn\u00edt.<\/p>\n<p style=\"text-align: center;\">Zlomen\u00e9 t\u011blo k\u0159\u00eddla du\u0161e chr\u00e1n\u00ed,<br \/>\npovznesou mysl v nesobeck\u00e9m p\u0159\u00e1n\u00ed:<br \/>\nPro pevnou ch\u016fzi sta\u010d\u00ed p\u0159ece nit\u2026<\/p>\n<p><a href=\"https:\/\/web.litterate.cz\/cim-mene-komunismu\/\">Marek \u0158ezanka<\/a><\/p>\n<p><img decoding=\"async\" loading=\"lazy\" class=\"alignnone  wp-image-48388\" src=\"http:\/\/www.infokuryr.cz\/n\/wp-content\/uploads\/2024\/03\/marek-rezanka-225x300.jpg\" alt=\"\" width=\"115\" height=\"153\" srcset=\"https:\/\/www.infokuryr.cz\/n\/wp-content\/uploads\/2024\/03\/marek-rezanka-225x300.jpg 225w, https:\/\/www.infokuryr.cz\/n\/wp-content\/uploads\/2024\/03\/marek-rezanka.jpg 603w\" sizes=\"(max-width: 115px) 100vw, 115px\" \/><\/p>\n<p>&nbsp;<\/p>\n","protected":false},"excerpt":{"rendered":"<p>Kdy\u017e Hermann G\u00f6ring h\u00e1jil p\u0159ed norimbersk\u00fdm tribun\u00e1lem existenci vyhlazovac\u00edch koncentra\u010dn\u00edch t\u00e1bor\u016f, argumentoval pot\u0159ebou zbavit se&#8230;<\/p>\n","protected":false},"author":2,"featured_media":94165,"comment_status":"closed","ping_status":"closed","sticky":false,"template":"","format":"standard","meta":[],"categories":[6],"tags":[169,5368,1503,533],"_links":{"self":[{"href":"https:\/\/www.infokuryr.cz\/n\/wp-json\/wp\/v2\/posts\/97485"}],"collection":[{"href":"https:\/\/www.infokuryr.cz\/n\/wp-json\/wp\/v2\/posts"}],"about":[{"href":"https:\/\/www.infokuryr.cz\/n\/wp-json\/wp\/v2\/types\/post"}],"author":[{"embeddable":true,"href":"https:\/\/www.infokuryr.cz\/n\/wp-json\/wp\/v2\/users\/2"}],"replies":[{"embeddable":true,"href":"https:\/\/www.infokuryr.cz\/n\/wp-json\/wp\/v2\/comments?post=97485"}],"version-history":[{"count":0,"href":"https:\/\/www.infokuryr.cz\/n\/wp-json\/wp\/v2\/posts\/97485\/revisions"}],"wp:featuredmedia":[{"embeddable":true,"href":"https:\/\/www.infokuryr.cz\/n\/wp-json\/wp\/v2\/media\/94165"}],"wp:attachment":[{"href":"https:\/\/www.infokuryr.cz\/n\/wp-json\/wp\/v2\/media?parent=97485"}],"wp:term":[{"taxonomy":"category","embeddable":true,"href":"https:\/\/www.infokuryr.cz\/n\/wp-json\/wp\/v2\/categories?post=97485"},{"taxonomy":"post_tag","embeddable":true,"href":"https:\/\/www.infokuryr.cz\/n\/wp-json\/wp\/v2\/tags?post=97485"}],"curies":[{"name":"wp","href":"https:\/\/api.w.org\/{rel}","templated":true}]}}