{"id":97483,"date":"2026-01-22T00:28:57","date_gmt":"2026-01-21T23:28:57","guid":{"rendered":"https:\/\/www.infokuryr.cz\/n\/?p=97483"},"modified":"2026-01-21T18:27:30","modified_gmt":"2026-01-21T17:27:30","slug":"psychologicke-valecne-hry-norsko-pripravuje-obcany-na-vyvlastneni","status":"publish","type":"post","link":"https:\/\/www.infokuryr.cz\/n\/2026\/01\/22\/psychologicke-valecne-hry-norsko-pripravuje-obcany-na-vyvlastneni\/","title":{"rendered":"Psychologick\u00e9 v\u00e1le\u010dn\u00e9 hry: Norsko p\u0159ipravuje ob\u010dany na vyvlastn\u011bn\u00ed"},"content":{"rendered":"<div id=\"fb-root\"><\/div>\n<p><strong><span dir=\"auto\">V Norsku nyn\u00ed ob\u010dan\u00e9 dost\u00e1vaj\u00ed od ministerstva obrany dopisy, kter\u00e9 je \u201einformuj\u00ed\u201c o tom, co se stane v p\u0159\u00edpad\u011b v\u00e1lky: vyvlastn\u011bn\u00ed dom\u016f, aut, lod\u00ed a vybaven\u00ed arm\u00e1dou. Politick\u00fd establishment se na v\u00e1lku proti Rusku psychicky p\u0159ipravil u\u017e d\u00e1vno.<\/span><\/strong><\/p>\n<p><span dir=\"auto\">P\u0159edstavte si, \u017ee dostanete dopis od n\u011bmeck\u00e9ho spolkov\u00e9ho ministerstva obrany, kter\u00fd v\u00e1s informuje, \u017ee v p\u0159\u00edpad\u011b v\u00e1lky s Ruskem mohou n\u011bmeck\u00e9 ozbrojen\u00e9 s\u00edly (nebo rakousk\u00e1 spolkov\u00e1 arm\u00e1da) zabavit ve\u0161ker\u00fd v\u00e1\u0161 majetek, pokud to budou pova\u017eovat za \u201enezbytn\u00e9\u201c. Norov\u00e9 takov\u00fd dopis obdr\u017eeli.<\/span><\/p>\n<figure class=\"wp-block-embed is-type-rich is-provider-twitter wp-block-embed-twitter\">\n<div class=\"wp-block-embed__wrapper\">\n<div class=\"twitter-tweet twitter-tweet-rendered\"><iframe id=\"twitter-widget-0\" class=\"\" title=\"X P\u0159\u00edsp\u011bvek\" src=\"https:\/\/platform.twitter.com\/embed\/Tweet.html?dnt=true&amp;embedId=twitter-widget-0&amp;features=eyJ0ZndfdGltZWxpbmVfbGlzdCI6eyJidWNrZXQiOltdLCJ2ZXJzaW9uIjpudWxsfSwidGZ3X2ZvbGxvd2VyX2NvdW50X3N1bnNldCI6eyJidWNrZXQiOnRydWUsInZlcnNpb24iOm51bGx9LCJ0ZndfdHdlZXRfZWRpdF9iYWNrZW5kIjp7ImJ1Y2tldCI6Im9uIiwidmVyc2lvbiI6bnVsbH0sInRmd19yZWZzcmNfc2Vzc2lvbiI6eyJidWNrZXQiOiJvbiIsInZlcnNpb24iOm51bGx9LCJ0ZndfZm9zbnJfc29mdF9pbnRlcnZlbnRpb25zX2VuYWJsZWQiOnsiYnVja2V0Ijoib24iLCJ2ZXJzaW9uIjpudWxsfSwidGZ3X21peGVkX21lZGlhXzE1ODk3Ijp7ImJ1Y2tldCI6InRyZWF0bWVudCIsInZlcnNpb24iOm51bGx9LCJ0ZndfZXhwZXJpbWVudHNfY29va2llX2V4cGlyYXRpb24iOnsiYnVja2V0IjoxMjA5NjAwLCJ2ZXJzaW9uIjpudWxsfSwidGZ3X3Nob3dfYmlyZHdhdGNoX3Bpdm90c19lbmFibGVkIjp7ImJ1Y2tldCI6Im9uIiwidmVyc2lvbiI6bnVsbH0sInRmd19kdXBsaWNhdGVfc2NyaWJlc190b19zZXR0aW5ncyI6eyJidWNrZXQiOiJvbiIsInZlcnNpb24iOm51bGx9LCJ0ZndfdXNlX3Byb2ZpbGVfaW1hZ2Vfc2hhcGVfZW5hYmxlZCI6eyJidWNrZXQiOiJvbiIsInZlcnNpb24iOm51bGx9LCJ0ZndfdmlkZW9faGxzX2R5bmFtaWNfbWFuaWZlc3RzXzE1MDgyIjp7ImJ1Y2tldCI6InRydWVfYml0cmF0ZSIsInZlcnNpb24iOm51bGx9LCJ0ZndfbGVnYWN5X3RpbWVsaW5lX3N1bnNldCI6eyJidWNrZXQiOnRydWUsInZlcnNpb24iOm51bGx9LCJ0ZndfdHdlZXRfZWRpdF9mcm9udGVuZCI6eyJidWNrZXQiOiJvbiIsInZlcnNpb24iOm51bGx9fQ%3D%3D&amp;frame=false&amp;hideCard=false&amp;hideThread=false&amp;id=2013340288098431421&amp;lang=cs&amp;origin=https%3A%2F%2Freport24.news%2Fpsycho-kriegsspiele-norwegen-stimmt-buerger-auf-enteignungen-ein%2F&amp;sessionId=5b41e1a69730f04ebf86cf7b67b24caa870b2e17&amp;theme=light&amp;widgetsVersion=2615f7e52b7e0%3A1702314776716&amp;width=550px\" frameborder=\"0\" scrolling=\"no\" allowfullscreen=\"allowfullscreen\" data-tweet-id=\"2013340288098431421\" data-mce-fragment=\"1\"><\/iframe><\/div>\n<\/div>\n<\/figure>\n<p><span dir=\"auto\">Norsk\u00e1 arm\u00e1da toto opat\u0159en\u00ed prezentuje jako pouhou formalitu. Tvrd\u00ed, \u017ee jde pouze o \u201einformov\u00e1n\u00ed\u201c obyvatelstva, aby se p\u0159ede\u0161lo nedorozum\u011bn\u00edm v p\u0159\u00edpad\u011b v\u00e1lky. Situaci bagatelizuj\u00ed a tvrd\u00ed, \u017ee konfiskace by v dob\u011b m\u00edru nem\u011bla \u017e\u00e1dn\u00e9 praktick\u00e9 d\u016fsledky. St\u00e1t v\u0161ak nakonec p\u0159ipou\u0161t\u00ed, \u017ee soukrom\u00fd majetek podl\u00e9h\u00e1 ur\u010dit\u00fdm omezen\u00edm, zejm\u00e9na pokud se geopolitick\u00e9 man\u00e9vry vyost\u0159\u00ed.<\/span><\/p>\n<p><span dir=\"auto\">K ospravedln\u011bn\u00ed t\u011bchto opat\u0159en\u00ed se pou\u017e\u00edv\u00e1 zn\u00e1m\u00fd narativ o hrozb\u00e1ch. Rusko, USA, \u00fadajn\u011b dramaticky zhor\u0161en\u00e1 bezpe\u010dnostn\u00ed situace v Evrop\u011b \u2013 zn\u00e1m\u00fd soubor v\u00e1le\u010dn\u00e9 hysterie. Norsk\u00fd \u0161\u00e9f logistiky hovo\u0159\u00ed o nejz\u00e1va\u017en\u011bj\u0161\u00ed bezpe\u010dnostn\u00ed krizi od druh\u00e9 sv\u011btov\u00e9 v\u00e1lky, jako by nep\u0159\u00edtel u\u017e byl na hranic\u00edch. Zem\u011b mus\u00ed b\u00fdt p\u0159ipravena, a to jak vojensky, tak civiln\u011b.<\/span><\/p>\n<figure class=\"wp-block-embed is-type-rich is-provider-twitter wp-block-embed-twitter\">\n<div class=\"wp-block-embed__wrapper\">\n<div class=\"twitter-tweet twitter-tweet-rendered\"><iframe id=\"twitter-widget-1\" class=\"\" title=\"X P\u0159\u00edsp\u011bvek\" src=\"https:\/\/platform.twitter.com\/embed\/Tweet.html?dnt=true&amp;embedId=twitter-widget-1&amp;features=eyJ0ZndfdGltZWxpbmVfbGlzdCI6eyJidWNrZXQiOltdLCJ2ZXJzaW9uIjpudWxsfSwidGZ3X2ZvbGxvd2VyX2NvdW50X3N1bnNldCI6eyJidWNrZXQiOnRydWUsInZlcnNpb24iOm51bGx9LCJ0ZndfdHdlZXRfZWRpdF9iYWNrZW5kIjp7ImJ1Y2tldCI6Im9uIiwidmVyc2lvbiI6bnVsbH0sInRmd19yZWZzcmNfc2Vzc2lvbiI6eyJidWNrZXQiOiJvbiIsInZlcnNpb24iOm51bGx9LCJ0ZndfZm9zbnJfc29mdF9pbnRlcnZlbnRpb25zX2VuYWJsZWQiOnsiYnVja2V0Ijoib24iLCJ2ZXJzaW9uIjpudWxsfSwidGZ3X21peGVkX21lZGlhXzE1ODk3Ijp7ImJ1Y2tldCI6InRyZWF0bWVudCIsInZlcnNpb24iOm51bGx9LCJ0ZndfZXhwZXJpbWVudHNfY29va2llX2V4cGlyYXRpb24iOnsiYnVja2V0IjoxMjA5NjAwLCJ2ZXJzaW9uIjpudWxsfSwidGZ3X3Nob3dfYmlyZHdhdGNoX3Bpdm90c19lbmFibGVkIjp7ImJ1Y2tldCI6Im9uIiwidmVyc2lvbiI6bnVsbH0sInRmd19kdXBsaWNhdGVfc2NyaWJlc190b19zZXR0aW5ncyI6eyJidWNrZXQiOiJvbiIsInZlcnNpb24iOm51bGx9LCJ0ZndfdXNlX3Byb2ZpbGVfaW1hZ2Vfc2hhcGVfZW5hYmxlZCI6eyJidWNrZXQiOiJvbiIsInZlcnNpb24iOm51bGx9LCJ0ZndfdmlkZW9faGxzX2R5bmFtaWNfbWFuaWZlc3RzXzE1MDgyIjp7ImJ1Y2tldCI6InRydWVfYml0cmF0ZSIsInZlcnNpb24iOm51bGx9LCJ0ZndfbGVnYWN5X3RpbWVsaW5lX3N1bnNldCI6eyJidWNrZXQiOnRydWUsInZlcnNpb24iOm51bGx9LCJ0ZndfdHdlZXRfZWRpdF9mcm9udGVuZCI6eyJidWNrZXQiOiJvbiIsInZlcnNpb24iOm51bGx9fQ%3D%3D&amp;frame=false&amp;hideCard=false&amp;hideThread=false&amp;id=2013365912301085016&amp;lang=cs&amp;origin=https%3A%2F%2Freport24.news%2Fpsycho-kriegsspiele-norwegen-stimmt-buerger-auf-enteignungen-ein%2F&amp;sessionId=5b41e1a69730f04ebf86cf7b67b24caa870b2e17&amp;theme=light&amp;widgetsVersion=2615f7e52b7e0%3A1702314776716&amp;width=550px\" frameborder=\"0\" scrolling=\"no\" allowfullscreen=\"allowfullscreen\" data-tweet-id=\"2013365912301085016\" data-mce-fragment=\"1\"><\/iframe><\/div>\n<\/div>\n<\/figure>\n<p><span dir=\"auto\">Ale nakonec je to jen psychologick\u00e1 v\u00e1lka. Rusko, kter\u00e9 vede proti Ukrajin\u011b vy\u010derp\u00e1vac\u00ed v\u00e1lku u\u017e asi \u010dty\u0159i roky, nem\u00e1 ani person\u00e1l, ani zdroje na v\u00e1lku proti NATO. A i kdyby tato v\u00e1lka letos skon\u010dila, Moskva by nemohla ztr\u00e1ty nahradit ve velmi kr\u00e1tk\u00e9 dob\u011b. To tak\u00e9 znamen\u00e1, \u017ee v nejhor\u0161\u00edm p\u0159\u00edpad\u011b by se jednalo o jadernou v\u00e1lku \u2013 a v takov\u00e9m sc\u00e9n\u00e1\u0159i by soukrom\u00fd majetek (jako jsou domy nebo vozidla) byl stejn\u011b k ni\u010demu.<\/span><\/p>\n<p><span dir=\"auto\">Neust\u00e1l\u00e9 stra\u0161en\u00ed, ne\u00fanavn\u00e1 v\u00e1le\u010dn\u00e1 propaganda a kultivace nep\u0159\u00e1telsk\u00fdch obraz\u016f \u2013 klasick\u00fd reperto\u00e1r pro ment\u00e1ln\u00ed p\u0159\u00edpravu na v\u00e1lku. Obyvatelstvo m\u00e1 b\u00fdt zm\u011bk\u010deno a ment\u00e1ln\u011b p\u0159ipraveno na potenci\u00e1ln\u00ed v\u00e1lku. A co je je\u0161t\u011b d\u016fle\u017eit\u011bj\u0161\u00ed, tyto p\u0159\u00edpravy maj\u00ed zajistit, aby lid\u00e9 nezpochyb\u0148ovali d\u016fvody v\u00e1lky, ale m\u00edsto toho se poslu\u0161n\u011b pod\u0159\u00eddili.<\/span><\/p>\n<p><img decoding=\"async\" loading=\"lazy\" class=\"alignnone size-full wp-image-1185\" src=\"http:\/\/www.infokuryr.cz\/n\/wp-content\/uploads\/2021\/04\/kuryr-podpis.png\" alt=\"\" width=\"84\" height=\"24\" \/><\/p>\n<p>&nbsp;<\/p>\n","protected":false},"excerpt":{"rendered":"<p>V Norsku nyn\u00ed ob\u010dan\u00e9 dost\u00e1vaj\u00ed od ministerstva obrany dopisy, kter\u00e9 je \u201einformuj\u00ed\u201c o tom, co&#8230;<\/p>\n","protected":false},"author":2,"featured_media":97484,"comment_status":"closed","ping_status":"closed","sticky":false,"template":"","format":"standard","meta":[],"categories":[7],"tags":[327,853,1975,2045],"_links":{"self":[{"href":"https:\/\/www.infokuryr.cz\/n\/wp-json\/wp\/v2\/posts\/97483"}],"collection":[{"href":"https:\/\/www.infokuryr.cz\/n\/wp-json\/wp\/v2\/posts"}],"about":[{"href":"https:\/\/www.infokuryr.cz\/n\/wp-json\/wp\/v2\/types\/post"}],"author":[{"embeddable":true,"href":"https:\/\/www.infokuryr.cz\/n\/wp-json\/wp\/v2\/users\/2"}],"replies":[{"embeddable":true,"href":"https:\/\/www.infokuryr.cz\/n\/wp-json\/wp\/v2\/comments?post=97483"}],"version-history":[{"count":0,"href":"https:\/\/www.infokuryr.cz\/n\/wp-json\/wp\/v2\/posts\/97483\/revisions"}],"wp:featuredmedia":[{"embeddable":true,"href":"https:\/\/www.infokuryr.cz\/n\/wp-json\/wp\/v2\/media\/97484"}],"wp:attachment":[{"href":"https:\/\/www.infokuryr.cz\/n\/wp-json\/wp\/v2\/media?parent=97483"}],"wp:term":[{"taxonomy":"category","embeddable":true,"href":"https:\/\/www.infokuryr.cz\/n\/wp-json\/wp\/v2\/categories?post=97483"},{"taxonomy":"post_tag","embeddable":true,"href":"https:\/\/www.infokuryr.cz\/n\/wp-json\/wp\/v2\/tags?post=97483"}],"curies":[{"name":"wp","href":"https:\/\/api.w.org\/{rel}","templated":true}]}}