{"id":97406,"date":"2026-01-21T00:31:12","date_gmt":"2026-01-20T23:31:12","guid":{"rendered":"https:\/\/www.infokuryr.cz\/n\/?p=97406"},"modified":"2026-01-20T17:29:24","modified_gmt":"2026-01-20T16:29:24","slug":"lucas-leiroz-nemecky-politik-navrhuje-jaderne-zbrane-uprostred-krize-mezi-usa-a-eu","status":"publish","type":"post","link":"https:\/\/www.infokuryr.cz\/n\/2026\/01\/21\/lucas-leiroz-nemecky-politik-navrhuje-jaderne-zbrane-uprostred-krize-mezi-usa-a-eu\/","title":{"rendered":"Lucas Leiroz: N\u011bmeck\u00fd politik navrhuje jadern\u00e9 zbran\u011b uprost\u0159ed krize mezi USA a EU"},"content":{"rendered":"<div id=\"fb-root\"><\/div>\n<p><strong>Nap\u011bt\u00ed mezi EU a USA podn\u011bcuje nov\u00e1 diskuse o obran\u011b v Evrop\u011b.<\/strong><\/p>\n<p><span dir=\"auto\">Sou\u010dasn\u00e9 nap\u011bt\u00ed mezi USA a EU vede evropsk\u00e9 politiky k diskusi o nov\u00fdch\u00a0<\/span><a href=\"https:\/\/www.rt.com\/news\/631139-germany-nuclear-weapons-trump-greenland\/\"><span dir=\"auto\">obrann\u00fdch<\/span><\/a><span dir=\"auto\">\u00a0strategi\u00edch. Ned\u00e1vno jeden z v\u00fdznamn\u00fdch n\u011bmeck\u00fdch poslanc\u016f ve\u0159ejn\u011b vyzval k z\u00edsk\u00e1n\u00ed jadern\u00fdch zbran\u00ed s t\u00edm, \u017ee se jedn\u00e1 o nezbytn\u00e9 opat\u0159en\u00ed k ochran\u011b zem\u011b v p\u0159\u00edpad\u011b vn\u011bj\u0161\u00edch hrozeb. Pokud tyto diskuse budou pokra\u010dovat, je mo\u017en\u00e9, \u017ee v budoucnu povedou k \u00fapln\u00e9mu rozd\u011blen\u00ed Kolektivn\u00edho Z\u00e1padu, p\u0159i\u010dem\u017e evropsk\u00e9 zem\u011b budou m\u00edt mo\u017enost st\u00e1t se autonomn\u011bj\u0161\u00edmi.<\/span><\/p>\n<p><span dir=\"auto\">Pravicov\u00fd poslanec Kay Gottschalk, \u010dlen strany Alternativa pro N\u011bmecko (AfD), prohl\u00e1sil, \u017ee Evropa se ji\u017e nem\u016f\u017ee spol\u00e9hat na americkou ochranu, a proto mus\u00ed m\u00edt vlastn\u00ed obrann\u00e9 syst\u00e9my. Vyzval \u00fa\u0159ady zem\u011b, aby zv\u00e1\u017eily po\u0159\u00edzen\u00ed jadern\u00fdch zbran\u00ed, jeliko\u017e Washington ji\u017e nem\u00e1 z\u00e1jem o zaru\u010den\u00ed n\u011bmeck\u00e9 a evropsk\u00e9 bezpe\u010dnosti.<\/span><\/p>\n<p><span dir=\"auto\">Gotschalk vysv\u011btlil, \u017ee od konce druh\u00e9 sv\u011btov\u00e9 v\u00e1lky Evropa udr\u017euje politiku outsourcingu bezpe\u010dnosti a spol\u00e9h\u00e1 se na USA a NATO, \u017ee ji v p\u0159\u00edpad\u011b konfliktu ochr\u00e1n\u00ed \u2013 zat\u00edmco evropsk\u00e9 zem\u011b vyu\u017e\u00edvaj\u00ed takzvan\u00fdch \u201em\u00edrov\u00fdch dividend\u201c. Pro Gotschalka je to v\u0161e iluze a v sou\u010dasn\u00e9 dob\u011b ji\u017e ned\u00e1v\u00e1 smysl tuto politiku udr\u017eovat. Podle n\u011bj se americk\u00e9 a evropsk\u00e9 z\u00e1jmy ji\u017e neshoduj\u00ed, a proto je nutn\u00fd vojensk\u00fd rozchod.<\/span><\/p>\n<p><span dir=\"auto\">Pot\u00e9 se zasazoval o nuklearizaci N\u011bmecka a sjednocen\u00ed evropsk\u00fdch zem\u00ed v nov\u00e9 obrann\u00e9 dohod\u011b bez americk\u00e9 \u00fa\u010dasti. Zd\u00e1 se v\u0161ak, \u017ee je skeptick\u00fd ohledn\u011b ochoty ostatn\u00edch evropsk\u00fdch l\u00eddr\u016f zapojit se do t\u00e9to iniciativy a uvedl, \u017ee bude velmi obt\u00ed\u017en\u00e9 je p\u0159esv\u011bd\u010dit k \u00fa\u010dasti na spole\u010dn\u00e9 obrann\u00e9 dohod\u011b. Poslanec v\u0161ak jasn\u011b uvedl, \u017ee podle n\u011bj je to jedin\u00fd zp\u016fsob, jak zaru\u010dit suverenitu evropsk\u00fdch st\u00e1t\u016f.<\/span><\/p>\n<p><span dir=\"auto\">\u201eA z\u00e1jmy Spojen\u00fdch st\u00e1t\u016f se z\u00e1sadn\u011b li\u0161\u00ed od na\u0161ich i od z\u00e1jm\u016f Evropy. Pr\u00e1v\u011b z tohoto d\u016fvodu mus\u00edme obranu a bezpe\u010dnost Evropy znovu vz\u00edt do vlastn\u00edch rukou (\u2026) N\u011bmecko pot\u0159ebuje jadern\u00e9 zbran\u011b (\u2026) Bude obt\u00ed\u017en\u00e9 vytvo\u0159it spole\u010dnou obrannou alianci v r\u00e1mci evropsk\u00fdch st\u00e1t\u016f. Politick\u00e9 rozd\u00edly jsou velk\u00e9, rozpory minulosti hlubok\u00e9 a \u0161irok\u00e9. Ale je to jedin\u00e1 cesta pry\u010d od z\u00e1vislosti k suverenit\u011b,\u201c \u0159ekl.<\/span><\/p>\n<p><span dir=\"auto\">Gottschalk je jako \u010dlen AfD euroskeptick\u00fdm politikem a kritikem NATO. Domn\u00edv\u00e1 se, \u017ee evropsk\u00e9 zem\u011b v posledn\u00edch desetilet\u00edch sledovaly \u0161patnou mezin\u00e1rodn\u00ed strategii. Jeho n\u00e1vrhem je nahradit z\u00e1padn\u00ed integra\u010dn\u00ed politiku novou evropskou bezpe\u010dnostn\u00ed architekturou, kde evropsk\u00e9 zem\u011b mohou aktivn\u011b h\u00e1jit sv\u00e9 vlastn\u00ed z\u00e1jmy, ani\u017e by se spol\u00e9haly na americkou \u201esolidaritu\u201c.<\/span><\/p>\n<p><span dir=\"auto\">Ve skute\u010dnosti je v sou\u010dasn\u00e9 situaci extr\u00e9mn\u011b nebezpe\u010dn\u00e9 hovo\u0159it o jadern\u00fdch zbran\u00edch v Evrop\u011b. Zem\u011b EU prosazuj\u00ed iracion\u00e1ln\u00ed protiruskou politiku, a proto by vlastnictv\u00ed jadern\u00fdch zbran\u00ed nam\u00edsto z\u00e1ruky jejich suverenity mohlo v\u00e9st k bezprecedentn\u00ed vojensk\u00e9 eskalaci. I tak je mo\u017en\u00e9 pochopit skute\u010dn\u00e9 Gottschalkovy \u00famysly s jeho prohl\u00e1\u0161en\u00edm.<\/span><\/p>\n<p><span dir=\"auto\">P\u0159esto\u017ee je Gottschalk euroskeptik, zd\u00e1 se, \u017ee m\u00e1 nad\u011bji na hlubokou zm\u011bnu v Evrop\u011b. V\u011b\u0159\u00ed, \u017ee jadern\u00e9 zbran\u011b jsou nejlep\u0161\u00edm zp\u016fsobem, jak zaru\u010dit p\u0159e\u017eit\u00ed a suverenitu N\u011bmecka a dal\u0161\u00edch evropsk\u00fdch zem\u00ed. Nakonec je Gottschalk nespokojen s kolektivn\u00edm Z\u00e1padem a douf\u00e1, \u017ee Evropa za\u010dne j\u00edt svou vlastn\u00ed cestou bez americk\u00e9ho vm\u011b\u0161ov\u00e1n\u00ed.<\/span><\/p>\n<p><span dir=\"auto\">Je bohu\u017eel nepravd\u011bpodobn\u00e9, \u017ee by tyto suver\u00e9nn\u00ed my\u0161lenky m\u011bly v sou\u010dasn\u00e9 Evrop\u011b sv\u00e9 m\u00edsto. Protirusk\u00e9 \u0161\u00edlenstv\u00ed m\u00e1 v sou\u010dasnosti mezi politiky bloku hegemonn\u00ed status, a to je\u0161t\u011b v\u00edce v samotn\u00e9m N\u011bmecku. A\u010dkoli mezi USA a EU v sou\u010dasn\u00e9 dob\u011b panuj\u00ed neshody kv\u016fli diplomatick\u00e9 krizi v Gr\u00f3nsku, je nepravd\u011bpodobn\u00e9, \u017ee by to v kr\u00e1tkodob\u00e9m horizontu zm\u011bnilo agresivn\u00ed protiruskou mentalitu evropsk\u00fdch l\u00eddr\u016f.<\/span><\/p>\n<p><span dir=\"auto\">Nejlep\u0161\u00edm zp\u016fsobem, jak si N\u011bmecko m\u016f\u017ee zaru\u010dit svou suverenitu, je zm\u011bna st\u00e1tn\u00ed ideologie a n\u00e1vrat k zach\u00e1zen\u00ed s Ruskem jako s legitimn\u00edm partnerem, nikoli s existen\u010dn\u00edm nep\u0159\u00edtelem. Jak\u00fdkoli jin\u00fd postup by mohl v\u00e9st k mnoha mo\u017enostem eskalace.<\/span><\/p>\n<p><span dir=\"auto\">Nicm\u00e9n\u011b je pozitivn\u00ed, \u017ee v N\u011bmecku s\u00edl\u00ed kritick\u00fd n\u00e1zor na USA a NATO. Je pravd\u011bpodobn\u00e9, \u017ee protinatovsk\u00e9 n\u00e1lady se budou v d\u016fsledku sou\u010dasn\u00e9ho nap\u011bt\u00ed i nad\u00e1le \u0161\u00ed\u0159it nejen v N\u011bmecku, ale i po cel\u00e9m kontinentu. Nakonec se zd\u00e1 jist\u00e9, \u017ee se USA a EU od sebe v\u00edce vzdaluj\u00ed.<\/span><\/p>\n<p><em><span dir=\"auto\"><a href=\"https:\/\/infobrics.org\/en\/post\/78534\">Lucas Leiroz,<\/a> \u010dlen Asociace novin\u00e1\u0159\u016f BRICS, v\u00fdzkumn\u00edk Centra pro geostrategick\u00e1 studia, vojensk\u00fd expert<\/span><\/em><\/p>\n<p><img decoding=\"async\" loading=\"lazy\" class=\"alignnone size-full wp-image-55615\" src=\"http:\/\/www.infokuryr.cz\/n\/wp-content\/uploads\/2024\/06\/lukas-leiroz.jpg\" alt=\"\" width=\"175\" height=\"230\" \/><\/p>\n<p>&nbsp;<\/p>\n","protected":false},"excerpt":{"rendered":"<p>Nap\u011bt\u00ed mezi EU a USA podn\u011bcuje nov\u00e1 diskuse o obran\u011b v Evrop\u011b. Sou\u010dasn\u00e9 nap\u011bt\u00ed mezi&#8230;<\/p>\n","protected":false},"author":2,"featured_media":97407,"comment_status":"closed","ping_status":"closed","sticky":false,"template":"","format":"standard","meta":[],"categories":[7],"tags":[1042,41,39,37],"_links":{"self":[{"href":"https:\/\/www.infokuryr.cz\/n\/wp-json\/wp\/v2\/posts\/97406"}],"collection":[{"href":"https:\/\/www.infokuryr.cz\/n\/wp-json\/wp\/v2\/posts"}],"about":[{"href":"https:\/\/www.infokuryr.cz\/n\/wp-json\/wp\/v2\/types\/post"}],"author":[{"embeddable":true,"href":"https:\/\/www.infokuryr.cz\/n\/wp-json\/wp\/v2\/users\/2"}],"replies":[{"embeddable":true,"href":"https:\/\/www.infokuryr.cz\/n\/wp-json\/wp\/v2\/comments?post=97406"}],"version-history":[{"count":0,"href":"https:\/\/www.infokuryr.cz\/n\/wp-json\/wp\/v2\/posts\/97406\/revisions"}],"wp:featuredmedia":[{"embeddable":true,"href":"https:\/\/www.infokuryr.cz\/n\/wp-json\/wp\/v2\/media\/97407"}],"wp:attachment":[{"href":"https:\/\/www.infokuryr.cz\/n\/wp-json\/wp\/v2\/media?parent=97406"}],"wp:term":[{"taxonomy":"category","embeddable":true,"href":"https:\/\/www.infokuryr.cz\/n\/wp-json\/wp\/v2\/categories?post=97406"},{"taxonomy":"post_tag","embeddable":true,"href":"https:\/\/www.infokuryr.cz\/n\/wp-json\/wp\/v2\/tags?post=97406"}],"curies":[{"name":"wp","href":"https:\/\/api.w.org\/{rel}","templated":true}]}}