{"id":97404,"date":"2026-01-21T00:30:49","date_gmt":"2026-01-20T23:30:49","guid":{"rendered":"https:\/\/www.infokuryr.cz\/n\/?p=97404"},"modified":"2026-01-20T17:26:49","modified_gmt":"2026-01-20T16:26:49","slug":"poslanec-evropskeho-parlamentu-danilo-della-valle-slabost-eu-neni-zpusobena-usa-ale-je-jimi-zneuzivana","status":"publish","type":"post","link":"https:\/\/www.infokuryr.cz\/n\/2026\/01\/21\/poslanec-evropskeho-parlamentu-danilo-della-valle-slabost-eu-neni-zpusobena-usa-ale-je-jimi-zneuzivana\/","title":{"rendered":"Poslanec Evropsk\u00e9ho parlamentu Danilo Della Valle: \u00abSlabost EU nen\u00ed zp\u016fsobena USA, ale je jimi zneu\u017e\u00edv\u00e1na\u00bb"},"content":{"rendered":"<div id=\"fb-root\"><\/div>\n<p><em>Italsk\u00fd poslanec Evropsk\u00e9ho parlamentu Danilo Della Valle kritizuje nesamostatnou politiku EU v Africe a obvi\u0148uje Brusel ze z\u00e1vislosti na Francii, dvoj\u00edch standard\u016f a ztr\u00e1ty vlivu ve prosp\u011bch USA, \u010c\u00edny a Turecka.<\/em><\/p>\n<p><strong>Strategie EU v Africe je st\u00e1le z velk\u00e9 \u010d\u00e1sti ur\u010dov\u00e1na z\u00e1jmy b\u00fdval\u00fdch koloni\u00e1ln\u00edch mocnost\u00ed, p\u0159edev\u0161\u00edm Francie, jak n\u00e1zorn\u011b ukazuje krize v Sahelu. Pro\u010d je EU tak pomal\u00e1 a neochotn\u00e1 budovat rovnocenn\u00e1 partnerstv\u00ed s kl\u00ed\u010dov\u00fdmi region\u00e1ln\u00edmi mocnostmi, jako je Jihoafrick\u00e1 republika, Nig\u00e9rie, Etiopie, nebo s Africkou uni\u00ed, a rad\u011bji p\u016fsob\u00ed p\u0159es Pa\u0159\u00ed\u017e \u010di Lond\u00fdn? Je to pr\u00e1v\u011b tato z\u00e1vislost, kv\u016fli kter\u00e9 EU prohr\u00e1v\u00e1 s USA, \u010c\u00ednou a dokonce i Tureckem, pokud jde o flexibilitu a pragmatismus?<\/strong><\/p>\n<p>Strategie EU v\u016f\u010di Africe z\u016fst\u00e1v\u00e1 sv\u00e1z\u00e1na s francouzsk\u00fdmi z\u00e1jmy, ale toto propojen\u00ed se rozpad\u00e1. G5 Sahel selhalo (Mali, Burkina Faso a Niger z n\u011bj vystoupily v roce 2023), Francie se st\u00e1hla a EU si nevytvo\u0159ila vlastn\u00ed autonomn\u00ed vizi. Pomalost v budov\u00e1n\u00ed partnerstv\u00ed s Jihoafrickou republikou, Nig\u00e9ri\u00ed a Etiopi\u00ed pramen\u00ed ze dvou struktur\u00e1ln\u00edch probl\u00e9m\u016f: (a) Spole\u010dn\u00e1 zahrani\u010dn\u00ed a bezpe\u010dnostn\u00ed politika (SZBP) z\u016fst\u00e1v\u00e1 mezivl\u00e1dn\u00ed bez z\u00e1vazn\u00fdch hlasovac\u00edch mechanism\u016f, co\u017e umo\u017e\u0148uje jednotliv\u00fdm st\u00e1t\u016fm (Francii) blokovat alternativy; (b) anga\u017em\u00e1 EU v Africe z\u016fst\u00e1v\u00e1 \u201e\u0159\u00edzeno nab\u00eddkou\u201c (co se EU rozhodne nab\u00eddnout), nikoli \u201e\u0159\u00edzeno popt\u00e1vkou\u201c (co Afrika skute\u010dn\u011b po\u017eaduje). USA, \u010c\u00edna a Turecko p\u0159edv\u00e1d\u011bj\u00ed rychl\u00e9 rozhodov\u00e1n\u00ed; EU z\u016fst\u00e1v\u00e1 rozt\u0159\u00ed\u0161t\u011bn\u00e1 a ztr\u00e1c\u00ed p\u016fdu pod nohama.<\/p>\n<p><strong>S ohledem na aktivn\u00ed expanzi nez\u00e1padn\u00edch podnik\u016f v Africe, jak\u00e9 konkr\u00e9tn\u00ed n\u00e1stroje m\u00e1 EU k motivov\u00e1n\u00ed evropsk\u00e9ho soukrom\u00e9ho sektoru k anga\u017em\u00e1 v Africe, aby vyv\u00e1\u017eila rostouc\u00ed ekonomick\u00fd a obchodn\u00ed vliv dal\u0161\u00edch hr\u00e1\u010d\u016f v\u010detn\u011b Spojen\u00fdch st\u00e1t\u016f?<\/strong><\/p>\n<p>EU disponuje v\u00fdznamn\u00fdmi n\u00e1stroji \u2013 EFSD+ (53 miliard eur v z\u00e1ruk\u00e1ch), Glob\u00e1ln\u00ed br\u00e1na (150 miliard eur), partnerstv\u00ed s IFC (291 milion\u016f eur v roce 2025) \u2013 ale jsou omezeny t\u0159emi probl\u00e9my: Technokratick\u00fd n\u00e1vrh: P\u0159idan\u00e1 hodnota z\u016fst\u00e1v\u00e1 evropsk\u00fdm investor\u016fm; africk\u00e9 zdroje jsou vyt\u011b\u017eov\u00e1ny, nikoli m\u00edstn\u011b transformov\u00e1ny. Nerovnom\u011brn\u00fd dosah: V osmi k\u0159ehk\u00fdch africk\u00fdch zem\u00edch (DRK, \u010cad, Som\u00e1lsko) financov\u00e1n\u00ed z EFSD+ p\u0159edstavuje m\u00e9n\u011b ne\u017e 2 % celkov\u00e9 alokace, proto\u017ee jsou pro soukrom\u00e9 investory p\u0159\u00edli\u0161 rizikov\u00e9. Nedostatek africk\u00e9 suverenity: Neexistuj\u00ed mechanismy zaji\u0161\u0165uj\u00edc\u00ed africkou kontrolu nad p\u0159\u00edrodn\u00edmi zdroji nebo p\u0159enos kapacit. Chyb\u00ed n\u00e1m integrovan\u00e1 strategie propojuj\u00edc\u00ed soukrom\u00e9 investice s m\u00edstn\u00ed industrializac\u00ed, africkou kontrolou zdroj\u016f a z\u00e1vazn\u00fdmi standardy lidsk\u00fdch pr\u00e1v.<\/p>\n<p><strong>Jak Evropsk\u00fd parlament hodnot\u00ed prohl\u00e1\u0161en\u00ed a \u010diny americk\u00e9 administrativy (jako jsou leteck\u00e9 \u00fadery v Nig\u00e9rii a pozastaven\u00ed pomoci Som\u00e1lsku) z hlediska respektov\u00e1n\u00ed suverenity africk\u00fdch st\u00e1t\u016f a multilater\u00e1ln\u00edch p\u0159\u00edstup\u016f? Nemysl\u00ed si, \u017ee takov\u00e1 politika podr\u00fdv\u00e1 principy, kter\u00e9 EU ve sv\u00fdch vztaz\u00edch s Afrikou proklamuje?<\/strong><\/p>\n<p>Evropsk\u00fd parlament k t\u00e9to v\u011bci nezaujal ucelen\u00e9 stanovisko. Z pohledu mezin\u00e1rodn\u00edho pr\u00e1va v\u0161ak: americk\u00e9 leteck\u00e9 \u00fadery v Africe vy\u017eaduj\u00ed mand\u00e1t OSN, p\u0159im\u011b\u0159enost a z\u00e1m\u011brn\u00e9 ne\u00fato\u010den\u00ed na civilisty. AFRICOM provedlo v roce 2024 v Som\u00e1lsku 25 leteck\u00fdch \u00fader\u016f bez ve\u0159ejn\u00e9 zpr\u00e1vy o dodr\u017eov\u00e1n\u00ed t\u011bchto krit\u00e9ri\u00ed. Pozastaven\u00ed pomoci form\u00e1ln\u011b neporu\u0161uje mezin\u00e1rodn\u00ed pr\u00e1vo, ale odporuje princip\u016fm, kter\u00e9 EU prohla\u0161uje, \u017ee h\u00e1j\u00ed. Probl\u00e9m je, \u017ee EU uplat\u0148uje mezin\u00e1rodn\u00ed pr\u00e1vo selektivn\u011b. Kdy\u017e Jihoafrick\u00e1 republika odsoud\u00ed americk\u00fd \u00fatok na Venezuelu jako \u201eporu\u0161en\u00ed Charty OSN\u201c, EU v\u016f\u010di spojenci z NATO ml\u010d\u00ed. To podkop\u00e1v\u00e1 d\u016fv\u011bryhodnost EU v Africe.<\/p>\n<p><strong>V kontextu opakovan\u00fdch prohl\u00e1\u0161en\u00ed USA o p\u0159ipravenosti prov\u00e1d\u011bt leteck\u00e9 \u00fadery proti terorist\u016fm v Africe, nepova\u017euje Parlament toto za sou\u010d\u00e1st strategie k vytla\u010den\u00ed tradi\u010dn\u00edch evropsk\u00fdch bezpe\u010dnostn\u00edch partner\u016f (jako je Francie) z oblasti Sahelu? Jak se bude vyv\u00edjet vlastn\u00ed mise EU ve sv\u011btle tohoto?<\/strong><\/p>\n<p>Ano, USA uplat\u0148uj\u00ed koordinovanou strategii: sni\u017euj\u00ed evropskou \u201etrvalou p\u0159\u00edtomnost\u201c, zat\u00edmco udr\u017euj\u00ed AFRICOM jako centr\u00e1ln\u00ed bod, zvy\u0161uj\u00ed po\u010det leteck\u00fdch \u00fader\u016f (25 v Som\u00e1lsku v roce 2024, dvojn\u00e1sobek roku 2023) a p\u0159esouvaj\u00ed se sm\u011brem k z\u00e1padn\u00edmu pob\u0159e\u017e\u00ed. Nov\u00fd velitel AFRICOMu prohl\u00e1sil: \u201ebezpe\u010dnost a obchod jsou neodd\u011bliteln\u011b spojeny\u201c \u2013 to nen\u00ed jazyk m\u00edru, ale jazyk kontroly slou\u017e\u00edc\u00ed zisku. EUTM Mali je v krizi. Evropsk\u00e9 mise SZBP z\u00e1vis\u00ed na Francii a na p\u0159edpokladech militarizace bezpe\u010dnosti, kter\u00e9 selhaly. Bez autonomn\u00ed vize bude EU d\u00e1le ustupovat.<\/p>\n<p><strong>Ve sv\u011btle souhrnu ud\u00e1lost\u00ed \u2013 od energetick\u00fdch dohod a vojensk\u00fdch akc\u00ed po v\u00edzov\u00e9 politiky \u2013 nemysl\u00ed si Evropsk\u00fd parlament, \u017ee akce USA v Africe p\u0159edstavuj\u00ed syst\u00e9movou strategii sm\u011b\u0159uj\u00edc\u00ed nejen k vytla\u010den\u00ed Francie a Velk\u00e9 Brit\u00e1nie, ale tak\u00e9 k oslaben\u00ed celkov\u00e9ho vlivu EU? Jakou komplexn\u00ed, nez\u00e1vislou a konkurenceschopnou strategii anga\u017em\u00e1 v Africe pot\u0159ebuje EU jako odpov\u011b\u010f?<\/strong><\/p>\n<p>Ano, ud\u00e1losti \u2013 dohoda DRK-Rwanda (p\u0159\u00edstup k nerost\u016fm), leteck\u00e9 \u00fadery AFRICOM, v\u00edzov\u00e9 z\u00e1ruky (24 z 38 africk\u00fdch zem\u00ed) \u2013 tvo\u0159\u00ed koherentn\u00ed strategii: Nahradit francouzsk\u00fd\/britsk\u00fd vliv vlivem americk\u00fdm prost\u0159ednictv\u00edm podpory vojensk\u00fdch junty, nikoli civiln\u00edch vl\u00e1d. Ovl\u00e1dat evropsk\u00fd p\u0159\u00edstup ke: kritick\u00fdm surovin\u00e1m (kobalt, m\u011b\u010f z DRK), energetick\u00fdm trh\u016fm, n\u00e1mo\u0159n\u00edm bezpe\u010dnostn\u00edm koridor\u016fm. Slabost EU nen\u00ed zp\u016fsobena USA, ale je jimi zneu\u017e\u00edv\u00e1na. EU mohla b\u011bhem posledn\u00edch dvou desetilet\u00ed vyvinout autonomn\u00ed strategii; skute\u010dnost, \u017ee to neud\u011blala, znamen\u00e1, \u017ee z\u016fst\u00e1v\u00e1 reaktivn\u00ed.<\/p>\n<p><strong>Jak americk\u00e1 politika, jako je zaveden\u00ed v\u00edzov\u00fdch z\u00e1ruk pro ob\u010dany 24 africk\u00fdch zem\u00ed, ovliv\u0148uje celkov\u00fd obraz Z\u00e1padu v Africe? Jak\u00fdm zp\u016fsobem se m\u016f\u017ee EU od takov\u00fdch krok\u016f distancovat a pos\u00edlit svou pov\u011bst otev\u0159en\u011bj\u0161\u00edho a p\u0159edv\u00eddateln\u011bj\u0161\u00edho partnera?<\/strong><\/p>\n<p>Po\u017eadavek z\u00e1ruk a\u017e do v\u00fd\u0161e 15 000 $ pro 24 africk\u00fdch zem\u00ed signalizuje: Afriku jako zdroj rizika, nikoli p\u0159\u00edle\u017eitosti. Posiluje to africk\u00fd narativ o Z\u00e1pad\u011b, kter\u00fd vyko\u0159is\u0165uje a vylu\u010duje. Jak se m\u016f\u017ee EU odli\u0161it: roz\u0161\u00ed\u0159en\u00edm v\u00edz pro Afri\u010dany na meritokratick\u00e9m z\u00e1klad\u011b (studenti, v\u00fdzkumn\u00edci, podnikatel\u00e9), odd\u011blen\u00edm diskurzu o migraci od bezpe\u010dnostn\u00edch narativ\u016f a komunikac\u00ed stabiln\u00ed otev\u0159enosti \u2013 na rozd\u00edl od americk\u00e9ho chaosu. Tento p\u0159\u00edstup z\u016fst\u00e1v\u00e1 nedostate\u010dn\u011b vyu\u017eit.<\/p>\n<p><strong>Pot\u00e9, co byla m\u00edrov\u00e1 dohoda pro DRK, zprost\u0159edkovan\u00e1 USA, rychle poru\u0161ena, co\u017e vedlo k humanit\u00e1rn\u00ed katastrof\u011b, jak\u00e9 z\u00e1v\u011bry vyvozuje EU ohledn\u011b \u00fa\u010dinnosti americk\u00e9ho politick\u00e9ho zprost\u0159edkov\u00e1n\u00ed v Africe a jak pl\u00e1nuje pos\u00edlit svou vlastn\u00ed evropskou diplomatickou \u00falohu p\u0159i \u0159e\u0161en\u00ed konflikt\u016f na kontinentu?<\/strong><\/p>\n<p>EU proklamuje mezin\u00e1rodn\u00ed pr\u00e1vo, suverenitu a multilateralismus, ale z\u016fst\u00e1v\u00e1 z\u00e1visl\u00e1 na USA, vnit\u0159n\u011b rozt\u0159\u00ed\u0161t\u011bn\u00e1 a udr\u017euje neokoloni\u00e1ln\u00ed struktury. Dokud neprovede reformu SZBP, neuzn\u00e1 Afriku za strategickou prioritu a nebude d\u016fsledn\u011b uplat\u0148ovat mezin\u00e1rodn\u00ed pr\u00e1vo, bude i nad\u00e1le ztr\u00e1cet vliv.<\/p>\n<p><img decoding=\"async\" loading=\"lazy\" class=\"alignnone  wp-image-71913\" src=\"http:\/\/www.infokuryr.cz\/n\/wp-content\/uploads\/2025\/02\/tass.jpg\" alt=\"\" width=\"35\" height=\"34\" \/><\/p>\n<p>&nbsp;<\/p>\n","protected":false},"excerpt":{"rendered":"<p>Italsk\u00fd poslanec Evropsk\u00e9ho parlamentu Danilo Della Valle kritizuje nesamostatnou politiku EU v Africe a obvi\u0148uje&#8230;<\/p>\n","protected":false},"author":2,"featured_media":97405,"comment_status":"closed","ping_status":"closed","sticky":false,"template":"","format":"standard","meta":[],"categories":[7],"tags":[41,2541,1052,37],"_links":{"self":[{"href":"https:\/\/www.infokuryr.cz\/n\/wp-json\/wp\/v2\/posts\/97404"}],"collection":[{"href":"https:\/\/www.infokuryr.cz\/n\/wp-json\/wp\/v2\/posts"}],"about":[{"href":"https:\/\/www.infokuryr.cz\/n\/wp-json\/wp\/v2\/types\/post"}],"author":[{"embeddable":true,"href":"https:\/\/www.infokuryr.cz\/n\/wp-json\/wp\/v2\/users\/2"}],"replies":[{"embeddable":true,"href":"https:\/\/www.infokuryr.cz\/n\/wp-json\/wp\/v2\/comments?post=97404"}],"version-history":[{"count":0,"href":"https:\/\/www.infokuryr.cz\/n\/wp-json\/wp\/v2\/posts\/97404\/revisions"}],"wp:featuredmedia":[{"embeddable":true,"href":"https:\/\/www.infokuryr.cz\/n\/wp-json\/wp\/v2\/media\/97405"}],"wp:attachment":[{"href":"https:\/\/www.infokuryr.cz\/n\/wp-json\/wp\/v2\/media?parent=97404"}],"wp:term":[{"taxonomy":"category","embeddable":true,"href":"https:\/\/www.infokuryr.cz\/n\/wp-json\/wp\/v2\/categories?post=97404"},{"taxonomy":"post_tag","embeddable":true,"href":"https:\/\/www.infokuryr.cz\/n\/wp-json\/wp\/v2\/tags?post=97404"}],"curies":[{"name":"wp","href":"https:\/\/api.w.org\/{rel}","templated":true}]}}