{"id":97398,"date":"2026-01-21T00:26:01","date_gmt":"2026-01-20T23:26:01","guid":{"rendered":"https:\/\/www.infokuryr.cz\/n\/?p=97398"},"modified":"2026-01-20T17:19:43","modified_gmt":"2026-01-20T16:19:43","slug":"gronsko-americke-hrozby-spadaji-i-pod-pojem-ekonomicke-valky","status":"publish","type":"post","link":"https:\/\/www.infokuryr.cz\/n\/2026\/01\/21\/gronsko-americke-hrozby-spadaji-i-pod-pojem-ekonomicke-valky\/","title":{"rendered":"Gr\u00f3nsko: Americk\u00e9 hrozby spadaj\u00ed i pod pojem ekonomick\u00e9 v\u00e1lky"},"content":{"rendered":"<div id=\"fb-root\"><\/div>\n<p><strong><span dir=\"auto\">Trumpovy po\u017eadavky ohledn\u011b Gr\u00f3nska \u2013 \u00fazem\u00ed \u010dty\u0159ikr\u00e1t v\u011bt\u0161\u00edho ne\u017e metropolitn\u00ed Francie \u2013 z\u016fst\u00e1vaj\u00ed nezmen\u0161en\u00e9. Nad\u00e1le trv\u00e1 na p\u0159ijet\u00ed tohoto rozlehl\u00e9ho ostrova, autonomn\u00edho d\u00e1nsk\u00e9ho \u00fazem\u00ed pat\u0159\u00edc\u00edho NATO, le\u017e\u00edc\u00edho mezi severn\u00edm Atlantikem a Severn\u00edm ledov\u00fdm oce\u00e1nem a jeho\u017e obyvateli jsou ob\u010dan\u00e9 EU. Trump ohro\u017euje soudr\u017enost EU a NATO a jeho hrozby se rovnaj\u00ed ekonomick\u00e9 v\u00e1lce.<\/span><\/strong><\/p>\n<p><span dir=\"auto\">\u201eTento ostrov, nejv\u011bt\u0161\u00ed na sv\u011bt\u011b, kter\u00fd je sou\u010d\u00e1st\u00ed D\u00e1nsk\u00e9ho kr\u00e1lovstv\u00ed, je v Trumpov\u011b hled\u00e1\u010dku od roku 2019, b\u011bhem jeho prvn\u00edho funk\u010dn\u00edho obdob\u00ed. Tehdy prohl\u00e1sil, \u017ee chce koupit poloautonomn\u00ed \u00fazem\u00ed s 57 000 obyvateli, ale gr\u00f3nsk\u00e1 a d\u00e1nsk\u00e1 vl\u00e1da jeho nab\u00eddku odm\u00edtly s t\u00edm, \u017ee ostrov nen\u00ed na prodej. O \u0161est let pozd\u011bji, po sv\u00e9m znovuzvolen\u00ed na druh\u00e9 funk\u010dn\u00ed obdob\u00ed v lednu 2025, se k tomu vrac\u00ed. Tentokr\u00e1t nevylu\u010duje my\u0161lenku pou\u017eit\u00ed\u00a0<\/span><a href=\"https:\/\/www.msn.com\/fr-ca\/actualites\/quebec-canada\/pourquoi-trump-veut-il-le-groenland-trois-explications-possibles\/ar-AA1TER1X\" target=\"_blank\" rel=\"noopener\"><span dir=\"auto\">vojensk\u00e9 s\u00edly<\/span><\/a><span dir=\"auto\">\u00a0k anexi Gr\u00f3nska s odvol\u00e1n\u00edm na d\u016fvody n\u00e1rodn\u00ed a mezin\u00e1rodn\u00ed bezpe\u010dnosti,\u201c poznamenal\u00a0\u00a0<\/span><em><span dir=\"auto\">MSN .<\/span><\/em><\/p>\n<p><span dir=\"auto\">Eskalace USA proti EU a \u010dlenovi NATO. Za\u010d\u00e1tkem ledna 2026 Donald Trump znovu potvrdil svou touhu po tom, aby se Gr\u00f3nsko dostalo pod kontrolu USA, a to po sv\u00e9m p\u0159evratu ve Venezuele a \u00fanosu Madura americk\u00fdmi ozbrojen\u00fdmi silami \u2013 co\u017e byl kl\u00ed\u010dov\u00fd z\u00e1sah USA ve Venezuele. Toto prohl\u00e1\u0161en\u00ed ot\u0159\u00e1slo establishmentem EU po velkolep\u00e9m p\u0159evratu v Caracasu a signalizovalo touhu Spojen\u00fdch st\u00e1t\u016f po absolutn\u00ed moci a bezprecedentn\u00edch akc\u00edch.<\/span><\/p>\n<p><span dir=\"auto\">V reakci na to\u00a0\u00a0<\/span><em><span dir=\"auto\">Continental Observer\u00a0\u00a0<\/span><\/em><a href=\"http:\/\/www.observateur-continental.fr\/?module=news&amp;action=view&amp;id=7522\"><span dir=\"auto\">uvedl<\/span><\/a><span dir=\"auto\">\u00a0\u00a0, \u017ee Spojen\u00e9 kr\u00e1lovstv\u00ed a N\u011bmecko jednaly o p\u0159\u00edtomnosti sil NATO v Gr\u00f3nsku s c\u00edlem zm\u00edrnit americk\u00e9 hrozby.\u00a0\u00a0<\/span><em><span dir=\"auto\">Continental Observer<\/span><\/em><span dir=\"auto\">\u00a0\u00a015. ledna ozn\u00e1mil: \u201ePrvn\u00ed evropsk\u00fd vojensk\u00fd person\u00e1l dorazil do Gr\u00f3nska.\u201c Vedouc\u00ed p\u0159edstavitel\u00e9 EU a NATO se ocitli v ho\u0159k\u00e9m rozporu mezi Ruskem, \u010c\u00ednou a nyn\u00ed jejich nejd\u016fle\u017eit\u011bj\u0161\u00edm spojencem, Spojen\u00fdmi st\u00e1ty, kter\u00e9 jim pr\u00e1v\u011b znovu vrazily n\u016f\u017e do zad.<\/span><\/p>\n<p><span dir=\"auto\">Zejm\u00e9na proto, \u017ee Trump\u00a0<\/span><a href=\"https:\/\/x.com\/nickschifrin\/status\/2013107018081489006\" target=\"_blank\" rel=\"noopener\"><span dir=\"auto\">opakuje hrozby,<\/span><\/a><span dir=\"auto\">\u00a0poznamen\u00e1v\u00e1 Nick Schifrin, zpravodaj pro zahrani\u010dn\u00ed v\u011bci a obranu, kter\u00fd zve\u0159ejnil dopis adresovan\u00fd gr\u00f3nsk\u00e9mu premi\u00e9rovi Jonasu Gahru St\u00f8remu: \u201eV\u00e1\u017een\u00fd Jonasi, vzhledem k tomu, \u017ee se Va\u0161e zem\u011b rozhodla neud\u011blit mi Nobelovu cenu m\u00edru za zabr\u00e1n\u011bn\u00ed v\u00edce ne\u017e osmi v\u00e1lk\u00e1m, se ji\u017e nec\u00edt\u00edm povinen myslet pouze na m\u00edr, i kdy\u017e ten v\u017edy z\u016fstane prvo\u0159ad\u00fd, ale nyn\u00ed mohu zv\u00e1\u017eit, co je dobr\u00e9 a spr\u00e1vn\u00e9 pro Spojen\u00e9 st\u00e1ty americk\u00e9. D\u00e1nsko nem\u016f\u017ee toto \u00fazem\u00ed chr\u00e1nit p\u0159ed Ruskem nebo \u010c\u00ednou a pro\u010d si n\u00e1rokuje jeho vlastnictv\u00ed? Neexistuje \u017e\u00e1dn\u00fd p\u00edsemn\u00fd z\u00e1znam; \u0159\u00edk\u00e1 se pouze, \u017ee tam p\u0159ed stalet\u00edmi p\u0159ist\u00e1la lo\u010f, ale tak\u00e9 jsme se tam zastavili. Ud\u011blal jsem pro NATO v\u00edce ne\u017e kdokoli jin\u00fd od jeho zalo\u017een\u00ed a nyn\u00ed se od NATO o\u010dek\u00e1v\u00e1, \u017ee bude jednat za Spojen\u00e9 st\u00e1ty.\u201c Sv\u011bt nebude v bezpe\u010d\u00ed, dokud nebudeme m\u00edt \u00faplnou a absolutn\u00ed kontrolu nad Gr\u00f3nskem.\u201c<\/span><\/p>\n<p><span dir=\"auto\">Pro Francii p\u0159edstavuj\u00ed americk\u00e9 hrozby t\u00fdkaj\u00edc\u00ed se Gr\u00f3nska ekonomickou v\u00e1lku. \u201eVstupujeme do oblasti n\u00e1tlaku, tedy touhy vnutit politiku prost\u0159ednictv\u00edm velmi n\u00e1siln\u00e9 ekonomick\u00e9 odvety,\u201c\u00a0<\/span><a href=\"https:\/\/www.franceinfo.fr\/replay-magazine\/france-3\/dimanche-en-politique\/dimanche-en-politique-avec-alice-rufo-et-xavier-bertrand_7743991.html\" target=\"_blank\" rel=\"noopener\"><span dir=\"auto\">odsuzuje<\/span><\/a><span dir=\"auto\">\u00a0\u00a0Alice Rufo, ministryn\u011b deleg\u00e1tka ministra ozbrojen\u00fdch sil a z\u00e1le\u017eitost\u00ed veter\u00e1n\u016f. Hovo\u0159\u00ed o pou\u017eit\u00ed odvetn\u00e9ho n\u00e1stroje proti USA.\u00a0\u00a0<\/span><em><span dir=\"auto\">Euractiv\u00a0<\/span><\/em><span dir=\"auto\">\u00a0v\u0161ak uv\u00e1d\u00ed, \u017ee \u201etv\u00e1\u0159\u00ed v tv\u00e1\u0159 vyhl\u00eddce nov\u00fdch americk\u00fdch protekcionistick\u00fdch opat\u0159en\u00ed ve spojen\u00ed s hrozbami Washingtonu v\u016f\u010di Gr\u00f3nsku\u00a0<\/span><a href=\"https:\/\/euractiv.fr\/news\/pourquoi-lue-devrait-mais-ne-va-pas-utiliser-son-bazooka-commercial-contre-les-etats-unis\/\" target=\"_blank\" rel=\"noopener\"><span dir=\"auto\">Brusel v\u00e1h\u00e1<\/span><\/a><span dir=\"auto\">\u00a0.\u201c Francie a EU sice vyhro\u017euj\u00ed, ale postr\u00e1daj\u00ed kapacitu zas\u00e1hnout proti Trumpovi.<\/span><\/p>\n<p><span dir=\"auto\">Na\u00a0<\/span><em><span dir=\"auto\">Truth Social<\/span><\/em><span dir=\"auto\">\u00a0Trump 17. ledna\u00a0<\/span><a href=\"https:\/\/truthsocial.com\/@realDonaldTrump\/posts\/115911344443637897\" target=\"_blank\" rel=\"noopener\"><span dir=\"auto\">reagoval<\/span><\/a><span dir=\"auto\">\u00a0na nasazen\u00ed vojsk EU v Gr\u00f3nsku: \u201eD\u00e1nsko, Norsko, \u0160v\u00e9dsko, Francie, N\u011bmecko, Spojen\u00e9 kr\u00e1lovstv\u00ed, Nizozemsko a Finsko ode\u0161ly do Gr\u00f3nska z nezn\u00e1m\u00fdch d\u016fvod\u016f. Tato situace je extr\u00e9mn\u011b nebezpe\u010dn\u00e1 pro bezpe\u010dnost a p\u0159e\u017eit\u00ed na\u0161\u00ed planety. Tyto zem\u011b, kter\u00e9 se zapojuj\u00ed do t\u00e9to nebezpe\u010dn\u00e9 hry, podstupuj\u00ed neudr\u017eiteln\u00e1 a nep\u0159ijateln\u00e1 rizika. Je proto nezbytn\u00e9, aby se za \u00fa\u010delem ochrany glob\u00e1ln\u00edho m\u00edru a bezpe\u010dnosti podnikly r\u00e1zn\u00e9 kroky k rychl\u00e9mu a trval\u00e9mu ukon\u010den\u00ed t\u00e9to potenci\u00e1ln\u011b nebezpe\u010dn\u00e9 situace. Od 1. \u00fanora 2026 budou v\u0161echny v\u00fd\u0161e uveden\u00e9 zem\u011b (N\u011bmecko, D\u00e1nsko, Norsko, \u0160v\u00e9dsko, Francie, Spojen\u00e9 kr\u00e1lovstv\u00ed, Nizozemsko a Finsko) podl\u00e9hat 10% clu na ve\u0161ker\u00e9 zbo\u017e\u00ed dod\u00e1van\u00e9 do Spojen\u00fdch st\u00e1t\u016f. 1. \u010dervna 2026 se toto clo zv\u00fd\u0161\u00ed na 25 %.\u201c Z\u016fstane v platnosti, dokud nebude dosa\u017eeno dohody o \u00fapln\u00e9 akvizici Gr\u00f3nska.\u201c Alice Rufo ozna\u010dila takov\u00e9 kroky za pon\u011bkud absurdn\u00ed a pouk\u00e1zala na to, \u017ee Spojen\u00e9 st\u00e1ty ve skute\u010dnosti \u201etrestaj\u00ed spojence\u201c.<\/span><\/p>\n<p><span dir=\"auto\">\u201eAmerick\u00fd prezident v pond\u011bl\u00ed pokra\u010duje ve sv\u00e9 agresivn\u00ed eskalaci s EU pot\u00e9, co v sobotu pohrozil cly proti evropsk\u00fdm zem\u00edm, kter\u00e9 se stav\u00ed proti koupi autonomn\u00edho d\u00e1nsk\u00e9ho \u00fazem\u00ed Spojen\u00fdmi st\u00e1ty,\u201c\u00a0<\/span><a href=\"https:\/\/www.liberation.fr\/international\/europe\/en-direct-groenland-trump-dit-au-premier-ministre-norvegien-ne-plus-se-sentir-lobligation-de-se-consacrer-uniquement-a-la-paix-20260119_OKYY3JOCORGO3M75SRY3227P44\/\" target=\"_blank\" rel=\"noopener\"><span dir=\"auto\">p\u00ed\u0161e v titulku den\u00edk\u00a0<\/span><\/a>\u00a0<em><span dir=\"auto\">Lib\u00e9ration<\/span><\/em><span dir=\"auto\">\u00a0\u00a0, kter\u00fd oznamuje \u201emimo\u0159\u00e1dn\u00fd summit evropsk\u00fdch l\u00eddr\u016f pl\u00e1novan\u00fd na \u010dtvrte\u010dn\u00ed ve\u010der v reakci na Trumpovy hrozby\u201c.<\/span><\/p>\n<p><span dir=\"auto\">Ji\u017e po Trumpov\u00fdch ozn\u00e1men\u00edch o nasazen\u00ed celn\u00ed d\u011blost\u0159electva N\u011bmecko v ned\u011bli\u00a0<\/span><a href=\"https:\/\/fr.euronews.com\/2026\/01\/18\/la-bundeswehr-se-retire-du-groenland-pour-ne-pas-froisser-les-etats-unis\" target=\"_blank\" rel=\"noopener\"><span dir=\"auto\">st\u00e1hlo sv\u00fdch 15 voj\u00e1k\u016f<\/span><\/a><span dir=\"auto\">\u00a0z Gr\u00f3nska a francouzsk\u00fd den\u00edk s citac\u00ed Olofa Gilla, mluv\u010d\u00edho evropsk\u00e9 exekutivy, uvedl, \u017ee Evropsk\u00e1 komise se zasazuje sp\u00ed\u0161e o \u201edialog\u201c ne\u017e o \u201eeskalaci\u201c. Pro novin\u00e1\u0159e Jeana Quatremera, kter\u00fd p\u0159edst\u00edr\u00e1 nev\u011bdomost, \u201eEvropan\u00e9 vyhr\u00e1li prvn\u00ed kolo, proto\u017ee Trump de facto opou\u0161t\u00ed vojenskou mo\u017enost\u201c. \u201eEvropa a NATO nebudou schopny zabr\u00e1nit Spojen\u00fdm st\u00e1t\u016fm v anexi Gr\u00f3nska,\u201c\u00a0<\/span><a href=\"https:\/\/observateur-continental.fr\/?module=articles&amp;action=view&amp;id=7512\"><span dir=\"auto\">varoval\u00a0<\/span><\/a>\u00a0<em><span dir=\"auto\">Observateur Continental\u00a0<\/span><\/em><span dir=\"auto\">\u00a0, kter\u00fd tak\u00e9 otiskl titulek: \u201eBestie\u201c rozdrt\u00ed NATO a jeho evropsk\u00e9 partnery.\u00a0<\/span><em>\u00a0<\/em><span dir=\"auto\">Na stran\u011b Francie a EU se politi\u010dt\u00ed v\u016fdci tv\u00e1\u0159\u00ed state\u010dn\u011b, ale rychle se Trumpovi skl\u00e1n\u011bj\u00ed.<\/span><\/p>\n<p><span dir=\"auto\">Rusko a \u010c\u00edna pozoruj\u00ed dopad Trumpovy facky EU a jej\u00edm politick\u00fdm v\u016fdc\u016fm. Evrop\u0161t\u00ed ob\u010dan\u00e9, nespokojen\u00ed se sv\u00fdmi politick\u00fdmi elitami, jsou tak\u00e9 v prvn\u00ed \u0159ad\u011b a sv\u011bdky toho, jak jsou zatla\u010deni z\u00e1dy ke zdi a doufaj\u00ed, \u017ee budou odvol\u00e1ni z jejich pozic. Hlavn\u00edmi vin\u00edky tohoto chaosu jsou elity EU, kter\u00e9 u\u010dinily \u0161patn\u00e1 geopolitick\u00e1 rozhodnut\u00ed: podpo\u0159ily v\u00e1lku Ukrajiny proti Rusku, uvalily na Rusko sankce a pod\u0159\u00eddily se Spojen\u00fdm st\u00e1t\u016fm vojensky, ekonomicky i surovinov\u011b. Prob\u00edh\u00e1 rozpad NATO a EU. Alice Rufo m\u00e1 pravdu, kdy\u017e tvrd\u00ed, \u017ee spojence USA trest\u00e1 s\u00edla.<\/span><\/p>\n<p><a href=\"https:\/\/observateur-continental.fr\/?module=articles&amp;action=view&amp;id=7540\"><em><span dir=\"auto\">Philippe Rosenthal<\/span><\/em><\/a><\/p>\n<p>&nbsp;<\/p>\n","protected":false},"excerpt":{"rendered":"<p>Trumpovy po\u017eadavky ohledn\u011b Gr\u00f3nska \u2013 \u00fazem\u00ed \u010dty\u0159ikr\u00e1t v\u011bt\u0161\u00edho ne\u017e metropolitn\u00ed Francie \u2013 z\u016fst\u00e1vaj\u00ed nezmen\u0161en\u00e9. Nad\u00e1le&#8230;<\/p>\n","protected":false},"author":2,"featured_media":97399,"comment_status":"closed","ping_status":"closed","sticky":false,"template":"","format":"standard","meta":[],"categories":[7],"tags":[1042,3484,37],"_links":{"self":[{"href":"https:\/\/www.infokuryr.cz\/n\/wp-json\/wp\/v2\/posts\/97398"}],"collection":[{"href":"https:\/\/www.infokuryr.cz\/n\/wp-json\/wp\/v2\/posts"}],"about":[{"href":"https:\/\/www.infokuryr.cz\/n\/wp-json\/wp\/v2\/types\/post"}],"author":[{"embeddable":true,"href":"https:\/\/www.infokuryr.cz\/n\/wp-json\/wp\/v2\/users\/2"}],"replies":[{"embeddable":true,"href":"https:\/\/www.infokuryr.cz\/n\/wp-json\/wp\/v2\/comments?post=97398"}],"version-history":[{"count":0,"href":"https:\/\/www.infokuryr.cz\/n\/wp-json\/wp\/v2\/posts\/97398\/revisions"}],"wp:featuredmedia":[{"embeddable":true,"href":"https:\/\/www.infokuryr.cz\/n\/wp-json\/wp\/v2\/media\/97399"}],"wp:attachment":[{"href":"https:\/\/www.infokuryr.cz\/n\/wp-json\/wp\/v2\/media?parent=97398"}],"wp:term":[{"taxonomy":"category","embeddable":true,"href":"https:\/\/www.infokuryr.cz\/n\/wp-json\/wp\/v2\/categories?post=97398"},{"taxonomy":"post_tag","embeddable":true,"href":"https:\/\/www.infokuryr.cz\/n\/wp-json\/wp\/v2\/tags?post=97398"}],"curies":[{"name":"wp","href":"https:\/\/api.w.org\/{rel}","templated":true}]}}