{"id":97376,"date":"2026-01-21T00:18:50","date_gmt":"2026-01-20T23:18:50","guid":{"rendered":"https:\/\/www.infokuryr.cz\/n\/?p=97376"},"modified":"2026-01-20T11:29:24","modified_gmt":"2026-01-20T10:29:24","slug":"jonathan-cook-genocida-neni-chyba-proto-vam-media-nemohou-rict-pravdu-o-gaze","status":"publish","type":"post","link":"https:\/\/www.infokuryr.cz\/n\/2026\/01\/21\/jonathan-cook-genocida-neni-chyba-proto-vam-media-nemohou-rict-pravdu-o-gaze\/","title":{"rendered":"Jonathan Cook: Genocida nen\u00ed chyba. Proto v\u00e1m m\u00e9dia nemohou \u0159\u00edct pravdu o Gaze"},"content":{"rendered":"<div id=\"fb-root\"><\/div>\n<div class=\"elementor-element elementor-element-1fb4c2c elementor-widget elementor-widget-theme-post-content\" data-id=\"1fb4c2c\" data-element_type=\"widget\" data-widget_type=\"theme-post-content.default\">\n<div class=\"elementor-widget-container\">\n<p><span dir=\"auto\">Nov\u00fd film o vra\u017ed\u011b Hind Rajab odhaluje hluboce nemocnou izraelskou spole\u010dnost, zahnanou do nejtemn\u011bj\u0161\u00edch hlubin rasistickou ideologi\u00ed, kter\u00e1 si cen\u00ed \u017eidovsk\u00fdch \u017eivot\u016f v\u00edce ne\u017e palestinsk\u00fdch.<\/span><\/p>\n<p><span dir=\"auto\">\u201eHlas Hind Rajab\u201c, strhuj\u00edc\u00ed a dramatizovan\u00e9 p\u0159evypr\u00e1v\u011bn\u00ed postupn\u00e9 vra\u017edy p\u011btilet\u00e9 Hind Rajab v Gaze, m\u00e1 p\u0159\u00ed\u0161t\u00ed t\u00fdden premi\u00e9ru v britsk\u00fdch kinech. Vyu\u017eijte t\u00e9to p\u0159\u00edle\u017eitosti a film zhl\u00e9dn\u011bte. Drtiv\u00e1 v\u011bt\u0161ina Ameri\u010dan\u016f tuto mo\u017enost nem\u011bla, kdy\u017e byl film minul\u00fd m\u011bs\u00edc uveden do britsk\u00fdch kin.<\/span><\/p>\n<p><span dir=\"auto\">Zde je to, co se s filmem stalo v USA (podle sloupka\u0159e New York Times M. Gessena):<\/span><\/p>\n<p><span dir=\"auto\">Film \u201eHlas Hind Rajab\u201c m\u011bl premi\u00e9ru na filmov\u00e9m festivalu v Ben\u00e1tk\u00e1ch v z\u00e1\u0159\u00ed a z\u00edskal Velkou cenu poroty, druh\u00e9 nejvy\u0161\u0161\u00ed ocen\u011bn\u00ed. O n\u011bkolik dn\u00ed pozd\u011bji byl s velk\u00fdm ohlasem prom\u00edt\u00e1n na Mezin\u00e1rodn\u00edm filmov\u00e9m festivalu v Torontu.<\/span><\/p>\n<p><span dir=\"auto\">Kontaktovaly je \u0161pi\u010dkov\u00e9 americk\u00e9 distribu\u010dn\u00ed spole\u010dnosti. Pak ale, jak mi \u0159ekly producentky Odessa Rae a Elizabeth Woodward, spole\u010dnosti postupn\u011b ustoupily.<\/span><\/p>\n<p><span dir=\"auto\">Woodward, kter\u00fd vlastn\u00ed malou distribu\u010dn\u00ed spole\u010dnost, nakonec zorganizoval jakousi samodistribuci. Film m\u00e1 ve st\u0159edu premi\u00e9ru v New Yorku a Los Angeles. Celosv\u011btov\u011b je film nominovan\u00fd na Oscara za nejlep\u0161\u00ed cizojazy\u010dn\u00fd film distribuov\u00e1n velk\u00fdmi distributory \u2013 s v\u00fdjimkou USA a Izraele. I to je forma koordinace.<\/span><\/p>\n<p><span dir=\"auto\">Toto je pravd\u011bpodobn\u011b nejjasn\u011bj\u0161\u00ed p\u0159izn\u00e1n\u00ed New York Times, \u017ee existuje izraelsk\u00e1 lobby a jej\u00ed mimo\u0159\u00e1dn\u00fd vliv na z\u00e1padn\u00ed kulturn\u00ed a informa\u010dn\u00ed krajinu.<\/span><\/p>\n<p><span dir=\"auto\">Je t\u00e9m\u011b\u0159 nemo\u017en\u00e9 naj\u00edt jakoukoli v\u00e1\u017enou kritiku izraelsk\u00e9ho st\u00e1tu, kter\u00fd (fale\u0161n\u011b) tvrd\u00ed, \u017ee reprezentuje \u017eidovsk\u00fd lid, kdekoli v bl\u00edzkosti mainstreamov\u00e9 americk\u00e9 kultury, i kdy\u017e se objev\u00ed v podob\u011b kritikou uzn\u00e1van\u00e9ho filmu, podpo\u0159en\u00e9ho Bradem Pittem a Joaquinem Phoenixem, kter\u00fd na filmov\u00e9m festivalu v Ben\u00e1tk\u00e1ch sklidil rekordn\u00edch 23 minut ovac\u00ed ve stoje.<\/span><\/p>\n<p><span dir=\"auto\">Proizraelsk\u00e9 lobbistick\u00e9 skupiny se n\u00e1s po cel\u00e1 desetilet\u00ed sna\u017e\u00ed p\u0159esv\u011bd\u010dit, \u017ee antisemitismus je na Z\u00e1pad\u011b roz\u0161\u00ed\u0159en\u00fd a projevuje se v odporu v\u016f\u010di Izraeli \u2013 toto poselstv\u00ed z\u00e1padn\u00ed m\u00e9dia neust\u00e1le posiluj\u00ed.<\/span><\/p>\n<p><span dir=\"auto\">Je pozoruhodn\u00e9, \u017ee \u00fadajn\u00e1 hrozba \u201eantisemitismu\u201c vzrostla pr\u00e1v\u011b v dob\u011b, kdy si st\u00e1le v\u011bt\u0161\u00ed \u010d\u00e1sti z\u00e1padn\u00ed ve\u0159ejnosti uv\u011bdomuj\u00ed, \u017ee Izrael uplat\u0148uje proti Palestinc\u016fm re\u017eim apartheidu a nyn\u00ed p\u00e1ch\u00e1 genocidu v p\u00e1smu Gazy.<\/span><\/p>\n<p><span dir=\"auto\">\u00dalohou t\u00e9to lobby, kter\u00e9 zaveden\u00e1 m\u00e9dia ochotn\u011b poskytuj\u00ed platformu, je ztoto\u017enit jak\u00fdkoli v\u00fdsledn\u00fd n\u00e1r\u016fst kritiky Izraele s n\u00e1r\u016fstem antisemitismu. \u0158e\u0161en\u00edm, a to nen\u00ed t\u0159eba zmi\u0148ovat, je potla\u010dit kritiku Izraele, aby se antisemitismus sn\u00ed\u017eil.<\/span><\/p>\n<p><span dir=\"auto\">Vzhledem k tomu, \u017ee tato logika p\u0159evl\u00e1d\u00e1 v z\u00e1padn\u00ed profesion\u00e1ln\u00ed elit\u011b \u2013 ve skute\u010dnosti je to prakticky vstupenka do t\u00e9to t\u0159\u00eddy \u2013 m\u011blo by b\u00fdt snadn\u00e9 zabr\u00e1nit filmov\u00fdm distributor\u016fm v povolen\u00ed prom\u00edt\u00e1n\u00ed filmu, kter\u00fd dokumentuje zabit\u00ed p\u011btilet\u00e9 d\u00edvky Izraelem, v americk\u00fdch kinech.<\/span><\/p>\n<p><span dir=\"auto\">Vra\u017eda Hind Rajab samoz\u0159ejm\u011b nebyla ojedin\u011bl\u00fdm incidentem. Des\u00edtky tis\u00edc dal\u0161\u00edch d\u011bt\u00ed v p\u00e1smu Gazy utrp\u011bly v posledn\u00edch 27 m\u011bs\u00edc\u00edch z rukou izraelsk\u00e9 arm\u00e1dy podobn\u00fd osud, p\u0159esto jejich hr\u016fzn\u00e9 z\u00e1\u017eitky nebyly zfilmov\u00e1ny.<\/span><\/p>\n<p><span dir=\"auto\">Stejn\u011b jako kdokoli, kdo se sna\u017e\u00ed zp\u0159\u00edstupnit \u0161ir\u0161\u00ed ve\u0159ejnosti v\u00edce fakt\u016f o Izraeli, jsem se s t\u011bmito obt\u00ed\u017eemi s\u00e1m setkal. Jako novin\u00e1\u0159 v den\u00edku Guardian jsem se p\u0159ed 30 lety, po dokon\u010den\u00ed magistersk\u00e9ho studia bl\u00edzkov\u00fdchodn\u00edch studi\u00ed a rozv\u00edjen\u00ed z\u00e1jmu o izraelsko-palestinsk\u00fd konflikt, ocitl v ostr\u00e9m konfliktu s vedouc\u00edmi redaktory. Byla to pro m\u011b zcela nov\u00e1 zku\u0161enost, na kterou jsem nebyl v\u016fbec p\u0159ipraven.<\/span><\/p>\n<p><span dir=\"auto\">V t\u00e9 dob\u011b mi vadilo, \u017ee moji redakto\u0159i projevovali mal\u00fd z\u00e1jem o to, zda je p\u0159\u00edb\u011bh o Izraeli pravdiv\u00fd nebo zaj\u00edmav\u00fd. Ani je nezaj\u00edmalo, zda ho mohu dob\u0159e podlo\u017eit spolehliv\u00fdmi zdroji. Rychle jsem si uv\u011bdomil, \u017ee jejich m\u011b\u0159\u00edtkem je, zda m\u016fj pl\u00e1novan\u00fd \u010dl\u00e1nek podkope mor\u00e1ln\u00ed obraz Izraele jako \u201e\u017eidovsk\u00e9ho a demokratick\u00e9ho st\u00e1tu\u201c.<\/span><\/p>\n<p><span dir=\"auto\">Pozn\u00e1mka: The Guardian byl a z\u016fst\u00e1v\u00e1 v\u00fdjimkou ve srovn\u00e1n\u00ed s jin\u00fdmi britsk\u00fdmi m\u00e9dii v tom, \u017ee umo\u017e\u0148oval ostrou kritiku Izraele. Tato kritika v\u0161ak byla p\u0159\u00edsn\u011b omezena. Noviny jasn\u011b rozli\u0161ovaly mezi izraelskou okupac\u00ed, kterou do zna\u010dn\u00e9 m\u00edry pova\u017eovaly za neopr\u00e1vn\u011bn\u00fd a zlo\u010dinn\u00fd po\u010din, a statusem Izraele jako samozvan\u00e9ho \u017eidovsk\u00e9ho st\u00e1tu.<\/span><\/p>\n<p><span dir=\"auto\">Izraelsk\u00e9 \u201e\u017eidovstv\u00ed\u201c bylo vn\u00edm\u00e1no jako mor\u00e1ln\u00ed, nezpochybniteln\u00e1 nutnost a ochrana p\u0159ed antisemitismem.<\/span><\/p>\n<p><span dir=\"auto\">V praxi to znamenalo, \u017ee jsem mohl p\u0159edkl\u00e1dat \u010dl\u00e1nky odhaluj\u00edc\u00ed zlo\u010diny sp\u00e1chan\u00e9 Izraelem na okupovan\u00fdch palestinsk\u00fdch \u00fazem\u00edch, ale pouze do t\u00e9 m\u00edry, do jak\u00e9 se zab\u00fdvaly nevyhnuteln\u00fdmi probl\u00e9my Izraele p\u0159i prosazov\u00e1n\u00ed jeho \u201ebezpe\u010dnosti\u201c v inherentn\u011b nejist\u00e9m prost\u0159ed\u00ed vytvo\u0159en\u00e9m neleg\u00e1ln\u00ed okupac\u00ed jin\u00e9ho n\u00e1roda jeho arm\u00e1dou.<\/span><\/p>\n<p><span dir=\"auto\">Takov\u00e9 \u010dl\u00e1nky byly povoleny pod podm\u00ednkou, \u017ee neodporuj\u00ed z\u00e1kladn\u00edmu redak\u010dn\u00edmu p\u0159edpokladu novin, \u017ee v\u0161e bude v po\u0159\u00e1dku, pokud Izrael opust\u00ed okupovan\u00e1 \u00fazem\u00ed a vr\u00e1t\u00ed se ke sv\u00fdm mezin\u00e1rodn\u011b uznan\u00fdm hranic\u00edm.<\/span><\/p>\n<p><span dir=\"auto\">\u010cl\u00e1nky \u2013 a\u0165 u\u017e zpr\u00e1vy z okupovan\u00fdch \u00fazem\u00ed nebo ze samotn\u00e9ho Izraele \u2013 kter\u00e9 poukazovaly na z\u00e1sadn\u00ed probl\u00e9my s konceptem Izraele jako \u017eidovsk\u00e9ho st\u00e1tu nebo zpochyb\u0148ovaly p\u0159edpoklad, \u017ee st\u00e1t, kter\u00fd se definuje etnicky a n\u00e1bo\u017eensky, m\u016f\u017ee b\u00fdt z\u00e1rove\u0148 demokraci\u00ed, nebyly povoleny.<\/span><\/p>\n<p><span dir=\"auto\">Toto byla nevysloven\u00e1 redak\u010dn\u00ed formule:<\/span><\/p>\n<p><span dir=\"auto\">\u010cl\u00e1nky nazna\u010duj\u00edc\u00ed, \u017ee okupovan\u00e1 \u00fazem\u00ed jsou nekrotickou kon\u010detinou, kterou je t\u0159eba amputovat \u2013 v po\u0159\u00e1dku.<\/span><\/p>\n<p><span dir=\"auto\">\u010cl\u00e1nky nazna\u010duj\u00edc\u00ed, \u017ee neleg\u00e1ln\u00ed okupace je p\u0159irozen\u00fdm d\u016fsledkem vysoce militarizovan\u00e9ho st\u00e1tu, poh\u00e1n\u011bn\u00e9ho expanzivn\u00ed ideologi\u00ed \u017eidovsk\u00e9 nad\u0159azenosti, kter\u00e1 nevyhnuteln\u011b dehumanizuje Palestince \u2013 to je nep\u0159ijateln\u00e9.<\/span><\/p>\n<p><span dir=\"auto\">Z tohoto d\u016fvodu se Guardian, stejn\u011b jako mnoho dal\u0161\u00edch, pot\u00fdkal s vyrovn\u00e1n\u00edm se s izraelskou genocidou v p\u00e1smu Gazy v posledn\u00edch dvou letech.<\/span><\/p>\n<p><span dir=\"auto\">Genocida a jej\u00ed drtiv\u00e1 podpora mezi izraelsk\u00fdmi \u017didy poukazuje na nemoc uvnit\u0159 samotn\u00e9ho izraelsk\u00e9ho st\u00e1tu a v ideologii sionismu. Tuto temnou str\u00e1nku etnick\u00e9ho nacionalismu nelze jednodu\u0161e amputovat jako gangren\u00f3zn\u00ed palec u nohy. Naka\u017een\u00fd je cel\u00fd politick\u00fd syst\u00e9m. Je zapot\u0159eb\u00ed komplexn\u00edho \u0159e\u0161en\u00ed, kter\u00e9 zohledn\u00ed v\u0161echny aspekty, jako tomu bylo v p\u0159\u00edpad\u011b re\u017eimu apartheidu v Ji\u017en\u00ed Africe. Mus\u00ed b\u00fdt zah\u00e1jen proces dekolonizace; je nutn\u00fd program hled\u00e1n\u00ed pravdy a usm\u00ed\u0159en\u00ed.<\/span><\/p>\n<p><span dir=\"auto\">Z podobn\u00fdch d\u016fvod\u016f nebyl film \u201eHlas Hind Rajab\u201c prom\u00edt\u00e1n v americk\u00fdch kinech. \u00datok izraelsk\u00e9 arm\u00e1dy na auto s Hind a jej\u00ed rodinou, zdlouhav\u00e9 zdr\u017eov\u00e1n\u00ed izraelsk\u00e9 arm\u00e1dy p\u0159ed p\u0159\u00edjezdem sanitky k Hind a izraelsk\u00fd \u00fatok na sanitku pot\u00e9, co ji\u017e byla jej\u00ed trasa schv\u00e1lena, nelze vysv\u011btlit jedinou chybou, nebo dokonce \u0159adou chyb.<\/span><\/p>\n<p><span dir=\"auto\">Stejn\u011b tak nelze vra\u017edu des\u00edtek tis\u00edc d\u011bt\u00ed, jako byla Hind, Izraelem a vyhladov\u011bn\u00ed zbytku vysv\u011btlit chybou.<\/span><\/p>\n<p><span dir=\"auto\">To nejsou chyby. Genocida nen\u00ed chyba. Je to d\u016fkaz hluboce nemocn\u00e9 spole\u010dnosti, zahnan\u00e9 do nejtemn\u011bj\u0161\u00edch hlubin rasistickou ideologi\u00ed, kter\u00e1 tvrd\u00ed, \u017ee na \u017eidovsk\u00fdch \u017eivotech z\u00e1le\u017e\u00ed, zat\u00edmco na palestinsk\u00fdch \u017eivotech ne.<\/span><\/p>\n<\/div>\n<\/div>\n<div class=\"elementor-element elementor-element-8c57238 quelle dc-has-condition dc-condition-empty elementor-widget elementor-widget-heading\" data-id=\"8c57238\" data-element_type=\"widget\" data-widget_type=\"heading.default\">\n<div class=\"elementor-widget-container\">\n<h3 class=\"elementor-heading-title elementor-size-default\"><span style=\"font-size: 10pt;\"><a href=\"https:\/\/original.antiwar.com\/cook\/2026\/01\/13\/genocide-isnt-a-mistake-which-is-why-the-media-cant-tell-you-the-truth-about-gaza\/\" target=\"_blank\" rel=\"nofollow noopener\"><span dir=\"auto\">Zdroj<\/span><\/a><\/span><\/h3>\n<p>&nbsp;<\/p>\n<\/div>\n<\/div>\n","protected":false},"excerpt":{"rendered":"<p>Nov\u00fd film o vra\u017ed\u011b Hind Rajab odhaluje hluboce nemocnou izraelskou spole\u010dnost, zahnanou do nejtemn\u011bj\u0161\u00edch hlubin&#8230;<\/p>\n","protected":false},"author":2,"featured_media":97377,"comment_status":"closed","ping_status":"closed","sticky":false,"template":"","format":"standard","meta":[],"categories":[7],"tags":[348,178,107,1503,158],"_links":{"self":[{"href":"https:\/\/www.infokuryr.cz\/n\/wp-json\/wp\/v2\/posts\/97376"}],"collection":[{"href":"https:\/\/www.infokuryr.cz\/n\/wp-json\/wp\/v2\/posts"}],"about":[{"href":"https:\/\/www.infokuryr.cz\/n\/wp-json\/wp\/v2\/types\/post"}],"author":[{"embeddable":true,"href":"https:\/\/www.infokuryr.cz\/n\/wp-json\/wp\/v2\/users\/2"}],"replies":[{"embeddable":true,"href":"https:\/\/www.infokuryr.cz\/n\/wp-json\/wp\/v2\/comments?post=97376"}],"version-history":[{"count":0,"href":"https:\/\/www.infokuryr.cz\/n\/wp-json\/wp\/v2\/posts\/97376\/revisions"}],"wp:featuredmedia":[{"embeddable":true,"href":"https:\/\/www.infokuryr.cz\/n\/wp-json\/wp\/v2\/media\/97377"}],"wp:attachment":[{"href":"https:\/\/www.infokuryr.cz\/n\/wp-json\/wp\/v2\/media?parent=97376"}],"wp:term":[{"taxonomy":"category","embeddable":true,"href":"https:\/\/www.infokuryr.cz\/n\/wp-json\/wp\/v2\/categories?post=97376"},{"taxonomy":"post_tag","embeddable":true,"href":"https:\/\/www.infokuryr.cz\/n\/wp-json\/wp\/v2\/tags?post=97376"}],"curies":[{"name":"wp","href":"https:\/\/api.w.org\/{rel}","templated":true}]}}