{"id":97363,"date":"2026-01-21T00:12:52","date_gmt":"2026-01-20T23:12:52","guid":{"rendered":"https:\/\/www.infokuryr.cz\/n\/?p=97363"},"modified":"2026-01-20T11:07:19","modified_gmt":"2026-01-20T10:07:19","slug":"boj-o-moc-na-ukrajine-a-obvineni-z-korupce-proti-tymosenkove","status":"publish","type":"post","link":"https:\/\/www.infokuryr.cz\/n\/2026\/01\/21\/boj-o-moc-na-ukrajine-a-obvineni-z-korupce-proti-tymosenkove\/","title":{"rendered":"Boj o moc na Ukrajin\u011b a obvin\u011bn\u00ed z korupce proti Tymo\u0161enkov\u00e9"},"content":{"rendered":"<div id=\"fb-root\"><\/div>\n<p><strong><span dir=\"auto\">Julii Tymo\u0161enkovou obvi\u0148uje NABU z korupce, ale to je o\u010dividn\u011b jen dal\u0161\u00ed man\u00e9vr v mocensk\u00e9m boji, kter\u00fd se na Ukrajin\u011b prohlubuje.<\/span><\/strong><\/p>\n<p><a href=\"https:\/\/anti-spiegel.ru\/2026\/die-moeglichen-hintergruende-der-korruptionsvorwuerfe-gegen-timoschenko\/\"><u><span dir=\"auto\">Ji\u017e jsem informoval<\/span><\/u><\/a><span dir=\"auto\">\u00a0, \u017ee Julia Tymo\u0161enkov\u00e1 z NABU, kter\u00e1 je pod kontrolou USA, je obvin\u011bna z korupce\u00a0. BABU zve\u0159ejnila zvukov\u00e9 nahr\u00e1vky, na kter\u00fdch Tymo\u0161enkov\u00e1 nab\u00edzela \u010dlen\u016fm parlamentu 10 000 dolar\u016f m\u011bs\u00ed\u010dn\u011b, pokud budou hlasovat podle jej\u00edch pokyn\u016f. Jej\u00ed p\u0159esn\u00e9 motivy jsou p\u0159edm\u011btem spekulac\u00ed, proto\u017ee n\u011bkdy v parlamentu podporovala Zelensk\u00e9ho a jindy \u2013 nap\u0159\u00edklad b\u011bhem posledn\u00ed rekonstrukce vl\u00e1dy \u2013 hlasovala proti n\u011bmu, \u010d\u00edm\u017e do\u010dasn\u011b zablokovala n\u011bkter\u00e1 ministersk\u00e1 jmenov\u00e1n\u00ed.<\/span><\/p>\n<p><span dir=\"auto\">Po razi\u00edch v jej\u00ed kancel\u00e1\u0159i a ob\u017ealob\u011b z korupce Tymo\u0161enkov\u00e1 u\u010dinila n\u011bkolik siln\u00fdch prohl\u00e1\u0161en\u00ed.\u00a0<\/span><a href=\"https:\/\/tass.ru\/mezhdunarodnaya-panorama\/26168225\"><u><span dir=\"auto\">Popsala NABU jako gang<\/span><\/u><\/a><span dir=\"auto\">\u00a0operuj\u00edc\u00ed mimo z\u00e1kon,\u00a0<\/span><a href=\"https:\/\/tass.ru\/mezhdunarodnaya-panorama\/26167739\"><u><span dir=\"auto\">ozna\u010dila Zelensk\u00e9ho vl\u00e1du za \u201efa\u0161istick\u00fd re\u017eim<\/span><\/u><\/a><span dir=\"auto\">\u00a0\u201c, st\u011b\u017eovala si, \u017ee ukrajinsk\u00e1 politick\u00e1 rozhodnut\u00ed jsou \u010din\u011bna v zahrani\u010d\u00ed, a ne na Ukrajin\u011b, a\u00a0<\/span><a href=\"https:\/\/tass.ru\/mezhdunarodnaya-panorama\/26168423\"><u><span dir=\"auto\">p\u0159edpov\u011bd\u011bla konec ukrajinsk\u00e9 st\u00e1tnosti<\/span><\/u><\/a><span dir=\"auto\">\u00a0do p\u011bti let.<\/span><\/p>\n<p><span dir=\"auto\">P\u0159\u00edpad Tymo\u0161enkov\u00e9 byl tak\u00e9 t\u00e9matem report\u00e1\u017ee\u00a0<\/span><a href=\"https:\/\/vesti7.ru\/video\/3070088\/episode\/18-01-2026\/\"><u><span dir=\"auto\">o<\/span><\/u><\/a><span dir=\"auto\">\u00a0politick\u00e9m t\u00fddnu na Ukrajin\u011b, kterou v ned\u011bli ve\u010der odvys\u00edlala rusk\u00e1 televize v r\u00e1mci sv\u00e9ho t\u00fddenn\u00edho zpravodajsk\u00e9ho p\u0159ehledu a kterou jsem p\u0159elo\u017eil.<\/span><\/p>\n<p><em><strong><span dir=\"auto\">Za\u010d\u00e1tek p\u0159ekladu:<\/span><\/strong><\/em><\/p>\n<h2 class=\"wp-block-heading\"><span dir=\"auto\">Tymo\u0161enkov\u00e1 a fa\u0161istick\u00fd re\u017eim: Skand\u00e1ln\u00ed p\u0159\u00edb\u011bhy z ukrajinsk\u00e9 politiky<\/span><\/h2>\n<p><span dir=\"auto\">Situace na Ukrajin\u011b je katastrof\u00e1ln\u00ed, a to jak v mezin\u00e1rodn\u00edm, tak i vnitrost\u00e1tn\u00edm m\u011b\u0159\u00edtku. Masivn\u00ed rusk\u00e9 raketov\u00e9 a bezpilotn\u00ed \u00fatoky na energetickou infrastrukturu uvrhly ukrajinsk\u00e1 m\u011bsta do tmy a chladu.<\/span><\/p>\n<p><span dir=\"auto\">Za t\u011bchto podm\u00ednek je politick\u00fd boj skute\u010dn\u011b brut\u00e1ln\u00ed \u2013 a st\u00e1v\u00e1 se st\u00e1le zu\u0159iv\u011bj\u0161\u00edm. Juliji Tymo\u0161enkov\u00e9 op\u011bt hroz\u00ed v\u011bzen\u00ed. P\u0159\u00edpad se t\u00fdk\u00e1 bal\u00edk\u016f dolar\u016f a zvukov\u00fdch nahr\u00e1vek hlasu v\u016fdkyn\u011b frakce Vlas\u0165. V\u0161ichni v\u011bd\u00ed, \u017ee je to pravda, ale hra pokra\u010duje; Julija ztr\u00e1c\u00ed rozvahu a ozna\u010duje Zelensk\u00e9ho re\u017eim za fa\u0161istick\u00fd.<\/span><\/p>\n<p><span dir=\"auto\">NAVU na fotografi\u00edch z prohl\u00eddky jej\u00ed kancel\u00e1\u0159e rozmazala jej\u00ed obli\u010dej a ofici\u00e1ln\u00ed prohl\u00e1\u0161en\u00ed ji ozna\u010duj\u00ed za p\u0159edsedkyni poslaneck\u00e9ho klubu, ale hlavn\u00ed postavu na videu je ji\u017e nyn\u00ed mo\u017en\u00e9 rozpoznat podle jej\u00edho v\u00fdrazn\u00e9ho \u00fa\u010desu.<\/span><\/p>\n<p><span dir=\"auto\">Julija Tymo\u0161enkov\u00e1 je podez\u0159el\u00e1 z podpl\u00e1cen\u00ed \u010dlen\u016f Nejvy\u0161\u0161\u00ed rady, aby hlasovali podle jej\u00edch pokyn\u016f. Bylo jim nab\u00eddnuto 10 000 dolar\u016f m\u011bs\u00ed\u010dn\u011b. Tato \u010d\u00e1stka okam\u017eit\u011b vyvolala ot\u00e1zky, proto\u017ee byla p\u0159\u00edli\u0161 n\u00edzk\u00e1. V\u00edce ne\u017e 40 \u010dlen\u016f ukrajinsk\u00e9ho parlamentu bylo obvin\u011bno z \u00faplatk\u00e1\u0159stv\u00ed v r\u016fzn\u00fdch form\u00e1ch.<\/span><\/p>\n<p><span dir=\"auto\">Ukrajinsk\u00e1 televize uvedla: \u201eOhledn\u011b takzvan\u00e9 Tymo\u0161enkov\u00e9 br\u00e1ny: Jeden z politick\u00fdch strat\u00e9g\u016f prohl\u00e1sil, \u017ee se jedn\u00e1 o skute\u010dn\u00e9 zb\u00edda\u010den\u00ed, proto\u017ee d\u0159\u00edve by poslanci za ty pen\u00edze, za 10 000 dolar\u016f, ani prstem nehnuli.\u201c<\/span><\/p>\n<p><span dir=\"auto\">Dokonce i oligarcha Igor Kolomojskij, kter\u00fd financoval Zelensk\u00e9ho volebn\u00ed kampa\u0148 a po jeho inauguraci skon\u010dil za m\u0159\u00ed\u017eemi, vyj\u00e1d\u0159il p\u0159ekvapen\u00ed nad v\u00fd\u0161\u00ed bonus\u016f: \u201eCo\u017ee, to je spousta pen\u011bz? Um\u00edr\u00e1 hlady. 40 000. Tolik povyku kolem 40 000? V noci obt\u011b\u017eovali star\u0161\u00ed \u017eenu.\u201c<\/span><\/p>\n<p><span dir=\"auto\">Sama Julia Tymo\u0161enkov\u00e1 samoz\u0159ejm\u011b v\u0161e pop\u0159ela.<\/span><\/p>\n<p><span dir=\"auto\">\u201eTak\u017ee jste nikoho neuplatil?\u201c zeptali se j\u00ed.<\/span><\/p>\n<p><span dir=\"auto\">&#8222;Rozhodn\u011b ne!&#8220;<\/span><\/p>\n<p><span dir=\"auto\">Zvukov\u00fd z\u00e1znam byl \u00fadajn\u011b generov\u00e1n pomoc\u00ed um\u011bl\u00e9 inteligence a pen\u00edze poch\u00e1zely z osobn\u00edch \u00faspor, kter\u00e9 si uchov\u00e1vala v kancel\u00e1\u0159i. Nejvy\u0161\u0161\u00ed protikorup\u010dn\u00ed soud v\u0161ak jmenoval poslance, kter\u00fd nahr\u00e1vku po\u0159\u00eddil: Igora Kopytina, kter\u00fd je v sou\u010dasn\u00e9 dob\u011b v re\u017eimu ochrany sv\u011bdk\u016f.<\/span><\/p>\n<p><span dir=\"auto\">Dmitrij Miki\u0161a, poslanec Nejvy\u0161\u0161\u00ed rady Ukrajiny, prohl\u00e1sil: \u201eMohu se pod\u011blit o informace koluj\u00edc\u00ed v z\u00e1kulis\u00ed Nejvy\u0161\u0161\u00ed rady. V parlamentu p\u016fsob\u00ed p\u0159ibli\u017en\u011b dvacet takov\u00fdch osob, kter\u00e9 najali protikorup\u010dn\u00ed agentury. Objev\u00ed se mnoho dal\u0161\u00edch p\u0159\u00edpad\u016f.\u201c<\/span><\/p>\n<p><span dir=\"auto\">Juliji Tymo\u0161enkov\u00e9 bylo na\u0159\u00edzeno slo\u017eit kauci ve v\u00fd\u0161i 33 milion\u016f h\u0159iven, co\u017e odpov\u00edd\u00e1 zhruba 750 000 americk\u00fdm dolar\u016fm, a na jej\u00ed sebr\u00e1n\u00ed m\u00e1 p\u011bt dn\u00ed.<\/span><\/p>\n<p><span dir=\"auto\">Juliji Tymo\u0161enkov\u00e9 byl zabaven cestovn\u00ed pas, bylo j\u00ed zak\u00e1z\u00e1no opustit Kyjevskou oblast a byla j\u00ed zak\u00e1z\u00e1na ve\u0161ker\u00e1 komunikace s 65 \u010dleny frakce \u201eSluha lidu\u201c. Tymo\u0161enkov\u00e1 k tomu uvedla: \u201eNABU, SAP a jejich podporovatel\u00e9, kte\u0159\u00ed jim d\u00e1vaj\u00ed politick\u00e9 pokyny, velmi dob\u0159e v\u011bd\u00ed, \u017ee nezmiz\u00edm. Z\u016fstanu tady, dokud nebude zem\u011b osvobozena od tohoto v podstat\u011b fa\u0161istick\u00e9ho re\u017eimu.\u201c<\/span><\/p>\n<p><span dir=\"auto\">Julia Tymo\u0161enkov\u00e1 d\u0159\u00edve podporovala Zelensk\u00e9ho, a to i v dob\u011b, kdy cht\u011bl v l\u00e9t\u011b p\u0159evz\u00edt kontrolu nad protikorup\u010dn\u00edmi org\u00e1ny zem\u011b, jak nyn\u00ed div\u00e1k\u016fm p\u0159ipomn\u011bla ukrajinsk\u00e1 televize: \u201eV podstat\u011b hlasovala pro omezen\u00ed pravomoc\u00ed NABU a SAP, tj. pro jejich p\u0159eveden\u00ed na gener\u00e1ln\u00ed prokuraturu.\u201c<\/span><\/p>\n<p><span dir=\"auto\">Tymo\u0161enkov\u00e1 je zdaleka nejzku\u0161en\u011bj\u0161\u00ed ze sou\u010dasn\u00fdch ukrajinsk\u00fdch politik\u016f. Poprv\u00e9 se stala poslankyn\u00ed Nejvy\u0161\u0161\u00ed rady v roce 1997, dvakr\u00e1t zast\u00e1vala funkci premi\u00e9rky Ukrajiny a t\u0159ikr\u00e1t byla prezidentskou kandid\u00e1tkou. Opakovan\u011b se tak\u00e9 dostala pod drobnohled policie, na co\u017e upozornila i ukrajinsk\u00e1 televize: \u201eV roce 2001, za Ku\u010dmova prezidentstv\u00ed, se poprv\u00e9 dostala do podez\u0159en\u00ed. Dostavila se do vazebn\u00ed v\u011bznice se sv\u00fdmi v\u011bcmi a byla odsouzena k 40 dn\u016fm v\u011bzen\u00ed. A jak to cel\u00e9 dopadlo? V roce 2002 se do parlamentu poprv\u00e9 dostala Strana Vlasti.\u201c<\/span><\/p>\n<p><span dir=\"auto\">K jej\u00edmu dal\u0161\u00edmu zat\u010den\u00ed do\u0161lo za prezidenta Janukovy\u010de, tentokr\u00e1t na z\u00e1klad\u011b mnohem z\u00e1va\u017en\u011bj\u0161\u00edch obvin\u011bn\u00ed, v\u010detn\u011b n\u00e1jemn\u00fdch vra\u017ed, a str\u00e1vila v\u00edce ne\u017e t\u0159i roky ve vazb\u011b. Ale prvn\u00ed v\u011bc, kterou v\u00edt\u011bzov\u00e9 Majdanu ud\u011blali, bylo propu\u0161t\u011bn\u00ed Tymo\u0161enkov\u00e9. A kdy\u017e promluvila z p\u00f3dia na invalidn\u00edm voz\u00edku, mnoz\u00ed v\u011b\u0159ili, \u017ee p\u0159\u00ed\u0161t\u00edho prezidenta uzemn\u00ed.<\/span><\/p>\n<p><span dir=\"auto\">Ale byla op\u011bt odsunuta na vedlej\u0161\u00ed kolej a nyn\u00ed, kdy\u017e je Zelenskyj oslaben, se naskytla nov\u00e1 p\u0159\u00edle\u017eitost. Korup\u010dn\u00ed skand\u00e1l zn\u00e1m\u00fd jako Mindich-Gate ot\u0159\u00e1sl celou mocenskou strukturou. Vy\u0161et\u0159ovatel\u00e9 v t\u00e9to situaci podez\u0159\u00edvaj\u00ed Tymo\u0161enkovou, \u017ee se pokusila zlomit parlamentn\u00ed v\u011bt\u0161inu.<\/span><\/p>\n<p><span dir=\"auto\">A p\u0159esn\u011b to se stalo: Rada hlasovala pro odvol\u00e1n\u00ed \u0161\u00e9fa SBU Maljuka a ministr\u016f \u0160migala a Fjodorova, ale ne pro jejich nahrazen\u00ed. Vl\u00e1da se ocitla v nejistot\u011b. Jakmile byl ale na Tymo\u0161enkovou vyv\u00edjen tlak, v\u0161echna jmenov\u00e1n\u00ed byla okam\u017eit\u011b potvrzena. Pot\u00e9 nov\u00e1 ministryn\u011b obrany promluvila k poslanc\u016fm a odhalila n\u011bkter\u00e9 nelichotiv\u00e9 v\u011bci o arm\u00e1d\u011b: \u201eArm\u00e1da hled\u00e1 dva miliony Ukrajinc\u016f. To jsou ti, kte\u0159\u00ed maj\u00ed probl\u00e9my s registra\u010dn\u00edmi doklady. Dal\u0161\u00edch 200 000 dezertovalo ze sv\u00fdch jednotek bez povolen\u00ed.\u201c<\/span><\/p>\n<p><span dir=\"auto\">A nov\u00fd ministr energetiky, jeho\u017e sektor je na Ukrajin\u011b tak\u00e9 v t\u011b\u017ek\u00e9 situaci, prohl\u00e1sil: \u201eSituace je velmi v\u00e1\u017en\u00e1. V n\u011bkter\u00fdch oblastech a regionech selhaly p\u0159\u00edpravy na zimu. V cel\u00e9 zemi nyn\u00ed nez\u016fstala jedin\u00e1 funk\u010dn\u00ed elektr\u00e1rna. Sed\u00edm ve sv\u00e9 kancel\u00e1\u0159i v bund\u011b.\u201c<\/span><\/p>\n<p><span dir=\"auto\">Kombinovan\u00e9 rusk\u00e9 \u00fatoky na ukrajinsk\u00e1 energetick\u00e1 za\u0159\u00edzen\u00ed pokra\u010duj\u00ed.<\/span><\/p>\n<p><span dir=\"auto\">Od\u011bsk\u00fd p\u0159\u00edstav, p\u0159es kter\u00fd se do zem\u011b dost\u00e1valy z\u00e1padn\u00ed zbran\u011b, byl zni\u010den. Termin\u00e1ly ukrajinsk\u00e9 po\u0161ty v Charkov\u011b byly zn\u00e1m\u00e9 t\u00edm, \u017ee se pou\u017e\u00edvaly k tajn\u00e9 p\u0159eprav\u011b vojensk\u00e9 techniky bl\u00ed\u017ee k frontov\u00e9 linii. Kyjev za\u017e\u00edv\u00e1 t\u00e9m\u011b\u0159 neust\u00e1l\u00e9 v\u00fdpadky proudu. Cel\u00e9 \u010dtvrti jsou bez topen\u00ed a ve\u0159ejn\u00e1 doprava je zastavena. Kancel\u00e1\u0159e a obchody se zav\u00edraj\u00ed. Dod\u00e1vky potravin jsou st\u00e1le obt\u00ed\u017en\u011bj\u0161\u00ed. Proto se pl\u00e1nuje evakuace \u010d\u00e1sti obyvatelstva.<\/span><\/p>\n<p><span dir=\"auto\">Marina Poro\u0161enko, \u010dlenka m\u011bstsk\u00e9 rady Kyjeva, prohl\u00e1sila: \u201eVe skute\u010dnosti mus\u00ed b\u00fdt evakuov\u00e1na v\u011bt\u0161ina budov, kter\u00e9 jsou v kritick\u00e9m stavu a kde je obt\u00ed\u017en\u00e9 obnovit vyt\u00e1p\u011bn\u00ed a dod\u00e1vky elekt\u0159iny.\u201c<\/span><\/p>\n<p><span dir=\"auto\">Zelenskyj vyu\u017eil t\u00e9to p\u0159\u00edle\u017eitosti k \u00fatoku na sv\u00e9ho dlouholet\u00e9ho rivala, kyjevsk\u00e9ho starostu Kli\u010dka, a obvinil ho z nedostate\u010dn\u00e9 p\u0159\u00edpravy m\u011bsta na zimu: \u201eKyjev bohu\u017eel ud\u011blal mnohem m\u00e9n\u011b ne\u017e ostatn\u00ed regiony. V hlavn\u00edm m\u011bst\u011b se ud\u011blalo p\u0159\u00edli\u0161 m\u00e1lo. A ani v posledn\u00edch dnech jsem nevid\u011bl dostate\u010dn\u00e9 \u00fasil\u00ed. To v\u0161e je nal\u00e9hav\u011b t\u0159eba \u0159e\u0161it. Je t\u0159eba u\u010dinit rozhodnut\u00ed.\u201c<\/span><\/p>\n<p><span dir=\"auto\">B\u00fdval\u00fd boxer Kli\u010dko, kter\u00fd tak\u00e9 kdysi bojoval na Majdanu, ale kontruje: \u201eAlespo\u0148 mluv\u00edm up\u0159\u00edmn\u011b a varuji lidi p\u0159ed extr\u00e9mn\u011b obt\u00ed\u017enou situac\u00ed. A \u017e\u00e1dn\u00e9 pr\u016fzkumy ani fingovan\u00e9 volby mi nevad\u00ed. Odpov\u00edd\u00e1m v\u00e1m ve\u0159ejn\u011b, pokud m\u011b omluv\u00edte. Proto\u017ee, pane prezidente, jsme se bohu\u017eel za posledn\u00ed \u010dty\u0159i roky nikdy osobn\u011b nese\u0161li.\u201c<\/span><\/p>\n<p><span dir=\"auto\">Zelenskyj nyn\u00ed \u010dast\u011bji p\u0159ij\u00edm\u00e1 zahrani\u010dn\u00ed delegace. Tento t\u00fdden se setkal s v\u00fdkonnou \u0159editelkou MMF Kristalinou Georgievovou. Ukrajina j\u00ed ji\u017e dlu\u017e\u00ed 180 milion\u016f dolar\u016f jen na \u00faroc\u00edch z p\u0159edchoz\u00ed p\u016fj\u010dky a aby z\u00edskala dal\u0161\u00ed p\u016fj\u010dku, mus\u00ed zv\u00fd\u0161it dan\u011b a sn\u00ed\u017eit mzdy ve ve\u0159ejn\u00e9m sektoru \u2013 to jsou podm\u00ednky MMF.<\/span><\/p>\n<p><em><strong><span dir=\"auto\">Konec p\u0159ekladu<\/span><\/strong><\/em><\/p>\n<p><a href=\"https:\/\/anti-spiegel.ru\/2026\/machtkampf-in-der-ukraine-und-korruptionsvorwuerfe-gegen-timoschenko\/\">Thomas R\u00f6per<\/a><\/p>\n<p><img decoding=\"async\" loading=\"lazy\" class=\"alignnone  wp-image-22016\" src=\"http:\/\/www.infokuryr.cz\/n\/wp-content\/uploads\/2023\/01\/Thomas-Roper-298x300.jpg\" alt=\"\" width=\"127\" height=\"128\" srcset=\"https:\/\/www.infokuryr.cz\/n\/wp-content\/uploads\/2023\/01\/Thomas-Roper-298x300.jpg 298w, https:\/\/www.infokuryr.cz\/n\/wp-content\/uploads\/2023\/01\/Thomas-Roper-150x150.jpg 150w, https:\/\/www.infokuryr.cz\/n\/wp-content\/uploads\/2023\/01\/Thomas-Roper.jpg 596w\" sizes=\"(max-width: 127px) 100vw, 127px\" \/><\/p>\n<p>&nbsp;<\/p>\n","protected":false},"excerpt":{"rendered":"<p>Julii Tymo\u0161enkovou obvi\u0148uje NABU z korupce, ale to je o\u010dividn\u011b jen dal\u0161\u00ed man\u00e9vr v mocensk\u00e9m&#8230;<\/p>\n","protected":false},"author":2,"featured_media":97364,"comment_status":"closed","ping_status":"closed","sticky":false,"template":"","format":"standard","meta":[],"categories":[7],"tags":[207,6553,26],"_links":{"self":[{"href":"https:\/\/www.infokuryr.cz\/n\/wp-json\/wp\/v2\/posts\/97363"}],"collection":[{"href":"https:\/\/www.infokuryr.cz\/n\/wp-json\/wp\/v2\/posts"}],"about":[{"href":"https:\/\/www.infokuryr.cz\/n\/wp-json\/wp\/v2\/types\/post"}],"author":[{"embeddable":true,"href":"https:\/\/www.infokuryr.cz\/n\/wp-json\/wp\/v2\/users\/2"}],"replies":[{"embeddable":true,"href":"https:\/\/www.infokuryr.cz\/n\/wp-json\/wp\/v2\/comments?post=97363"}],"version-history":[{"count":0,"href":"https:\/\/www.infokuryr.cz\/n\/wp-json\/wp\/v2\/posts\/97363\/revisions"}],"wp:featuredmedia":[{"embeddable":true,"href":"https:\/\/www.infokuryr.cz\/n\/wp-json\/wp\/v2\/media\/97364"}],"wp:attachment":[{"href":"https:\/\/www.infokuryr.cz\/n\/wp-json\/wp\/v2\/media?parent=97363"}],"wp:term":[{"taxonomy":"category","embeddable":true,"href":"https:\/\/www.infokuryr.cz\/n\/wp-json\/wp\/v2\/categories?post=97363"},{"taxonomy":"post_tag","embeddable":true,"href":"https:\/\/www.infokuryr.cz\/n\/wp-json\/wp\/v2\/tags?post=97363"}],"curies":[{"name":"wp","href":"https:\/\/api.w.org\/{rel}","templated":true}]}}