{"id":97306,"date":"2026-01-20T00:25:35","date_gmt":"2026-01-19T23:25:35","guid":{"rendered":"https:\/\/www.infokuryr.cz\/n\/?p=97306"},"modified":"2026-01-19T20:45:12","modified_gmt":"2026-01-19T19:45:12","slug":"ondrej-prokop-spolu-jde-k-ledu-kupka-to-odpiskal-co-bude-s-fialou-rakusan-se-zlobi","status":"publish","type":"post","link":"https:\/\/www.infokuryr.cz\/n\/2026\/01\/20\/ondrej-prokop-spolu-jde-k-ledu-kupka-to-odpiskal-co-bude-s-fialou-rakusan-se-zlobi\/","title":{"rendered":"Ond\u0159ej Prokop: SPOLU jde k ledu. Kupka to odp\u00edskal. Co bude s Fialou? Raku\u0161an se zlob\u00ed"},"content":{"rendered":"<div id=\"fb-root\"><\/div>\n<p>Kupka poh\u0159bil SPOLU! Nov\u00fd p\u0159edseda ODS v projektu pokra\u010dovat nechce a d\u00e1v\u00e1 ho k ledu. Sv\u00e9ho b\u00fdval\u00e9ho \u0161\u00e9fa Fialu ob\u010dan\u0161t\u00ed demokrat\u00e9 pl\u00e1nuj\u00ed odklidit &#8222;na odpo\u010dinek&#8220; do Sen\u00e1tu.<\/p>\n<p>\ud83d\udc49 Pir\u00e1ty d\u00e1l povede H\u0159ib. \u017d\u00e1dn\u00e9 p\u0159ekvapen\u00ed. Zar\u00e1\u017eej\u00edc\u00ed je, \u017ee pro n\u011bj hlasovalo 469 \u010dlen\u016f a proti 257, co\u017e dohromady d\u00e1v\u00e1 726. Hlasuj\u00edc\u00edch Pir\u00e1t\u016f ov\u0161em bylo jen 611. Kdo by se ale v pir\u00e1tsk\u00e9 stran\u011b zab\u00fdval takov\u00fdm detailem, \u017ee?<\/p>\n<p>\ud83d\udc49 Raku\u0161an se zlob\u00ed. Nedostal sv\u016fj vytou\u017een\u00fd flek m\u00edstop\u0159edsedy Sn\u011bmovny a p\u0159ijde tak o auto s \u0159idi\u010dem a dal\u0161\u00ed benefity, na kter\u00e9 byl n\u011bkolik let zvykl\u00fd.<\/p>\n<p>\ud83d\udc49 Nov\u00e1 vl\u00e1da Andreje Babi\u0161e mak\u00e1 a na nic ne\u010dek\u00e1. Po zlevn\u011bn\u00ed elekt\u0159iny dosp\u011bla koalice k dohod\u011b, jak zastavit emisn\u00ed povolenky. Sn\u011bmovna tak\u00e9 podpo\u0159ila, \u017ee se nebudou d\u00e1l zvedat odvody \u017eivnostn\u00edk\u016fm.<\/p>\n<p>\ud83d\udc49 Dozimetr! V Praze se zase d\u011bj\u00ed v\u011bci. Radn\u00ed z ODS, Pir\u00e1t\u016f a STAN potichu umetaj\u00ed cesti\u010dku, aby se obvin\u011bn\u00fdm v t\u00e9to kauze vr\u00e1tily zabaven\u00e9 pen\u00edze a majetky. Neuv\u011b\u0159iteln\u00e9.<\/p>\n<p>\ud83d\udc49 Dal\u0161\u00ed skand\u00e1l propukl i kolem Nemocnice na Franti\u0161ku, jej\u00ed\u017e \u0159editel \u0161ikanoval zam\u011bstnance, zat\u00edmco ho radn\u00ed za ODS celou dobu kryl. Zpr\u00e1va p\u0159i\u0161la jen kr\u00e1tce po ned\u00e1vn\u00fdch ud\u00e1lostech v ZOO Praha. Co v\u00edc radnice je\u0161t\u011b pot\u0159ebuje, aby za\u010dala n\u011bco konat?<\/p>\n<p>\ud83d\udc49 Pra\u017esk\u00e1 p\u011btikoalice nedok\u00e1\u017ee dostavit ani metro D a Pir\u00e1ti u\u017e pl\u00e1nuj\u00ed, jak budou stav\u011bt metro O. Nep\u0159ijde v\u00e1m to taky trochu postaven\u00e9 na hlavu? M\u011bli by p\u0159estat sn\u00edt a za\u010d\u00edt kone\u010dn\u011b pracovat.<\/p>\n<p>To v\u0161e a mnohem v\u00edc se dozv\u00edte ve 165. epizod\u011b m\u00e9ho politick\u00e9ho podcastu. D\u011bkuji v\u00e1m p\u0159edem za zhl\u00e9dnut\u00ed a pros\u00edm o dal\u0161\u00ed sd\u00edlen\u00ed, a\u0165 se pravdu dozv\u00ed co nejv\u00edc lid\u00ed! T\u011b\u0161\u00edm se na dotazy i koment\u00e1\u0159e!<\/p>\n<p><iframe loading=\"lazy\" title=\"SPOLU jde k ledu. Kupka to odp\u00edskal. Co bude s Fialou? Raku\u0161an se zlob\u00ed. | \u010cau Praho #165\" width=\"640\" height=\"360\" src=\"https:\/\/www.youtube.com\/embed\/y0V4oe8WkKo?feature=oembed\" frameborder=\"0\" allow=\"accelerometer; autoplay; clipboard-write; encrypted-media; gyroscope; picture-in-picture; web-share\" referrerpolicy=\"strict-origin-when-cross-origin\" allowfullscreen><\/iframe><\/p>\n<h4>Ing .Ond\u0159ej Prokop<\/h4>\n<p>&nbsp;<\/p>\n<p>&nbsp;<\/p>\n","protected":false},"excerpt":{"rendered":"<p>Kupka poh\u0159bil SPOLU! Nov\u00fd p\u0159edseda ODS v projektu pokra\u010dovat nechce a d\u00e1v\u00e1 ho k ledu&#8230;.<\/p>\n","protected":false},"author":2,"featured_media":67844,"comment_status":"closed","ping_status":"closed","sticky":false,"template":"","format":"standard","meta":[],"categories":[6],"tags":[1503,192,1085,889],"_links":{"self":[{"href":"https:\/\/www.infokuryr.cz\/n\/wp-json\/wp\/v2\/posts\/97306"}],"collection":[{"href":"https:\/\/www.infokuryr.cz\/n\/wp-json\/wp\/v2\/posts"}],"about":[{"href":"https:\/\/www.infokuryr.cz\/n\/wp-json\/wp\/v2\/types\/post"}],"author":[{"embeddable":true,"href":"https:\/\/www.infokuryr.cz\/n\/wp-json\/wp\/v2\/users\/2"}],"replies":[{"embeddable":true,"href":"https:\/\/www.infokuryr.cz\/n\/wp-json\/wp\/v2\/comments?post=97306"}],"version-history":[{"count":0,"href":"https:\/\/www.infokuryr.cz\/n\/wp-json\/wp\/v2\/posts\/97306\/revisions"}],"wp:featuredmedia":[{"embeddable":true,"href":"https:\/\/www.infokuryr.cz\/n\/wp-json\/wp\/v2\/media\/67844"}],"wp:attachment":[{"href":"https:\/\/www.infokuryr.cz\/n\/wp-json\/wp\/v2\/media?parent=97306"}],"wp:term":[{"taxonomy":"category","embeddable":true,"href":"https:\/\/www.infokuryr.cz\/n\/wp-json\/wp\/v2\/categories?post=97306"},{"taxonomy":"post_tag","embeddable":true,"href":"https:\/\/www.infokuryr.cz\/n\/wp-json\/wp\/v2\/tags?post=97306"}],"curies":[{"name":"wp","href":"https:\/\/api.w.org\/{rel}","templated":true}]}}