{"id":97304,"date":"2026-01-20T00:22:30","date_gmt":"2026-01-19T23:22:30","guid":{"rendered":"https:\/\/www.infokuryr.cz\/n\/?p=97304"},"modified":"2026-01-19T13:30:43","modified_gmt":"2026-01-19T12:30:43","slug":"miroslav-safar-cina-vymira-poucime-se-z-toho-alespon-my","status":"publish","type":"post","link":"https:\/\/www.infokuryr.cz\/n\/2026\/01\/20\/miroslav-safar-cina-vymira-poucime-se-z-toho-alespon-my\/","title":{"rendered":"Miroslav \u0160af\u00e1\u0159: \u010c\u00edna vym\u00edr\u00e1. Pou\u010d\u00edme se z toho alespo\u0148 my?"},"content":{"rendered":"<div id=\"fb-root\"><\/div>\n<p>Jen aktu\u00e1ln\u00ed dopln\u011bn\u00ed k\u00a0<a href=\"https:\/\/www.youtube.com\/watch?v=pcMe2w7kZAk\" target=\"_blank\" rel=\"noopener\">m\u00e9mu \u0159\u00edjnov\u00e9mu pov\u00edd\u00e1n\u00ed<\/a>. Kolegov\u00e9 mluv\u00ed o marasmu u n\u00e1s a d\u011blaj\u00ed to dob\u0159e, j\u00e1 se budu soust\u0159edit na okoln\u00ed sv\u011bt.<\/p>\n<p>Demografick\u00e9 v\u00e1lky: \u010c\u00ednsk\u00e1 demografick\u00e1 katastrofa se zhor\u0161uje\u2026<\/p>\n<p>Byly zve\u0159ejn\u011bny \u00fadaje o demografii \u010c\u00edny pro rok 2025. Kter\u00e9 byly hor\u0161\u00ed ne\u017e nejpesimisti\u010dt\u011bj\u0161\u00ed progn\u00f3zy:<\/p>\n<p>Po\u010det narozen\u00fdch \u2013 7,92 milion\u016f<br \/>\nPo\u010det zem\u0159el\u00fdch \u2013 11,31 milion\u016f<br \/>\nDemografick\u00e1 ztr\u00e1ta \u2013 3,39 milion\u016f<\/p>\n<p><img decoding=\"async\" loading=\"lazy\" class=\"entered litespeed-loaded aligncenter\" src=\"https:\/\/narodnidemokracie.cz\/wp-content\/uploads\/2026\/01\/618307314_1417569963089106_3657759083869594113_n.jpg\" alt=\"\" width=\"763\" height=\"427\" data-lazyloaded=\"1\" data-src=\"https:\/\/narodnidemokracie.cz\/wp-content\/uploads\/2026\/01\/618307314_1417569963089106_3657759083869594113_n.jpg\" data-ll-status=\"loaded\" \/><\/p>\n<p>Zd\u00e1lo by se, \u017ee vzhledem k po\u010dtu obyvatel zem\u011b p\u0159es 1,4 miliardy je to drobnost. Ano, souhlas\u00edm, pokud by populace nad\u00e1le klesala stejn\u011b rychle, nebyl by to pro \u010c\u00ednu probl\u00e9m, ale POZITIVUM. Ale probl\u00e9m spo\u010d\u00edv\u00e1 v tom, \u017ee tato \u201edrobnost\u201c je jen za\u010d\u00e1tek. Jako by to bylo \u201edemografick\u00e9 tsunami\u201c daleko od b\u0159ehu. A pak se v\u0161e bude zhor\u0161ovat MNOHEM rychleji.<\/p>\n<p>Faktem je (viz obr\u00e1zek), \u017ee dnes v zemi um\u00edr\u00e1 p\u0159edev\u0161\u00edm mal\u00e9 pokolen\u00ed z let 1940. Zdevastovan\u00e9 nejhor\u0161\u00ed v\u00e1lkou v historii zem\u011b a n\u00e1sledn\u00fdmi probl\u00e9my, v\u010detn\u011b hladu v 60. letech.<\/p>\n<p>A proto dne\u0161n\u00edch 11 milion\u016f zem\u0159el\u00fdch brzy vzroste na 15 milion\u016f. A pot\u00e9 na 20 milion\u016f. A v 40. letech 25\u201327 milion\u016f zem\u0159el\u00fdch ro\u010dn\u011b. P\u0159i sou\u010dasn\u00e9 m\u00ed\u0159e porodnosti kolem jednoho je to zaru\u010den\u00e9 sn\u00ed\u017een\u00ed po\u010dtu narozen\u00ed o polovinu ka\u017ed\u00fdch 30 let (s p\u0159ihl\u00e9dnut\u00edm k v\u011bku narozen\u00ed d\u011bt\u00ed v \u010c\u00edn\u011b).<\/p>\n<p>A pokud se nic nezm\u011bn\u00ed (a zat\u00edm se v\u0161e jen zhor\u0161uje), za n\u011bkolik let bude pro \u010c\u00ednu ztr\u00e1ta 5 milion\u016f ro\u010dn\u011b jen nesplniteln\u00fdm snem. A pak uvid\u00edme v 30. letech v\u00edce ne\u017e 10 milion\u016f ro\u010dn\u011b a ve 40. letech v\u00edce ne\u017e 20 milion\u016f ro\u010dn\u011b. P\u0159edstavte si \u2013 za 4-5 let M\u00cdNUS 100 000 000 lid\u00ed.<\/p>\n<p>V roce 2050 by tak m\u011blo b\u00fdt v \u010c\u00edn\u011b okolo 750 milion\u016f lid\u00ed, co\u017e je skoro polovi\u010dn\u00ed stav k dne\u0161ku.<\/p>\n<p><em><a href=\"https:\/\/narodnidemokracie.cz\/mvdr-miroslav-safar-cina-vymira-poucime-se-z-toho-alespon-my\/\">MVDr. Miroslav \u0160af\u00e1\u0159<\/a>, m\u00edstop\u0159edseda N\u00e1rodn\u00ed demokracie<\/em><\/p>\n<p><img decoding=\"async\" loading=\"lazy\" class=\"\" src=\"https:\/\/narodnidemokracie.cz\/wp-content\/uploads\/2025\/09\/MS-665x435.jpg\" width=\"199\" height=\"130\" \/><\/p>\n<p>&nbsp;<\/p>\n","protected":false},"excerpt":{"rendered":"<p>Jen aktu\u00e1ln\u00ed dopln\u011bn\u00ed k\u00a0m\u00e9mu \u0159\u00edjnov\u00e9mu pov\u00edd\u00e1n\u00ed. Kolegov\u00e9 mluv\u00ed o marasmu u n\u00e1s a d\u011blaj\u00ed to&#8230;<\/p>\n","protected":false},"author":2,"featured_media":97305,"comment_status":"closed","ping_status":"closed","sticky":false,"template":"","format":"standard","meta":[],"categories":[6],"tags":[30,1503,2728,1435],"_links":{"self":[{"href":"https:\/\/www.infokuryr.cz\/n\/wp-json\/wp\/v2\/posts\/97304"}],"collection":[{"href":"https:\/\/www.infokuryr.cz\/n\/wp-json\/wp\/v2\/posts"}],"about":[{"href":"https:\/\/www.infokuryr.cz\/n\/wp-json\/wp\/v2\/types\/post"}],"author":[{"embeddable":true,"href":"https:\/\/www.infokuryr.cz\/n\/wp-json\/wp\/v2\/users\/2"}],"replies":[{"embeddable":true,"href":"https:\/\/www.infokuryr.cz\/n\/wp-json\/wp\/v2\/comments?post=97304"}],"version-history":[{"count":0,"href":"https:\/\/www.infokuryr.cz\/n\/wp-json\/wp\/v2\/posts\/97304\/revisions"}],"wp:featuredmedia":[{"embeddable":true,"href":"https:\/\/www.infokuryr.cz\/n\/wp-json\/wp\/v2\/media\/97305"}],"wp:attachment":[{"href":"https:\/\/www.infokuryr.cz\/n\/wp-json\/wp\/v2\/media?parent=97304"}],"wp:term":[{"taxonomy":"category","embeddable":true,"href":"https:\/\/www.infokuryr.cz\/n\/wp-json\/wp\/v2\/categories?post=97304"},{"taxonomy":"post_tag","embeddable":true,"href":"https:\/\/www.infokuryr.cz\/n\/wp-json\/wp\/v2\/tags?post=97304"}],"curies":[{"name":"wp","href":"https:\/\/api.w.org\/{rel}","templated":true}]}}