{"id":97273,"date":"2026-01-20T00:14:55","date_gmt":"2026-01-19T23:14:55","guid":{"rendered":"https:\/\/www.infokuryr.cz\/n\/?p=97273"},"modified":"2026-01-19T12:26:12","modified_gmt":"2026-01-19T11:26:12","slug":"iransky-nejvyssi-vudce-pronesl-projev-po-povstanich-iniciovanych-zapadem-zatimco-zapadni-tisk-z-velke-casti-mlci","status":"publish","type":"post","link":"https:\/\/www.infokuryr.cz\/n\/2026\/01\/20\/iransky-nejvyssi-vudce-pronesl-projev-po-povstanich-iniciovanych-zapadem-zatimco-zapadni-tisk-z-velke-casti-mlci\/","title":{"rendered":"\u00cdr\u00e1nsk\u00fd nejvy\u0161\u0161\u00ed v\u016fdce pronesl projev po povst\u00e1n\u00edch iniciovan\u00fdch Z\u00e1padem \u2013 zat\u00edmco z\u00e1padn\u00ed tisk z velk\u00e9 \u010d\u00e1sti ml\u010d\u00ed"},"content":{"rendered":"<div id=\"fb-root\"><\/div>\n<p><span dir=\"auto\">Ajatoll\u00e1h im\u00e1m Chamene\u00ed pronesl projev k \u00edr\u00e1nsk\u00e9mu n\u00e1rodu u p\u0159\u00edle\u017eitosti sv\u00e1tku\u00a0<\/span><strong><span dir=\"auto\">\u00cdd al-Fitr<\/span><\/strong><span dir=\"auto\">\u00a0, p\u0159ipom\u00ednky prvn\u00edho bo\u017esk\u00e9ho zjeven\u00ed proroku Mohamedovi. V tomto projevu podrobn\u011b hovo\u0159il o ned\u00e1vn\u00e9m povst\u00e1n\u00ed, kter\u00e9 popsal jako podporovan\u00e9 Spojen\u00fdmi st\u00e1ty a Izraelem.<\/span><\/p>\n<p><strong><span dir=\"auto\">Cel\u00fd projev najdete na Telegramu:<\/span><\/strong><\/p>\n<p><iframe loading=\"lazy\" id=\"telegram-post-Middle_East_Spectator-27520\" src=\"https:\/\/t.me\/Middle_East_Spectator\/27520?embed=1\" width=\"100%\" height=\"\" frameborder=\"0\" scrolling=\"no\" data-mce-fragment=\"1\"><\/iframe><\/p>\n<p><span dir=\"auto\">Hned na za\u010d\u00e1tku jasn\u011b uvedl, \u017ee povaha tohoto povst\u00e1n\u00ed byla americk\u00e1. Pro n\u011bj bylo jednozna\u010dn\u00e9, \u017ee Ameri\u010dan\u00e9 tuto vzpouru napl\u00e1novali a provedli. D\u016frazn\u011b zd\u016fraznil, na z\u00e1klad\u011b v\u00edce ne\u017e \u010dty\u0159icetilet\u00fdch zku\u0161enost\u00ed s Isl\u00e1mskou republikou, \u017ee z\u00e1kladn\u00edm c\u00edlem Ameriky bylo pohltit \u00cdr\u00e1n. Od za\u010d\u00e1tku isl\u00e1msk\u00e9 revoluce a\u017e do dne\u0161ka byla d\u0159\u00edv\u011bj\u0161\u00ed americk\u00e1 dominance nad \u00cdr\u00e1nem \u2013 vojensk\u00e1, politick\u00e1 i ekonomick\u00e1 \u2013 zni\u010dena lidem, ml\u00e1de\u017e\u00ed a v\u0161emi vrstvami spole\u010dnosti pod veden\u00edm Velk\u00e9ho im\u00e1ma. Nicm\u00e9n\u011b od prvn\u00edho dne revoluce se USA sna\u017eily obnovit tuto ztracenou dominanci a znovu z\u00edskat \u00cdr\u00e1n pod svou kontrolu.<\/span><\/p>\n<p><span dir=\"auto\">Nejde o jednoho \u010dlov\u011bka v B\u00edl\u00e9m dom\u011b, ani o sou\u010dasn\u00e9ho, \u200b\u200bani o b\u00fdval\u00e9ho americk\u00e9ho prezidenta, ale o z\u00e1kladn\u00ed politiku Spojen\u00fdch st\u00e1t\u016f. Z Chamene\u00edho pohledu je tato politika jasn\u00e1: Zem\u011b s geografickou polohou, velikost\u00ed, populac\u00ed, schopnostmi a v\u011bdeckotechnick\u00fdm pokrokem \u00cdr\u00e1nu je pro Ameriku ne\u00fanosn\u00e1. Takov\u00fd st\u00e1t je pro USA ne\u00fanosn\u00fd. Americk\u00e9ho prezidenta v\u00fdslovn\u011b ozna\u010dil za zlo\u010dince, a to jak kv\u016fli ob\u011btem a \u0161kod\u00e1m, tak kv\u016fli pomluv\u00e1m, kter\u00e9 vznesl proti \u00edr\u00e1nsk\u00e9mu n\u00e1rodu.<\/span><\/p>\n<p><span dir=\"auto\">Chamene\u00ed p\u0159ipomn\u011bl, \u017ee v minulosti podobn\u00e9 nepokoje obvykle p\u00e1chali ameri\u010dt\u00ed novin\u00e1\u0159i, druho\u0159ad\u00ed ameri\u010dt\u00ed politici nebo evropsk\u00e9 st\u00e1ty. Na tomto povst\u00e1n\u00ed v\u0161ak bylo jedine\u010dn\u00e9 to, \u017ee situaci osobn\u011b podn\u00edtil a eskaloval s\u00e1m prezident Spojen\u00fdch st\u00e1t\u016f. Ve\u0159ejn\u011b mluvil, komentoval, vyhro\u017eoval, povzbuzoval povstalce a pos\u00edlal jim p\u0159\u00edm\u00e9 zpr\u00e1vy z Ameriky. V t\u011bchto zpr\u00e1v\u00e1ch jim vzkazoval, aby pokra\u010dovali, aby se neb\u00e1li, a uji\u0161\u0165oval je, \u017ee Amerika je podporuje a dokonce jim poskytne vojenskou pomoc. T\u00edm se s\u00e1m americk\u00fd prezident stal sou\u010d\u00e1st\u00ed tohoto povst\u00e1n\u00ed.<\/span><\/p>\n<p><span dir=\"auto\">Skupina v r\u00e1mci t\u011bchto nepokoj\u016f, v\u010detn\u011b jednotlivc\u016f, kte\u0159\u00ed se dopustili ni\u010den\u00ed, \u017eh\u00e1\u0159stv\u00ed, nez\u00e1konn\u00fdch \u010din\u016f a vra\u017ed, byla j\u00edm vykreslena jako \u00edr\u00e1nsk\u00fd lid. Chamene\u00ed to ozna\u010dil za velkou pomluvu proti \u00edr\u00e1nsk\u00e9mu n\u00e1rodu a zlo\u010din. Zd\u016fraznil, \u017ee jeho prohl\u00e1\u0161en\u00ed jsou zalo\u017eena na zdokumentovan\u00fdch a ve\u0159ejn\u011b dostupn\u00fdch d\u016fkazech. USA otev\u0159en\u011b podporovaly a asistovaly, stejn\u011b jako sionistick\u00fd re\u017eim, o kter\u00e9m se pozd\u011bji kr\u00e1tce vyj\u00e1d\u0159il.<\/span><\/p>\n<p><span dir=\"auto\">D\u00e1le vysv\u011btlil, \u017ee \u00edr\u00e1nsk\u00fd n\u00e1rod toto povst\u00e1n\u00ed potla\u010dil. 12. ledna, den, kdy miliony lid\u00ed vy\u0161ly do ulic, se stal historick\u00fdm dnem, srovnateln\u00fdm s 22. Bahm\u00e1nem. Lid\u00e9, s miliony v Teher\u00e1nu a velk\u00fdmi, hust\u00fdmi davy v mnoha dal\u0161\u00edch m\u011bstech, zasadili t\u011b\u017ekou r\u00e1nu hlasit\u00fdm aspirac\u00edm. Za to d\u011bkoval Bohu.<\/span><\/p>\n<p><span dir=\"auto\">Ajatoll\u00e1h Chamene\u00ed prohl\u00e1sil, \u017ee \u00edr\u00e1nsk\u00fd n\u00e1rod porazil Ameriku. Ameri\u010dan\u00e9 zah\u00e1jili toto povst\u00e1n\u00ed s rozs\u00e1hl\u00fdmi p\u0159\u00edpravami jako p\u0159edehru k mnohem v\u011bt\u0161\u00edm \u010din\u016fm. \u00cdr\u00e1nsk\u00fd lid je v\u0161ak porazil. Jen o n\u011bkolik m\u011bs\u00edc\u016f d\u0159\u00edve, v takzvan\u00e9 dvan\u00e1ctidenn\u00ed v\u00e1lce, \u00cdr\u00e1n porazil Ameriku a sionisty a i tentokr\u00e1t \u00edr\u00e1nsk\u00fd n\u00e1rod z Bo\u017e\u00ed milosti porazil Ameriku. Nicm\u00e9n\u011b zd\u016fraznil, \u017ee to nesta\u010d\u00ed. A\u010dkoli povst\u00e1n\u00ed skon\u010dilo, samo o sob\u011b to nesta\u010d\u00ed.<\/span><\/p>\n<p><span dir=\"auto\">Spojen\u00e9 st\u00e1ty mus\u00ed n\u00e9st odpov\u011bdnost. P\u0159\u00edslu\u0161n\u00e9 instituce zem\u011b, v\u010detn\u011b ministerstva zahrani\u010d\u00ed a dal\u0161\u00edch relevantn\u00edch agentur, se mus\u00ed touto z\u00e1le\u017eitost\u00ed zab\u00fdvat. Z\u00e1rove\u0148 up\u0159esnil, \u017ee \u00cdr\u00e1n nem\u00e1 v \u00famyslu v\u00e9st zemi do v\u00e1lky. Nicm\u00e9n\u011b ani dom\u00e1c\u00ed, ani mezin\u00e1rodn\u00ed zlo\u010dinci nebudou ignorov\u00e1ni. Zejm\u00e9na mezin\u00e1rodn\u00ed zlo\u010dinci jsou je\u0161t\u011b hor\u0161\u00ed a ani oni nez\u016fstanou bez trestu. Tato z\u00e1le\u017eitost mus\u00ed b\u00fdt \u0159e\u0161ena spr\u00e1vn\u00fdmi metodami a vhodn\u00fdm zp\u016fsobem. Stejn\u011b jako \u00edr\u00e1nsk\u00fd lid potla\u010dil povst\u00e1n\u00ed, mus\u00ed zlomit i str\u016fjce povst\u00e1n\u00ed.<\/span><\/p>\n<p><span dir=\"auto\">\u00dast\u0159edn\u00ed \u010d\u00e1st\u00ed jeho projevu byla v\u00fdzva k jednot\u011b. Jednota mezi lidmi mus\u00ed b\u00fdt zachov\u00e1na; nesm\u00ed se dovolit \u0161\u00ed\u0159en\u00ed frak\u010dn\u00edch, politick\u00fdch a rozd\u011bluj\u00edc\u00edch spor\u016f. V\u0161ichni mus\u00ed st\u00e1t spole\u010dn\u011b, bok po boku, aby br\u00e1nili isl\u00e1msk\u00fd syst\u00e9m a \u00cdr\u00e1n, tento milovan\u00fd \u00cdr\u00e1n. V\u0161ichni mus\u00ed st\u00e1t jednotn\u00ed.<\/span><\/p>\n<p><span dir=\"auto\">Pochv\u00e1lil pr\u00e1ci \u00fa\u0159edn\u00edk\u016f a odpov\u011bdn\u00fdch osob v r\u016fzn\u00fdch odv\u011btv\u00edch. Prezident spolu s dal\u0161\u00edmi st\u00e1tn\u00edmi \u00fa\u0159edn\u00edky pracoval aktivn\u011b, v ter\u00e9nu a s nasazen\u00edm. Chamene\u00ed varoval p\u0159ed ukvapenou kritikou jednodu\u0161e proto, \u017ee \u010dlov\u011bk nen\u00ed obezn\u00e1men se v\u0161emi detaily. Ur\u00e1\u017eky vedouc\u00edch p\u0159edstavitel\u016f st\u00e1tu, prezidenta nebo jin\u00fdch \u00fa\u0159edn\u00edk\u016f jsou za tak d\u016fle\u017eit\u00fdch mezin\u00e1rodn\u00edch a dom\u00e1c\u00edch okolnost\u00ed zak\u00e1z\u00e1ny, bez ohledu na to, zda tito jedinci byli \u010dleny parlamentu, \u010di nikoli. \u00da\u0159edn\u00edci mus\u00ed b\u00fdt respektov\u00e1ni, zejm\u00e9na ti, kte\u0159\u00ed se v takov\u00fdch situac\u00edch od lidu nedistancovali.<\/span><\/p>\n<p><span dir=\"auto\">Zd\u016fraznil, \u017ee v minulosti se st\u00e1valo, \u017ee lid\u00e9 st\u00e1li v ulic\u00edch, zat\u00edmco policist\u00e9 je pouze pozorovali nebo dokonce proti nim mluvili. Tentokr\u00e1t to v\u0161ak bylo jin\u00e9: policist\u00e9 st\u00e1li po boku lid\u00ed, byli mezi nimi, pohybovali se s nimi a pracovali na stejn\u00e9m c\u00edli. Tento postoj je t\u0159eba uznat a ocenit, proto\u017ee m\u00e1 velk\u00fd v\u00fdznam.<\/span><\/p>\n<p><span dir=\"auto\">Z\u00e1v\u011brem vydal jasn\u00e9 doporu\u010den\u00ed prezidentovi, vedouc\u00edm p\u0159edstavitel\u016fm ostatn\u00edch slo\u017eek vl\u00e1dy a aktivn\u00edm p\u0159edstavitel\u016fm zem\u011b. M\u011bli by vykon\u00e1vat svou pr\u00e1ci, pokra\u010dovat ve sv\u00e9m \u00fasil\u00ed a plnit velkou zodpov\u011bdnost, kter\u00e1 jim byla sv\u011b\u0159ena. Uznal, \u017ee ekonomick\u00e1 situace je obt\u00ed\u017en\u00e1 a \u017ee \u017eivobyt\u00ed lid\u00ed je siln\u011b ohro\u017eeno. Pr\u00e1v\u011b z tohoto d\u016fvodu museli ti, kte\u0159\u00ed nesou odpov\u011bdnost v t\u011bchto oblastech, pracovat dvojn\u00e1sobn\u011b usilovn\u011bji. Vl\u00e1dn\u00ed \u00fa\u0159edn\u00edci museli jednat s dvojn\u00e1sobn\u00fdm \u00fasil\u00edm a v\u011bt\u0161\u00ed v\u00e1\u017enost\u00ed, pokud jde o z\u00e1kladn\u00ed zbo\u017e\u00ed, krmivo pro zv\u00ed\u0159ata, z\u00e1kladn\u00ed z\u00e1soby potravin a obecn\u00e9 pot\u0159eby obyvatelstva. O tom nebylo pochyb.<\/span><\/p>\n<p><img decoding=\"async\" loading=\"lazy\" class=\"alignnone size-full wp-image-1185\" src=\"http:\/\/www.infokuryr.cz\/n\/wp-content\/uploads\/2021\/04\/kuryr-podpis.png\" alt=\"\" width=\"84\" height=\"24\" \/><\/p>\n<p>&nbsp;<\/p>\n","protected":false},"excerpt":{"rendered":"<p>Ajatoll\u00e1h im\u00e1m Chamene\u00ed pronesl projev k \u00edr\u00e1nsk\u00e9mu n\u00e1rodu u p\u0159\u00edle\u017eitosti sv\u00e1tku\u00a0\u00cdd al-Fitr\u00a0, p\u0159ipom\u00ednky prvn\u00edho bo\u017esk\u00e9ho&#8230;<\/p>\n","protected":false},"author":2,"featured_media":97274,"comment_status":"closed","ping_status":"closed","sticky":false,"template":"","format":"standard","meta":[],"categories":[7],"tags":[38,710,1111],"_links":{"self":[{"href":"https:\/\/www.infokuryr.cz\/n\/wp-json\/wp\/v2\/posts\/97273"}],"collection":[{"href":"https:\/\/www.infokuryr.cz\/n\/wp-json\/wp\/v2\/posts"}],"about":[{"href":"https:\/\/www.infokuryr.cz\/n\/wp-json\/wp\/v2\/types\/post"}],"author":[{"embeddable":true,"href":"https:\/\/www.infokuryr.cz\/n\/wp-json\/wp\/v2\/users\/2"}],"replies":[{"embeddable":true,"href":"https:\/\/www.infokuryr.cz\/n\/wp-json\/wp\/v2\/comments?post=97273"}],"version-history":[{"count":0,"href":"https:\/\/www.infokuryr.cz\/n\/wp-json\/wp\/v2\/posts\/97273\/revisions"}],"wp:featuredmedia":[{"embeddable":true,"href":"https:\/\/www.infokuryr.cz\/n\/wp-json\/wp\/v2\/media\/97274"}],"wp:attachment":[{"href":"https:\/\/www.infokuryr.cz\/n\/wp-json\/wp\/v2\/media?parent=97273"}],"wp:term":[{"taxonomy":"category","embeddable":true,"href":"https:\/\/www.infokuryr.cz\/n\/wp-json\/wp\/v2\/categories?post=97273"},{"taxonomy":"post_tag","embeddable":true,"href":"https:\/\/www.infokuryr.cz\/n\/wp-json\/wp\/v2\/tags?post=97273"}],"curies":[{"name":"wp","href":"https:\/\/api.w.org\/{rel}","templated":true}]}}