{"id":97237,"date":"2026-01-19T00:31:38","date_gmt":"2026-01-18T23:31:38","guid":{"rendered":"https:\/\/www.infokuryr.cz\/n\/?p=97237"},"modified":"2026-01-18T17:14:46","modified_gmt":"2026-01-18T16:14:46","slug":"fantasticka-pujcka-ukrajine-se-opet-upravuje-protoze-eu-celi-jinym-prioritam","status":"publish","type":"post","link":"https:\/\/www.infokuryr.cz\/n\/2026\/01\/19\/fantasticka-pujcka-ukrajine-se-opet-upravuje-protoze-eu-celi-jinym-prioritam\/","title":{"rendered":"Fantastick\u00e1 \u201ep\u016fj\u010dka\u201c Ukrajin\u011b se op\u011bt upravuje, proto\u017ee EU \u010del\u00ed jin\u00fdm priorit\u00e1m"},"content":{"rendered":"<div id=\"fb-root\"><\/div>\n<p><span dir=\"auto\">Eurokrat\u00e9 se usilovn\u011b sna\u017e\u00ed naj\u00edt politiku, kter\u00e1 by se jevila jako \u201erozumn\u00e1\u201c, zat\u00edmco se jim ukrajinsk\u00fd projekt nad\u00e1le hrout\u00ed p\u0159\u00edmo p\u0159ed o\u010dima.<\/span><\/p>\n<p><span dir=\"auto\">Nejnov\u011bj\u0161\u00ed informace nazna\u010duj\u00ed, \u017ee tolik vychvalovan\u00e1 \u201ep\u016fj\u010dka\u201c ve v\u00fd\u0161i 90 miliard eur, kter\u00e1 byla vrcholem a \u201etriumfem\u201c minul\u00fd m\u011bs\u00edc sch\u016fze von der Leyenov\u00e9 \u2013 kter\u00e1 sama o sob\u011b byla ve skute\u010dnosti jen mizern\u00fdm sn\u00ed\u017een\u00edm po\u017eadovan\u00e9, ale ji\u017e zapomenut\u00e9 \u010d\u00e1stky \u2013 se ukazuje jako dal\u0161\u00ed lekce teatr\u00e1ln\u00edho klamu.<\/span><\/p>\n<p><span dir=\"auto\">Hlavn\u00ed m\u00e9dia nyn\u00ed informuj\u00ed, \u017ee takzvan\u00e1 \u201ep\u016fj\u010dka\u201c poskytne Ukrajin\u011b pouze asi 30 miliard eur, zat\u00edmco zb\u00fdvaj\u00edc\u00edch 60 miliard eur p\u016fjde p\u0159\u00edmo evropsk\u00fdm \u201ev\u00fdrobc\u016fm zbran\u00ed\u201c.<\/span><\/p>\n<div class=\"wp-block-image\">\n<figure class=\"aligncenter size-full is-resized\"><a class=\"single-popup\" href=\"https:\/\/i0.wp.com\/reseauinternational.net\/wp-content\/uploads\/2026\/01\/image-222.png?ssl=1\"><img decoding=\"async\" loading=\"lazy\" class=\"wp-image-506525 aligncenter\" src=\"https:\/\/i0.wp.com\/reseauinternational.net\/wp-content\/uploads\/2026\/01\/image-222.png?resize=710%2C440&amp;ssl=1\" sizes=\"auto, (max-width: 710px) 100vw, 710px\" srcset=\"https:\/\/i0.wp.com\/reseauinternational.net\/wp-content\/uploads\/2026\/01\/image-222.png?w=710&amp;ssl=1 710w, https:\/\/i0.wp.com\/reseauinternational.net\/wp-content\/uploads\/2026\/01\/image-222.png?resize=300%2C186&amp;ssl=1 300w\" alt=\"\" width=\"620\" height=\"384\" data-recalc-dims=\"1\" \/><\/a><figcaption class=\"wp-element-caption\"><a href=\"https:\/\/www.wsj.com\/world\/europe\/european-defense-companies-in-line-to-benefit-from-bulk-of-eus-105-billion-ukraine-loan-22d826ad\"><em><span dir=\"auto\">https:\/\/www.wsj.com\/world\/europe\/european-defense-companies-in-line-to-benefit-from-bulk-of-eus-105-billion-ukraine-loan-22d826ad<\/span><\/em><\/a><\/figcaption><\/figure>\n<\/div>\n<p><span dir=\"auto\">Z\u00a0<\/span><em><span dir=\"auto\">Bloombergu<\/span><\/em><span dir=\"auto\">\u00a0:<\/span><\/p>\n<div class=\"wp-block-image\">\n<figure class=\"aligncenter size-full is-resized\"><a class=\"single-popup\" href=\"https:\/\/i0.wp.com\/reseauinternational.net\/wp-content\/uploads\/2026\/01\/image-223.png?ssl=1\"><img decoding=\"async\" loading=\"lazy\" class=\"wp-image-506526 aligncenter\" src=\"https:\/\/i0.wp.com\/reseauinternational.net\/wp-content\/uploads\/2026\/01\/image-223.png?resize=769%2C162&amp;ssl=1\" sizes=\"auto, (max-width: 769px) 100vw, 769px\" srcset=\"https:\/\/i0.wp.com\/reseauinternational.net\/wp-content\/uploads\/2026\/01\/image-223.png?w=769&amp;ssl=1 769w, https:\/\/i0.wp.com\/reseauinternational.net\/wp-content\/uploads\/2026\/01\/image-223.png?resize=300%2C63&amp;ssl=1 300w\" alt=\"\" width=\"731\" height=\"154\" data-recalc-dims=\"1\" \/><\/a><figcaption class=\"wp-element-caption\"><a href=\"https:\/\/www.bloomberg.com\/news\/articles\/2026-01-14\/eu-s-90-billion-ukraine-loan-to-mostly-support-european-firms\"><em><span dir=\"auto\">https:\/\/www.bloomberg.com\/news\/articles\/2026-01-14\/eu-s-90-billion-ukraine-loan-to-mostly-support-european-firms<\/span><\/em><\/a><\/figcaption><\/figure>\n<\/div>\n<p><span dir=\"auto\">Shrnut\u00ed z TG uv\u00e1d\u00ed:<\/span><\/p>\n<p><span dir=\"auto\">\u201e\u00a0<\/span><em><span dir=\"auto\">EVROPSK\u00c1 UNIE PODV\u00c1DLA UKRAJINU: Z p\u0159isl\u00edben\u00fdch 90 miliard eur EU p\u0159id\u011bl\u00ed Kyjevu pouze 30 miliard eur (15 miliard eur ro\u010dn\u011b) a 60 miliard eur z\u016fstane v EU pro pot\u0159eby evropsk\u00fdch spole\u010dnost\u00ed obrann\u00e9ho pr\u016fmyslu. Kyjevu byla d\u0159\u00edve sl\u00edbena p\u016fj\u010dka ve v\u00fd\u0161i 90 miliard eur v p\u0159\u00edm\u00e9 form\u011b (45 miliard eur ro\u010dn\u011b) a pen\u00edze na zbran\u011b m\u011bly b\u00fdt poskytov\u00e1ny odd\u011blen\u011b od jin\u00fdch zdroj\u016f.\u201c<\/span><\/em><\/p>\n<p><em><span dir=\"auto\">Ka\u017ed\u00fd na Ukrajin\u011b chce z toho profitovat a nikdo, krom\u011b Ruska, se nestar\u00e1 o jej\u00ed prosperitu, ani jeho vlastn\u00ed v\u016fdci. Evropan\u00e9 pl\u00e1nuj\u00ed vybudovat si vlastn\u00ed obrann\u00fd pr\u016fmysl a arm\u00e1du na \u00fakor Ukrajiny a pot\u00e9 zabavit jej\u00ed majetek, aby splatili dluhy.<\/span><\/em><\/p>\n<p><em><span dir=\"auto\">Zelenskyj si st\u011b\u017eoval, \u017ee dostal jen 90 miliard eur. Co te\u010f bude d\u011blat<\/span><\/em><span dir=\"auto\">\u00a0?<\/span><\/p>\n<p><span dir=\"auto\">Mezit\u00edm se protievropsk\u00fd blok rozr\u016fst\u00e1 po ozn\u00e1men\u00ed Slovenska, \u017ee ukon\u010d\u00ed ve\u0161kerou pomoc Ukrajin\u011b a nebude se pod\u00edlet na fale\u0161n\u00e9 \u201e\u00a0<\/span><em><span dir=\"auto\">p\u016fj\u010dce<\/span><\/em><span dir=\"auto\">\u00a0\u201c EU ve v\u00fd\u0161i 90 miliard eur .<\/span><\/p>\n<p><span dir=\"auto\">Pl\u00e1nova\u010di Evropsk\u00e9 komise p\u0159edv\u00eddali, jak m\u00e1lo jejich uboh\u00fd syst\u00e9m financov\u00e1n\u00ed Ukrajin\u011b v dlouhodob\u00e9m horizontu p\u0159inese, a proto n\u00e1hle zm\u011bnili t\u00f3n. Pot\u00e9, co jeden z vysoce postaven\u00fdch \u00fa\u0159edn\u00edk\u016f nal\u00e9hal na EU, aby \u201e\u00a0<\/span><em><span dir=\"auto\">si promluvila s Putinem<\/span><\/em><span dir=\"auto\">\u00a0\u201c, se nyn\u00ed objevuj\u00ed zpr\u00e1vy, \u017ee EU je pod vnit\u0159n\u00edm tlakem, aby vytvo\u0159ila ofici\u00e1ln\u00ed post vyjednava\u010de, jak\u00e9hosi vyslance EU pro Rusko v ukrajinsk\u00e9 ot\u00e1zce.<\/span><\/p>\n<div class=\"wp-block-image\">\n<figure class=\"aligncenter size-full is-resized\"><a class=\"single-popup\" href=\"https:\/\/i0.wp.com\/reseauinternational.net\/wp-content\/uploads\/2026\/01\/image-224.png?ssl=1\"><img decoding=\"async\" loading=\"lazy\" class=\"wp-image-506527 aligncenter\" src=\"https:\/\/i0.wp.com\/reseauinternational.net\/wp-content\/uploads\/2026\/01\/image-224.png?resize=672%2C943&amp;ssl=1\" sizes=\"auto, (max-width: 672px) 100vw, 672px\" srcset=\"https:\/\/i0.wp.com\/reseauinternational.net\/wp-content\/uploads\/2026\/01\/image-224.png?w=672&amp;ssl=1 672w, https:\/\/i0.wp.com\/reseauinternational.net\/wp-content\/uploads\/2026\/01\/image-224.png?resize=214%2C300&amp;ssl=1 214w\" alt=\"\" width=\"612\" height=\"859\" data-recalc-dims=\"1\" \/><\/a><figcaption class=\"wp-element-caption\"><a href=\"https:\/\/www.politico.eu\/article\/eu-vladimir-putin-ukraine-us-deal-plan-nato-jobs\"><em><span dir=\"auto\">https:\/\/www.politico.eu\/article\/eu-vladimir-putin-ukraine-us-deal-plan-nato-jobs<\/span><\/em><\/a><\/figcaption><\/figure>\n<\/div>\n<p><span dir=\"auto\">\u201e\u00a0<\/span><em><span dir=\"auto\">EU jedn\u00e1 s Putinem o vytvo\u0159en\u00ed funkce vyjednava\u010de \u2013 Politico\u201c<\/span><\/em><\/p>\n<p><strong><em><span dir=\"auto\">\u2022\u00a0\u00a0<\/span><\/em><\/strong><em><span dir=\"auto\">Diskuse se t\u00fdk\u00e1 zvl\u00e1\u0161tn\u00edho z\u00e1stupce, kter\u00fd bude jm\u00e9nem Evropsk\u00e9 unie v\u00e9st dialog s Ruskem ohledn\u011b ukrajinsk\u00e9ho konfliktu. Iniciativu prosazuj\u00ed Macron a italsk\u00fd premi\u00e9r Meloni, kte\u0159\u00ed volaj\u00ed po otev\u0159en\u00ed komunika\u010dn\u00edch kan\u00e1l\u016f s Moskvou uprost\u0159ed zastaven\u00fdch jedn\u00e1n\u00ed zprost\u0159edkovan\u00fdch Spojen\u00fdmi st\u00e1ty.<\/span><\/em><\/p>\n<p><strong><em><span dir=\"auto\">\u2022\u00a0\u00a0<\/span><\/em><\/strong><em><span dir=\"auto\">V Bruselu zd\u016fraz\u0148uj\u00ed, \u017ee takov\u00fd z\u00e1stupce bude vys\u00edlat sign\u00e1ly nejen Rusku, ale i Washingtonu, jeliko\u017e n\u011bkter\u00e9 ot\u00e1zky se p\u0159\u00edmo dot\u00fdkaj\u00ed bezpe\u010dnosti Evropy.<\/span><\/em><\/p>\n<p><strong><em><span dir=\"auto\">\u2022\u00a0\u00a0<\/span><\/em><\/strong><em><span dir=\"auto\">Mario Draghi, b\u00fdval\u00fd italsk\u00fd premi\u00e9r, a Sauli Niinist\u00f6, finsk\u00fd prezident, jsou neofici\u00e1ln\u011b zmi\u0148ov\u00e1ni jako mo\u017en\u00ed kandid\u00e1ti, ale zdroje uv\u00e1d\u011bj\u00ed, \u017ee diskuse o t\u011bchto osob\u00e1ch je v t\u00e9to f\u00e1zi p\u0159ed\u010dasn\u00e1<\/span><\/em><span dir=\"auto\">\u00a0.<\/span><\/p>\n<p><span dir=\"auto\">Merz bohu\u017eel sv\u00fdm zmaten\u00fdm koleg\u016fm ozn\u00e1mil, \u017ee jejich pl\u00e1n nebude fungovat bez \u201e\u00a0<\/span><em><span dir=\"auto\">souhlasu Ruska<\/span><\/em><span dir=\"auto\">\u00a0\u201c, proto\u017ee Rusko mus\u00ed nejprve souhlasit s p\u0159\u00edm\u011b\u0159\u00edm, ne\u017e Evropa m\u016f\u017ee na Ukrajinu vpustit vojska:<\/span><\/p>\n<p><a title=\"\" href=\"https:\/\/simplicius76.substack.com\/p\/fantasy-loan-for-ukraine-gets-adjusted\" target=\"_blank\" rel=\"noopener\"><span dir=\"auto\">Pod\u00edvejte se na video na webov\u00fdch str\u00e1nk\u00e1ch autora<\/span><\/a><\/p>\n<p><span dir=\"auto\">Skute\u010dnost, \u017ee jsou dostate\u010dn\u011b \u201echyt\u0159\u00ed\u201c na to, aby pochopili, \u017ee na Ukrajin\u011b nemohou b\u00fdt \u017e\u00e1dn\u00e1 vojska bez paradoxn\u00edho souhlasu Ruska, nazna\u010duje, \u017ee jejich pl\u00e1ny na nasazen\u00ed t\u011bchto vojsk nejsou nic jin\u00e9ho ne\u017e divadlo, jeho\u017e c\u00edlem je zabr\u00e1nit katastrofick\u00e9mu zhroucen\u00ed ukrajinsk\u00e9 mor\u00e1lky, zat\u00edmco ti, kdo tyto pl\u00e1ny navrhuj\u00ed, velmi dob\u0159e v\u011bd\u00ed, \u017ee nikdy nebudou fungovat.<\/span><\/p>\n<div class=\"wp-block-image\">\n<figure class=\"aligncenter size-full is-resized\"><a class=\"single-popup\" href=\"https:\/\/i0.wp.com\/reseauinternational.net\/wp-content\/uploads\/2026\/01\/image-225.png?ssl=1\"><img decoding=\"async\" loading=\"lazy\" class=\"wp-image-506528 aligncenter\" src=\"https:\/\/i0.wp.com\/reseauinternational.net\/wp-content\/uploads\/2026\/01\/image-225.png?resize=635%2C645&amp;ssl=1\" sizes=\"auto, (max-width: 635px) 100vw, 635px\" srcset=\"https:\/\/i0.wp.com\/reseauinternational.net\/wp-content\/uploads\/2026\/01\/image-225.png?w=635&amp;ssl=1 635w, https:\/\/i0.wp.com\/reseauinternational.net\/wp-content\/uploads\/2026\/01\/image-225.png?resize=295%2C300&amp;ssl=1 295w\" alt=\"\" width=\"544\" height=\"553\" data-recalc-dims=\"1\" \/><\/a><figcaption class=\"wp-element-caption\"><a href=\"https:\/\/www.bloomberg.com\/opinion\/articles\/2026-01-12\/ukraine-war-starmer-and-macron-plan-shows-europe-weakness\"><em><span dir=\"auto\">https:\/\/www.bloomberg.com\/opinion\/articles\/2026-01-12\/ukraine-war-starmer-and-macron-plan-shows-europe-weakness<\/span><\/em><\/a><\/figcaption><\/figure>\n<\/div>\n<p><em><span dir=\"auto\">Bloomberg<\/span><\/em><span dir=\"auto\">\u00a0p\u00ed\u0161e, \u017ee francouzsko-britsk\u00e1 iniciativa vysl\u00e1n\u00ed vojsk nebude m\u00edt \u017e\u00e1dnou skute\u010dnou legitimitu, pokud nebude podpo\u0159ena \u201eamerickou leteckou podporou\u201c, a to \u201epokud Rusko n\u011bkdy souhlas\u00ed s p\u0159\u00edm\u011b\u0159\u00edm\u201c. Ani jeden z\u00e1padn\u00ed novin\u00e1\u0159 si nepolo\u017eil tu nejz\u0159ejm\u011bj\u0161\u00ed logickou ot\u00e1zku: pro\u010d by Rusko za t\u011bchto okolnost\u00ed souhlasilo s p\u0159\u00edm\u011b\u0159\u00edm? Tento jedin\u00fd bod op\u011bt dokazuje, \u017ee z\u00e1padn\u00ed novin\u00e1\u0159i jsou neprofesion\u00e1ln\u00ed a nehodn\u00ed sv\u00e9ho titulu.<\/span><\/p>\n<p><span dir=\"auto\">\u010cl\u00e1nek odhaluje relevantn\u00ed historickou kuriozitu Roberta Kagana:<\/span><\/p>\n<p><span dir=\"auto\">\u201e\u00a0<\/span><em><span dir=\"auto\">Postoje se od doby, kdy americk\u00fd vojensk\u00fd analytik Robert Kagan p\u0159ed v\u00edce ne\u017e dv\u011bma desetilet\u00edmi vyvolal transatlantick\u00fd hn\u011bv sv\u00fdm \u010dl\u00e1nkem \u201aAmeri\u010dan\u00e9 jsou z Marsu, Evropan\u00e9 z Venu\u0161e\u2018, moc nezm\u011bnily. Evropa prosazuje my\u0161lenku sv\u011bta, kde by vl\u00e1da pr\u00e1va, sp\u00ed\u0161e ne\u017e hrub\u00e1 s\u00edla, m\u011bla diktovat, jak se v\u011bci d\u011blaj\u00ed,\u201c napsal a dodal: \u201eEvropsk\u00e9 odm\u00edtnut\u00ed mocensk\u00e9 politiky v kone\u010dn\u00e9m d\u016fsledku z\u00e1vis\u00ed na ochot\u011b Spojen\u00fdch st\u00e1t\u016f pou\u017e\u00edt s\u00edlu po cel\u00e9m sv\u011bt\u011b proti t\u011bm, kte\u0159\u00ed v mocenskou politiku st\u00e1le v\u011b\u0159\u00ed. V d\u016fsledku toho Washington vn\u00edm\u00e1 Evropany jako \u201anudn\u00e9, irelevantn\u00ed, naivn\u00ed a nevd\u011b\u010dn\u00e9\u2018, zat\u00edmco Evropa vn\u00edm\u00e1 Spojen\u00e9 st\u00e1ty jako \u201atvrd\u00e9 n\u00e1siln\u00edky\u2018. A to bylo dlouho p\u0159edt\u00edm, ne\u017e Trump donutil D\u00e1nsko vzd\u00e1t se Gr\u00f3nska<\/span><\/em><span dir=\"auto\">\u00a0.\u201c<\/span><\/p>\n<p><span dir=\"auto\">V kone\u010dn\u00e9m d\u016fsledku, stejn\u011b jako v p\u0159\u00edpad\u011b sta\u017een\u00ed z\u00e1vazku pan\u00ed Wonder Lyinov\u00e9 ve v\u00fd\u0161i 90 miliard eur, vid\u00edme, jako obvykle, \u017ee v\u0161e, co eurokrat\u00e9 d\u011blaj\u00ed v\u016f\u010di Ukrajin\u011b, nakonec sleduje stejn\u00fd regresivn\u00ed vzorec:<\/span><\/p>\n<p><span dir=\"auto\">1. Nejprve oznamte oslniv\u00fd a \u201etriumf\u00e1ln\u00ed\u201c pr\u016flom, kter\u00fd se zd\u00e1 b\u00fdt a\u017e p\u0159\u00edli\u0161 dobr\u00fd na to, aby to byla pravda.<\/span><\/p>\n<p><span dir=\"auto\">2. Pak se ti\u0161e vra\u0165te o n\u011bkolik t\u00fddn\u016f pozd\u011bji, jakmile bude dosa\u017eeno pot\u0159ebn\u00e9 medi\u00e1ln\u00ed \u00farovn\u011b a medi\u00e1ln\u00ed saturace a bude mo\u017en\u00e9 to zam\u00e9st pod koberec, p\u0159i\u010dem\u017e v\u0161ichni budou st\u00e1le v\u011b\u0159it, \u017ee p\u016fvodn\u00ed \u201etriumf\u201c je na stole.<\/span><\/p>\n<p><span dir=\"auto\">To jsou o\u0161unt\u011bl\u00e9, klamav\u00e9 taktiky prohnil\u00e9ho re\u017eimu EU, kter\u00fd pou\u017e\u00edv\u00e1 tuto uboze se opakuj\u00edc\u00ed smy\u010dku taktik \u201en\u00e1vnada a podv\u00e1d\u011bn\u00ed\u201c jako jak\u00fdsi podn\u011bt k tomu, aby udr\u017eel sv\u00e9 rozpadaj\u00edc\u00ed se putovn\u00ed divadlo v pohybu. Vnit\u0159n\u011b samoz\u0159ejm\u011b v\u00edme, \u017ee to v\u011bd\u00ed.<\/span><\/p>\n<div class=\"wp-block-image\">\n<figure class=\"aligncenter size-large is-resized\"><a class=\"single-popup\" href=\"https:\/\/i0.wp.com\/reseauinternational.net\/wp-content\/uploads\/2026\/01\/image-226.png?ssl=1\"><img decoding=\"async\" loading=\"lazy\" class=\"wp-image-506529 aligncenter\" src=\"https:\/\/i0.wp.com\/reseauinternational.net\/wp-content\/uploads\/2026\/01\/image-226.png?resize=621%2C1024&amp;ssl=1\" sizes=\"auto, (max-width: 621px) 100vw, 621px\" srcset=\"https:\/\/i0.wp.com\/reseauinternational.net\/wp-content\/uploads\/2026\/01\/image-226.png?resize=621%2C1024&amp;ssl=1 621w, https:\/\/i0.wp.com\/reseauinternational.net\/wp-content\/uploads\/2026\/01\/image-226.png?resize=182%2C300&amp;ssl=1 182w, https:\/\/i0.wp.com\/reseauinternational.net\/wp-content\/uploads\/2026\/01\/image-226.png?w=760&amp;ssl=1 760w\" alt=\"\" width=\"530\" height=\"874\" data-recalc-dims=\"1\" \/><\/a><\/figure>\n<\/div>\n<p><span dir=\"auto\">Ve skute\u010dnosti se schizofrenn\u00ed Z\u00e1pad nem\u016f\u017ee rozhodnout, kam poslat sv\u00e1 vojska nebo komu vyhl\u00e1sit v\u00e1lku, p\u0159i\u010dem\u017e Evropa je zjevn\u011b rozd\u011blena v ot\u00e1zce, zda poslat vojska na \u201ev\u00fdchodn\u00ed\u201c nebo \u201ez\u00e1padn\u00ed\u201c frontu:<\/span><\/p>\n<div class=\"wp-block-image\">\n<figure class=\"aligncenter size-large is-resized\"><a class=\"single-popup\" href=\"https:\/\/i0.wp.com\/reseauinternational.net\/wp-content\/uploads\/2026\/01\/image-227.png?ssl=1\"><img decoding=\"async\" loading=\"lazy\" class=\"wp-image-506530 aligncenter\" src=\"https:\/\/i0.wp.com\/reseauinternational.net\/wp-content\/uploads\/2026\/01\/image-227.png?resize=1024%2C399&amp;ssl=1\" sizes=\"auto, (max-width: 1024px) 100vw, 1024px\" srcset=\"https:\/\/i0.wp.com\/reseauinternational.net\/wp-content\/uploads\/2026\/01\/image-227.png?resize=1024%2C399&amp;ssl=1 1024w, https:\/\/i0.wp.com\/reseauinternational.net\/wp-content\/uploads\/2026\/01\/image-227.png?resize=300%2C117&amp;ssl=1 300w, https:\/\/i0.wp.com\/reseauinternational.net\/wp-content\/uploads\/2026\/01\/image-227.png?resize=768%2C300&amp;ssl=1 768w, https:\/\/i0.wp.com\/reseauinternational.net\/wp-content\/uploads\/2026\/01\/image-227.png?resize=990%2C386&amp;ssl=1 990w, https:\/\/i0.wp.com\/reseauinternational.net\/wp-content\/uploads\/2026\/01\/image-227.png?w=1456&amp;ssl=1 1456w\" alt=\"\" width=\"860\" height=\"335\" data-recalc-dims=\"1\" \/><\/a><figcaption class=\"wp-element-caption\"><a href=\"https:\/\/www.france24.com\/en\/europe\/20260114-france-to-send-troops-for-european-security-mission-to-greenland-amid-trump-threats\"><em><span dir=\"auto\">https:\/\/www.france24.com\/en\/europe\/20260114-france-to-send-troops-for-european-security-mission-to-greenland-amid-trump-threats<\/span><\/em><\/a><\/figcaption><\/figure>\n<\/div>\n<div class=\"wp-block-image\">\n<figure class=\"aligncenter size-full is-resized\"><a class=\"single-popup\" href=\"https:\/\/i0.wp.com\/reseauinternational.net\/wp-content\/uploads\/2026\/01\/image-229.png?ssl=1\"><img decoding=\"async\" loading=\"lazy\" class=\"wp-image-506532 aligncenter\" src=\"https:\/\/i0.wp.com\/reseauinternational.net\/wp-content\/uploads\/2026\/01\/image-229.png?resize=556%2C253&amp;ssl=1\" sizes=\"auto, (max-width: 556px) 100vw, 556px\" srcset=\"https:\/\/i0.wp.com\/reseauinternational.net\/wp-content\/uploads\/2026\/01\/image-229.png?w=556&amp;ssl=1 556w, https:\/\/i0.wp.com\/reseauinternational.net\/wp-content\/uploads\/2026\/01\/image-229.png?resize=300%2C137&amp;ssl=1 300w\" alt=\"\" width=\"541\" height=\"246\" data-recalc-dims=\"1\" \/><\/a><\/figure>\n<\/div>\n<p><span dir=\"auto\">Norsko\u00a0<\/span><em><span dir=\"auto\">vyslalo do Gr\u00f3nska dva voj\u00e1ky, aby pomohli s obranou ostrova kv\u016fli Trumpov\u00fdm hrozb\u00e1m.<\/span><\/em><\/p>\n<p><em><span dir=\"auto\">Informovalo to norsk\u00e9 ministerstvo obrany den\u00edku VG<\/span><\/em><span dir=\"auto\">\u00a0.<\/span><\/p>\n<p><span dir=\"auto\">V\u0161imn\u011bte si znovu, jak z\u00e1padn\u00ed n\u00e1rody ji\u017e nemaj\u00ed ani aktivn\u00ed dom\u00e1c\u00ed politiku. Prakticky v\u0161e v jejich politick\u00e9 sf\u00e9\u0159e se to\u010d\u00ed kolem zahrani\u010dn\u00edch z\u00e1le\u017eitost\u00ed, a zejm\u00e9na zahrani\u010dn\u00edch vojensk\u00fdch a geopolitick\u00fdch z\u00e1jm\u016f. Z\u00e1padn\u00ed v\u016fdci se v t\u00e9to f\u00e1zi rozhodli zcela ignorovat dom\u00e1c\u00ed probl\u00e9my, proto\u017ee se staly nekontrolovateln\u00fdmi a ne\u0159e\u0161iteln\u00fdmi a je jednodu\u0161e snaz\u0161\u00ed je ignorovat a utajovat pomoc\u00ed alarmistick\u00fdch taktik ohledn\u011b z\u00e1va\u017en\u00fdch \u201ebezprost\u0159edn\u00edch hrozeb ze zahrani\u010d\u00ed\u201c, zejm\u00e9na ze strany Ruska.<\/span><\/p>\n<p><span dir=\"auto\">Politici nyn\u00ed d\u011blaj\u00ed to nejnutn\u011bj\u0161\u00ed, aby uklidnili masy v dom\u00e1c\u00edch ot\u00e1zk\u00e1ch, lep\u00ed n\u00e1plasti na hnisaj\u00edc\u00ed r\u00e1ny a neust\u00e1le p\u0159ehazuj\u00ed odpov\u011bdnost, zat\u00edmco ve\u0161ker\u00e9 st\u00e1tn\u00ed zdroje sm\u011bruj\u00ed na geopolitick\u00e9 iniciativy glob\u00e1ln\u00edho hlubok\u00e9ho st\u00e1tu. D\u016fvodem je, \u017ee glob\u00e1ln\u00ed hlubok\u00fd st\u00e1t, kter\u00fd je v podstat\u011b napojen na glob\u00e1ln\u00ed soukromou finan\u010dn\u00ed kabalu, v\u00ed, \u017ee jeho syst\u00e9m dominance je nyn\u00ed v termin\u00e1ln\u00edm stavu a \u017ee \u201e\u0159e\u0161en\u00ed\u201c n\u00e1rodn\u00edch probl\u00e9m\u016f ho nezachr\u00e1n\u00ed. Je to proto, \u017ee z\u00e1padn\u00ed spole\u010dnosti jsou nyn\u00ed shnil\u00e9 a\u017e do morku kost\u00ed, su\u017eovan\u00e9 kulturn\u00edmi neduhy a nevratnou demografickou fait accompli a nikdy nebudou schopny obnovit z\u00e1padn\u00ed syst\u00e9m dominance, kter\u00fd existoval d\u0159\u00edve.<\/span><\/p>\n<p><span dir=\"auto\">Hlavn\u00edm d\u016fvodem je, \u017ee elity se v pov\u00e1le\u010dn\u00fdch letech staly p\u0159\u00edli\u0161 chamtiv\u00fdmi: aby zv\u00fd\u0161ily sv\u00e9 obrovsk\u00e9 bohatstv\u00ed, rozhodly se \u201eglobalizovat\u201c kritick\u00e9 dodavatelsk\u00e9 \u0159et\u011bzce, kter\u00e9 tvo\u0159ily samotnou \u201e\u017eivotod\u00e1rnou krev a poklad\u201c rozvinut\u00fdch z\u00e1padn\u00edch zem\u00ed, jen aby z\u00edskaly p\u00e1r cent\u016f nav\u00edc na sv\u00fdch ziskov\u00fdch mar\u017e\u00edch. To v\u0161ak \u201enerozvinut\u00fdm\u201c zem\u00edm umo\u017enilo zvl\u00e1dnout z\u00e1padn\u00ed technologie a \u00faspory z rozsahu a z\u00e1rove\u0148 se industrializovat rekordn\u00edm tempem. Ud\u011blaly tak a z\u00e1rove\u0148 si zachovaly relativn\u011b neporu\u0161enou kulturu, na rozd\u00edl od z\u00e1padn\u00edch kultur, kter\u00e9 byly vystaveny odporn\u00fdm soci\u00e1ln\u00edm experiment\u016fm, je\u017e zp\u016fsobovaly chaos nap\u0159\u00ed\u010d generacemi.<\/span><\/p>\n<p><span dir=\"auto\">Nyn\u00ed se \u0161t\u011bst\u00ed obr\u00e1tilo a v\u00fdpo\u010dty jasn\u011b ukazuj\u00ed, \u017ee Z\u00e1pad ji\u017e nedok\u00e1\u017ee dr\u017eet krok s kulturn\u011b a ekonomicky vzr\u016fstaj\u00edc\u00edm glob\u00e1ln\u00edm Jihem. Jedinou zb\u00fdvaj\u00edc\u00ed mo\u017enost\u00ed je proto v\u011bnovat ka\u017edou kapku zdroj\u016f sabot\u00e1\u017ei t\u011bchto konkuren\u010dn\u00edch syst\u00e9m\u016f, i kdyby to znamenalo vyvolat nekone\u010dn\u00e9 konflikty a sv\u011btovou v\u00e1lku na v\u0161ech kontinentech. Probl\u00e9m je v tom, \u017ee tato hypermilitarizace vy\u010derp\u00e1v\u00e1 zdroje je\u0161t\u011b rychleji a urychluje z\u00e1nik samotn\u00e9ho Z\u00e1padu.<\/span><\/p>\n<div class=\"wp-block-image\">\n<figure class=\"aligncenter size-full is-resized\"><img decoding=\"async\" loading=\"lazy\" class=\"wp-image-506533 aligncenter\" src=\"https:\/\/i0.wp.com\/reseauinternational.net\/wp-content\/uploads\/2026\/01\/image-230.png?resize=962%2C810&amp;ssl=1\" sizes=\"auto, (max-width: 962px) 100vw, 962px\" srcset=\"https:\/\/i0.wp.com\/reseauinternational.net\/wp-content\/uploads\/2026\/01\/image-230.png?w=962&amp;ssl=1 962w, https:\/\/i0.wp.com\/reseauinternational.net\/wp-content\/uploads\/2026\/01\/image-230.png?resize=300%2C253&amp;ssl=1 300w, https:\/\/i0.wp.com\/reseauinternational.net\/wp-content\/uploads\/2026\/01\/image-230.png?resize=768%2C647&amp;ssl=1 768w\" alt=\"\" width=\"762\" height=\"642\" data-recalc-dims=\"1\" \/><\/figure>\n<\/div>\n<p><span dir=\"auto\">V\u0161imn\u011bte si, jak americk\u00fd dolar za\u010dal ztr\u00e1cet svou glob\u00e1ln\u00ed dominanci pr\u00e1v\u011b v okam\u017eiku, kdy Z\u00e1pad sabotoval \u201elegitimitu\u201c sv\u00e9ho vlastn\u00edho bankovn\u00edho a m\u011bnov\u00e9ho syst\u00e9mu svou nekone\u010dn\u011b riskantn\u00ed s\u00e1zkou na Rusko:<\/span><\/p>\n<div class=\"wp-block-image\">\n<figure class=\"aligncenter size-large is-resized\"><a class=\"single-popup\" href=\"https:\/\/i0.wp.com\/reseauinternational.net\/wp-content\/uploads\/2026\/01\/image-231.png?ssl=1\"><img decoding=\"async\" loading=\"lazy\" class=\"wp-image-506534 aligncenter\" src=\"https:\/\/i0.wp.com\/reseauinternational.net\/wp-content\/uploads\/2026\/01\/image-231.png?resize=1024%2C719&amp;ssl=1\" sizes=\"auto, (max-width: 1024px) 100vw, 1024px\" srcset=\"https:\/\/i0.wp.com\/reseauinternational.net\/wp-content\/uploads\/2026\/01\/image-231.png?resize=1024%2C719&amp;ssl=1 1024w, https:\/\/i0.wp.com\/reseauinternational.net\/wp-content\/uploads\/2026\/01\/image-231.png?resize=300%2C211&amp;ssl=1 300w, https:\/\/i0.wp.com\/reseauinternational.net\/wp-content\/uploads\/2026\/01\/image-231.png?resize=768%2C539&amp;ssl=1 768w, https:\/\/i0.wp.com\/reseauinternational.net\/wp-content\/uploads\/2026\/01\/image-231.png?resize=90%2C63&amp;ssl=1 90w, https:\/\/i0.wp.com\/reseauinternational.net\/wp-content\/uploads\/2026\/01\/image-231.png?resize=320%2C225&amp;ssl=1 320w, https:\/\/i0.wp.com\/reseauinternational.net\/wp-content\/uploads\/2026\/01\/image-231.png?resize=990%2C695&amp;ssl=1 990w, https:\/\/i0.wp.com\/reseauinternational.net\/wp-content\/uploads\/2026\/01\/image-231.png?w=1080&amp;ssl=1 1080w\" alt=\"\" width=\"751\" height=\"527\" data-recalc-dims=\"1\" \/><\/a><\/figure>\n<\/div>\n<p><span dir=\"auto\">\u201e\u00a0<\/span><em><span dir=\"auto\">Dolar se ocitl ve zraniteln\u00e9 pozici pot\u00e9, co se zmrazen\u00ed rusk\u00fdch aktiv stalo hlavn\u00edm n\u00e1strojem n\u00e1tlaku. To podkopalo Brettonwoodsk\u00fd syst\u00e9m, kter\u00fd d\u0159\u00edve u\u010dinil z dolaru ned\u00edlnou sou\u010d\u00e1st glob\u00e1ln\u00edch rezerv t\u00edm, \u017ee jej fakticky zrovnopr\u00e1vnil se zlatem.\u201c<\/span><\/em><\/p>\n<p><em><span dir=\"auto\">D\u0159\u00edve se dr\u017eitel\u00e9 americk\u00fdch st\u00e1tn\u00edch dluhopis\u016f mohli spolehnout na jejich stabilitu, proto\u017ee jejich v\u00fdnosy byly srovnateln\u00e9 s v\u00fdnosy zlata a inflace a m\u00edrn\u00e9 \u00farokov\u00e9 sazby byly snadno kompenzov\u00e1ny obsluhou dluhu.<\/span><\/em><\/p>\n<p><em><span dir=\"auto\">Nyn\u00ed se uk\u00e1zalo, \u017ee aktiva v hodnot\u011b stovek miliard dolar\u016f mohou b\u00fdt jednodu\u0161e zmrazena rozhodnut\u00edm jedin\u00e9 osoby, a to i bez \u0159\u00e1dn\u00e9ho vysv\u011btlen\u00ed nebo pr\u00e1vn\u00edho d\u016fvodu. To znepokojilo investory, kte\u0159\u00ed za\u010dali stahovat americk\u00e9 st\u00e1tn\u00ed dluhopisy ze sv\u00fdch rezerv a p\u0159ev\u00e1d\u011bt je na zlato. Dolar a americk\u00e9 st\u00e1tn\u00ed dluhopisy ji\u017e nejsou pova\u017eov\u00e1ny za bezpe\u010dn\u00e9 p\u0159\u00edstavy a zlato se op\u011bt st\u00e1v\u00e1 vyhled\u00e1van\u00fdm aktivem<\/span><\/em><span dir=\"auto\">\u00a0.<\/span><\/p>\n<p><span dir=\"auto\">Znovu:<\/span><\/p>\n<p><span dir=\"auto\">\u201e\u00a0<\/span><em><span dir=\"auto\">Feder\u00e1ln\u00ed rezervn\u00ed banka New Yorku v posledn\u00edch sedmi m\u011bs\u00edc\u00edch ti\u0161e investovala do Wall Streetu v\u00edce ne\u017e 420 miliard dolar\u016f prost\u0159ednictv\u00edm kupn\u00edch smluv, z toho t\u00e9m\u011b\u0159 97 miliard dolar\u016f jen od 31. prosince. Pro srovn\u00e1n\u00ed, tato \u010d\u00e1stka se t\u00e9m\u011b\u0159 rovn\u00e1 cel\u00e9mu z\u00e1chrann\u00e9mu bal\u00ed\u010dku TARP z roku 2008. Fed tak\u00e9 zru\u0161il limit 500 miliard dolar\u016f pro tyto transakce, co\u017e znamen\u00e1, \u017ee nyn\u00ed neexistuje \u017e\u00e1dn\u00fd limit pro \u010d\u00e1stku, kterou si banky mohou p\u016fj\u010dit.\u201c<\/span><\/em><\/p>\n<p><em><span dir=\"auto\">Pot\u00e9, co se od \u010dervence 2020 v r\u00e1mci tohoto programu nerozd\u011blilo t\u00e9m\u011b\u0159 nic, se v \u0159\u00edjnu p\u0159evody n\u00e1hle zv\u00fd\u0161ily, v\u010detn\u011b halloweensk\u00e9 injekce ve v\u00fd\u0161i 50 miliard dolar\u016f. P\u0159\u00edjemci jsou dva roky dr\u017eeni v tajnosti, aby byla chr\u00e1n\u011bna jejich pov\u011bst<\/span><\/em><span dir=\"auto\">\u00a0.<\/span><\/p>\n<p><span dir=\"auto\">Proto by se rusk\u00e1 WHO mohla st\u00e1t nejd\u016fle\u017eit\u011bj\u0161\u00edm geopolitick\u00fdm zlomem od druh\u00e9 sv\u011btov\u00e9 v\u00e1lky, jeliko\u017e by klidn\u011b mohla b\u00fdt kone\u010dn\u00fdm katalyz\u00e1torem, kter\u00fd dovede pov\u00e1le\u010dn\u00fd syst\u00e9m k jeho p\u0159irozen\u00e9mu konci. Od za\u010d\u00e1tku \u0159\u00edk\u00e1m, \u017ee WHO by klidn\u011b mohla v\u00e9st k rozpadu NATO a EU, a \u2013 zejm\u00e9na s ohledem na ned\u00e1vnou gr\u00f3nskou s\u00e1gu a rozpory ohledn\u011b toho, kdo koho na Ukrajin\u011b podpo\u0159\u00ed \u2013 m\u016f\u017eeme jasn\u011b vid\u011bt trajektorii z\u00e1niku NATO.<\/span><\/p>\n<p><span dir=\"auto\">To je jeden z d\u016fvod\u016f, pro\u010d jsou st\u00ed\u017enosti na rusk\u00e9 ztr\u00e1ty a ob\u011bti ve v\u00e1lce myln\u00e9: tato v\u00e1lka m\u00e1 mnohem v\u011bt\u0161\u00ed d\u016fsledky ne\u017e pouh\u00e9 dobyt\u00ed hornick\u00fdch m\u011bst na Donbasu s obt\u00ed\u017en\u011b vysloviteln\u00fdmi n\u00e1zvy. Je vyvrcholen\u00edm civiliza\u010dn\u00edho st\u0159etu, kter\u00fd trv\u00e1 u\u017e t\u00e9m\u011b\u0159 stolet\u00ed a od kter\u00e9ho se o\u010dek\u00e1v\u00e1, \u017ee vy\u0159e\u0161\u00ed hlavn\u00ed sv\u011btov\u00e1 dilemata.<\/span><\/p>\n<div class=\"wp-block-image\">\n<figure class=\"aligncenter size-full is-resized\"><a class=\"single-popup\" href=\"https:\/\/i0.wp.com\/reseauinternational.net\/wp-content\/uploads\/2026\/01\/image-232.png?ssl=1\"><img decoding=\"async\" loading=\"lazy\" class=\"wp-image-506535 aligncenter\" src=\"https:\/\/i0.wp.com\/reseauinternational.net\/wp-content\/uploads\/2026\/01\/image-232.png?resize=680%2C385&amp;ssl=1\" sizes=\"auto, (max-width: 680px) 100vw, 680px\" srcset=\"https:\/\/i0.wp.com\/reseauinternational.net\/wp-content\/uploads\/2026\/01\/image-232.png?w=680&amp;ssl=1 680w, https:\/\/i0.wp.com\/reseauinternational.net\/wp-content\/uploads\/2026\/01\/image-232.png?resize=300%2C170&amp;ssl=1 300w, https:\/\/i0.wp.com\/reseauinternational.net\/wp-content\/uploads\/2026\/01\/image-232.png?resize=320%2C180&amp;ssl=1 320w\" alt=\"\" width=\"639\" height=\"362\" data-recalc-dims=\"1\" \/><\/a><\/figure>\n<\/div>\n<p><span dir=\"auto\">INFO\u00a0<\/span><em><span dir=\"auto\">: Americk\u00fd dolar nyn\u00ed p\u0159edstavuje ~40 % sv\u011btov\u00fdch m\u011bnov\u00fdch rezerv, co\u017e je nejni\u017e\u0161\u00ed \u00farove\u0148 za nejm\u00e9n\u011b 20 let.<\/span><\/em><\/p>\n<p><em><span dir=\"auto\">Toto procento se za posledn\u00edch 10 let sn\u00ed\u017eilo o 18 procentn\u00edch bod\u016f.\u00a0<\/span><a href=\"https:\/\/x.com\/KobeissiLetter\/status\/2009441241637720254\"><span dir=\"auto\">Zdroj<\/span><\/a><\/em><span dir=\"auto\">\u00a0\u00bb<\/span><\/p>\n<p><span dir=\"auto\">Ochr\u00e1nce t\u00e9to glob\u00e1ln\u011b-z\u00e1padn\u00ed hegemonie, americk\u00e9 n\u00e1mo\u0159nictvo, je nyn\u00ed p\u0159epravov\u00e1n a vle\u010den z jednoho kritick\u00e9ho bodu do druh\u00e9ho, zat\u00edmco singularita krize se st\u00e1v\u00e1 parabolickou:<\/span><\/p>\n<p><span dir=\"auto\">\u201e\u00a0<\/span><em><span dir=\"auto\">Podle zpr\u00e1v byla \u00fadern\u00e1 skupina letadlov\u00fdch lod\u00ed americk\u00e9ho n\u00e1mo\u0159nictva Abraham Lincoln (ABECSG) p\u0159esm\u011brov\u00e1na z Asie na Bl\u00edzk\u00fd v\u00fdchod<\/span><\/em><span dir=\"auto\">\u00a0.\u201c<\/span><\/p>\n<p><span dir=\"auto\">Do\u0161lo to do bodu, kdy se ti, kte\u0159\u00ed jsou ve veden\u00ed, \u201eznepokojuj\u00ed\u201c, \u017ee unaven\u00e1 a vy\u010derpan\u00e1 flotila m\u016f\u017ee dos\u00e1hnout bodu zhroucen\u00ed t\u00edm, \u017ee bude muset poskakovat, poskakovat a poskakovat po cel\u00e9m sv\u011bt\u011b v rytmu ka\u017ed\u00e9 fantastick\u00e9 v\u00e1le\u010dn\u00e9 neur\u00f3zy, kter\u00e1 denn\u011b su\u017euje \u201eslavn\u00e9ho v\u016fdce\u201c:<\/span><\/p>\n<div class=\"wp-block-image\">\n<figure class=\"aligncenter size-full is-resized\"><a class=\"single-popup\" href=\"https:\/\/i0.wp.com\/reseauinternational.net\/wp-content\/uploads\/2026\/01\/image-233.png?ssl=1\"><img decoding=\"async\" loading=\"lazy\" class=\"wp-image-506536 aligncenter\" src=\"https:\/\/i0.wp.com\/reseauinternational.net\/wp-content\/uploads\/2026\/01\/image-233.png?resize=906%2C254&amp;ssl=1\" sizes=\"auto, (max-width: 906px) 100vw, 906px\" srcset=\"https:\/\/i0.wp.com\/reseauinternational.net\/wp-content\/uploads\/2026\/01\/image-233.png?w=906&amp;ssl=1 906w, https:\/\/i0.wp.com\/reseauinternational.net\/wp-content\/uploads\/2026\/01\/image-233.png?resize=300%2C84&amp;ssl=1 300w, https:\/\/i0.wp.com\/reseauinternational.net\/wp-content\/uploads\/2026\/01\/image-233.png?resize=768%2C215&amp;ssl=1 768w\" alt=\"\" width=\"867\" height=\"243\" data-recalc-dims=\"1\" \/><\/a><figcaption class=\"wp-element-caption\"><a href=\"https:\/\/www.twz.com\/sea\/navys-top-admiral-concerned-about-strain-on-ford-carrier-strike-group\"><em><span dir=\"auto\">https:\/\/www.twz.com\/sea\/navys-top-admiral-concerned-about-strain-on-ford-carrier-strike-group<\/span><\/em><\/a><\/figcaption><\/figure>\n<\/div>\n<p><span dir=\"auto\">Jedin\u00fdm nov\u00fdm nebezpe\u010d\u00edm, na kter\u00e9 je t\u0159eba si d\u00e1t pozor, je rostouc\u00ed eskalace Z\u00e1padu proti rusk\u00e9 \u201eflotile duch\u016f\u201c, jej\u00edm\u017e c\u00edlem je vytvo\u0159it dal\u0161\u00ed krizov\u00fd bod, kter\u00fd lze p\u0159ipnout k \u201eagresorsk\u00e9mu\u201c Rusku, aby se udr\u017eel v chodu glob\u00e1ln\u00ed vlak strachu.<\/span><\/p>\n<p><span dir=\"auto\">Spojen\u00e9 kr\u00e1lovstv\u00ed se nyn\u00ed p\u0159ipojilo k \u0159ad\u00e1m pir\u00e1tsk\u00fdch n\u00e1rod\u016f \u2013 nostalgickou poctou vlastn\u00edm historick\u00fdm ko\u0159en\u016fm \u2013 ozn\u00e1men\u00edm, \u017ee objevilo \u201epr\u00e1vn\u00ed z\u00e1klad\u201c, kter\u00fd mu umo\u017e\u0148uje p\u0159ipojit se ke Spojen\u00fdm st\u00e1t\u016fm a zab\u00edrat rusk\u00e9 lod\u011b:<\/span><\/p>\n<div class=\"wp-block-image\">\n<figure class=\"aligncenter size-full is-resized\"><a class=\"single-popup\" href=\"https:\/\/i0.wp.com\/reseauinternational.net\/wp-content\/uploads\/2026\/01\/image-234.png?ssl=1\"><img decoding=\"async\" loading=\"lazy\" class=\"wp-image-506537 aligncenter\" src=\"https:\/\/i0.wp.com\/reseauinternational.net\/wp-content\/uploads\/2026\/01\/image-234.png?resize=752%2C260&amp;ssl=1\" sizes=\"auto, (max-width: 752px) 100vw, 752px\" srcset=\"https:\/\/i0.wp.com\/reseauinternational.net\/wp-content\/uploads\/2026\/01\/image-234.png?w=752&amp;ssl=1 752w, https:\/\/i0.wp.com\/reseauinternational.net\/wp-content\/uploads\/2026\/01\/image-234.png?resize=300%2C104&amp;ssl=1 300w\" alt=\"\" width=\"714\" height=\"247\" data-recalc-dims=\"1\" \/><\/a><figcaption class=\"wp-element-caption\"><a href=\"https:\/\/www.bbc.com\/news\/articles\/cy8pn7jgy3no\"><em><span dir=\"auto\">https:\/\/www.bbc.com\/news\/articles\/cy8pn7jgy3no<\/span><\/em><\/a><\/figcaption><\/figure>\n<\/div>\n<p><span dir=\"auto\">\u201e\u00a0<\/span><em><span dir=\"auto\">Vl\u00e1da podle BBC News identifikovala pr\u00e1vn\u00ed z\u00e1klad, o kter\u00e9m se domn\u00edv\u00e1, \u017ee jej lze pou\u017e\u00edt k tomu, aby britsk\u00e1 arm\u00e1da mohla vstupovat na palubu lod\u00ed v tzv. flotil\u00e1ch duch\u016f a zadr\u017eovat je<\/span><\/em><span dir=\"auto\">\u00a0.\u201c<\/span><\/p>\n<div class=\"wp-block-image\">\n<figure class=\"aligncenter size-large is-resized\"><a class=\"single-popup\" href=\"https:\/\/i0.wp.com\/reseauinternational.net\/wp-content\/uploads\/2026\/01\/image-235.png?ssl=1\"><img decoding=\"async\" loading=\"lazy\" class=\"wp-image-506538 aligncenter\" src=\"https:\/\/i0.wp.com\/reseauinternational.net\/wp-content\/uploads\/2026\/01\/image-235.png?resize=1024%2C845&amp;ssl=1\" sizes=\"auto, (max-width: 1024px) 100vw, 1024px\" srcset=\"https:\/\/i0.wp.com\/reseauinternational.net\/wp-content\/uploads\/2026\/01\/image-235.png?resize=1024%2C845&amp;ssl=1 1024w, https:\/\/i0.wp.com\/reseauinternational.net\/wp-content\/uploads\/2026\/01\/image-235.png?resize=300%2C248&amp;ssl=1 300w, https:\/\/i0.wp.com\/reseauinternational.net\/wp-content\/uploads\/2026\/01\/image-235.png?resize=768%2C634&amp;ssl=1 768w, https:\/\/i0.wp.com\/reseauinternational.net\/wp-content\/uploads\/2026\/01\/image-235.png?resize=990%2C817&amp;ssl=1 990w, https:\/\/i0.wp.com\/reseauinternational.net\/wp-content\/uploads\/2026\/01\/image-235.png?w=1280&amp;ssl=1 1280w\" alt=\"\" width=\"865\" height=\"714\" data-recalc-dims=\"1\" \/><\/a><figcaption class=\"wp-element-caption\"><a href=\"https:\/\/archive.ph\/JpHYz\"><em><span dir=\"auto\">https:\/\/archive.ph\/JpHYz<\/span><\/em><\/a><\/figcaption><\/figure>\n<\/div>\n<p><span dir=\"auto\">Ukrajinsk\u00e1 m\u00e9dia mezit\u00edm\u00a0<\/span><a title=\"\" href=\"https:\/\/united24media.com\/latest-news\/wagner-linked-operatives-found-on-russian-oil-tanker-hit-by-ukraine-in-mediterranean-14948\" target=\"_blank\" rel=\"noopener\"><span dir=\"auto\">informuj\u00ed,<\/span><\/a><span dir=\"auto\">\u00a0\u017ee na tankerech \u201e\u00a0<em>flotily duch\u016f<\/em>\u00a0\u201c ve St\u0159edozemn\u00edm mo\u0159i byli nalezeni \u201e\u00a0<\/span><em><span dir=\"auto\">agenti<\/span><\/em><span dir=\"auto\">\u00a0\u201c spojen\u00ed s Wagnerem a ruskou GRU . A to v\u0161e samoz\u0159ejm\u011b v dob\u011b, kdy Ukrajina pr\u00e1v\u011b narazila na s\u00e9rii nov\u00fdch tanker\u016f v \u010cern\u00e9m mo\u0159i, o nich\u017e se tentokr\u00e1t p\u0159edpokl\u00e1d\u00e1, \u017ee pat\u0159\u00ed Kazachst\u00e1nu, nebo alespo\u0148 p\u0159epravuj\u00ed ropu do Kazachst\u00e1nu a z Kazachst\u00e1nu; podrobnosti z\u016fst\u00e1vaj\u00ed jako v\u017edy nejasn\u00e9 a vlastnictv\u00ed tanker\u016f je dob\u0159e utajeno. Tankery utrp\u011bly minim\u00e1ln\u00ed \u0161kody, kter\u00e9 nebr\u00e1nily jejich provozu.<\/span><\/p>\n<p><span dir=\"auto\">A nezapom\u00ednejme na dal\u0161\u00ed znepokojiv\u00fd faktor, kter\u00fd unikl pozornosti a z\u00e1padn\u00ed publikace ho rychle \u201euml\u010dely\u201c:<\/span><\/p>\n<div class=\"wp-block-image\">\n<figure class=\"aligncenter size-full is-resized\"><a class=\"single-popup\" href=\"https:\/\/i0.wp.com\/reseauinternational.net\/wp-content\/uploads\/2026\/01\/image-236.png?ssl=1\"><img decoding=\"async\" loading=\"lazy\" class=\"wp-image-506539 aligncenter\" src=\"https:\/\/i0.wp.com\/reseauinternational.net\/wp-content\/uploads\/2026\/01\/image-236.png?resize=919%2C269&amp;ssl=1\" sizes=\"auto, (max-width: 919px) 100vw, 919px\" srcset=\"https:\/\/i0.wp.com\/reseauinternational.net\/wp-content\/uploads\/2026\/01\/image-236.png?w=919&amp;ssl=1 919w, https:\/\/i0.wp.com\/reseauinternational.net\/wp-content\/uploads\/2026\/01\/image-236.png?resize=300%2C88&amp;ssl=1 300w, https:\/\/i0.wp.com\/reseauinternational.net\/wp-content\/uploads\/2026\/01\/image-236.png?resize=768%2C225&amp;ssl=1 768w\" alt=\"\" width=\"745\" height=\"218\" data-recalc-dims=\"1\" \/><\/a><\/figure>\n<\/div>\n<p><span dir=\"auto\">V t\u00e9to souvislosti Tucker Carlson\u00a0<\/span><a title=\"\" href=\"https:\/\/x.com\/TCNetwork\/status\/2011629685315420225\" target=\"_blank\" rel=\"noopener\"><span dir=\"auto\">provedl rozhovor s rusk\u00fdm politologem<\/span><\/a><span dir=\"auto\">\u00a0a \u201ePutinov\u00fdm poradcem\u201c Sergejem Karaganovem, kter\u00fd \u00fadajn\u011b \u0159ekl, \u017ee \u201e\u00a0<\/span><em><span dir=\"auto\">pokud bude v\u00e1lka na Ukrajin\u011b pokra\u010dovat t\u00edmto tempem je\u0161t\u011b rok nebo dva, nebudeme m\u00edt jinou mo\u017enost ne\u017e atomizovat N\u011bmecko a Spojen\u00e9 kr\u00e1lovstv\u00ed<\/span><\/em><span dir=\"auto\">\u00a0\u201c.<\/span><\/p>\n<div class=\"wp-block-image\">\n<figure class=\"aligncenter size-full is-resized\"><a class=\"single-popup\" href=\"https:\/\/i0.wp.com\/reseauinternational.net\/wp-content\/uploads\/2026\/01\/image-238.png?ssl=1\"><img decoding=\"async\" loading=\"lazy\" class=\"wp-image-506541 aligncenter\" src=\"https:\/\/i0.wp.com\/reseauinternational.net\/wp-content\/uploads\/2026\/01\/image-238.png?resize=736%2C315&amp;ssl=1\" sizes=\"auto, (max-width: 736px) 100vw, 736px\" srcset=\"https:\/\/i0.wp.com\/reseauinternational.net\/wp-content\/uploads\/2026\/01\/image-238.png?w=736&amp;ssl=1 736w, https:\/\/i0.wp.com\/reseauinternational.net\/wp-content\/uploads\/2026\/01\/image-238.png?resize=300%2C128&amp;ssl=1 300w\" alt=\"\" width=\"657\" height=\"281\" data-recalc-dims=\"1\" \/><\/a><\/figure>\n<\/div>\n<p><span dir=\"auto\">Karaganov je zn\u00e1m\u00fd sv\u00fdmi pon\u011bkud provokativn\u00edmi v\u00fdroky tohoto druhu, tak\u017ee je t\u0159eba to br\u00e1t s rezervou. Na druhou stranu, skute\u010dnost, \u017ee Putin nyn\u00ed vyslal Ore\u0161nik, potenci\u00e1ln\u011b jadern\u011b schopn\u00fd, na hranici mezi NATO a EU, je jasn\u00fdm sign\u00e1lem Kremlu pro Z\u00e1pad, aby se sv\u00fdmi provokacemi \u201eustoupil\u201c.<\/span><\/p>\n<p><span dir=\"auto\">Minule jsme se dozv\u011bd\u011bli, \u017ee Ore\u0161nik nemus\u00ed b\u00fdt ve sv\u00e9 \u201ekonven\u010dn\u00ed\u201c podob\u011b nej\u00fa\u010dinn\u011bj\u0161\u00ed a \u017ee byl ve skute\u010dnosti navr\u017een pro sv\u016fj prim\u00e1rn\u00ed \u00fa\u010del, tedy jadern\u00e9 zbran\u011b, p\u0159i\u010dem\u017e p\u0159edchoz\u00ed konven\u010dn\u00ed pou\u017eit\u00ed slou\u017eilo v podstat\u011b jako varov\u00e1n\u00ed. Je z\u0159ejm\u00e9, \u017ee pokud bude Rusko zahn\u00e1no p\u0159\u00edli\u0161 do kouta, nemus\u00ed m\u00edt jinou mo\u017enost ne\u017e stanovit kone\u010dnou \u010dervenou \u010d\u00e1ru. Ale doufejme, \u017ee se to nestane, a mysl\u00edm, \u017ee se to pravd\u011bpodobn\u011b nestane.<\/span><\/p>\n<p><em><span dir=\"auto\">Zdroj: <\/span><a title=\"\" href=\"https:\/\/simplicius76.substack.com\/p\/fantasy-loan-for-ukraine-gets-adjusted\" target=\"_blank\" rel=\"noopener\"><span dir=\"auto\">Simplicius<\/span><\/a><span dir=\"auto\">\u00a0<\/span><\/em><\/p>\n<p>&nbsp;<\/p>\n","protected":false},"excerpt":{"rendered":"<p>Eurokrat\u00e9 se usilovn\u011b sna\u017e\u00ed naj\u00edt politiku, kter\u00e1 by se jevila jako \u201erozumn\u00e1\u201c, zat\u00edmco se jim&#8230;<\/p>\n","protected":false},"author":2,"featured_media":97238,"comment_status":"closed","ping_status":"closed","sticky":false,"template":"","format":"standard","meta":[],"categories":[7],"tags":[1042,41,45,26],"_links":{"self":[{"href":"https:\/\/www.infokuryr.cz\/n\/wp-json\/wp\/v2\/posts\/97237"}],"collection":[{"href":"https:\/\/www.infokuryr.cz\/n\/wp-json\/wp\/v2\/posts"}],"about":[{"href":"https:\/\/www.infokuryr.cz\/n\/wp-json\/wp\/v2\/types\/post"}],"author":[{"embeddable":true,"href":"https:\/\/www.infokuryr.cz\/n\/wp-json\/wp\/v2\/users\/2"}],"replies":[{"embeddable":true,"href":"https:\/\/www.infokuryr.cz\/n\/wp-json\/wp\/v2\/comments?post=97237"}],"version-history":[{"count":0,"href":"https:\/\/www.infokuryr.cz\/n\/wp-json\/wp\/v2\/posts\/97237\/revisions"}],"wp:featuredmedia":[{"embeddable":true,"href":"https:\/\/www.infokuryr.cz\/n\/wp-json\/wp\/v2\/media\/97238"}],"wp:attachment":[{"href":"https:\/\/www.infokuryr.cz\/n\/wp-json\/wp\/v2\/media?parent=97237"}],"wp:term":[{"taxonomy":"category","embeddable":true,"href":"https:\/\/www.infokuryr.cz\/n\/wp-json\/wp\/v2\/categories?post=97237"},{"taxonomy":"post_tag","embeddable":true,"href":"https:\/\/www.infokuryr.cz\/n\/wp-json\/wp\/v2\/tags?post=97237"}],"curies":[{"name":"wp","href":"https:\/\/api.w.org\/{rel}","templated":true}]}}