{"id":97235,"date":"2026-01-19T00:30:57","date_gmt":"2026-01-18T23:30:57","guid":{"rendered":"https:\/\/www.infokuryr.cz\/n\/?p=97235"},"modified":"2026-01-18T17:08:20","modified_gmt":"2026-01-18T16:08:20","slug":"spojene-staty-vydavaji-60denni-varovani-pred-lety-do-tichomori-a-latinske-ameriky","status":"publish","type":"post","link":"https:\/\/www.infokuryr.cz\/n\/2026\/01\/19\/spojene-staty-vydavaji-60denni-varovani-pred-lety-do-tichomori-a-latinske-ameriky\/","title":{"rendered":"Spojen\u00e9 st\u00e1ty vyd\u00e1vaj\u00ed 60denn\u00ed varov\u00e1n\u00ed p\u0159ed lety do Tichomo\u0159\u00ed a Latinsk\u00e9 Ameriky"},"content":{"rendered":"<div id=\"fb-root\"><\/div>\n<p><strong><span dir=\"auto\">Americk\u00fd Feder\u00e1ln\u00ed \u00fa\u0159ad pro letectv\u00ed (FAA) vydal v p\u00e1tek 16. ledna s\u00e9rii letov\u00fdch doporu\u010den\u00ed, v nich\u017e varuje americk\u00e9 leteck\u00e9 dopravce, aby p\u0159i letech nad \u010d\u00e1stmi Mexika, St\u0159edn\u00ed a Ji\u017en\u00ed Ameriky a p\u0159ilehl\u00fdm vzdu\u0161n\u00fdm prostorem Tich\u00e9ho oce\u00e1nu dbal o opatrnost kv\u016fli zv\u00fd\u0161en\u00e9 \u201evojensk\u00e9 aktivit\u011b\u201c a souvisej\u00edc\u00edm naviga\u010dn\u00edm rizik\u016fm.<\/span><\/strong><\/p>\n<p><span dir=\"auto\">Ozn\u00e1men\u00ed pro letce a turisty (NOTAM), kter\u00e1 vstoupila v platnost 16. ledna a budou platit 60 dn\u00ed, se vztahuj\u00ed na oblasti v\u010detn\u011b Mexika, Panamy, Kolumbie, Ekv\u00e1doru a velk\u00fdch \u010d\u00e1st\u00ed v\u00fdchodn\u00edho Tich\u00e9ho oce\u00e1nu, uvedl americk\u00fd den\u00edk\u00a0<\/span><em><span dir=\"auto\">The New York Times<\/span><\/em><span dir=\"auto\">\u00a0.<\/span><\/p>\n<p><span dir=\"auto\">Podle FAA varovala v\u00fdstrahy p\u0159ed riziky pro letadla ve v\u0161ech nadmo\u0159sk\u00fdch v\u00fd\u0161k\u00e1ch, a to i b\u011bhem p\u0159eletu a f\u00e1z\u00ed p\u0159\u00edletu a odletu, a p\u0159ed mo\u017en\u00fdm ru\u0161en\u00edm satelitn\u00edch naviga\u010dn\u00edch syst\u00e9m\u016f.<\/span><\/p>\n<p><span dir=\"auto\">Tato varov\u00e1n\u00ed p\u0159ich\u00e1zej\u00ed v n\u00e1vaznosti na americkou kampa\u0148 \u00fatok\u016f proti venezuelsk\u00fdm lod\u00edm pod rou\u0161kou boje proti n\u00e1mo\u0159n\u00edmu obchodu s drogami v Karibiku a Tichomo\u0159\u00ed, a tak\u00e9 po vojensk\u00e9 operaci 3. ledna, kter\u00e1 vedla k neleg\u00e1ln\u00edmu \u00fanosu venezuelsk\u00e9ho prezidenta Nicol\u00e1se Madura a jeho man\u017eelky.<\/span><\/p>\n<p><span dir=\"auto\">Mexick\u00e1 vl\u00e1da v\u0161ak odpov\u011bd\u011bla, \u017ee doporu\u010den\u00ed FAA je preventivn\u00ed a neovliv\u0148uje provoz dom\u00e1c\u00edho civiln\u00edho letectv\u00ed. Mexiko trvalo na tom, \u017ee nebudou m\u00edt \u017e\u00e1dn\u00e9 provozn\u00ed d\u016fsledky ani omezen\u00ed pro mexick\u00fd vzdu\u0161n\u00fd prostor ani dopravce.<\/span><\/p>\n<p><span dir=\"auto\">Mexick\u00e1 prezidentka Claudia Sheinbaumov\u00e1 d\u0159\u00edve 12. ledna telefonicky hovo\u0159ila s americk\u00fdm prezidentem Donaldem Trumpem, b\u011bhem n\u011bho\u017e vylou\u010dila jakoukoli vojenskou intervenci USA na mexick\u00e9m \u00fazem\u00ed.<\/span><\/p>\n<p><span dir=\"auto\">Podle mexick\u00e9ho prezidenta j\u00ed Donald Trump nab\u00eddl podporu v boji proti drogov\u00fdm kartel\u016fm, ale ona prohl\u00e1sila, \u017ee takov\u00e1 pomoc je zbyte\u010dn\u00e1, a zopakovala sv\u016fj z\u00e1vazek br\u00e1nit n\u00e1rodn\u00ed suverenitu sv\u00e9 zem\u011b na z\u00e1klad\u011b mexick\u00e9ho \u00fastavn\u00edho principu nevm\u011b\u0161ov\u00e1n\u00ed.<\/span><\/p>\n<p><em><span dir=\"auto\">Zdroj:\u00a0<\/span><a title=\"\" href=\"https:\/\/french.presstv.ir\/Detail\/2026\/01\/17\/762454\/NOTAM-de-60-jours-pour-les-vols-vers-le-Pacifique-et-l%E2%80%99Am%C3%A9rique-latine\" target=\"_blank\" rel=\"noopener\"><span dir=\"auto\">PressTV<\/span><\/a><\/em><\/p>\n<p>&nbsp;<\/p>\n","protected":false},"excerpt":{"rendered":"<p>Americk\u00fd Feder\u00e1ln\u00ed \u00fa\u0159ad pro letectv\u00ed (FAA) vydal v p\u00e1tek 16. ledna s\u00e9rii letov\u00fdch doporu\u010den\u00ed, v&#8230;<\/p>\n","protected":false},"author":2,"featured_media":97236,"comment_status":"closed","ping_status":"closed","sticky":false,"template":"","format":"standard","meta":[],"categories":[7],"tags":[4342,3753,37,1402],"_links":{"self":[{"href":"https:\/\/www.infokuryr.cz\/n\/wp-json\/wp\/v2\/posts\/97235"}],"collection":[{"href":"https:\/\/www.infokuryr.cz\/n\/wp-json\/wp\/v2\/posts"}],"about":[{"href":"https:\/\/www.infokuryr.cz\/n\/wp-json\/wp\/v2\/types\/post"}],"author":[{"embeddable":true,"href":"https:\/\/www.infokuryr.cz\/n\/wp-json\/wp\/v2\/users\/2"}],"replies":[{"embeddable":true,"href":"https:\/\/www.infokuryr.cz\/n\/wp-json\/wp\/v2\/comments?post=97235"}],"version-history":[{"count":0,"href":"https:\/\/www.infokuryr.cz\/n\/wp-json\/wp\/v2\/posts\/97235\/revisions"}],"wp:featuredmedia":[{"embeddable":true,"href":"https:\/\/www.infokuryr.cz\/n\/wp-json\/wp\/v2\/media\/97236"}],"wp:attachment":[{"href":"https:\/\/www.infokuryr.cz\/n\/wp-json\/wp\/v2\/media?parent=97235"}],"wp:term":[{"taxonomy":"category","embeddable":true,"href":"https:\/\/www.infokuryr.cz\/n\/wp-json\/wp\/v2\/categories?post=97235"},{"taxonomy":"post_tag","embeddable":true,"href":"https:\/\/www.infokuryr.cz\/n\/wp-json\/wp\/v2\/tags?post=97235"}],"curies":[{"name":"wp","href":"https:\/\/api.w.org\/{rel}","templated":true}]}}