{"id":97218,"date":"2026-01-19T00:19:02","date_gmt":"2026-01-18T23:19:02","guid":{"rendered":"https:\/\/www.infokuryr.cz\/n\/?p=97218"},"modified":"2026-01-18T14:52:17","modified_gmt":"2026-01-18T13:52:17","slug":"petr-pokorny-stahnete-topeni-na-15c-plyn-mizi-blizi-se-armagedon-a-najednou-je-sikela-neviditelny","status":"publish","type":"post","link":"https:\/\/www.infokuryr.cz\/n\/2026\/01\/19\/petr-pokorny-stahnete-topeni-na-15c-plyn-mizi-blizi-se-armagedon-a-najednou-je-sikela-neviditelny\/","title":{"rendered":"Petr Pokorn\u00fd: St\u00e1hn\u011bte topen\u00ed na 15\u00b0C, plyn miz\u00ed, bl\u00ed\u017e\u00ed se Armagedon! A najednou je S\u00edkela neviditeln\u00fd!"},"content":{"rendered":"<div id=\"fb-root\"><\/div>\n<div class=\"introtext\">\n<h4>Za stupidn\u00edho h\u00fdk\u00e1n\u00ed pir\u00e1tsk\u00fdch po\u0161uk\u016f a \u0161vihl\u00fdch \u0160ebelov\u00fdch n\u00e1m (v\u00e1m) unikla z\u00e1va\u017en\u00e1 kontrola zdroj\u016f. \u017de mus\u00edme n\u011b\u010d\u00edm topit. A \u017ee n\u00e1s t\u0159i svetry pomaten\u00e9 Pekarov\u00e9 mo\u017en\u00e1 vytrhnou z hr\u016fzy. Pro\u010d neinformuj\u00ed (zat\u00edm) masm\u00e9dia, co za zv\u011brstva s n\u00e1mi Brusel a nacist\u00e9 z Ukrajiny provedli?<\/h4>\n<\/div>\n<div class=\"fulltext\">\n<p>V\u00edte, \u017ee za j\u00e1sotu oteplova\u010d\u016f v \u010dele s poblouzn\u011bn\u00fdm Hlad\u00edkem (KDU-\u010cSL) h\u00fdkali, \u017ee napln\u011bnost z\u00e1sobn\u00edk\u016f je nevy\u010derpateln\u00e1 a\u00a0brat\u0159i z N\u011bmecka zastav\u00ed v\u00fdrobu, aby n\u00e1s nenechali zmrznout,\u00a0jak povykoval jak\u00fdsi ministr S\u00edkela? . A stejn\u00e1 banda P\u011btikoali\u010dn\u00ed ur\u00e1\u017eela Fica a Orb\u00e1na, \u017ee \u017e\u00e1d\u00e1 dal\u0161\u00ed dohody s Ruskem, kdy\u017e \u010ce\u0161i u\u017e jsou za vodou.<\/p>\n<p><strong>15. ledna 2026 jsme prorazili p\u011btiletou frekvenci od\u010derp\u00e1n\u00ed plynu, kdy k tomuto datu jsme z nejnapln\u011bj\u0161\u00edch z\u00e1sobn\u00edk\u016f p\u0159ekonali hranici nejm\u00e9n\u011b napln\u011bn\u00fdch z\u00e1sobn\u00edk\u016f. (Screen v \u00favodu)<\/strong><\/p>\n<p>Jenom\u017ee to nen\u00ed v\u0161e, a to nejhor\u0161\u00ed se m\u016f\u017ee p\u0159ihodit!<\/p>\n<p>Probl\u00e9m je v tom, \u017ee po n\u011bkolika dnech oteplen\u00ed malinko nad nulou vyhro\u017euj\u00ed oteplova\u010di prudk\u00fdm ochlazen\u00edm a\u00a0dareb\u00e1ci sice v\u011bd\u00ed, jak bude v roce 3000, ale nikdo netu\u0161\u00ed, jak bude za m\u011bs\u00edc, dva&#8230;\u00a0A \u017ee n\u00e1m v\u0161ichni slibovali hory doly, ale pod\u00edvejte se, kolik k n\u00e1m ze z\u00e1padu pou\u0161t\u011bj\u00ed plynu, z v\u00fdchodu dementi P\u011btikoalice v\u0161e i s agentem P\u00e1vkem zablokovali, tak\u017ee nyn\u00ed, kdy\u017e mrzne, n\u00e1m do st\u0159edu Evropy nejde nic a my vy\u010derpali u\u017e v\u00edc, ne\u017e kdy\u017e byly z\u00e1sobn\u00edky polopr\u00e1zdn\u00e9!<\/p>\n<h4 style=\"text-align: center;\"><span style=\"color: #ff0000;\"><strong>K 15.1.2026 u\u017e m\u00e1me nejm\u00e9n\u011b za posledn\u00ed l\u00e9ta! A s p\u0159edpov\u011bd\u00ed bl\u00ed\u017e\u00edc\u00edch se mraz\u016f!<\/strong><\/span><\/h4>\n<p><img decoding=\"async\" loading=\"lazy\" class=\"aligncenter\" src=\"https:\/\/www.skrytapravda.cz\/images\/blogy\/805\/2026\/ekonomika_\/webp_plyn_fb647.webp\" alt=\"webp plyn fb647\" width=\"983\" height=\"312\" \/><\/p>\n<p>V\u00e1\u017en\u011b n\u011bkdo v\u011b\u0159\u00ed, \u017ee N\u011bmci si p\u0159estanou vyt\u00e1p\u011bt a pust\u00ed sol\u00e1rn\u00ed panely a v\u011btrn\u00edky, aby k n\u00e1m pustili plyn?<\/p>\n<p><a title=\"\u010cesko a N\u011bmecko si pomohou, kdy\u017e bude m\u00e1lo rusk\u00e9ho plynu, ujistili minist\u0159i S\u00edkela a Habeck.\" href=\"https:\/\/archiv.hn.cz\/c1-67092100-cesko-a-nemecko-si-pomohou-kdyz-bude-malo-ruskeho-plynu-ujistili-ministri-sikela-a-habeck-putin-podle-nich-vede-energetickou-valku-s-evropou\" target=\"_blank\" rel=\"noopener\">\u010cesko a N\u011bmecko si pomohou, kdy\u017e bude m\u00e1lo rusk\u00e9ho plynu, ujistili minist\u0159i S\u00edkela a Habeck.<\/a><\/p>\n<p>Tenkr\u00e1t \u0161mejdi tvrdili, \u017ee potrub\u00ed vyhodili do vzduchu Rusov\u00e9, aby n\u00e1s vyd\u00edrali. Nyn\u00ed v\u00edme, \u017ee to byli p\u0159\u00e1tel\u00e9 dosazen\u00e9ho Ukrajince na Pra\u017esk\u00fd hrad za dozoru USA. Jak to, \u017ee u\u017e nesed\u00ed v krimin\u00e1le ti, co n\u00e1s ohrozili jako vlastizr\u00e1dci a nechali zem napospas vyd\u011bra\u010d\u016fm a nacist\u016fm?<\/p>\n<table>\n<tbody>\n<tr>\n<td><span style=\"color: #3366ff;\">Pokud bude \u010cesk\u00e1 republika v ohro\u017een\u00ed, m\u011bli bychom vypnout topen\u00ed v\u0161em bruselsk\u00fdm magor\u016fm, vyslat z vl\u00e1dy n\u011bkoho do Moskvy a jednat s Ruskem, aby op\u011bt pustili do st\u0159edn\u00ed Evropy plyn. Ten\u00a0 nen\u00ed blokov\u00e1n Ruskem, ale ukrajinsk\u00fdmi nacisty a dareb\u00e1ky z Bruselu, kte\u0159\u00ed cht\u011bj\u00ed nechat v\u00fdchodn\u00ed a st\u0159edn\u00ed Evropu vykrv\u00e1cet!<\/span><\/td>\n<\/tr>\n<\/tbody>\n<\/table>\n<p>Co nab\u00eddli tomu proti\u010desk\u00e9mu dosazen\u00e9mu na Pra\u017esk\u00fd hrad, \u017ee toto s \u010ceskou republikou dopustil? Co nab\u00eddli Kampeli\u010dk\u00e1\u0159\u016fm, Dozimetrist\u016fm a Bitcoinist\u016fm, \u017ee klidn\u011b nechaj\u00ed ob\u010dany \u010cesk\u00e9 republiky zmrznout?<\/p>\n<h4><strong>To je trest za to, \u017ee jsme byli ovce a tak dlouho ml\u010deli. A v\u011b\u0159ili \u010cesk\u00e9 televizi a mainstreamu pod dozorem BIS Koudelky.\u00a0<\/strong><\/h4>\n<p><strong>A polopatick\u00e9 mo\u017enosti, aby vyma\u0161t\u011bn\u00ed Manipul\u00e1to\u0159i Cemperov\u00e9, &#8222;Demagogov\u00e9&#8220; a dal\u0161\u00ed specialist\u00e9 pracuj\u00edc\u00ed dle karty plukovn\u00edka Folt\u00fdna nezneu\u017eili varovnou progn\u00f3zu:<\/strong>\u00a0pokud bude za p\u00e1r dn\u00ed glob\u00e1ln\u00ed teplo a zima zmiz\u00ed, nemus\u00edme se ob\u00e1vat. Pokud ale bude zima pokra\u010dovat jako zima, pom\u016f\u017ee n\u00e1m jedin\u011b dohoda s Ruskou federac\u00ed a nakoupen\u00ed plynu z Ruska. Evropa chc\u00edp\u00e1 pod veden\u00edm Leyna a jeho party! M\u00e1me, co jsme cht\u011bli.<\/p>\n<p><a href=\"https:\/\/www.skrytapravda.cz\/z-ekonomiky\/2970-stahnete-topeni-na-15-c-plyn-mizi-blizi-se-armagedon-a-najednou-je-sikela-neviditelny\">Petr Pokorn\u00fd<\/a><\/p>\n<p>&nbsp;<\/p>\n<\/div>\n","protected":false},"excerpt":{"rendered":"<p>Za stupidn\u00edho h\u00fdk\u00e1n\u00ed pir\u00e1tsk\u00fdch po\u0161uk\u016f a \u0161vihl\u00fdch \u0160ebelov\u00fdch n\u00e1m (v\u00e1m) unikla z\u00e1va\u017en\u00e1 kontrola zdroj\u016f. \u017de&#8230;<\/p>\n","protected":false},"author":2,"featured_media":97219,"comment_status":"closed","ping_status":"closed","sticky":false,"template":"","format":"standard","meta":[],"categories":[6],"tags":[76,1503,1008,4123],"_links":{"self":[{"href":"https:\/\/www.infokuryr.cz\/n\/wp-json\/wp\/v2\/posts\/97218"}],"collection":[{"href":"https:\/\/www.infokuryr.cz\/n\/wp-json\/wp\/v2\/posts"}],"about":[{"href":"https:\/\/www.infokuryr.cz\/n\/wp-json\/wp\/v2\/types\/post"}],"author":[{"embeddable":true,"href":"https:\/\/www.infokuryr.cz\/n\/wp-json\/wp\/v2\/users\/2"}],"replies":[{"embeddable":true,"href":"https:\/\/www.infokuryr.cz\/n\/wp-json\/wp\/v2\/comments?post=97218"}],"version-history":[{"count":1,"href":"https:\/\/www.infokuryr.cz\/n\/wp-json\/wp\/v2\/posts\/97218\/revisions"}],"predecessor-version":[{"id":97220,"href":"https:\/\/www.infokuryr.cz\/n\/wp-json\/wp\/v2\/posts\/97218\/revisions\/97220"}],"wp:featuredmedia":[{"embeddable":true,"href":"https:\/\/www.infokuryr.cz\/n\/wp-json\/wp\/v2\/media\/97219"}],"wp:attachment":[{"href":"https:\/\/www.infokuryr.cz\/n\/wp-json\/wp\/v2\/media?parent=97218"}],"wp:term":[{"taxonomy":"category","embeddable":true,"href":"https:\/\/www.infokuryr.cz\/n\/wp-json\/wp\/v2\/categories?post=97218"},{"taxonomy":"post_tag","embeddable":true,"href":"https:\/\/www.infokuryr.cz\/n\/wp-json\/wp\/v2\/tags?post=97218"}],"curies":[{"name":"wp","href":"https:\/\/api.w.org\/{rel}","templated":true}]}}