{"id":972,"date":"2021-04-20T03:56:53","date_gmt":"2021-04-20T01:56:53","guid":{"rendered":"http:\/\/www.infokuryr.cz\/n\/?p=972"},"modified":"2021-04-20T03:56:53","modified_gmt":"2021-04-20T01:56:53","slug":"rosatom-oznacil-sve-vylouceni-z-tendru-o-dukovany-za-politicke","status":"publish","type":"post","link":"https:\/\/www.infokuryr.cz\/n\/2021\/04\/20\/rosatom-oznacil-sve-vylouceni-z-tendru-o-dukovany-za-politicke\/","title":{"rendered":"Rosatom ozna\u010dil sv\u00e9 vylou\u010den\u00ed z tendru o Dukovany za politick\u00e9"},"content":{"rendered":"<div id=\"fb-root\"><\/div>\n<div class=\"b-article__lead\">\n<p><strong>Korporace Rosatom ozna\u010dila sv\u00e9 vylou\u010den\u00ed z tendru na dostavbu Dukovan za netr\u017en\u00ed, politick\u00e9 a anga\u017eovan\u00e9 rozhodnut\u00ed. Podle n\u00e1zoru rusk\u00e9 spole\u010dnosti se tak \u010desk\u00fd pr\u016fmysl p\u0159iprav\u00ed o miliardy euro.<\/strong><\/p>\n<\/div>\n<div class=\"b-article__text\">\n<p>\u201eVylou\u010den\u00ed Rosatomu z\u00a0tendru na roz\u0161\u00ed\u0159en\u00ed jadern\u00e9 elektr\u00e1rny Dukovany v\u00a0\u010cesku\u00a0je netr\u017en\u00ed, politick\u00e9 a anga\u017eovan\u00e9 rozhodnut\u00ed, kter\u00e9 nenapom\u00e1h\u00e1 rozvoji vz\u00e1jemn\u00e9 spolupr\u00e1ce v\u00a0atomov\u00e9m pr\u016fmyslu mezi na\u0161imi zem\u011bmi,\u201c stoj\u00ed v\u00a0ofici\u00e1ln\u00edm prohl\u00e1\u0161en\u00ed Rosatomu.<\/p>\n<p>\u201eJsme sv\u011btov\u00fdm l\u00eddrem ve v\u011bci staveb\u00a0<strong>modern\u00edch<\/strong>\u00a0a\u00a0<strong>bezpe\u010dn\u00fdch<\/strong>\u00a0jadern\u00fdch elektr\u00e1ren, Rosatom pracuje ve v\u00edce ne\u017e 50 zem\u00edch sv\u011bta, pln\u00edme sv\u00e9 povinnosti vypl\u00fdvaj\u00edc\u00ed z\u00a0kontrakt\u016f s\u00a0partnery, v\u010detn\u011b \u010desk\u00fdch spole\u010dnost\u00ed, jedn\u00e1me na z\u00e1klad\u011b tr\u017en\u00edch princip\u016f a pr\u016fzra\u010dn\u00e9 konkurence. Jsme p\u0159esv\u011bd\u010deni o tom, \u017ee vztahy ve sf\u00e9\u0159e jadern\u00e9 energetiky musej\u00ed b\u00fdt vn\u011b politiky,\u201c dodali v\u00a0rusk\u00e9 spole\u010dnosti.Podle n\u00e1zoru Rosatomu p\u0159ijde \u010desk\u00fd pr\u016fmysl o miliardy euro d\u00edky tomu, \u017ee spole\u010dnosti byla vylou\u010dena z\u00a0mo\u017enosti \u00fa\u010dastnit se dostavby Dukovan.<\/p>\n<p>\u201eRusk\u00e1 nab\u00eddka po\u010d\u00edtala se spoluprac\u00ed se stovkami \u010desk\u00fdch a\u00a0evropsk\u00fdch\u00a0firem v\u00a0projektu na roz\u0161\u00ed\u0159en\u00ed jadern\u00e9 elektr\u00e1rny Dukovany, v\u00a0jeho r\u00e1mci mohly b\u00fdt uzav\u0159eny kontrakty na miliardy euro. D\u00edky tomu, kv\u016fli vylou\u010den\u00ed Rosatomu z\u00a0tendru, \u010desk\u00e1 vl\u00e1da vylu\u010duje hlavn\u011b sv\u016fj n\u00e1rodn\u00ed pr\u016fmysl,\u201c p\u00ed\u0161e Rosatom.<\/p>\n<h3>Vy\u0159azen\u00ed Rosatomu<\/h3>\n<p>Ministr pr\u016fmyslu a obchodu Karel Havl\u00ed\u010dek dnes na tiskov\u00e9 konferenci\u00a0prohl\u00e1sil, \u017ee vl\u00e1da se jednomysln\u011b rozhodla vy\u0159adit Rusko z bezpe\u010dnostn\u00edho prov\u011b\u0159ov\u00e1n\u00ed v r\u00e1mci dostavby jadern\u00e9 elektr\u00e1rny Dukovany.<\/p>\n<p>Havl\u00ed\u010dek uvedl, \u017ee bez bezpe\u010dnostn\u00edho prov\u011b\u0159en\u00ed nebude mo\u017en\u00e9 uch\u00e1zet se o dostavbu Dukovan. D\u00edky tomu se Rosatom fakticky nebude moci pod\u00edlet na stavb\u011b. Pro bezpe\u010dnostn\u00ed posouzen\u00ed budou osloveni pouze dodavatel\u00e9 z Francie, Ji\u017en\u00ed Koreji a Spojen\u00fdch st\u00e1t\u016f Americk\u00fdch.<\/p>\n<p>\u201eBezpe\u010dnostn\u00ed posouzen\u00ed se bude t\u00fdkat jen firem ze zem\u00ed Francie, USA a Ji\u017en\u00ed Korea. O firm\u00e1ch, kter\u00e9 se budou moci p\u0159ihl\u00e1sit do tendru, rozhodne a\u017e p\u0159\u00ed\u0161t\u00ed vl\u00e1da. Bez bezpe\u010dnostn\u00edho posouzen\u00ed v\u0161ak \u00fa\u010dast v n\u011bm nen\u00ed mo\u017en\u00e1,\u201d \u0159ekl Havl\u00ed\u010dek, \u010d\u00edm\u017e potvrdil, \u017ee rusk\u00fd Rosatom vypadl z\u00a0hry.<\/p>\n<p>Jde o reakci na podez\u0159en\u00ed \u010ceska, \u017ee za v\u00fdbuchy v\u00a0muni\u010dn\u00edch skladech ve Vrb\u011btic\u00edch v\u00a0roce 2014 st\u00e1ly rusk\u00e9 tajn\u00e9 slu\u017eby.<\/p>\n<\/div>\n<p><a href=\"https:\/\/sptnkne.ws\/FZam\">ZDROJ<\/a><\/p>\n<p>&nbsp;<\/p>\n","protected":false},"excerpt":{"rendered":"<p>Korporace Rosatom ozna\u010dila sv\u00e9 vylou\u010den\u00ed z tendru na dostavbu Dukovan za netr\u017en\u00ed, politick\u00e9 a anga\u017eovan\u00e9&#8230;<\/p>\n","protected":false},"author":2,"featured_media":973,"comment_status":"closed","ping_status":"closed","sticky":false,"template":"","format":"standard","meta":[],"categories":[7],"tags":[76,49,22],"_links":{"self":[{"href":"https:\/\/www.infokuryr.cz\/n\/wp-json\/wp\/v2\/posts\/972"}],"collection":[{"href":"https:\/\/www.infokuryr.cz\/n\/wp-json\/wp\/v2\/posts"}],"about":[{"href":"https:\/\/www.infokuryr.cz\/n\/wp-json\/wp\/v2\/types\/post"}],"author":[{"embeddable":true,"href":"https:\/\/www.infokuryr.cz\/n\/wp-json\/wp\/v2\/users\/2"}],"replies":[{"embeddable":true,"href":"https:\/\/www.infokuryr.cz\/n\/wp-json\/wp\/v2\/comments?post=972"}],"version-history":[{"count":0,"href":"https:\/\/www.infokuryr.cz\/n\/wp-json\/wp\/v2\/posts\/972\/revisions"}],"wp:featuredmedia":[{"embeddable":true,"href":"https:\/\/www.infokuryr.cz\/n\/wp-json\/wp\/v2\/media\/973"}],"wp:attachment":[{"href":"https:\/\/www.infokuryr.cz\/n\/wp-json\/wp\/v2\/media?parent=972"}],"wp:term":[{"taxonomy":"category","embeddable":true,"href":"https:\/\/www.infokuryr.cz\/n\/wp-json\/wp\/v2\/categories?post=972"},{"taxonomy":"post_tag","embeddable":true,"href":"https:\/\/www.infokuryr.cz\/n\/wp-json\/wp\/v2\/tags?post=972"}],"curies":[{"name":"wp","href":"https:\/\/api.w.org\/{rel}","templated":true}]}}