{"id":97186,"date":"2026-01-19T00:12:59","date_gmt":"2026-01-18T23:12:59","guid":{"rendered":"https:\/\/www.infokuryr.cz\/n\/?p=97186"},"modified":"2026-01-18T13:36:52","modified_gmt":"2026-01-18T12:36:52","slug":"prvni-reakce-na-trumpova-cla-vuci-evropskym-zemim","status":"publish","type":"post","link":"https:\/\/www.infokuryr.cz\/n\/2026\/01\/19\/prvni-reakce-na-trumpova-cla-vuci-evropskym-zemim\/","title":{"rendered":"Prvn\u00ed reakce na Trumpova cla v\u016f\u010di evropsk\u00fdm zem\u00edm"},"content":{"rendered":"<div id=\"fb-root\"><\/div>\n<p><strong><span dir=\"auto\">Pot\u00e9, co Trump ozn\u00e1mil cla na osm evropsk\u00fdch zem\u00ed, kter\u00e9 podporuj\u00ed D\u00e1nsko v ot\u00e1zce Gr\u00f3nska, se objevily prvn\u00ed reakce ze strany EU, ale pouze od d\u00e1nsk\u00fdch p\u0159\u00edznivc\u016f; ostatn\u00ed zpo\u010d\u00e1tku ml\u010deli, co\u017e vypov\u00edd\u00e1 o v\u0161em.<\/span><\/strong><\/p>\n<p><span dir=\"auto\">Ve sv\u00e9 \u00favodn\u00ed\u00a0<\/span><a href=\"https:\/\/anti-spiegel.ru\/2026\/trump-fuehrt-wegen-groenland-zoelle-gegen-eu-laender-ein-und-droht-kanada\/\"><u><span dir=\"auto\">kr\u00e1tk\u00e9 anal\u00fdze<\/span><\/u><\/a><span dir=\"auto\">\u00a0Trumpov\u00fdch trestn\u00fdch cel v\u016f\u010di v\u0161em evropsk\u00fdm zem\u00edm, kter\u00e9 se v ot\u00e1zce Gr\u00f3nska otev\u0159en\u011b postavily na stranu D\u00e1nska a v n\u011bkter\u00fdch p\u0159\u00edpadech dokonce do Gr\u00f3nska vyslaly vojensk\u00e9 p\u0159edsunut\u00e9 t\u00fdmy, jsem pouk\u00e1zal na to, \u017ee nyn\u00ed o\u010dek\u00e1van\u00fd spor v EU by mohl rozd\u011blit samotnou EU, proto\u017ee v EU v ot\u00e1zce Gr\u00f3nska v \u017e\u00e1dn\u00e9m p\u0159\u00edpad\u011b nepanuje jednota.<\/span><\/p>\n<p><span dir=\"auto\">Zat\u00edmco zem\u011b, na kter\u00e9 se nyn\u00ed vztahuj\u00ed Trumpova cla, se postavily na stranu D\u00e1nska a dokonce demonstrativn\u011b vyslaly do Gr\u00f3nska vojensk\u00e9 p\u0159edsunut\u00e9 t\u00fdmy, v\u011bt\u0161ina st\u00e1t\u016f EU se nez\u00fa\u010dastnila. Italsk\u00fd ministr obrany dokonce p\u0159irovnal tyto p\u0159edsunut\u00e9 t\u00fdmy k vtipu ve stylu \u201e15 N\u011bmc\u016f, 15 Fin\u016f, 15 Francouz\u016f vejde do baru&#8230;\u201c<\/span><\/p>\n<p><span dir=\"auto\">Star\u00e9 spory by se nyn\u00ed mohly v EU znovu vyno\u0159it. Abychom uvedli alespo\u0148 jeden p\u0159\u00edklad mocensk\u00fdch boj\u016f a vz\u00e1jemn\u00fdch v\u00fdtr\u017enost\u00ed, kter\u00e9 by mohly v EU propuknout: Polsk\u00e1 vl\u00e1da je zn\u00e1m\u00e1 t\u00edm, \u017ee je k N\u011bmecku v\u0161\u00edm, jen ne p\u0159\u00e1telsk\u00e1, a uv\u00edtala by oslaben\u00ed N\u011bmecka. Tak\u00e9 odm\u00edtla vyslat vojska do Gr\u00f3nska, a proto Var\u0161ava pravd\u011bpodobn\u011b uv\u00edt\u00e1 konflikt mezi Berl\u00ednem a Washingtonem a postav\u00ed se na stranu USA.<\/span><\/p>\n<p><span dir=\"auto\">Trumpova cla pravd\u011bpodobn\u011b zp\u016fsob\u00ed konflikt v EU, proto\u017ee pokud zem\u011b posti\u017een\u00e9 sank\u010dn\u00edmi cly budou po\u017eadovat solidaritu od ostatn\u00edch zem\u00ed EU, mohlo by to v\u00e9st k otev\u0159en\u00e9mu rozkolu v EU, jeliko\u017e zem\u011b, kter\u00e9 se nepod\u00edlely na jednostrann\u00e9m nasazen\u00ed vojsk do Gr\u00f3nska (a dokonce se proti n\u011bmu postavily), pravd\u011bpodobn\u011b nebudou cht\u00edt \u00fa\u010det zaplatit.<\/span><\/p>\n<p><span dir=\"auto\">Je p\u0159\u00edzna\u010dn\u00e9, \u017ee n\u011bkolik hodin pot\u00e9, co Trump ozn\u00e1mil cla, se od dot\u010den\u00fdch zem\u00ed ozvaly siln\u00e9 reakce, ale od \u010dlensk\u00fdch st\u00e1t\u016f EU, kter\u00fdch se to net\u00fdkalo, zazn\u011blo n\u00e1padn\u00e9 ticho. Jejich reakce samoz\u0159ejm\u011b uvid\u00edme v ned\u011bli a p\u0159\u00ed\u0161t\u00ed t\u00fdden, ale zat\u00edm ml\u010d\u00ed.<\/span><\/p>\n<p><span dir=\"auto\">Zde shrnuji prvn\u00ed reakce z Evropy na Trumpova cla na Gr\u00f3nsko.<\/span><\/p>\n<h3 class=\"wp-block-heading\"><span dir=\"auto\">N\u011bmecko<\/span><\/h3>\n<p><span dir=\"auto\">Mluv\u010d\u00ed n\u011bmeck\u00e9 vl\u00e1dy ohledn\u011b cel pouze\u00a0<\/span><a href=\"https:\/\/tass.ru\/mezhdunarodnaya-panorama\/26176335\"><u><span dir=\"auto\">uvedl<\/span><\/u><\/a><span dir=\"auto\">\u00a0, \u017ee n\u011bmeck\u00e1 vl\u00e1da vzala na v\u011bdom\u00ed pozn\u00e1mky americk\u00e9ho prezidenta a je v \u00fazk\u00e9m kontaktu se sv\u00fdmi evropsk\u00fdmi partnery. O vhodn\u00e9 reakci se v\u010das spole\u010dn\u011b rozhodne.<\/span><\/p>\n<h3 class=\"wp-block-heading\"><span dir=\"auto\">\u0160v\u00e9dsko<\/span><\/h3>\n<p><span dir=\"auto\">Premi\u00e9r Ulf Kristersson\u00a0<\/span><a href=\"https:\/\/tass.ru\/mezhdunarodnaya-panorama\/26176425\"><u><span dir=\"auto\">napsal<\/span><\/u><\/a><span dir=\"auto\">\u00a0na X ohledn\u011b Trumpova ozn\u00e1men\u00ed o desetiprocentn\u00edch cel\u00e1ch v\u016f\u010di Kr\u00e1lovstv\u00ed a n\u011bkter\u00fdm dal\u0161\u00edm zem\u00edm:<\/span><\/p>\n<p><em><span dir=\"auto\">\u201eNenech\u00e1me se vyd\u00edrat. Jedn\u00e1 se o probl\u00e9m EU, kter\u00fd se dot\u00fdk\u00e1 mnohem v\u00edce zem\u00ed, ne\u017e na kter\u00e9 se v sou\u010dasnosti upozor\u0148uje. \u0160v\u00e9dsko v sou\u010dasn\u00e9 dob\u011b vede intenzivn\u00ed jedn\u00e1n\u00ed s dal\u0161\u00edmi zem\u011bmi EU, Norskem a Spojen\u00fdm kr\u00e1lovstv\u00edm o spole\u010dn\u00e9 reakci.\u201c<\/span><\/em><\/p>\n<h3 class=\"wp-block-heading\"><span dir=\"auto\">Francie<\/span><\/h3>\n<p><span dir=\"auto\">Francouzsk\u00fd prezident Emmanuel Macron\u00a0<\/span><a href=\"https:\/\/tass.ru\/mezhdunarodnaya-panorama\/26176485\"><u><span dir=\"auto\">ozn\u00e1mil<\/span><\/u><\/a><span dir=\"auto\">\u00a0koordinovanou reakci evropsk\u00fdch zem\u00ed na Trumpovo rozhodnut\u00ed zav\u00e9st cla na Gr\u00f3nsko z 1. \u00fanora. Na X napsal:<\/span><\/p>\n<p><em><span dir=\"auto\">\u201eHrozby cly jsou nep\u0159ijateln\u00e9 a v t\u00e9to souvislosti nemaj\u00ed m\u00edsto. Evropan\u00e9 budou reagovat jednotn\u011b a koordinovan\u011b, pokud budou zavedena. Budeme br\u00e1nit evropskou suverenitu.\u201c<\/span><\/em><\/p>\n<p><span dir=\"auto\">Macron prohl\u00e1sil, \u017ee Francii \u201e\u017e\u00e1dn\u00e9 zastra\u0161ov\u00e1n\u00ed ani hrozby\u201c neovlivn\u00ed a \u017ee se Pa\u0159\u00ed\u017e rozhodla uspo\u0159\u00e1dat vojensk\u00e1 cvi\u010den\u00ed v Gr\u00f3nsku na z\u00e1klad\u011b sv\u00e9ho z\u00e1vazku k suverenit\u011b evropsk\u00fdch st\u00e1t\u016f a Organizace spojen\u00fdch n\u00e1rod\u016f. Sl\u00edbil tak\u00e9, \u017ee situaci projedn\u00e1 s evropsk\u00fdmi partnery Francie.<\/span><\/p>\n<h3 class=\"wp-block-heading\"><span dir=\"auto\">D\u00e1nsko<\/span><\/h3>\n<p><span dir=\"auto\">Trumpovo ozn\u00e1men\u00ed o sank\u010dn\u00edch cel\u00e1ch na zbo\u017e\u00ed z osmi evropsk\u00fdch zem\u00ed kv\u016fli situaci v Gr\u00f3nsku p\u0159i\u0161lo ne\u010dekan\u011b, uvedl d\u00e1nsk\u00fd ministr zahrani\u010d\u00ed Lars L\u00f8kke Rasmussen. Tiskov\u00e1 agentura Ritzau\u00a0<\/span><a href=\"https:\/\/tass.ru\/mezhdunarodnaya-panorama\/26176575\"><u><span dir=\"auto\">citovala<\/span><\/u><\/a><span dir=\"auto\">\u00a0ministra:<\/span><\/p>\n<p><em><span dir=\"auto\">\u201eProhl\u00e1\u0161en\u00ed americk\u00e9ho prezidenta bylo p\u0159ekvapiv\u00e9. V t\u00e9to z\u00e1le\u017eitosti jsme v \u00fazk\u00e9m kontaktu s Evropskou komis\u00ed a dal\u0161\u00edmi partnery.\u201c<\/span><\/em><\/p>\n<p><span dir=\"auto\">P\u0159ipomn\u011bl, \u017ee D\u00e1nsko a jeho spojenci v NATO vyslali voj\u00e1ky do Gr\u00f3nska, \u201eaby zv\u00fd\u0161ili bezpe\u010dnost v Arktid\u011b\u201c.<\/span><\/p>\n<h3 class=\"wp-block-heading\"><span dir=\"auto\">Nizozem\u00ed<\/span><\/h3>\n<p><span dir=\"auto\">Nizozemsko koordinuje svou reakci na ozn\u00e1men\u00ed americk\u00e9ho prezidenta Donalda Trumpa o cel\u00e1ch na Gr\u00f3nsko s Evropskou komis\u00ed a dal\u0161\u00edmi evropsk\u00fdmi partnery,\u00a0<\/span><a href=\"https:\/\/tass.ru\/mezhdunarodnaya-panorama\/26176585\"><u><span dir=\"auto\">uvedl v po\u0159adu X \u00fa\u0159aduj\u00edc\u00ed nizozemsk\u00fd ministr zahrani\u010d\u00ed<\/span><\/u><\/a><span dir=\"auto\">\u00a0David van Wiel.<\/span><\/p>\n<p><em><span dir=\"auto\">\u201eVzali jsme na v\u011bdom\u00ed prohl\u00e1\u0161en\u00ed prezidenta Trumpa ohledn\u011b cel. Nizozemsko bude koordinovat svou reakci v \u00fazk\u00e9 spolupr\u00e1ci s Evropskou komis\u00ed a dal\u0161\u00edmi partnery.\u201c<\/span><\/em><\/p>\n<p><span dir=\"auto\">Podle van Wiela slou\u017e\u00ed vojensk\u00e1 cvi\u010den\u00ed v Gr\u00f3nsku \u201ezejm\u00e9na k zaji\u0161t\u011bn\u00ed bezpe\u010dnosti v Arktid\u011b\u201c.<\/span><\/p>\n<h3 class=\"wp-block-heading\"><span dir=\"auto\">EU<\/span><\/h3>\n<p><span dir=\"auto\">Prvn\u00ed reakce EU zn\u00ed podobn\u011b, ale ne\u017e se k tomu dostaneme, r\u00e1d bych zd\u016fraznil, \u017ee veden\u00ed EU nem\u016f\u017ee v d\u016fle\u017eit\u00fdch ot\u00e1zk\u00e1ch jednat proti v\u016fli v\u011bt\u0161iny \u010dlensk\u00fdch st\u00e1t\u016f. Pokud 21 zem\u00ed EU, kter\u00fdch se net\u00fdkaj\u00ed americk\u00e1 cla \u2013 z nich\u017e n\u011bkter\u00e9 d\u0159\u00edve vyj\u00e1d\u0159ily skepsi nebo dokonce nesouhlas s nasazen\u00edm vojsk v Gr\u00f3nsku \u2013 nebude p\u0159ipraveno projevit solidaritu s \u201edobrodruhy\u201c, r\u00e9torika Evropsk\u00e9 komise se m\u016f\u017ee zm\u011bnit. To je kl\u00ed\u010dov\u00e1 ot\u00e1zka pro nadch\u00e1zej\u00edc\u00ed dny.<\/span><\/p>\n<p><span dir=\"auto\">P\u0159edsedkyn\u011b Komise von der Leyen a p\u0159edseda Rady EU Costa, kte\u0159\u00ed jsou moment\u00e1ln\u011b v Paraguayi,\u00a0<\/span><a href=\"https:\/\/x.com\/vonderleyen\/status\/2012608782593827232\"><u><span dir=\"auto\">napsali na X<\/span><\/u><\/a><span dir=\"auto\">\u00a0:<\/span><\/p>\n<p><em><span dir=\"auto\">\u201e\u00dazemn\u00ed celistvost a suverenita jsou z\u00e1kladn\u00edmi principy mezin\u00e1rodn\u00edho pr\u00e1va.<\/span><\/em><br \/>\n<em><span dir=\"auto\">Jsou nezbytn\u00e9 pro Evropu a cel\u00e9 mezin\u00e1rodn\u00ed spole\u010denstv\u00ed.<\/span><\/em><br \/>\n<em><span dir=\"auto\">V\u017edy jsme zd\u016fraz\u0148ovali n\u00e1\u0161 spole\u010dn\u00fd transatlantick\u00fd z\u00e1jem na m\u00edru a bezpe\u010dnosti v Arktid\u011b, a to i v r\u00e1mci NATO.<\/span><\/em><br \/>\n<em><span dir=\"auto\">P\u0159edem koordinovan\u00e9 cvi\u010den\u00ed, kter\u00e9 D\u00e1nsko prov\u00e1d\u00ed spole\u010dn\u011b se sv\u00fdmi spojenci, se zab\u00fdv\u00e1 pot\u0159ebou pos\u00edlit bezpe\u010dnost v Arktid\u011b a nep\u0159edstavuje hrozbu.<\/span><\/em><br \/>\n<em><span dir=\"auto\">EU je pln\u011b solid\u00e1rn\u00ed s D\u00e1nskem a obyvateli Gr\u00f3nska. Dialog je i nad\u00e1le nezbytn\u00fd a jsme odhodl\u00e1ni pokra\u010dovat v procesu, kter\u00fd minul\u00fd t\u00fdden za\u010dal mezi D\u00e1nsk\u00fdm kr\u00e1lovstv\u00edm a Spojen\u00fdmi st\u00e1ty.<\/span><\/em><br \/>\n<em><span dir=\"auto\">Cla by podkopala transatlantick\u00e9 vztahy a spustila nebezpe\u010dnou sestupnou spir\u00e1lu. Evropa z\u016fst\u00e1v\u00e1 jednotn\u00e1, koordinovan\u00e1 a odhodl\u00e1na h\u00e1jit svou suverenitu.\u201c<\/span><\/em><\/p>\n<p><span dir=\"auto\">Kv\u016fli Trumpov\u00fdm cl\u016fm byla na ned\u011bli 18. ledna v Bruselu napl\u00e1nov\u00e1na mimo\u0159\u00e1dn\u00e1 sch\u016fzka velvyslanc\u016f EU,\u00a0<\/span><a href=\"https:\/\/tass.ru\/mezhdunarodnaya-panorama\/26176787\"><u><span dir=\"auto\">informovala<\/span><\/u><\/a><span dir=\"auto\">\u00a0agentura Reuters . Na takov\u00fdch sch\u016fzk\u00e1ch velvyslanci obvykle p\u0159ipravuj\u00ed konkr\u00e9tn\u00ed opat\u0159en\u00ed pro n\u00e1sledn\u00e1 zased\u00e1n\u00ed ministr\u016f EU. Po t\u00e9to sch\u016fzce by mohlo b\u00fdt mo\u017en\u00e9 posoudit reakci \u010dlensk\u00fdch st\u00e1t\u016f EU, kter\u00fdch se cla nedot\u00fdkaj\u00ed, a zda jsou p\u0159ipraveny vyj\u00e1d\u0159it Trumpovi solidaritu.<\/span><\/p>\n<p><span dir=\"auto\">Poslaneck\u00fd klub Evropsk\u00e9 lidov\u00e9 strany (EPP) v Evropsk\u00e9m parlamentu bude po\u017eadovat revizi obchodn\u00ed dohody mezi EU a USA, kter\u00e1 stanov\u00ed bezceln\u00ed v\u00fdvoz do USA pro USA a cla pro EU na v\u00fdvoz do USA,\u00a0<\/span><a href=\"https:\/\/tass.ru\/mezhdunarodnaya-panorama\/26176877\"><u><span dir=\"auto\">napsal<\/span><\/u><\/a><span dir=\"auto\">\u00a0v pond\u011bl\u00ed X p\u0159edseda skupiny EPP Manfred Weber.<\/span><\/p>\n<p><span dir=\"auto\">\u0160\u00e9f diplomacie EU Kalles\u00a0<\/span><a href=\"https:\/\/x.com\/kajakallas\/status\/2012633517486702617\"><u><span dir=\"auto\">napsal na X<\/span><\/u><\/a><span dir=\"auto\">\u00a0:<\/span><\/p>\n<p><em><span dir=\"auto\">\u201e\u010c\u00edna a Rusko jsou pravd\u011bpodobn\u011b spokojen\u00e9. Jsou to pr\u00e1v\u011b ony, kdo t\u011b\u017e\u00ed z rozpor\u016f mezi spojenci.<\/span><\/em><br \/>\n<em><span dir=\"auto\">Pokud je ohro\u017eena bezpe\u010dnost Gr\u00f3nska, m\u016f\u017eeme to vy\u0159e\u0161it v r\u00e1mci NATO.<\/span><\/em><br \/>\n<em><span dir=\"auto\">Cla hroz\u00ed, \u017ee Evropu a USA ochud\u00ed a podkopou na\u0161i spole\u010dnou prosperitu.<\/span><\/em><br \/>\n<em><span dir=\"auto\">Nesm\u00edme dovolit, aby n\u00e1s n\u00e1\u0161 spor odv\u00e1d\u011bl od na\u0161eho hlavn\u00edho \u00fakolu, kter\u00fdm je pomoc p\u0159i ukon\u010den\u00ed rusk\u00e9 v\u00e1lky proti Ukrajin\u011b.\u201c<\/span><\/em><\/p>\n<h3 class=\"wp-block-heading\"><span dir=\"auto\">USA<\/span><\/h3>\n<p><span dir=\"auto\">USA ji\u017e reagovaly na po\u017eadavek Evropsk\u00e9ho parlamentu, aby se ot\u00e1zka sank\u010dn\u00edch cel propojila s obchodn\u00ed dohodou, o kter\u00e9 se v sou\u010dasn\u00e9 dob\u011b jedn\u00e1 mezi EU a USA. Americk\u00fd vyjednava\u010d Jamison Greer\u00a0podle agentury Reuters\u00a0<\/span><a href=\"https:\/\/tass.ru\/mezhdunarodnaya-panorama\/26176531\"><u><span dir=\"auto\">uvedl :<\/span><\/u><\/a><\/p>\n<p><em><span dir=\"auto\">\u201eKdybych byl Evropan, pravd\u011bpodobn\u011b bych se sna\u017eil tohle, pokud mo\u017eno, udr\u017eet odd\u011blen\u011b. Pokud to cht\u011bj\u00ed za\u010dlenit do obchodn\u00ed dohody, je to jejich v\u011bc, ne na\u0161e.\u201c<\/span><\/em><\/p>\n<p><a href=\"https:\/\/anti-spiegel.ru\/2026\/die-ersten-reaktionen-auf-trumps-strafzoelle-gegen-europaeische-laender\/\">Thomas R\u00f6per<\/a><\/p>\n<p><img decoding=\"async\" loading=\"lazy\" class=\"alignnone  wp-image-22016\" src=\"http:\/\/www.infokuryr.cz\/n\/wp-content\/uploads\/2023\/01\/Thomas-Roper-298x300.jpg\" alt=\"\" width=\"125\" height=\"126\" srcset=\"https:\/\/www.infokuryr.cz\/n\/wp-content\/uploads\/2023\/01\/Thomas-Roper-298x300.jpg 298w, https:\/\/www.infokuryr.cz\/n\/wp-content\/uploads\/2023\/01\/Thomas-Roper-150x150.jpg 150w, https:\/\/www.infokuryr.cz\/n\/wp-content\/uploads\/2023\/01\/Thomas-Roper.jpg 596w\" sizes=\"(max-width: 125px) 100vw, 125px\" \/><\/p>\n<p>&nbsp;<\/p>\n","protected":false},"excerpt":{"rendered":"<p>Pot\u00e9, co Trump ozn\u00e1mil cla na osm evropsk\u00fdch zem\u00ed, kter\u00e9 podporuj\u00ed D\u00e1nsko v ot\u00e1zce Gr\u00f3nska,&#8230;<\/p>\n","protected":false},"author":2,"featured_media":97187,"comment_status":"closed","ping_status":"closed","sticky":false,"template":"","format":"standard","meta":[],"categories":[7],"tags":[1026,41,1503,2524,452,37],"_links":{"self":[{"href":"https:\/\/www.infokuryr.cz\/n\/wp-json\/wp\/v2\/posts\/97186"}],"collection":[{"href":"https:\/\/www.infokuryr.cz\/n\/wp-json\/wp\/v2\/posts"}],"about":[{"href":"https:\/\/www.infokuryr.cz\/n\/wp-json\/wp\/v2\/types\/post"}],"author":[{"embeddable":true,"href":"https:\/\/www.infokuryr.cz\/n\/wp-json\/wp\/v2\/users\/2"}],"replies":[{"embeddable":true,"href":"https:\/\/www.infokuryr.cz\/n\/wp-json\/wp\/v2\/comments?post=97186"}],"version-history":[{"count":0,"href":"https:\/\/www.infokuryr.cz\/n\/wp-json\/wp\/v2\/posts\/97186\/revisions"}],"wp:featuredmedia":[{"embeddable":true,"href":"https:\/\/www.infokuryr.cz\/n\/wp-json\/wp\/v2\/media\/97187"}],"wp:attachment":[{"href":"https:\/\/www.infokuryr.cz\/n\/wp-json\/wp\/v2\/media?parent=97186"}],"wp:term":[{"taxonomy":"category","embeddable":true,"href":"https:\/\/www.infokuryr.cz\/n\/wp-json\/wp\/v2\/categories?post=97186"},{"taxonomy":"post_tag","embeddable":true,"href":"https:\/\/www.infokuryr.cz\/n\/wp-json\/wp\/v2\/tags?post=97186"}],"curies":[{"name":"wp","href":"https:\/\/api.w.org\/{rel}","templated":true}]}}