{"id":9718,"date":"2022-04-17T06:03:49","date_gmt":"2022-04-17T04:03:49","guid":{"rendered":"http:\/\/www.infokuryr.cz\/n\/?p=9718"},"modified":"2022-04-17T06:03:49","modified_gmt":"2022-04-17T04:03:49","slug":"otevreny-dopis-pro-petra-fialu","status":"publish","type":"post","link":"https:\/\/www.infokuryr.cz\/n\/2022\/04\/17\/otevreny-dopis-pro-petra-fialu\/","title":{"rendered":"OTEV\u0158EN\u00dd DOPIS PRO PETRA FIALU"},"content":{"rendered":"<div id=\"fb-root\"><\/div>\n<p><strong>V\u00e1\u017een\u00fd pane premi\u00e9re, p\u0159edsedkyn\u011b poslaneck\u00e9 sn\u011bmovny pan\u00ed Mark\u00e9ta Pekarov\u00e1-Adamov\u00e1 prohl\u00e1sila, \u017ee \u201esi ji\u017e d\u00e1le nem\u016f\u017eeme \u017e\u00edt nad pom\u011bry\u201c. Naprosto s n\u00ed souhlas\u00edm.<\/strong>\u00a0Nap\u0159\u00edklad \u2013 dle ve\u0159ejn\u00fdch zdroj\u016f \u2013 n\u00e1s pan\u00ed Pekarov\u00e1 stoj\u00ed p\u0159es 240 000 K\u010d m\u011bs\u00ed\u010dn\u011b a to si, dle m\u00e9ho n\u00e1zoru, opravdu nyn\u00ed nem\u016f\u017eeme dovolit. Ji\u017e jsme zjistili, \u017ee Sen\u00e1t \u010cR je jen lep\u0161\u00ed cestovn\u00ed kancel\u00e1\u0159, kdy se naposledy jeli do Kyjeva vyfotit sen\u00e1to\u0159i Vystr\u010dil, R\u016f\u017ei\u010dka a Fischer a kdy\u017e toto jejich nic nep\u0159in\u00e1\u0161ej\u00edc\u00ed PR odm\u00edtl Andrej Babi\u0161, ihned se v\u016f\u010di n\u011bmu aktivn\u011b ohradila mimo jin\u00e9 pan\u00ed Miroslava \u201eJsem v\u017edy zd\u011b\u0161ena!\u201c N\u011bmcov\u00e1, kter\u00e1 st\u00e1le marn\u011b \u010dek\u00e1 na prezidentsk\u00fd \u00fa\u0159ad.<\/p>\n<p><span id=\"more-142239\"><\/span>Pan\u00ed Pekarov\u00e1 zcela p\u0159esn\u011b vystihla podstatu na\u0161eho probl\u00e9mu \u2013 \u017eijeme si nad pom\u011bry. M\u00e1me 200 poslanc\u016f a 81 sen\u00e1tor\u016f. B\u011bhem pandemie Covidu se tzv. \u201ep\u00e1rov\u00e1n\u00edm\u201c prok\u00e1zalo, \u017ee 100 poslanc\u016f zcela sta\u010d\u00ed a Sen\u00e1t nen\u00ed pot\u0159ebn\u00fd v\u016fbec. Nad to je zde ot\u00e1zka t\u0159eba Nejvy\u0161\u0161\u00edho kontroln\u00edho \u00fa\u0159adu \u2013 k \u010demu je \u00fa\u0159ad, kter\u00fd zjist\u00ed pochyben\u00ed, ale nem\u00e1 pravomoce k sankc\u00edm a vlastn\u011b ani k n\u00e1prav\u011b?!<br \/>\nV d\u011bjin\u00e1ch na\u0161\u00ed republiky m\u00e1 Va\u0161e vl\u00e1da poprv\u00e9 nejv\u00edc ministr\u016f \u2013 17 plus premi\u00e9ra! Ka\u017ed\u00fd m\u00e1 svoji agendu, auto, asistenty\u2026 Nen\u00ed to tak trochu \u201enad pom\u011bry\u201c?!<\/p>\n<p><strong>Tak\u017ee, ne\u017e n\u00e1m za\u010dnete \u0159\u00edkat, jak se m\u00e1me uskromnit, uskromn\u011bte se, pros\u00edm, sami!<\/strong>\u00a0Va\u0161e self\u00ed\u010dka chud\u00fdm lidem nepomohou a ani netu\u0161\u00edte, jak pot\u0159ebn\u00ed p\u0159ehazuj\u00ed ka\u017edou korunu, proto\u017ee tito lid\u00e9 se boj\u00ed v\u016fbec o pomoc po\u017e\u00e1dat \u2013 je jim toti\u017e hanba, \u017ee cel\u00fd \u017eivot pracovali a dnes d\u0159ou b\u00eddu s nouz\u00ed. Nikdo jim nepom\u016f\u017ee. Va\u0161e neziskovky jsou zejm\u00e9na pro Romy a Ukrajince.<\/p>\n<p>P\u0159ed volbami jste se co t\u00fdden fotil s \u010desk\u00fdmi a moravsk\u00fdmi zem\u011bd\u011blci, vina\u0159i, s\u00fdra\u0159i\u2026 Od okam\u017eiku zvolen\u00ed ani jedna fotka s ob\u010dany \u010cR. Prost\u011b jsme V\u00e1s zvolili a Vy jste se jmenoval premi\u00e9rem Ukrajiny, kdy pro Ukrajinu v \u010desk\u00e9m nouzov\u00e9m stavu dod\u00e1te v\u0161e a kdo z toho nej\u00e1s\u00e1, toho vyma\u017eeme. Hm, tohle ned\u011blal ani Babi\u0161 a jeho \u201ezakleknut\u00ed\u201c.<\/p>\n<p><strong>Va\u0161e vl\u00e1da chce zjevn\u011b v\u00e1lku.<\/strong>\u00a0Nem\u00e1 cenu se vymlouvat, j\u00e1 to ch\u00e1pu. S\u00e1m jste \u0159ekl, \u017ee americk\u00e1 z\u00e1kladna v \u010cR je \u201ehezk\u00fd sen\u201c nebo tak n\u011bjak. J\u00e1 si mysl\u00edm, \u017ee ciz\u00ed arm\u00e1da na na\u0161em \u00fazem\u00ed je v\u017edy \u0161patn\u011b.<\/p>\n<p>Je z\u0159ejm\u00e9, \u017ee t\u00e9to vl\u00e1d\u011b nijak nejde o diplomatick\u00e9 vztahy, ty rozbila ji\u017e d\u0159\u00edve. Budeme pln\u011b z\u00e1visl\u00ed na USA, N\u011bmecku a rozd\u011blov\u00e1n\u00ed zdroj\u016f dle Bruselu.<\/p>\n<p>Jen teda \u2013 kdy dojde na to \u0159e\u0161en\u00ed Babi\u0161ovy drahoty, ceny byt\u016f a pot\u00ed\u017ee se \u0161kolstv\u00edm?!<\/p>\n<p class=\"gmql0nx0 l94mrbxd p1ri9a11 lzcic4wl aahdfvyu hzawbc8m\"><span class=\"nc684nl6\"><a class=\"oajrlxb2 g5ia77u1 qu0x051f esr5mh6w e9989ue4 r7d6kgcz rq0escxv nhd2j8a9 nc684nl6 p7hjln8o kvgmc6g5 cxmmr5t8 oygrvhab hcukyx3x jb3vyjys rz4wbd8a qt6c0cv9 a8nywdso i1ao9s8h esuyzwwr f1sip0of lzcic4wl gpro0wi8 oo9gr5id lrazzd5p\" tabindex=\"0\" role=\"link\" href=\"https:\/\/www.facebook.com\/tomas.tyl.1?__cft__[0]=AZVICASwRQcsD7ooue0lmJ1gPLsqFbHXMExWdsmIRKFa8nYBGfIqT5dR95QVJBpNFFoFO7ViTcCing_1bqxIUkZbqDzbqufmRZ1yCxATH4NlUO88bhOpEhRPHfhjXqSj-gDmL8e4XhqL4peO-YWyW_J9ElsC-QIhPAUWzu_hbgC_rfJNsE_SDfo4VmcMKzu-uZR37yx8tlpb9CS6nYk9ofCh&amp;__tn__=-UC%2CP-y-R\">Tom\u00e1\u0161 Tyl<\/a><\/span><\/p>\n<p>&nbsp;<\/p>\n","protected":false},"excerpt":{"rendered":"<p>V\u00e1\u017een\u00fd pane premi\u00e9re, p\u0159edsedkyn\u011b poslaneck\u00e9 sn\u011bmovny pan\u00ed Mark\u00e9ta Pekarov\u00e1-Adamov\u00e1 prohl\u00e1sila, \u017ee \u201esi ji\u017e d\u00e1le nem\u016f\u017eeme&#8230;<\/p>\n","protected":false},"author":2,"featured_media":1156,"comment_status":"closed","ping_status":"closed","sticky":false,"template":"","format":"standard","meta":[],"categories":[6],"tags":[1412,535,99],"_links":{"self":[{"href":"https:\/\/www.infokuryr.cz\/n\/wp-json\/wp\/v2\/posts\/9718"}],"collection":[{"href":"https:\/\/www.infokuryr.cz\/n\/wp-json\/wp\/v2\/posts"}],"about":[{"href":"https:\/\/www.infokuryr.cz\/n\/wp-json\/wp\/v2\/types\/post"}],"author":[{"embeddable":true,"href":"https:\/\/www.infokuryr.cz\/n\/wp-json\/wp\/v2\/users\/2"}],"replies":[{"embeddable":true,"href":"https:\/\/www.infokuryr.cz\/n\/wp-json\/wp\/v2\/comments?post=9718"}],"version-history":[{"count":0,"href":"https:\/\/www.infokuryr.cz\/n\/wp-json\/wp\/v2\/posts\/9718\/revisions"}],"wp:featuredmedia":[{"embeddable":true,"href":"https:\/\/www.infokuryr.cz\/n\/wp-json\/wp\/v2\/media\/1156"}],"wp:attachment":[{"href":"https:\/\/www.infokuryr.cz\/n\/wp-json\/wp\/v2\/media?parent=9718"}],"wp:term":[{"taxonomy":"category","embeddable":true,"href":"https:\/\/www.infokuryr.cz\/n\/wp-json\/wp\/v2\/categories?post=9718"},{"taxonomy":"post_tag","embeddable":true,"href":"https:\/\/www.infokuryr.cz\/n\/wp-json\/wp\/v2\/tags?post=9718"}],"curies":[{"name":"wp","href":"https:\/\/api.w.org\/{rel}","templated":true}]}}