{"id":97133,"date":"2026-01-18T00:21:50","date_gmt":"2026-01-17T23:21:50","guid":{"rendered":"https:\/\/www.infokuryr.cz\/n\/?p=97133"},"modified":"2026-01-17T08:56:39","modified_gmt":"2026-01-17T07:56:39","slug":"velka-britanie-veterani-do-65-let-by-meli-jit-do-valky-za-keira-starmera","status":"publish","type":"post","link":"https:\/\/www.infokuryr.cz\/n\/2026\/01\/18\/velka-britanie-veterani-do-65-let-by-meli-jit-do-valky-za-keira-starmera\/","title":{"rendered":"Velk\u00e1 Brit\u00e1nie: Veter\u00e1ni do 65 let by m\u011bli j\u00edt do v\u00e1lky za Keira Starmera"},"content":{"rendered":"<div id=\"fb-root\"><\/div>\n<p><strong><span dir=\"auto\">Britov\u00e9 se z\u0159ejm\u011b p\u0159ipravuj\u00ed na v\u00e1lku \u2013 proti Rusku. V budoucnu mohou b\u00fdt do vojensk\u00e9 slu\u017eby povol\u00e1ni veter\u00e1ni a\u017e do v\u011bku 65 let. Lond\u00fdn zoufale hled\u00e1 z\u00e1soby pro d\u011bla.<\/span><\/strong><\/p>\n<p><span dir=\"auto\">Od rusk\u00e9 invaze na Ukrajinu v Evrop\u011b roste p\u0159ipravenost na v\u00e1lku. Mluv\u00ed se o znovuzbrojov\u00e1n\u00ed, p\u0159\u00edprav\u00e1ch i v nemocnic\u00edch a tvrd\u00ed se, \u017ee Rusov\u00e9 hodlaj\u00ed v tomto desetilet\u00ed za\u00fato\u010dit na NATO. A to i p\u0159esto, \u017ee rusk\u00e9 jednotky v t\u00e9to vy\u010derp\u00e1vac\u00ed v\u00e1lce na Donbasu ji\u017e utrp\u011bly zna\u010dn\u00e9 ztr\u00e1ty.<\/span><\/p>\n<p><span dir=\"auto\">Britov\u00e9, kte\u0159\u00ed se od studen\u00e9 v\u00e1lky chovaj\u00ed v\u016f\u010di Moskv\u011b pom\u011brn\u011b agresivn\u011b, jsou tak\u00e9 sou\u010d\u00e1st\u00ed \u201ekoalice ochotn\u00fdch\u201c, veden\u00e9 triem Macron, Merz a Starmer. Stejn\u011b jako v\u011bt\u0161ina ostatn\u00edch evropsk\u00fdch zem\u00ed se v\u0161ak i Britov\u00e9 pot\u00fdkaj\u00ed s udr\u017een\u00edm sv\u00fdch voj\u00e1k\u016f na funk\u010dn\u00ed \u00farovni.<\/span><\/p>\n<figure class=\"wp-block-embed is-type-rich is-provider-twitter wp-block-embed-twitter\">\n<div class=\"wp-block-embed__wrapper\">\n<div class=\"twitter-tweet twitter-tweet-rendered\"><iframe id=\"twitter-widget-0\" class=\"\" title=\"X P\u0159\u00edsp\u011bvek\" src=\"https:\/\/platform.twitter.com\/embed\/Tweet.html?dnt=true&amp;embedId=twitter-widget-0&amp;features=eyJ0ZndfdGltZWxpbmVfbGlzdCI6eyJidWNrZXQiOltdLCJ2ZXJzaW9uIjpudWxsfSwidGZ3X2ZvbGxvd2VyX2NvdW50X3N1bnNldCI6eyJidWNrZXQiOnRydWUsInZlcnNpb24iOm51bGx9LCJ0ZndfdHdlZXRfZWRpdF9iYWNrZW5kIjp7ImJ1Y2tldCI6Im9uIiwidmVyc2lvbiI6bnVsbH0sInRmd19yZWZzcmNfc2Vzc2lvbiI6eyJidWNrZXQiOiJvbiIsInZlcnNpb24iOm51bGx9LCJ0ZndfZm9zbnJfc29mdF9pbnRlcnZlbnRpb25zX2VuYWJsZWQiOnsiYnVja2V0Ijoib24iLCJ2ZXJzaW9uIjpudWxsfSwidGZ3X21peGVkX21lZGlhXzE1ODk3Ijp7ImJ1Y2tldCI6InRyZWF0bWVudCIsInZlcnNpb24iOm51bGx9LCJ0ZndfZXhwZXJpbWVudHNfY29va2llX2V4cGlyYXRpb24iOnsiYnVja2V0IjoxMjA5NjAwLCJ2ZXJzaW9uIjpudWxsfSwidGZ3X3Nob3dfYmlyZHdhdGNoX3Bpdm90c19lbmFibGVkIjp7ImJ1Y2tldCI6Im9uIiwidmVyc2lvbiI6bnVsbH0sInRmd19kdXBsaWNhdGVfc2NyaWJlc190b19zZXR0aW5ncyI6eyJidWNrZXQiOiJvbiIsInZlcnNpb24iOm51bGx9LCJ0ZndfdXNlX3Byb2ZpbGVfaW1hZ2Vfc2hhcGVfZW5hYmxlZCI6eyJidWNrZXQiOiJvbiIsInZlcnNpb24iOm51bGx9LCJ0ZndfdmlkZW9faGxzX2R5bmFtaWNfbWFuaWZlc3RzXzE1MDgyIjp7ImJ1Y2tldCI6InRydWVfYml0cmF0ZSIsInZlcnNpb24iOm51bGx9LCJ0ZndfbGVnYWN5X3RpbWVsaW5lX3N1bnNldCI6eyJidWNrZXQiOnRydWUsInZlcnNpb24iOm51bGx9LCJ0ZndfdHdlZXRfZWRpdF9mcm9udGVuZCI6eyJidWNrZXQiOiJvbiIsInZlcnNpb24iOm51bGx9fQ%3D%3D&amp;frame=false&amp;hideCard=false&amp;hideThread=false&amp;id=2011757910041452892&amp;lang=cs&amp;origin=https%3A%2F%2Freport24.news%2Fgrossbritannien-veteranen-bis-65-sollen-fuer-keir-starmer-in-den-krieg-ziehen%2F&amp;sessionId=4cf191fc5bc33709701cdfe45e17ba0c36470c87&amp;theme=light&amp;widgetsVersion=2615f7e52b7e0%3A1702314776716&amp;width=550px\" frameborder=\"0\" scrolling=\"no\" allowfullscreen=\"allowfullscreen\" data-tweet-id=\"2011757910041452892\" data-mce-fragment=\"1\"><\/iframe><\/div>\n<\/div>\n<\/figure>\n<p><span dir=\"auto\">Britsk\u00e1 arm\u00e1da se co do po\u010dtu voj\u00e1k\u016f zmen\u0161ila na historick\u00e1 minima. B\u011bhem studen\u00e9 v\u00e1lky jich bylo zhruba dvakr\u00e1t tolik \u2013 nemluv\u011b o koloni\u00e1ln\u00ed \u00e9\u0159e, kdy jich bylo n\u011bkdy i v\u00edce ne\u017e p\u016fl milionu. Proto\u017ee v\u0161ak politici po cel\u00e1 desetilet\u00ed up\u0159ednost\u0148ovali imigraci p\u0159ed rozumnou rodinnou politikou, lze \u0159ady jen st\u011b\u017e\u00ed dopl\u0148ovat.<\/span><\/p>\n<p><span dir=\"auto\">Vzhledem k tomu, \u017ee nelze o\u010dek\u00e1vat, \u017ee v\u0161ichni P\u00e1kist\u00e1nci, Indov\u00e9, Afri\u010dan\u00e9 a dal\u0161\u00ed imigranti p\u016fjdou do v\u00e1lky za Velkou Brit\u00e1nii, bude nyn\u00ed povoleno rozs\u00e1hlej\u0161\u00ed mobilizace star\u0161\u00edch veter\u00e1n\u016f. Zat\u00edmco v\u011bkov\u00e1 hranice pro tzv. \u201estrategickou rezervu\u201c byla d\u0159\u00edve 55 let, bude zv\u00fd\u0161ena na 65 let, jak\u00a0informoval britsk\u00fd\u00a0<\/span><a href=\"https:\/\/archive.is\/DVPFm\"><span dir=\"auto\">Telegraph .<\/span><\/a><\/p>\n<p><span dir=\"auto\">D\u016fvodem je, \u017ee by to umo\u017enilo rychl\u00e9 nahromad\u011bn\u00ed vojsk v p\u0159\u00edpad\u011b nouze. Na rozd\u00edl od mlad\u00fdch rekrut\u016f, kte\u0159\u00ed se st\u00e1le mus\u00ed u\u010dit zach\u00e1zet se zbran\u011bmi, tito veter\u00e1ni maj\u00ed des\u00edtky let vojensk\u00fdch zku\u0161enost\u00ed. Nav\u00edc, zat\u00edmco veter\u00e1ni mohli b\u00fdt d\u0159\u00edve povol\u00e1ni k op\u011btovn\u00e9mu n\u00e1stupu do slu\u017eby pouze v p\u0159\u00edpad\u011b n\u00e1rodn\u00edch hrozeb a mimo\u0159\u00e1dn\u00fdch ud\u00e1lost\u00ed, nyn\u00ed by sta\u010dily i \u201ev\u00e1le\u010dn\u00e9 p\u0159\u00edpravy\u201c.<\/span><\/p>\n<p><span dir=\"auto\">Jedinou zb\u00fdvaj\u00edc\u00ed ot\u00e1zkou je, kdy ostatn\u00ed evropsk\u00e9 zem\u011b budou n\u00e1sledovat tento p\u0159\u00edklad a tak\u00e9 p\u0159iprav\u00ed sv\u00e9 veter\u00e1ny a z\u00e1lo\u017en\u00ed jednotky na bezprost\u0159edn\u00ed odvod. Koneckonc\u016f, takov\u00fd krok by odpov\u00eddal obecn\u00e9 strategii psychologick\u00e9 v\u00e1lky, zejm\u00e9na proto, \u017ee trval\u00fd stav pohotovosti umo\u017e\u0148uje politick\u00e1 opat\u0159en\u00ed, kter\u00e1 by v dob\u011b m\u00edru nebylo mo\u017en\u00e9 prov\u00e9st.<\/span><\/p>\n<p><img decoding=\"async\" loading=\"lazy\" class=\"alignnone size-full wp-image-1185\" src=\"http:\/\/www.infokuryr.cz\/n\/wp-content\/uploads\/2021\/04\/kuryr-podpis.png\" alt=\"\" width=\"84\" height=\"24\" \/><\/p>\n<p>&nbsp;<\/p>\n","protected":false},"excerpt":{"rendered":"<p>Britov\u00e9 se z\u0159ejm\u011b p\u0159ipravuj\u00ed na v\u00e1lku \u2013 proti Rusku. V budoucnu mohou b\u00fdt do vojensk\u00e9&#8230;<\/p>\n","protected":false},"author":2,"featured_media":97134,"comment_status":"closed","ping_status":"closed","sticky":false,"template":"","format":"standard","meta":[],"categories":[7],"tags":[3769,22,40,303,3817],"_links":{"self":[{"href":"https:\/\/www.infokuryr.cz\/n\/wp-json\/wp\/v2\/posts\/97133"}],"collection":[{"href":"https:\/\/www.infokuryr.cz\/n\/wp-json\/wp\/v2\/posts"}],"about":[{"href":"https:\/\/www.infokuryr.cz\/n\/wp-json\/wp\/v2\/types\/post"}],"author":[{"embeddable":true,"href":"https:\/\/www.infokuryr.cz\/n\/wp-json\/wp\/v2\/users\/2"}],"replies":[{"embeddable":true,"href":"https:\/\/www.infokuryr.cz\/n\/wp-json\/wp\/v2\/comments?post=97133"}],"version-history":[{"count":0,"href":"https:\/\/www.infokuryr.cz\/n\/wp-json\/wp\/v2\/posts\/97133\/revisions"}],"wp:featuredmedia":[{"embeddable":true,"href":"https:\/\/www.infokuryr.cz\/n\/wp-json\/wp\/v2\/media\/97134"}],"wp:attachment":[{"href":"https:\/\/www.infokuryr.cz\/n\/wp-json\/wp\/v2\/media?parent=97133"}],"wp:term":[{"taxonomy":"category","embeddable":true,"href":"https:\/\/www.infokuryr.cz\/n\/wp-json\/wp\/v2\/categories?post=97133"},{"taxonomy":"post_tag","embeddable":true,"href":"https:\/\/www.infokuryr.cz\/n\/wp-json\/wp\/v2\/tags?post=97133"}],"curies":[{"name":"wp","href":"https:\/\/api.w.org\/{rel}","templated":true}]}}