{"id":97120,"date":"2026-01-18T00:12:34","date_gmt":"2026-01-17T23:12:34","guid":{"rendered":"https:\/\/www.infokuryr.cz\/n\/?p=97120"},"modified":"2026-01-17T09:48:41","modified_gmt":"2026-01-17T08:48:41","slug":"proc-merz-najednou-oznacuje-rusko-za-evropskeho-souseda-a-mluvi-o-normalizaci-vztahu","status":"publish","type":"post","link":"https:\/\/www.infokuryr.cz\/n\/2026\/01\/18\/proc-merz-najednou-oznacuje-rusko-za-evropskeho-souseda-a-mluvi-o-normalizaci-vztahu\/","title":{"rendered":"Pro\u010d Merz najednou ozna\u010duje Rusko za \u201eevropsk\u00e9ho souseda\u201c a mluv\u00ed o normalizaci vztah\u016f?"},"content":{"rendered":"<div id=\"fb-root\"><\/div>\n<p><strong><span dir=\"auto\">Kancl\u00e9\u0159 Merz tento t\u00fdden u\u010dinil ne\u010dekan\u00e9 prohl\u00e1\u0161en\u00ed, v n\u011bm\u017e ozna\u010dil Rusko za \u201eevropsk\u00e9ho souseda\u201c a hovo\u0159il o tom, \u017ee chce v budoucnu normalizovat vztahy s Ruskem. Pro\u010d tento obrat o 180 stup\u0148\u016f?<\/span><\/strong><\/p>\n<p><span dir=\"auto\">Kancl\u00e9\u0159 Merz tento t\u00fdden v\u0161echny p\u0159ekvapil n\u00e1sleduj\u00edc\u00edm prohl\u00e1\u0161en\u00edm, kter\u00e9 bylo od n\u011bj vlastn\u011b nemysliteln\u00e9:<\/span><\/p>\n<p><em><span dir=\"auto\">\u201eA pokud se n\u00e1m pak poda\u0159\u00ed zajistit n\u00e1vrat m\u00edru a svobody do Evropy, \u017ee kone\u010dn\u011b znovu najdeme rovnov\u00e1hu s na\u0161\u00edm nejv\u011bt\u0161\u00edm evropsk\u00fdm sousedem, konkr\u00e9tn\u011b s Ruskem. A ne\u0159\u00edk\u00e1m to proto, \u017ee jsem tady na v\u00fdchod\u011b; \u0159\u00edk\u00e1m to i v\u0161ude jinde v N\u011bmecku. Rusko je evropsk\u00e1 zem\u011b. Pokud se n\u00e1m pak poda\u0159\u00ed dlouhodob\u011b znovu naj\u00edt rovnov\u00e1hu s Ruskem, pokud bude m\u00edr, pokud bude zaru\u010dena svoboda, pokud se n\u00e1m to v\u0161echno poda\u0159\u00ed, d\u00e1my a p\u00e1nov\u00e9, pak tato Evropsk\u00e1 unie, pak my ve Spolkov\u00e9 republice N\u011bmecko, projdeme dal\u0161\u00ed zkou\u0161kou a pak se m\u016f\u017eeme s velkou d\u016fv\u011brou d\u00edvat do budoucnosti i po roce 2026. P\u0159eji n\u00e1m to. Jsem si jist\u00fd, \u017ee usp\u011bjeme.\u201c<\/span><\/em><\/p>\n<p><span dir=\"auto\">Toto zd\u00e1nliv\u011b p\u0159ekvapiv\u00e9 Merzovo prohl\u00e1\u0161en\u00ed nakonec nebylo a\u017e tak p\u0159ekvapiv\u00e9, vezmeme-li v \u00favahu, co se tento t\u00fdden d\u011blo v EU a \u010demu se v n\u011bmeck\u00fdch m\u00e9di\u00edch nedostalo t\u00e9m\u011b\u0159 \u017e\u00e1dn\u00e9 pozornosti. Poj\u010fme se na to tedy pod\u00edvat bl\u00ed\u017ee.<\/span><\/p>\n<h3 class=\"wp-block-heading\"><span dir=\"auto\">V\u00fdzvy k jedn\u00e1n\u00edm s Ruskem<\/span><\/h3>\n<p><span dir=\"auto\">Po prosincov\u00e9m summitu EU, kde selhal pl\u00e1n na vyvlastn\u011bn\u00ed rusk\u00fdch aktiv zmrazen\u00fdch v EU, francouzsk\u00fd prezident Macron prohl\u00e1sil, \u017ee je na\u010dase, aby \u201eEvropa\u201c obnovila dialog s Ruskem. Uvedl, \u017ee sou\u010dasn\u00fd form\u00e1t jedn\u00e1n\u00ed o Ukrajin\u011b, v n\u011bm\u017e ameri\u010dt\u00ed vyjednava\u010di vyjedn\u00e1vaj\u00ed s Ruskem podm\u00ednky dohody bez evropsk\u00e9 \u00fa\u010dasti, \u201enen\u00ed optim\u00e1ln\u00ed\u201c.<\/span><\/p>\n<p><span dir=\"auto\">Stejn\u00fd n\u00e1zor sd\u00edlej\u00ed i dal\u0161\u00ed l\u00edd\u0159i EU, nap\u0159\u00edklad italsk\u00fd premi\u00e9r Meloni. V z\u00e1kulis\u00ed jich je pravd\u011bpodobn\u011b mnohem v\u00edce.<\/span><\/p>\n<p><span dir=\"auto\">Potvrzuje to nap\u0159\u00edklad Politico, kter\u00e9 v \u00fater\u00fd s odvol\u00e1n\u00edm na zdroje\u00a0<\/span><a href=\"https:\/\/tass.ru\/mezhdunarodnaya-panorama\/26132615\"><u><span dir=\"auto\">informovalo<\/span><\/u><\/a><span dir=\"auto\">\u00a0, \u017ee prohl\u00e1\u0161en\u00ed italsk\u00fdch a francouzsk\u00fdch politik\u016f o tom, \u017ee EU mus\u00ed s Ruskem jednat, se setkala s p\u0159ijet\u00edm v Bruselu a dal\u0161\u00edch evropsk\u00fdch metropol\u00edch. Macron v posledn\u00edch dnech zd\u016fraznil, \u017ee vzhledem k bilater\u00e1ln\u00edm rozhovor\u016fm mezi Ameri\u010dany a Rusy je d\u016fle\u017eit\u00e9 se \u201ealespo\u0148 \u010d\u00e1ste\u010dn\u011b zapojit\u201c, citoval Politico francouzsk\u00e9ho \u00fa\u0159edn\u00edka, proto\u017ee \u201ev n\u011bkter\u00fdch hlavn\u00edch m\u011bstech EU\u201c roste \u201epochopen\u00ed pro pot\u0159ebu vyv\u00e1\u017een\u00e9ho vztahu mezi odm\u00edt\u00e1n\u00edm a \u00fa\u010dast\u00ed\u201c.<\/span><\/p>\n<p><span dir=\"auto\">Zdroj dodal, \u017ee existuje \u0159ada ot\u00e1zek, \u201eo kter\u00fdch nelze diskutovat (pouze) s USA, proto\u017ee maj\u00ed p\u0159\u00edm\u00e9 bezpe\u010dnostn\u00ed d\u016fsledky\u201c pro Evropany. A u\u017e v pond\u011bl\u00ed dokonce mluv\u010d\u00ed Evropsk\u00e9 komise Paula Pinho p\u0159ipustila, \u017ee \u201eEU bude muset jednou s Ruskem vyjedn\u00e1vat\u201c, ale dodala, \u017ee tento \u010das \u201eje\u0161t\u011b nenastal\u201c.<\/span><\/p>\n<h3 class=\"wp-block-heading\"><span dir=\"auto\">Jmenov\u00e1n\u00ed zvl\u00e1\u0161tn\u00edho vyslance EU?<\/span><\/h3>\n<p><span dir=\"auto\">Politico pot\u00e9\u00a0<\/span><a href=\"https:\/\/tass.ru\/mezhdunarodnaya-panorama\/26141567\"><u><span dir=\"auto\">informoval<\/span><\/u><\/a><span dir=\"auto\">\u00a0, \u017ee \u010dlensk\u00e9 st\u00e1ty EU diskutuj\u00ed o jmenov\u00e1n\u00ed zvl\u00e1\u0161tn\u00edho vyslance pro jedn\u00e1n\u00ed o Ukrajin\u011b, kter\u00fd by mohl jednat s Ruskem jm\u00e9nem EU. Podle Politica s odvol\u00e1n\u00edm na zdroje byl mezi mo\u017en\u00fdmi kandid\u00e1ty na tuto pozici i finsk\u00fd prezident Alexander Stubb. Politico tak\u00e9 uvedl, \u017ee jmenov\u00e1n\u00ed zvl\u00e1\u0161tn\u00edho vyslance EU pro ukrajinskou krizi bylo ji\u017e projedn\u00e1v\u00e1no na summitu EU v b\u0159eznu 2025. Pl\u00e1nem bylo, aby tento vyslanec jednal po boku ukrajinsk\u00e9 delegace, ale tato iniciativa nebyla nikdy realizov\u00e1na.<\/span><\/p>\n<p><span dir=\"auto\">V EU nyn\u00ed panuj\u00ed obavy, \u017ee Brusel nebude schopen obh\u00e1jit svou pozici bez m\u00edsta u jednac\u00edho stolu. Politico popisuje iniciativu jako \u201ebezprecedentn\u00ed krok, kter\u00fd p\u0159edstavuje v\u00fdznamn\u00fd posun v p\u0159\u00edstupu Evropy k bilater\u00e1ln\u00edm jedn\u00e1n\u00edm zprost\u0159edkovan\u00fdm americk\u00fdm prezidentem Donaldem Trumpem\u201c a cituje nejmenovan\u00e9ho francouzsk\u00e9ho \u00fa\u0159edn\u00edka:<\/span><\/p>\n<p><em><span dir=\"auto\">\u201eV posledn\u00edch dnech Macron prosazuje my\u0161lenku, \u017ee vzhledem k bilater\u00e1ln\u00edm rozhovor\u016fm mezi Ameri\u010dany a Rusy je d\u016fle\u017eit\u00e9 hr\u00e1t v jedn\u00e1n\u00edch alespo\u0148 n\u011bjakou roli. Meloni to siln\u011b podporuje, proto\u017ee nejsou naivn\u00ed a ch\u00e1pou, \u010deho by se v jedn\u00e1n\u00edch dalo dos\u00e1hnout. \u010cel\u00ed volb\u011b mezi \u00fa\u010dast\u00ed a ne\u00fa\u010dast\u00ed, ale v hlavn\u00edch m\u011bstech roste pochopen\u00ed pro hodnotu \u00fa\u010dasti v jedn\u00e1n\u00edch.\u201c<\/span><\/em><\/p>\n<p><span dir=\"auto\">Politico up\u0159es\u0148uje, \u017ee mnoho detail\u016f t\u00e9to iniciativy z\u016fst\u00e1v\u00e1 p\u0159edm\u011btem v\u00e1\u0161niv\u00e9 debaty: jakou hodnost by takov\u00fd zvl\u00e1\u0161tn\u00ed vyslanec m\u011bl, komu by pod\u00e1val zpr\u00e1vy, zda by se jednalo o form\u00e1ln\u00ed, \u010di neform\u00e1ln\u00ed pozici a zda by zastupoval pouze EU, nebo i \u201ekoalici ochotn\u00fdch\u201c. It\u00e1lie nap\u0159\u00edklad navrhuje do t\u00e9to role b\u00fdval\u00e9ho premi\u00e9ra Maria Draghiho, zat\u00edmco EU jako mo\u017en\u00e9ho kandid\u00e1ta navrhla finsk\u00e9ho prezidenta Alexandra Stubba. V\u00fdhodou jmenov\u00e1n\u00ed \u00fa\u0159aduj\u00edc\u00ed hlavy st\u00e1tu je, \u017ee by byl \u201esvobodn\u011bj\u0161\u00ed v tom, co \u0159\u00edk\u00e1\u201c.<\/span><\/p>\n<p><span dir=\"auto\">Evrop\u0161t\u00ed p\u0159edstavitel\u00e9 z\u00e1rove\u0148 v rozhovorech s Politico zd\u016fraznili, \u017ee pozice zvl\u00e1\u0161tn\u00edho vyslance zat\u00edm neexistuje a \u017ee diskuse o kandid\u00e1tech na tuto roli jsou p\u0159ed\u010dasn\u00e9.<\/span><\/p>\n<h3 class=\"wp-block-heading\"><span dir=\"auto\">Koho by Rusko p\u0159ijalo?<\/span><\/h3>\n<p><span dir=\"auto\">Rusk\u00fd ministr zahrani\u010d\u00ed Sergej Lavrov se k Macronov\u00fdm v\u00fdrok\u016fm d\u0159\u00edve vyj\u00e1d\u0159il s t\u00edm, \u017ee Moskva je v\u017edy p\u0159ipravena k dialogu, a p\u0159ipomn\u011bl, \u017ee rusk\u00fd prezident opakovan\u011b zd\u016fraz\u0148oval, \u017ee je v\u017edy otev\u0159en\u00fd kontakt\u016fm, \u201eza p\u0159edpokladu v\u0161ak, \u017ee se jedn\u00e1 o zdvo\u0159il\u00e9 lidi s minim\u00e1ln\u00ed m\u00edrou slu\u0161nosti\u201c.<\/span><\/p>\n<p><span dir=\"auto\">Toto omezen\u00ed bude pravd\u011bpodobn\u011b v Moskv\u011b br\u00e1no velmi v\u00e1\u017en\u011b, proto\u017ee reputace EU a jej\u00edch p\u0159edn\u00edch p\u0159edstavitel\u016f \u2013 a p\u0159edev\u0161\u00edm d\u016fv\u011bra v dohody s nimi \u2013 prudce klesla. Zda to znamen\u00e1, \u017ee Moskva by mohla signalizovat, \u017ee n\u011bkter\u00e9 z\u00e1stupce jmenovan\u00e9 EU nep\u0159ijme, se teprve uvid\u00ed. Pravd\u011bpodobn\u011b v\u0161ak v\u011bt\u0161ina kandid\u00e1t\u016f, kter\u00e9 by Evropsk\u00e1 komise mohla navrhnout, nen\u00ed pro tuto pozici vhodn\u00e1, proto\u017ee maj\u00ed za sebou historii extr\u00e9mn\u011b protirusk\u00fdch prohl\u00e1\u0161en\u00ed a iniciativ a Moskva by pochybovala o jejich up\u0159\u00edmnosti v jedn\u00e1n\u00edch, co\u017e by ve\u0161ker\u00e1 jedn\u00e1n\u00ed od za\u010d\u00e1tku u\u010dinilo bezp\u0159edm\u011btn\u00fdmi.<\/span><\/p>\n<p><span dir=\"auto\">Podle m\u00e9ho n\u00e1zoru je finsk\u00fd prezident Stubb tak nevhodn\u00fdm kandid\u00e1tem, proto\u017ee byl jedn\u00edm z nejhlasit\u011bj\u0161\u00edch zast\u00e1nc\u016f finsk\u00e9 protirusk\u00e9 politiky a nikdo by mu dnes nev\u011b\u0159il, \u017ee je skute\u010dn\u011b ochoten vyjedn\u00e1vat. Na druhou stranu EU bude sotva ochotna jmenovat lidi, jako je ma\u010farsk\u00fd premi\u00e9r Orb\u00e1n, o kter\u00fdch by rusk\u00e1 vl\u00e1da v\u011b\u0159ila, \u017ee maj\u00ed skute\u010dn\u00fd z\u00e1jem na spravedliv\u00e9m \u0159e\u0161en\u00ed ukrajinsk\u00e9ho konfliktu.<\/span><\/p>\n<h3 class=\"wp-block-heading\"><span dir=\"auto\">Na kom by se EU mohla shodnout?<\/span><\/h3>\n<p><span dir=\"auto\">Italsk\u00e9 noviny \u201eIl Fatto Quotidiano\u201c rovn\u011b\u017e\u00a0<\/span><a href=\"https:\/\/tass.ru\/mezhdunarodnaya-panorama\/26141655\"><u><span dir=\"auto\">uvedly<\/span><\/u><\/a><span dir=\"auto\">\u00a0, \u017ee EU si za\u010d\u00edn\u00e1 uv\u011bdomovat, \u017ee konflikt na Ukrajin\u011b neskon\u010d\u00ed, dokud bude Kyjev podporovat \u201ea\u017e do ho\u0159k\u00e9ho konce\u201c. Podle zpr\u00e1vy Evropsk\u00e1 komise poprv\u00e9 potvrdila diplomatick\u00fd p\u0159\u00edstup k \u0159e\u0161en\u00ed konfliktu. \u010cl\u00e1nek uv\u00e1d\u00ed, \u017ee dosavadn\u00ed prohl\u00e1\u0161en\u00ed EU zahrnovala pouze \u201epokra\u010duj\u00edc\u00ed ekonomickou pomoc Kyjevu, dod\u00e1vky zbran\u00ed a rozs\u00e1hl\u00fd pl\u00e1n znovuzbrojov\u00e1n\u00ed\u201c. Noviny v\u0161ak nyn\u00ed cituj\u00ed mluv\u010d\u00ed Evropsk\u00e9 komise Paulu Pinho:<\/span><\/p>\n<p><em><span dir=\"auto\">\u201eV ur\u010dit\u00e9m okam\u017eiku bude nutn\u00e9 prob\u011bhnout jedn\u00e1n\u00ed, a to i s prezidentem Putinem.\u201c<\/span><\/em><\/p>\n<p><span dir=\"auto\">Server Politico\u00a0<\/span><a href=\"https:\/\/tass.ru\/mezhdunarodnaya-panorama\/26148991\"><u><span dir=\"auto\">uvedl<\/span><\/u><\/a><span dir=\"auto\">\u00a0, \u017ee ot\u00e1zka jmenov\u00e1n\u00ed zvl\u00e1\u0161tn\u00edho vyslance EU pro Ukrajinu vedla mezi zem\u011bmi EU k v\u00fdznamn\u00fdm neshod\u00e1m. Mezi zem\u011bmi EU panuj\u00ed \u201ev\u00e1\u017en\u00e9 n\u00e1zorov\u00e9 rozd\u00edly\u201c ohledn\u011b detail\u016f tohoto jmenov\u00e1n\u00ed, a\u010dkoli v\u011bt\u0161ina zem\u00ed uzn\u00e1v\u00e1 pot\u0159ebu dialogu s EU o Ukrajin\u011b, \u201epokud Evropa nechce dos\u00e1hnout sv\u00fdch \u010derven\u00fdch lini\u00ed, jako je \u010dlenstv\u00ed Ukrajiny v NATO\u201c.<\/span><\/p>\n<p><span dir=\"auto\">Podle serveru Politico se o t\u00e9to ot\u00e1zce ji\u017e diskutovalo na summitu EU na konci prosince a vysok\u00e1 p\u0159edstavitelka EU Kaja Kallas se sama ozna\u010dila za \u201ejedinou kandid\u00e1tku na veden\u00ed jedn\u00e1n\u00ed o Ukrajin\u011b\u201c. Zat\u00edmco Mario Draghi a Alexander Stubb, o nich\u017e se ji\u017e mluvilo, byli jmenov\u00e1ni jako mo\u017en\u00ed kandid\u00e1ti na pozici zvl\u00e1\u0161tn\u00edho vyslance, ani jeden z nich nebyl pova\u017eov\u00e1n za p\u0159ijateln\u00e9ho pro v\u0161echny zem\u011b EU.<\/span><\/p>\n<h3 class=\"wp-block-heading\"><span dir=\"auto\">Co znamen\u00e1 Merzovo prohl\u00e1\u0161en\u00ed<\/span><\/h3>\n<p><span dir=\"auto\">Vzhledem k v\u00fdvoji v EU se Merzovy p\u0159ekvapiv\u011b p\u0159\u00e1telsk\u00e9 pozn\u00e1mky o Rusku n\u00e1hle st\u00e1vaj\u00ed pochopiteln\u00fdmi. V EU se situace obr\u00e1tila; uv\u011bdomili si, \u017ee ukrajinsk\u00fd projekt je ztracen, \u017ee USA ji\u017e nestoj\u00ed p\u0159i EU, \u017ee USA a Rusko rozhoduj\u00ed o nov\u00e9m bezpe\u010dnostn\u00edm \u0159\u00e1du v Evrop\u011b a \u017ee EU kv\u016fli sv\u00e9mu odm\u00edtnut\u00ed spolupr\u00e1ce nen\u00ed u jednac\u00edho stolu.<\/span><\/p>\n<p><span dir=\"auto\">K tomu se p\u0159id\u00e1v\u00e1 ne\u00fasp\u011b\u0161n\u00fd pokus o kr\u00e1de\u017e zmrazen\u00fdch rusk\u00fdch fond\u016f v prosinci, kter\u00fd byl zp\u016fsoben neshodami v r\u00e1mci EU a otev\u0159en\u011b odhalil rozkol v EU. V EU ji\u017e neexistuje v\u011bt\u0161ina pro \u201eBudeme podporovat Ukrajinu tak dlouho, jak to bude nutn\u00e9\u201c.<\/span><\/p>\n<p><span dir=\"auto\">Jeliko\u017e je zn\u00e1mo, \u017ee Merz tou\u017e\u00ed st\u00e1t se v\u016fd\u010d\u00ed osobnost\u00ed EU, musel i on radik\u00e1ln\u011b zm\u011bnit sv\u016fj postoj, pokud necht\u011bl b\u00fdt v r\u00e1mci EU odsunut na vedlej\u0161\u00ed kolej. Jeho mezin\u00e1rodn\u011b zn\u00e1m\u00e1, t\u00e9m\u011b\u0159 p\u0159\u00e1telsk\u00e1 slova pro Rusko proto byla prim\u00e1rn\u011b ur\u010dena zahrani\u010dn\u00edmu publiku, konkr\u00e9tn\u011b tomu v Evrop\u011b. Merz se nyn\u00ed z\u0159ejm\u011b hodl\u00e1 p\u0159ipojit k zast\u00e1nc\u016fm rozhovor\u016f s Ruskem a za\u010d\u00edn\u00e1 se p\u0159ipravovat na sv\u016fj obrat o 180 stup\u0148\u016f ve ve\u0159ejn\u00e9m projevu.<\/span><\/p>\n<p><span dir=\"auto\">Pokud je tato interpretace spr\u00e1vn\u00e1, m\u011bli bychom velmi brzy naj\u00edt st\u00e1le v\u00edce \u010dl\u00e1nk\u016f v n\u011bmeck\u00fdch m\u00e9di\u00edch, kter\u00e1 doposud v\u017edy poslu\u0161n\u011b n\u00e1sledovala vl\u00e1dn\u00ed linii a kategoricky se stav\u011bla proti rozhovor\u016fm s Ruskem, \u010d\u00edm\u017e p\u0159ipravovala \u010dten\u00e1\u0159e na rozhovory EU s Ruskem, p\u0159esto\u017ee n\u011bme\u010dt\u00ed politici a m\u00e9dia dosud jak\u00e9koli rozhovory s Ruskem a jeho \u201ev\u00e1le\u010dn\u00fdm zlo\u010dincem\u201c Putinem vylu\u010duj\u00ed.<\/span><\/p>\n<p><span dir=\"auto\">Pokud k tomu dojde, m\u016f\u017eeme se t\u011b\u0161it na mnoho z\u00e1bavn\u00fdch \u010dl\u00e1nk\u016f, jejich\u017e c\u00edlem je N\u011bmc\u016fm p\u0159ibl\u00ed\u017eit n\u00e1hlou zm\u011bnu kurzu.<\/span><\/p>\n<p><span dir=\"auto\">A pokud by se tak stalo, nep\u0159ekvapilo by m\u011b, kdyby se Merz pokusil kandidovat na roli zvl\u00e1\u0161tn\u00edho vyslance EU. Zda m\u00e1 Rusko z\u00e1jem o rozhovory s v\u00e1le\u010dn\u00fdm \u0161tv\u00e1\u010dem Merzem a zda v\u011b\u0159\u00ed, \u017ee m\u00e1 skute\u010dn\u00fd \u00famysl vyjedn\u00e1vat, je ale \u00fapln\u011b jin\u00e1 v\u011bc.<\/span><\/p>\n<p><span dir=\"auto\">Bude tak\u00e9 zaj\u00edmav\u00e9 poslouchat ministra zahrani\u010d\u00ed Wadephula, kter\u00fd se chlubil, \u017ee Rusko \u201ev\u017edy z\u016fstane na\u0161\u00edm nep\u0159\u00edtelem\u201c.<\/span><\/p>\n<p><span dir=\"auto\">Brzy uvid\u00edme, zda je moje interpretace Merzov\u00fdch slov spr\u00e1vn\u00e1.<\/span><\/p>\n<p><a href=\"https:\/\/anti-spiegel.ru\/2026\/warum-bezeichnet-merz-russland-ploetzlich-als-europaeischen-nachbarn-und-redet-von-einer-normalisierung-der-beziehungen\/\">Thomas R\u00f6per<\/a><\/p>\n<p><img decoding=\"async\" loading=\"lazy\" class=\"alignnone wp-image-22016\" src=\"http:\/\/www.infokuryr.cz\/n\/wp-content\/uploads\/2023\/01\/Thomas-Roper-298x300.jpg\" alt=\"\" width=\"143\" height=\"144\" srcset=\"https:\/\/www.infokuryr.cz\/n\/wp-content\/uploads\/2023\/01\/Thomas-Roper-298x300.jpg 298w, https:\/\/www.infokuryr.cz\/n\/wp-content\/uploads\/2023\/01\/Thomas-Roper-150x150.jpg 150w, https:\/\/www.infokuryr.cz\/n\/wp-content\/uploads\/2023\/01\/Thomas-Roper.jpg 596w\" sizes=\"(max-width: 143px) 100vw, 143px\" \/><\/p>\n<p>&nbsp;<\/p>\n","protected":false},"excerpt":{"rendered":"<p>Kancl\u00e9\u0159 Merz tento t\u00fdden u\u010dinil ne\u010dekan\u00e9 prohl\u00e1\u0161en\u00ed, v n\u011bm\u017e ozna\u010dil Rusko za \u201eevropsk\u00e9ho souseda\u201c a&#8230;<\/p>\n","protected":false},"author":2,"featured_media":97121,"comment_status":"closed","ping_status":"closed","sticky":false,"template":"","format":"standard","meta":[],"categories":[7],"tags":[1503,8211,22],"_links":{"self":[{"href":"https:\/\/www.infokuryr.cz\/n\/wp-json\/wp\/v2\/posts\/97120"}],"collection":[{"href":"https:\/\/www.infokuryr.cz\/n\/wp-json\/wp\/v2\/posts"}],"about":[{"href":"https:\/\/www.infokuryr.cz\/n\/wp-json\/wp\/v2\/types\/post"}],"author":[{"embeddable":true,"href":"https:\/\/www.infokuryr.cz\/n\/wp-json\/wp\/v2\/users\/2"}],"replies":[{"embeddable":true,"href":"https:\/\/www.infokuryr.cz\/n\/wp-json\/wp\/v2\/comments?post=97120"}],"version-history":[{"count":0,"href":"https:\/\/www.infokuryr.cz\/n\/wp-json\/wp\/v2\/posts\/97120\/revisions"}],"wp:featuredmedia":[{"embeddable":true,"href":"https:\/\/www.infokuryr.cz\/n\/wp-json\/wp\/v2\/media\/97121"}],"wp:attachment":[{"href":"https:\/\/www.infokuryr.cz\/n\/wp-json\/wp\/v2\/media?parent=97120"}],"wp:term":[{"taxonomy":"category","embeddable":true,"href":"https:\/\/www.infokuryr.cz\/n\/wp-json\/wp\/v2\/categories?post=97120"},{"taxonomy":"post_tag","embeddable":true,"href":"https:\/\/www.infokuryr.cz\/n\/wp-json\/wp\/v2\/tags?post=97120"}],"curies":[{"name":"wp","href":"https:\/\/api.w.org\/{rel}","templated":true}]}}