{"id":9712,"date":"2022-04-17T01:43:10","date_gmt":"2022-04-16T23:43:10","guid":{"rendered":"http:\/\/www.infokuryr.cz\/n\/?p=9712"},"modified":"2022-04-16T17:46:18","modified_gmt":"2022-04-16T15:46:18","slug":"jindrich-kulhavy-obeti-rusko-ukrajinske-krize","status":"publish","type":"post","link":"https:\/\/www.infokuryr.cz\/n\/2022\/04\/17\/jindrich-kulhavy-obeti-rusko-ukrajinske-krize\/","title":{"rendered":"Jind\u0159ich Kulhav\u00fd: Ob\u011bti rusko-ukrajinsk\u00e9 krize"},"content":{"rendered":"<div id=\"fb-root\"><\/div>\n<p><span class=\"anotation\">Rusko \u2013 ukrajinsk\u00e1 krize m\u00e1 mnoho ob\u011bt\u00ed r\u016fzn\u00e9ho druhu. Nejsmutn\u011bj\u0161\u00edm p\u0159\u00edpadem jsou samoz\u0159ejm\u011b ti, kte\u0159\u00ed velkou d\u00e1vku nevra\u017eivosti nep\u0159e\u017eili. Je\u0161t\u011b p\u0159ed vstupem vojsk Rusk\u00e9 federace na \u00fazem\u00ed Ukrajiny to bylo cca 15000 ob\u010dan\u016f Donbasu v\u010detn\u011b d\u011bt\u00ed p\u0159ipom\u00ednan\u00fdch v\u00a0pro n\u011b vytvo\u0159en\u00e9 Aleji and\u011bl\u016f. 8 let trvaj\u00edc\u00ed masakrov\u00e1n\u00ed civilist\u016f v\u00a0sou\u010dasn\u00fdch Luhansk\u00e9 a Don\u011bck\u00e9 republik\u00e1ch m\u00e9dia i Fialova vl\u00e1da ignoruj\u00ed, p\u0159esto\u017ee se o tom je\u0161t\u011b p\u0159ed p\u00e1r roky t\u0159eba na Prim\u011b otev\u0159en\u011b hovo\u0159ilo. Dal\u0161\u00ed ob\u011bti na \u017eivotech p\u0159inesl v\u00fdvoj boj\u016f v\u00a0t\u00e9to dob\u011b.<\/span><\/p>\n<div id=\"pagetext\">\n<p>Zelenskyj se kas\u00e1 t\u00edm, \u017ee Ukrajina p\u0159i\u0161la o 5000 mu\u017e\u016f, Rusov\u00e9 o 20000. Nakolik je to re\u00e1ln\u00e9, to netu\u0161\u00edme, nicm\u00e9n\u011b by to ukazovalo na to, \u017ee Rusov\u00e9 skute\u010dn\u011b postupuj\u00ed tak, aby i p\u0159es v\u0161echna rizika chr\u00e1nili civiln\u00ed obyvatelstvo, zat\u00edmco Ukrajinci p\u00e1l\u00ed hlava nehlava do v\u0161eho, co se hne. Sv\u00e9 zlo\u010diny pot\u00e9 maskuj\u00ed fingovan\u00fdm zv\u011brstvem rusk\u00fdch jednotek, o \u010dem\u017e jsme se p\u0159esv\u011bd\u010dili v Bu\u010di. Informace z n\u00ed byly ze strany Ukrajinc\u016f kontroverzn\u00ed a Rusov\u00e9 dop\u0159edu varovali p\u0159ed prolhanou propagandou Zelensk\u00e9ho kliky. Nav\u00edc, pokud jde o po\u010dty lid\u00ed, o kter\u00e9 skute\u010dn\u011b j\u00edm ovl\u00e1dan\u00e1 zem\u011b p\u0159i\u0161la, jsou mnohem drasti\u010dt\u011bj\u0161\u00ed. Jen u n\u00e1s je 300 000 imigrant\u016f, podobn\u011b v Polsku, by\u0165 tam u\u017e za\u010dali vracet zp\u011bt ty, kte\u0159\u00ed p\u0159i\u0161li z v\u00e1lkou nezasa\u017een\u00fdch \u010d\u00e1st\u00ed Ukrajiny. Tak\u017ee za idioty jsme tu op\u011bt d\u00edky na\u0161im pomaten\u00fdm politik\u016fm jen my. D\u00e1le se pravd\u011bpodobn\u011b odtrhne po Krymu i Donbas. A nikoho by nep\u0159ekvapilo, kdyby se p\u0159idaly dal\u0161\u00ed oblasti na V\u00fdchodu, tak\u017ee se po\u010det obyvatel dost mo\u017en\u00e1 o dost sn\u00ed\u017e\u00ed. Nav\u00edc se bl\u00ed\u017e\u00ed rozhoduj\u00edc\u00ed bitva o Donbas a jak v\u00edme, ukrajinsk\u00e9 elitn\u00ed jednotky dopln\u011bn\u00e9 o nacistick\u00e9 skupiny Azovsk\u00e9ho praporu a Prav\u00e9ho sektoru jsou \u010d\u00e1ste\u010dn\u011b obkl\u00ed\u010den\u00e9. Budou bojovat o vlastn\u00ed byt\u00ed, co\u017e se t\u00fdk\u00e1 pr\u00e1v\u011b ukrajinsk\u00fdch nacist\u016f. Tak\u017ee po\u010det ob\u011bt\u00ed bude mnohem v\u011bt\u0161\u00ed, ne\u017e kdy\u017e proti nim nastupovali dobrovoln\u00edci od separatist\u016f. Bude zaj\u00edmav\u00e9 sledovat, v jak\u00e9 f\u00e1zi se Zelenskyj sebere a ute\u010de z Ukrajiny. Tam ho toti\u017e po skon\u010den\u00ed vojensk\u00e9 operace dost mo\u017en\u00e1 \u010dek\u00e1 akor\u00e1t soud a do\u017eivot\u00ed.<\/p>\n<p>Zat\u00edm jsme mezi ob\u011bti neschopnosti se navz\u00e1jem mezi NATO (USA), EU, Ukrajinou a Ruskou federac\u00ed domluvit po\u010d\u00edtali pouze padl\u00e9 voj\u00e1ky a bohu\u017eel i civilisty zneu\u017e\u00edvan\u00e9 Azovem \u010dasto jako lidsk\u00e9 \u0161t\u00edty. Na soci\u00e1ln\u00edch s\u00edt\u00edch u\u017e je mnoho videoz\u00e1znam\u016f se zajat\u00fdmi Ukrajinci, kte\u0159\u00ed se k t\u011bmto praktik\u00e1m p\u0159izn\u00e1vaj\u00ed. Tak\u00e9 k mu\u010den\u00ed Rus\u016f a civiln\u00edho obyvatelstva vyjad\u0159uj\u00edc\u00edho podporu rusk\u00fdm jednotk\u00e1m a jejich zohavov\u00e1n\u00ed \u010di zn\u00e1sil\u0148ov\u00e1n\u00ed. Na\u0161e propaganda tvrd\u00ed prav\u00fd opak. Vzpomeneme li si, jak se tu dva roky lhalo o covidu, co p\u0159edv\u00e1d\u00ed EU a na\u0161e m\u00e9dia v souvislosti s Ma\u010farskem, migrac\u00ed a dal\u0161\u00edmi kauzami, m\u016f\u017ee jim v\u011b\u0159it jen naprost\u00fd ignorant. Takov\u00fdch je v\u0161ak v na\u0161\u00ed zemi mnoho a pozn\u00e1te je podle otisku na tv\u00e1\u0159i zp\u016fsoben\u00e9m p\u0159itisknut\u00edm k televizn\u00edm obrazovk\u00e1m. To je samoz\u0159ejm\u011b nads\u00e1zka, ov\u0161em pravdou je, \u017ee v\u011bt\u0161ina oponent\u016f sou\u010dasn\u00e9 vl\u00e1dy u\u017e televizn\u00ed zpravodajstv\u00ed z d\u016fvodu p\u0159it\u00ed\u017een\u00ed zdravotn\u00edho stavu v oblasti srdce a \u017ealudku nesleduje. Op\u011bt podobn\u011b, jako tomu bylo ned\u00e1vno s covidem a brzy zase bude.<\/p>\n<p>Ob\u011bt\u00ed je v\u0161ak mnohem v\u00edce, i kdy\u017e n\u011bkter\u00e9 jsou jimi dobrovoln\u011b. T\u00edm jsou my\u0161leny hordy ukrajinsk\u00fdch n\u00e1jezdn\u00edk\u016f z oblast\u00ed, kde se nev\u00e1l\u010d\u00ed. Za\u017e\u00edv\u00e1me obrovsk\u00e9 kontrasty. Na kraji Prahy sm\u011brem na M\u011bln\u00edk je supermarket JIP, v n\u011bm\u017e p\u0159i n\u00e1kupu naraz\u00edte na 2-3 \u010cechy. Zbytek jsou p\u0159ev\u00e1\u017en\u011b \u017eeny ukrajinsk\u00e9 n\u00e1rodnosti. Obchod je nejen kr\u00e1sn\u011b upraven, ale person\u00e1l je skute\u010dn\u011b ochotn\u00fd a mil\u00fd, \u017eeny tu jsou pravd\u011bpodobn\u011b dlouho. Jen\u017ee pot\u00e9 naraz\u00edte na jinou skupinu Ukrajinc\u016f. Luxusn\u00ed auta (ti v supermarketech nepracuj\u00ed), des\u00edtky a\u017e stovky tis\u00edc eur \u010di dolar\u016f nov\u011b ukl\u00e1dan\u00fdch do na\u0161ich bank (no\u2026na\u0161ich, my\u0161leno u n\u00e1s um\u00edst\u011bn\u00fdch), arogantn\u00ed chov\u00e1n\u00ed a p\u0159emr\u0161t\u011bn\u00e9 po\u017eadavky. Kter\u00fdm z nich chce vl\u00e1da stav\u011bt domy a byty za pen\u00edze n\u00e1s v\u0161ech, co mysl\u00edte? Tak\u017ee pro ty, co tu u\u017e dlouho a \u010dasto za hor\u0161\u00edch podm\u00ednek d\u0159ou nebo pro vychytral\u00e9 p\u0159ist\u011bhovalce p\u0159ij\u00ed\u017ed\u011bj\u00edc\u00edch v drah\u00fdch autech? A pro\u010d, kdy\u017e Ukrajina bude pot\u0159ebovat ka\u017edou ruku k obnov\u011b po\u0161kozen\u00fdch \u010d\u00e1st\u00ed zem\u011b?<\/p>\n<p>A ob\u011b\u0165 tu m\u00e1me i mezi na\u0161imi ob\u010dany. Jist\u00e1 pan\u00ed u\u010ditelka sd\u00edlej\u00edc\u00ed n\u00e1\u0161 n\u00e1zorov\u00fd proud zkusila d\u011btem ve \u0161kole vysv\u011btlit jinou verzi v\u00e1lky, ne\u017e jakou n\u00e1m p\u0159edkl\u00e1daj\u00ed vl\u00e1da i m\u00e9dia. D\u011bti si ji nato\u010dily na mobiln\u00ed telefon a s pomoc\u00ed rodi\u010d\u016f ji udaly. Zmanipulovan\u00ed dosp\u011bl\u00ed se tak pomstili pedago\u017ece, kter\u00e1 se sna\u017eila nast\u00ednit realitu skute\u010dnou, nikoliv vytvo\u0159enou liber\u00e1ly. Jist\u00e9 je, \u017ee si pan\u00ed u\u010ditelka vyslou\u017eila v\u00fdpov\u011b\u010f, z\u00e1rove\u0148 n\u00e1\u0161 obdiv za odvahu a n\u00e1zorovou odli\u0161nost od st\u00e1da produkovan\u00e9ho m\u00e9dii a Evropskou uni\u00ed. Ukrajinsk\u00e1 krize bude m\u00edt i po sv\u00e9m skon\u010den\u00ed dlouho dozvuky. N\u011bkter\u00e9 budou ekonomick\u00e9, jin\u00e9 politick\u00e9, dal\u0161\u00ed mezilidsk\u00e9. Pokud v\u0161e skon\u010d\u00ed odsouzen\u00edm Zelensk\u00e9ho, m\u011bli bychom se soust\u0159edit na to, aby \u00fapln\u011b stejn\u011b dopadli i na\u0161i v\u00e1le\u010dn\u00ed \u0161tv\u00e1\u010di. Boje na Ukrajin\u011b jsou probl\u00e9mem dvou st\u00e1t\u016f z b\u00fdval\u00e9ho Sov\u011btsk\u00e9ho svazu, p\u0159i\u010dem\u017e jeden z nich se sna\u017eili Ameri\u010dan\u00e9 a Z\u00e1pad zneu\u017e\u00edt k vlastn\u00edmu prosp\u011bchu podobn\u011b, jako to ud\u011blali s n\u00e1mi, Slov\u00e1ky a dal\u0161\u00edmi. My jsme ti posledn\u00ed, kdo se do toho m\u011bl jakkoliv ,,m\u00edchat\u201c. Na\u0161e vl\u00e1da a diplomacie pod veden\u00edm Lipavsk\u00e9ho se chovaj\u00ed jako slon v porcel\u00e1nu a po\u0161kozuj\u00ed \u010ceskou republiku natolik, \u017ee to povede k chudob\u011b. U\u017e d\u00e1vno m\u011bli b\u00fdt odstran\u011bni z politick\u00e9ho \u017eivota. Jen\u017ee to mnoha lidem nedoch\u00e1z\u00ed.<\/p>\n<\/div>\n<p><a href=\"https:\/\/www.inadhled.live\/zajimavosti\/obeti-rusko-ukrajinske-krize\/\">Jind\u0159ich Kulhav\u00fd<\/a><\/p>\n<p>&nbsp;<\/p>\n<p>&nbsp;<\/p>\n","protected":false},"excerpt":{"rendered":"<p>Rusko \u2013 ukrajinsk\u00e1 krize m\u00e1 mnoho ob\u011bt\u00ed r\u016fzn\u00e9ho druhu. Nejsmutn\u011bj\u0161\u00edm p\u0159\u00edpadem jsou samoz\u0159ejm\u011b ti, kte\u0159\u00ed&#8230;<\/p>\n","protected":false},"author":2,"featured_media":9711,"comment_status":"closed","ping_status":"closed","sticky":false,"template":"","format":"standard","meta":[],"categories":[6],"tags":[64,29,22,26],"_links":{"self":[{"href":"https:\/\/www.infokuryr.cz\/n\/wp-json\/wp\/v2\/posts\/9712"}],"collection":[{"href":"https:\/\/www.infokuryr.cz\/n\/wp-json\/wp\/v2\/posts"}],"about":[{"href":"https:\/\/www.infokuryr.cz\/n\/wp-json\/wp\/v2\/types\/post"}],"author":[{"embeddable":true,"href":"https:\/\/www.infokuryr.cz\/n\/wp-json\/wp\/v2\/users\/2"}],"replies":[{"embeddable":true,"href":"https:\/\/www.infokuryr.cz\/n\/wp-json\/wp\/v2\/comments?post=9712"}],"version-history":[{"count":0,"href":"https:\/\/www.infokuryr.cz\/n\/wp-json\/wp\/v2\/posts\/9712\/revisions"}],"wp:featuredmedia":[{"embeddable":true,"href":"https:\/\/www.infokuryr.cz\/n\/wp-json\/wp\/v2\/media\/9711"}],"wp:attachment":[{"href":"https:\/\/www.infokuryr.cz\/n\/wp-json\/wp\/v2\/media?parent=9712"}],"wp:term":[{"taxonomy":"category","embeddable":true,"href":"https:\/\/www.infokuryr.cz\/n\/wp-json\/wp\/v2\/categories?post=9712"},{"taxonomy":"post_tag","embeddable":true,"href":"https:\/\/www.infokuryr.cz\/n\/wp-json\/wp\/v2\/tags?post=9712"}],"curies":[{"name":"wp","href":"https:\/\/api.w.org\/{rel}","templated":true}]}}