{"id":97081,"date":"2026-01-17T00:29:55","date_gmt":"2026-01-16T23:29:55","guid":{"rendered":"https:\/\/www.infokuryr.cz\/n\/?p=97081"},"modified":"2026-01-16T16:07:02","modified_gmt":"2026-01-16T15:07:02","slug":"nekteri-sudetaci-klekli-na-zem-a-libali-havlovi-ruce","status":"publish","type":"post","link":"https:\/\/www.infokuryr.cz\/n\/2026\/01\/17\/nekteri-sudetaci-klekli-na-zem-a-libali-havlovi-ruce\/","title":{"rendered":"N\u011bkte\u0159\u00ed sude\u0165\u00e1ci klekli na zem a l\u00edbali Havlovi ruce"},"content":{"rendered":"<div id=\"fb-root\"><\/div>\n<p>\u201ePoho\u0161t\u011bn\u00ed na ambas\u00e1d\u011b bylo u\u017e v pln\u00e9m proudu, kdy\u017e se znenad\u00e1n\u00ed v hale objevila nejm\u00e9n\u011b dvaceti\u010dlenn\u00e1 skupina sude\u0165\u00e1k\u016f, poskl\u00e1dan\u00e1 z postar\u0161\u00edch mu\u017e\u016f a \u017een.\u00a0<strong>Obklopili okam\u017eit\u011b prezidenta a jeden p\u0159es druh\u00e9ho mu vyjad\u0159ovali vd\u011bk za to, co pro n\u011b ud\u011blal a jist\u011b je\u0161t\u011b ud\u011bl\u00e1. Gru\u0161a se postavil za Havla a do ucha mu to v\u0161echno p\u0159ekl\u00e1dal. Pak nastala ta nejtrapn\u011bj\u0161\u00ed f\u00e1ze, na kterou nezapomenu do konce \u017eivota: N\u011bkte\u0159\u00ed z t\u011bch lid\u00ed poklekali na zem a l\u00edbali mu ruce!<\/strong><\/p>\n<p>Pr\u00e1v\u011b vznikl\u00e1 samostatn\u00e1 \u010cesk\u00e1 republika v nich asi vzbuzovala nad\u011bji, \u017ee bude n\u011b\u010d\u00edm jako protektor\u00e1t B\u00f6hmen und M\u00e4hren. Oto\u010dil jsem se p\u0159ekvapen\u011b k Olze Havlov\u00e9 a vy\u010detl z jej\u00edho pohledu, \u017ee j\u00ed to nebylo vhod.\u00a0<strong>Mnou to ale ot\u0159\u00e1slo natolik, \u017ee jsem s Havlem a jeho politick\u00fdmi \u010dachry necht\u011bl m\u00edt definitivn\u011b u\u017e nic spole\u010dn\u00e9ho.\u201c<\/strong><\/p>\n<p><em>(V\u00fd\u0148atek z\u00a0\u010dl\u00e1nku \u201e<strong>Hrst vzpom\u00ednek na V\u00e1clava Havla\u2026\u201c<\/strong>\u00a0Rozhovor s DANIELEM STRO\u017dEM, exilov\u00fdm vydavatelem Havlov\u00fdch her, zaznamenal KAREL S\u00ddS)<\/em><\/p>\n<p>&nbsp;<\/p>\n","protected":false},"excerpt":{"rendered":"<p>\u201ePoho\u0161t\u011bn\u00ed na ambas\u00e1d\u011b bylo u\u017e v pln\u00e9m proudu, kdy\u017e se znenad\u00e1n\u00ed v hale objevila nejm\u00e9n\u011b&#8230;<\/p>\n","protected":false},"author":2,"featured_media":97082,"comment_status":"closed","ping_status":"closed","sticky":false,"template":"","format":"standard","meta":[],"categories":[6],"tags":[2870,1503,7378],"_links":{"self":[{"href":"https:\/\/www.infokuryr.cz\/n\/wp-json\/wp\/v2\/posts\/97081"}],"collection":[{"href":"https:\/\/www.infokuryr.cz\/n\/wp-json\/wp\/v2\/posts"}],"about":[{"href":"https:\/\/www.infokuryr.cz\/n\/wp-json\/wp\/v2\/types\/post"}],"author":[{"embeddable":true,"href":"https:\/\/www.infokuryr.cz\/n\/wp-json\/wp\/v2\/users\/2"}],"replies":[{"embeddable":true,"href":"https:\/\/www.infokuryr.cz\/n\/wp-json\/wp\/v2\/comments?post=97081"}],"version-history":[{"count":0,"href":"https:\/\/www.infokuryr.cz\/n\/wp-json\/wp\/v2\/posts\/97081\/revisions"}],"wp:featuredmedia":[{"embeddable":true,"href":"https:\/\/www.infokuryr.cz\/n\/wp-json\/wp\/v2\/media\/97082"}],"wp:attachment":[{"href":"https:\/\/www.infokuryr.cz\/n\/wp-json\/wp\/v2\/media?parent=97081"}],"wp:term":[{"taxonomy":"category","embeddable":true,"href":"https:\/\/www.infokuryr.cz\/n\/wp-json\/wp\/v2\/categories?post=97081"},{"taxonomy":"post_tag","embeddable":true,"href":"https:\/\/www.infokuryr.cz\/n\/wp-json\/wp\/v2\/tags?post=97081"}],"curies":[{"name":"wp","href":"https:\/\/api.w.org\/{rel}","templated":true}]}}