{"id":97063,"date":"2026-01-17T00:13:57","date_gmt":"2026-01-16T23:13:57","guid":{"rendered":"https:\/\/www.infokuryr.cz\/n\/?p=97063"},"modified":"2026-01-16T12:47:09","modified_gmt":"2026-01-16T11:47:09","slug":"nenavist-vuci-ukrajincum-provokativne-vyvolali-byvaly-komunista-petr-pavel-a-martin-kupka-z-ods-s-mikulasem-bekem-stan","status":"publish","type":"post","link":"https:\/\/www.infokuryr.cz\/n\/2026\/01\/17\/nenavist-vuci-ukrajincum-provokativne-vyvolali-byvaly-komunista-petr-pavel-a-martin-kupka-z-ods-s-mikulasem-bekem-stan\/","title":{"rendered":"Nen\u00e1vist v\u016f\u010di Ukrajinc\u016fm provokativn\u011b vyvolali b\u00fdval\u00fd komunista Petr Pavel a Martin Kupka z ODS s Mikul\u00e1\u0161em Bekem (STAN)"},"content":{"rendered":"<div id=\"fb-root\"><\/div>\n<div class=\"introtext\">\n<h4>Na rozd\u00edl od t\u011bch, co byli vyhn\u00e1ni do opozice, my chceme a budeme st\u00e1le \u0159\u00edkat pravdu a d\u016fkazy. \u00davodn\u00ed foto, adoraci ukrajinsk\u00fdch d\u011bt\u00ed a potupa \u010desk\u00fdch snad net\u0159eba ani slovn\u011b d\u00e1le komentovat. Bylo to od komunisty odporn\u00e9.<\/h4>\n<\/div>\n<div class=\"fulltext\">\n<p>Je vid\u011bt, \u017ee pro komunistu je v\u0161e mo\u017en\u00e9: od vyvol\u00e1n\u00ed d\u011btsk\u00e9 nen\u00e1visti a\u017e po poru\u0161ov\u00e1n\u00ed \u00fastavy. I kdy\u017e toto si ani prav\u00ed komunisti nedovolovali, aby kolaborovali v\u016f\u010di sv\u00e9mu n\u00e1rodu a up\u0159ednost\u0148ovali n\u011bmeck\u00e9 nacisty, \u010di dnes ukrajinsk\u00e9 Banderovce. Kdo m\u00e1 kolaboraci v sob\u011b, ten se nezm\u011bn\u00ed.\u00a0\u0158\u00edk\u00e1 se tomu korouhvi\u010dky.\u00a0A proti okupaci 1968 byli i \u0159adov\u00ed komunist\u00e9. Pak je pron\u00e1sledovali ti &#8222;Agenti P\u00e1vkov\u00e9&#8220;!\u00a0 Agent P\u00e1vek alias Petr Pavel dokonce nad sov\u011btskou okupac\u00ed j\u00e1sal!<\/p>\n<p>To Martin Kupka, absolvent politick\u00e9 \u0161koly filozofie vyvol\u00e1val n\u00e1ckovsk\u00e9 provokace typu Henleinovc\u016f jinak.<\/p>\n<p>___________________<\/p>\n<div class=\"explanation wholeWidth\">\n<div class=\"explanationTitle\"><span style=\"color: #0000ff;\">Fakta z ter\u00e9nu<\/span><\/div>\n<div class=\"explanationContent\"><span style=\"color: #0000ff;\">V severo\u010desk\u00e9m kraji jsou m\u00edsta od stanice autobusu 3-4 km, tak\u017ee \u017e\u00e1dosti starost\u016f, aby tam p\u0159\u00edle\u017eitostn\u011b zastavovaly autobusy, byly logick\u00e9. Sta\u0159\u00ed \u010de\u0161t\u00ed lid\u00e9 to bez pomoci nezvl\u00e1dnou a zastavit na m\u00e1vnut\u00ed?<\/span><span style=\"color: #0000ff;\">Asoci\u00e1l Martin Kupka &#8211; ministr dopravy &#8211; to zak\u00e1zal. Dopravda by se t\u00edm prodra\u017eila a d\u016fchodci si maj\u00ed poradit stejn\u011b tak jako maminky s ko\u010d\u00e1rky.<\/span><\/p>\n<p><span style=\"color: #0000ff;\">P\u0159i\u0161el rok 2022 a do stejn\u00fdch m\u00edst p\u0159i\u0161li mlad\u00ed, nabu\u0161en\u00ed Ukrajinci. Nebo ve st\u0159edn\u00edm v\u011bku, ale prost\u011b nikoliv p\u0159est\u00e1rl\u00ed, invalidn\u00ed. A co se nestalo?\u00a0Z p\u0159\u00edkazu ministra<\/span> <span style=\"color: #0000ff;\">Martina Kupky v t\u011bchto m\u00edstech za\u010daly stav\u011bt autobusy.\u00a0Ne star\u00fdm, m\u00edstn\u00edm, ale on\u011bm Ukrajinc\u016fm.<\/span><\/p>\n<p><img decoding=\"async\" loading=\"lazy\" class=\"aligncenter\" src=\"https:\/\/www.skrytapravda.cz\/images\/blogy\/805\/2026\/1leden\/Sn%C3%ADmek_obrazovky_6304_9daab.webp\" alt=\"Sn\u00edmek obrazovky 6304 9daab\" width=\"642\" height=\"425\" \/><\/p>\n<p><span style=\"color: #0000ff;\">Rok 2025 a Ukrajinci dostali kvalitn\u011bj\u0161\u00ed byty, z m\u00edst, kde nouzov\u011b byli, se odst\u011bhovali, z\u016fstali op\u011bt jen sta\u0159\u00ed d\u011bde\u010dkov\u00e9 a babi\u010dky &#8211; ob\u010dan\u00e9 \u010cesk\u00e9 republiky\u00a0a v\u00fdsledek? I p\u0159es \u017e\u00e1dosti starost\u016f a urgenc\u00ed byly op\u011bt zast\u00e1vky zru\u0161eny, proto\u017ee \u010ce\u0161i na to nemaj\u00ed n\u00e1rok.\u00a0Je to odporn\u00e9, je to amor\u00e1ln\u00ed odpad veden\u00ed ODS a ode\u0161l\u00e9 vl\u00e1dy.<\/span><\/p>\n<\/div>\n<\/div>\n<p>_____________________<\/p>\n<p>Nebudeme zve\u0159ej\u0148ovat m\u00edsta, ale pokud by Martin Kupka tyto zpr\u00e1vy dementoval, policii m\u00edsta v klidu ozn\u00e1m\u00edme.<\/p>\n<p>Co je to za mor\u00e1ln\u00ed sloupy komunista Petr Pavel, Martin Kupka a dal\u0161\u00ed? A nakonec parti\u010dka\u00a0P\u011btikoalice a komunista Petr Pavel lidi, co na to zlob\u00ed, ur\u00e1\u017e\u00ed a \u0161pin\u00ed a dodnes pron\u00e1sleduj\u00ed, zat\u00edmco n\u00e1ckovsk\u00e9 provokace p\u0159i\u0161ly od nich a nyn\u00ed skl\u00edz\u00edme to, co zaseli.<\/p>\n<p>A p\u0159idejme k tomu ukrajinskou dota\u010dn\u00ed turistiku, jak si jezdili a jezd\u00ed fasovat do na\u0161ich bankomat\u016f z na\u0161ich dan\u00ed, v\u00fdlety, p\u0159edev\u0161\u00edm v\u00e1no\u010dn\u00ed na Ukrajinu na cel\u00e9 t\u00fddny a to u\u017e je i policejn\u011b prok\u00e1z\u00e1no.<\/p>\n<p>Takto um\u011ble byla vytvo\u0159ena nen\u00e1vist k Ukrajinc\u016fm, kdy Ukrajin\u0161t\u00ed ob\u010dan\u00e9 byli vyvy\u0161ov\u00e1ni a up\u0159ednost\u0148ov\u00e1ni, d\u011btem musely tleskat cel\u00e9 \u0161koly, a kle\u010det (obrazn\u011b) p\u0159ed nimi, a \u010de\u0161t\u00ed ob\u010dan\u00e9 a \u010desk\u00e9 d\u011bti byly odstrkov\u00e1ny jako ob\u010dan\u00e9 a d\u011bti t\u0159et\u00ed kategorie. Trestn\u00e9 \u010diny se jim prom\u00edjely a na V\u00e1clavsk\u00e9m n\u00e1m\u011bst\u00ed ur\u00e1\u017eeli na\u0161\u00ed zem, a\u010d jim dala mo\u017enost ut\u00e9ct z \u00fadajn\u00e9 v\u00e1lky a p\u0159id\u00e1ny pen\u00edze.<\/p>\n<p>A dle toho se tak zde chovali a chovaj\u00ed. I \u010desk\u00e9 muzeum bylo ukrajinsk\u00e9!<\/p>\n<h3>Kolaboranti<\/h3>\n<p><img decoding=\"async\" loading=\"lazy\" class=\"aligncenter\" src=\"https:\/\/www.skrytapravda.cz\/images\/blogy\/805\/2024\/zlo%C4%8Diny_masmedialni\/a_kdo_provokuje_86e06.webp\" alt=\"a kdo provokuje 86e06\" width=\"637\" height=\"424\" \/><\/p>\n<h3>I \u010desk\u00e9 ministerstvo financ\u00ed snad pat\u0159ilo Ukrajin\u011b, p\u0159edev\u0161\u00edm pen\u00edze&#8230;<\/h3>\n<p><img decoding=\"async\" loading=\"lazy\" class=\"aligncenter\" src=\"https:\/\/www.skrytapravda.cz\/images\/blogy\/805\/2025\/%C5%A1mejdi_korouhvi%C4%8Dky\/7b58617549182f3ce70bf895c7226431_L_013fa.webp\" alt=\"7b58617549182f3ce70bf895c7226431 L 013fa\" width=\"631\" height=\"355\" \/><\/p>\n<h4>Konec: tato vlastizrada a \u0161ikana vlastn\u00edho n\u00e1roda skon\u010dila a komunistick\u00fd prezident Petr Pavel na Ukrajin\u011b m\u016f\u017ee klidn\u011b z\u016fstat! My mu br\u00e1nit nebudeme, \u010desk\u00fd prezident to stejn\u011b mimo foti\u010dek na Pra\u017esk\u00e9m hrad\u011b nen\u00ed. Dle \u010din\u016f&#8230;<\/h4>\n<p><a href=\"https:\/\/www.skrytapravda.cz\/z-domova\/2968-nenavist-vuci-ukrajincum-provokativne-vyvolali-byvaly-komunista-petr-pavel-a-martin-kupka-z-ods-s-mikulasem-bekem-stan\">Petr Pokorn\u00fd<\/a><\/p>\n<p>&nbsp;<\/p>\n<p>&nbsp;<\/p>\n<\/div>\n","protected":false},"excerpt":{"rendered":"<p>Na rozd\u00edl od t\u011bch, co byli vyhn\u00e1ni do opozice, my chceme a budeme st\u00e1le \u0159\u00edkat&#8230;<\/p>\n","protected":false},"author":2,"featured_media":97064,"comment_status":"closed","ping_status":"closed","sticky":false,"template":"","format":"standard","meta":[],"categories":[6],"tags":[1503,1173,716,1635],"_links":{"self":[{"href":"https:\/\/www.infokuryr.cz\/n\/wp-json\/wp\/v2\/posts\/97063"}],"collection":[{"href":"https:\/\/www.infokuryr.cz\/n\/wp-json\/wp\/v2\/posts"}],"about":[{"href":"https:\/\/www.infokuryr.cz\/n\/wp-json\/wp\/v2\/types\/post"}],"author":[{"embeddable":true,"href":"https:\/\/www.infokuryr.cz\/n\/wp-json\/wp\/v2\/users\/2"}],"replies":[{"embeddable":true,"href":"https:\/\/www.infokuryr.cz\/n\/wp-json\/wp\/v2\/comments?post=97063"}],"version-history":[{"count":0,"href":"https:\/\/www.infokuryr.cz\/n\/wp-json\/wp\/v2\/posts\/97063\/revisions"}],"wp:featuredmedia":[{"embeddable":true,"href":"https:\/\/www.infokuryr.cz\/n\/wp-json\/wp\/v2\/media\/97064"}],"wp:attachment":[{"href":"https:\/\/www.infokuryr.cz\/n\/wp-json\/wp\/v2\/media?parent=97063"}],"wp:term":[{"taxonomy":"category","embeddable":true,"href":"https:\/\/www.infokuryr.cz\/n\/wp-json\/wp\/v2\/categories?post=97063"},{"taxonomy":"post_tag","embeddable":true,"href":"https:\/\/www.infokuryr.cz\/n\/wp-json\/wp\/v2\/tags?post=97063"}],"curies":[{"name":"wp","href":"https:\/\/api.w.org\/{rel}","templated":true}]}}