{"id":9706,"date":"2022-04-16T04:26:27","date_gmt":"2022-04-16T02:26:27","guid":{"rendered":"http:\/\/www.infokuryr.cz\/n\/?p=9706"},"modified":"2022-04-16T04:38:29","modified_gmt":"2022-04-16T02:38:29","slug":"krvavy-velky-patek-se-150-zranenymi-v-jeruzaleme-izraelske-jednotky-zautocily-na-mesitu-al-aksa","status":"publish","type":"post","link":"https:\/\/www.infokuryr.cz\/n\/2022\/04\/16\/krvavy-velky-patek-se-150-zranenymi-v-jeruzaleme-izraelske-jednotky-zautocily-na-mesitu-al-aksa\/","title":{"rendered":"Krvav\u00fd Velk\u00fd p\u00e1tek se 150 zran\u011bn\u00fdmi v Jeruzal\u00e9m\u011b \u2013 Izraelsk\u00e9 jednotky za\u00fato\u010dily na me\u0161itu Al-Aks\u00e1"},"content":{"rendered":"<div id=\"fb-root\"><\/div>\n<div class=\"ArticleView-summary\">\n<div class=\"Text-root Text-type_1 \"><strong>Velikonoce, ramad\u00e1n a pesach se na Velk\u00fd p\u00e1tek shodovaly. Napjat\u00e1 atmosf\u00e9ra propukla v nepokoje na Chr\u00e1mov\u00e9 ho\u0159e v Jeruzal\u00e9m\u011b.\u00a0Izraelsk\u00e9 jednotky vstoupily do me\u0161ity Al-Aks\u00e1.\u00a0Celkem 150 Palestinc\u016f bylo zran\u011bno a 300 zat\u010deno.<\/p>\n<p><\/strong><\/div>\n<\/div>\n<div class=\"Text-root Text-type_5 ArticleView-text ViewText-root \">\n<p>Na Velk\u00fd p\u00e1tek do\u0161lo na Bl\u00edzk\u00e9m v\u00fdchod\u011b k dal\u0161\u00ed eskalaci n\u00e1sil\u00ed.\u00a0Na Chr\u00e1mov\u00e9 ho\u0159e v Jeruzal\u00e9m\u011b, kter\u00e1 je pro \u017didy a muslimy posv\u00e1tn\u00e1, do\u0161lo k prudk\u00fdm st\u0159et\u016fm mezi izraelsk\u00fdmi bezpe\u010dnostn\u00edmi silami a Palestinci.\u00a0Podle palestinsk\u00e9 z\u00e1chrann\u00e9 slu\u017eby \u010cerven\u00e9ho p\u016flm\u011bs\u00edce bylo zran\u011bno asi 150 Palestinc\u016f pot\u00e9, co izraelsk\u00e9 bezpe\u010dnostn\u00ed s\u00edly pou\u017eily slzn\u00fd plyn, omra\u010duj\u00edc\u00ed gran\u00e1ty a gumov\u00e9 projektily v bezprost\u0159edn\u00ed bl\u00edzkosti me\u0161ity Al-Aks\u00e1 a z\u0159ejm\u011b v n\u011bkter\u00fdch p\u0159\u00edpadech i uvnit\u0159 me\u0161ity uv\u00e1d\u00ed <em>Jerusalem Post .\u00a0<\/em>\u00a0<a href=\"https:\/\/www.jpost.com\/breaking-news\/article-704234\">zpr\u00e1vy<\/a>\u00a0.<\/p>\n<p>Podle izraelsk\u00e9 policie se incident stal pot\u00e9, co skon\u010dily rann\u00ed modlitby druh\u00fd p\u00e1tek postn\u00edho m\u011bs\u00edce ramad\u00e1nu.\u00a0D\u0159\u00edve podle izraelsk\u00fdch zdroj\u016f mal\u00e1 skupina 100 demonstrant\u016f shrom\u00e1\u017edila kameny a kusy d\u0159eva, aby je h\u00e1zeli na \u017eidovsk\u00e9 v\u011b\u0159\u00edc\u00ed a izraelsk\u00e9 bezpe\u010dnostn\u00ed s\u00edly. 300 Palestinc\u016f bylo zat\u010deno.\u00a0V t\u00e9 dob\u011b pr\u00fd bylo na Chr\u00e1mov\u00e9 ho\u0159e a v jej\u00edm okol\u00ed kolem 12 000 muslimsk\u00fdch v\u011b\u0159\u00edc\u00edch.<\/p>\n<p>Palestinsk\u00e1 tiskov\u00e1 agentura\u00a0<em>Ma&#8217;an<\/em>\u00a0v\u0161ak uvedla , \u017ee n\u00e1sil\u00ed vypuklo v p\u00e1tek za \u00fasvitu, kdy\u017e izraelsk\u00e9 okupa\u010dn\u00ed s\u00edly p\u0159epadly me\u0161itu Al-Aks\u00e1 p\u0159es marockou br\u00e1nu,\u00a0<a href=\"https:\/\/www.presstv.ir\/Detail\/2022\/04\/15\/680351\/Palestine-al-Aqsa-Mosque-Israel-occupying-regime-Ramadan\">zn\u00e1mou<\/a>\u00a0tak\u00e9 jako br\u00e1na Mughrabi, a st\u0159\u00edlely na v\u011b\u0159\u00edc\u00ed nevyb\u00edrav\u00fdmi zvukov\u00fdmi bombami a gumov\u00fdmi projektily.\u00a0Mluv\u010d\u00ed agentury dodal, \u017ee izraelsk\u00e9 obrann\u00e9 s\u00edly br\u00e1nily v pr\u00e1ci sanitk\u00e1m, kter\u00e9 dorazily ke vstupn\u00edm bran\u00e1m me\u0161ity, shrnuje:<\/p>\n<p><strong><em>&#8222;Mezi okupa\u010dn\u00edmi silami a stovkami mlad\u00fdch mu\u017e\u016f rozm\u00edst\u011bn\u00fdch na n\u00e1dvo\u0159\u00edch al-Aks\u00e1 do\u0161lo k n\u00e1siln\u00fdm st\u0159et\u016fm.&#8220;<\/em><\/strong><\/p>\n<p>Podle t\u011bchto zpr\u00e1v izraelsk\u00e9 speci\u00e1ln\u00ed jednotky tak\u00e9 napadly zdravotn\u00edky a tiskov\u00e9 t\u00fdmy, pron\u00e1sledovaly je na n\u00e1dvo\u0159\u00ed me\u0161ity Al-Aks\u00e1 a n\u011bkolik z nich zbily.\u00a0Izraelsk\u00fd ministr zahrani\u010d\u00ed Yair Lapid k tomu, co se stalo, \u0159ekl:<\/p>\n<p><strong><em>&#8222;N\u00e1sil\u00ed sp\u00e1chan\u00e9 na Chr\u00e1mov\u00e9 ho\u0159e dnes r\u00e1no je neodpustiteln\u00e9 a je v rozporu se v\u0161emi n\u00e1bo\u017eensk\u00fdmi p\u0159esv\u011bd\u010den\u00edmi v Izraeli. [&#8230;] Jsme odd\u00e1ni svobod\u011b vyzn\u00e1n\u00ed.&#8220;<\/em><\/strong><\/p>\n<p>Jord\u00e1nsk\u00e9 ministerstvo zahrani\u010d\u00ed \u00fadajn\u011b ost\u0159e odsoudilo po\u010d\u00edn\u00e1n\u00ed izraelsk\u00fdch bezpe\u010dnostn\u00edch sil na ho\u0159e a ozna\u010dilo to za \u201ev\u00e1\u017en\u00e9 poru\u0161en\u00ed\u201c odpov\u011bdnosti Izraele v\u016f\u010di tomuto m\u00edstu.<\/p>\n<p>Kancel\u00e1\u0159 \u0161\u00e9fa palestinsk\u00e9 samospr\u00e1vy Mahm\u00fada Abb\u00e1se uvedla, \u017ee Izrael m\u011bn\u00ed politick\u00e9 neshody v n\u00e1bo\u017eenskou v\u00e1lku a obvi\u0148uje izraelskou akci a policii uskute\u010dn\u011bnou na Chr\u00e1mov\u00e9 ho\u0159e.<\/p>\n<p>\u0160ejk Omar al-Kiswani z me\u0161ity Al-Aks\u00e1 v p\u00e1tek vyzval palestinsk\u00fd lid, aby p\u0159i\u0161el na Chr\u00e1movou horu a br\u00e1nil ji, uvedla palestinsk\u00e1 m\u00e9dia.<\/p>\n<p>Hamas, PFLP a Isl\u00e1msk\u00fd d\u017eih\u00e1d odsoudily \u00fatok na palestinsk\u00e9 v\u011b\u0159\u00edc\u00ed a vyzvaly Palestince na cel\u00e9m sv\u011bt\u011b, aby podpo\u0159ili jejich \u201eobranu\u201c al-Aks\u00e1.<\/p>\n<p>Zvl\u00e1\u0161tn\u00ed koordin\u00e1tor OSN pro m\u00edrov\u00fd proces na Bl\u00edzk\u00e9m v\u00fdchod\u011b Tor Wennesland na Twitteru napsal, \u017ee je \u201ehluboce znepokojen zhor\u0161uj\u00edc\u00ed se bezpe\u010dnostn\u00ed situac\u00ed\u201c na Chr\u00e1mov\u00e9 ho\u0159e.\u00a0Tweetoval:<\/p>\n<p><strong><em>&#8222;Provokace na Posv\u00e1tn\u00e9 Esplanade mus\u00ed nyn\u00ed skon\u010dit. Nechat nap\u011bt\u00ed d\u00e1le nar\u016fstat jen riskuje dal\u0161\u00ed eskalaci.&#8220;<\/em><\/strong><\/p>\n<p>Velikonoce, ramad\u00e1n a Pesach p\u0159ipadly na jeden den v p\u00e1tek, tak\u017ee situace ve m\u011bst\u011b byla obzvl\u00e1\u0161\u0165 napjat\u00e1.\u00a0Kv\u016fli situaci s pandemi\u00ed Covid se nav\u00edc zahrani\u010dn\u00ed host\u00e9 mohou poprv\u00e9 od roku 2020 z\u00fa\u010dastnit k\u0159es\u0165ansk\u00e9ho velkop\u00e1te\u010dn\u00edho pr\u016fvodu a m\u011bsto <a href=\"https:\/\/www.tagesschau.de\/ausland\/ostern-jerusalem-gewalt-101.html\">prask\u00e1<\/a>\u00a0ve \u0161vech .<\/p>\n<\/div>\n<p><img decoding=\"async\" loading=\"lazy\" class=\"alignnone size-full wp-image-1185\" src=\"http:\/\/www.infokuryr.cz\/n\/wp-content\/uploads\/2021\/04\/kuryr-podpis.png\" alt=\"\" width=\"84\" height=\"24\" \/><\/p>\n<p>&nbsp;<\/p>\n","protected":false},"excerpt":{"rendered":"<p>Velikonoce, ramad\u00e1n a pesach se na Velk\u00fd p\u00e1tek shodovaly. Napjat\u00e1 atmosf\u00e9ra propukla v nepokoje na&#8230;<\/p>\n","protected":false},"author":2,"featured_media":9707,"comment_status":"closed","ping_status":"closed","sticky":false,"template":"","format":"standard","meta":[],"categories":[7],"tags":[2211,107,2210,220,2212],"_links":{"self":[{"href":"https:\/\/www.infokuryr.cz\/n\/wp-json\/wp\/v2\/posts\/9706"}],"collection":[{"href":"https:\/\/www.infokuryr.cz\/n\/wp-json\/wp\/v2\/posts"}],"about":[{"href":"https:\/\/www.infokuryr.cz\/n\/wp-json\/wp\/v2\/types\/post"}],"author":[{"embeddable":true,"href":"https:\/\/www.infokuryr.cz\/n\/wp-json\/wp\/v2\/users\/2"}],"replies":[{"embeddable":true,"href":"https:\/\/www.infokuryr.cz\/n\/wp-json\/wp\/v2\/comments?post=9706"}],"version-history":[{"count":0,"href":"https:\/\/www.infokuryr.cz\/n\/wp-json\/wp\/v2\/posts\/9706\/revisions"}],"wp:featuredmedia":[{"embeddable":true,"href":"https:\/\/www.infokuryr.cz\/n\/wp-json\/wp\/v2\/media\/9707"}],"wp:attachment":[{"href":"https:\/\/www.infokuryr.cz\/n\/wp-json\/wp\/v2\/media?parent=9706"}],"wp:term":[{"taxonomy":"category","embeddable":true,"href":"https:\/\/www.infokuryr.cz\/n\/wp-json\/wp\/v2\/categories?post=9706"},{"taxonomy":"post_tag","embeddable":true,"href":"https:\/\/www.infokuryr.cz\/n\/wp-json\/wp\/v2\/tags?post=9706"}],"curies":[{"name":"wp","href":"https:\/\/api.w.org\/{rel}","templated":true}]}}