{"id":9704,"date":"2022-04-16T04:15:10","date_gmt":"2022-04-16T02:15:10","guid":{"rendered":"http:\/\/www.infokuryr.cz\/n\/?p=9704"},"modified":"2022-04-16T04:16:00","modified_gmt":"2022-04-16T02:16:00","slug":"9704","status":"publish","type":"post","link":"https:\/\/www.infokuryr.cz\/n\/2022\/04\/16\/9704\/","title":{"rendered":"Britsk\u00fd \u017eold\u00e1k zajat\u00fd na Ukrajin\u011b podrobn\u011b popisuje vra\u017edy rusk\u00fdch zajatc\u016f"},"content":{"rendered":"<div id=\"fb-root\"><\/div>\n<div class=\"ArticleView-summary\">\n<div class=\"Text-root Text-type_1 \"><strong>Zahrani\u010dn\u00ed dobrovoln\u00edci a \u017eold\u00e1ci pracuj\u00edc\u00ed pro Kyjev v ukrajinsk\u00e9m konfliktu v posledn\u00ed dob\u011b p\u0159itahuj\u00ed st\u00e1le v\u011bt\u0161\u00ed pozornost m\u00e9di\u00ed.\u00a0Jeden se vzdal v Mariupolu 13. dubna, dal\u0161\u00ed potvrzuje, \u017ee kyjevsk\u00e9 s\u00edly vra\u017ed\u00ed rusk\u00e9 v\u00e1le\u010dn\u00e9 zajatce.<\/strong><\/div>\n<\/div>\n<div class=\"Text-root Text-type_5 ArticleView-text ViewText-root \">\n<p>T\u00e9ma cizinc\u016f \u2013 a\u0165 u\u017e z\u00e1padn\u00edch emisa\u0159\u016f, dobrovoln\u00edk\u016f nebo \u017eold\u00e1k\u016f ze Z\u00e1padu \u010di odjinud \u2013 kte\u0159\u00ed vstoupili do slu\u017eeb Kyjeva a bojovali jako poradci, specialist\u00e9 nebo voj\u00e1ci proti jednotk\u00e1m Ruska a milic\u00edm dvou lidov\u00fdch republik Don\u011bck\u00e9 a Lugansk\u00e9, m\u00e1 v hlav\u011b ka\u017ed\u00fd.<\/p>\n<p>A\u017e 8. dubna rusk\u00e9 ministerstvo obrany upozornilo na to, \u017ee byly zachyceny r\u00e1diov\u00e9 zpr\u00e1vy a \u017ee v Mariupolu p\u016fsob\u00ed lid\u00e9 z nejm\u00e9n\u011b \u0161esti zem\u00ed.\u00a0Podle n\u011bkter\u00fdch zpr\u00e1v bojovalo na ukrajinsk\u00e9 stran\u011b v Mariupolu v\u00edce ne\u017e 200 zahrani\u010dn\u00edch \u017eold\u00e1k\u016f, jak ned\u00e1vno\u00a0<a href=\"https:\/\/news.ru\/world\/nazvano-chislo-nayomnikov-vsu-ostavshihsya-na-azovstali-v-mariupole\/\">informoval Ramzan Kadyrov s<\/a>\u00a0odvol\u00e1n\u00edm na sv\u011bdectv\u00ed zajat\u00e9ho ukrajinsk\u00e9ho nacionalisty .\u00a0Vojensk\u00fd mluv\u010d\u00ed gener\u00e1l Igor Kona\u0161enkov na tiskov\u00e9 konferenci 9. dubna k tomuto t\u00e9matu uvedl:<\/p>\n<p><em>&#8222;Zachycen\u00e9 r\u00e1diov\u00e9 spojen\u00ed ukazuje, \u017ee\u00a0<\/em><em>v okupovan\u00fdch oblastech m\u011bsta se\u00a0<\/em><em>krom\u011b nacist\u016f z praporu Azov a zbytk\u016f ukrajinsk\u00fdch ozbrojen\u00fdch sil nach\u00e1z\u00ed zna\u010dn\u00e9 mno\u017estv\u00ed zahrani\u010dn\u00edch \u017eold\u00e1k\u016f. Krom\u011b ukrajinsk\u00fdch a rusk\u00fdch prob\u00edh\u00e1 r\u00e1diov\u00e1 komunikace v \u0161esti dal\u0161\u00edch, v\u011bt\u0161inou evropsk\u00fdch jazyc\u00edch.<\/em><\/p>\n<p><em>Je z\u0159ejm\u00e9, \u017ee ve m\u011bst\u011b nejsou blokov\u00e1ni ochr\u00e1nci takzvan\u00fdch evropsk\u00fdch hodnot, ale zahrani\u010dn\u00ed \u017eold\u00e1ci &#8211; kte\u0159\u00ed p\u0159i\u0161li zab\u00edjet Slovany za americk\u00e9 dolary za lidsk\u00fdm \u0161t\u00edtem civilist\u016f.&#8220;<\/em><\/p>\n<p>Jen o n\u011bkolik dn\u00ed d\u0159\u00edve, 6. dubna, poskytl b\u00fdval\u00fd p\u0159\u00edslu\u0161n\u00edk d\u00e1nsk\u00fdch ozbrojen\u00fdch sil\u00a0rozhovor d\u00e1nsk\u00e9mu m\u00e9diu\u00a0<em>TV2 .\u00a0<\/em>Podle \u017eold\u00e1ka, zn\u00e1m\u00e9ho pouze jako \u201eJonas\u201c (jm\u00e9no zm\u011bnila\u00a0<em>TV2<\/em>\u00a0), na vlastn\u00ed o\u010di vid\u011bl, jak jednotky v\u011brn\u00e9 Kyjevu vra\u017edily rusk\u00e9 v\u00e1le\u010dn\u00e9 zajatce.\u00a0S\u00e1m\u00a0jakoukoliv \u00fa\u010dast na vra\u017ed\u00e1ch\u00a0<a href=\"https:\/\/nyheder.tv2.dk\/udland\/2022-04-05-dansk-snigskytte-haevder-at-have-draebt-taet-paa-100-russere-i-ukraine\">pop\u0159el .\u00a0<\/a><em>TV2<\/em>tvrd\u00ed, \u017ee zn\u00e1 jeho pravou toto\u017enost a \u017ee vid\u011bl d\u016fkazy, \u017ee se skute\u010dn\u011b nach\u00e1z\u00ed na Ukrajin\u011b a \u017ee je v sou\u010dasnosti p\u0159\u00edslu\u0161n\u00edkem ukrajinsk\u00e9 arm\u00e1dy.\u00a0Nen\u00ed to poprv\u00e9, co &#8222;Jonas&#8220; bojuje na problematick\u00e9m m\u00edst\u011b. Nen\u00ed uvedeno, zda se d\u0159\u00edve \u00fa\u010dastnil bojov\u00fdch operac\u00ed tak\u00e9 jako dobrovoln\u00edk \u010di \u017eold\u00e1k, nebo pouze jako voj\u00e1k z povol\u00e1n\u00ed.<\/p>\n<p>Byl sv\u011bdkem zni\u010den\u00ed z\u00e1kladny zahrani\u010dn\u00edch \u017eold\u00e1k\u016f v Jaworow u Lvova \u0159\u00edzenou st\u0159elou st\u0159edn\u00edho doletu \u2013 a odhaduje, \u017ee asi polovina cizinc\u016f uprchla a vr\u00e1tila se dom\u016f p\u0159es polsk\u00e9 \u00fazem\u00ed.\u00a0M\u00edsto toho se D\u00e1n vydal na v\u00fdchodn\u00ed Ukrajinu, kde prob\u00edhaj\u00ed nejtvrd\u0161\u00ed boje, a bojoval mimo jin\u00e9 v Mariupolu.\u00a0Zda byl v dob\u011b rozhovoru je\u0161t\u011b ve m\u011bst\u011b, nebylo uvedeno.\u00a0<strong>M\u00edsto toho \u201eJonas\u201c popisuje, \u017ee byl opakovan\u011b sv\u011bdkem vra\u017edy rusk\u00fdch v\u00e1le\u010dn\u00fdch zajatc\u016f, kterou odsoudil jako v\u00e1le\u010dn\u00fd zlo\u010din a na n\u00ed\u017e pop\u00edral jakoukoli \u00fa\u010dast.<\/strong>\u00a0V\u00fdslovn\u011b nepotvrzuje, \u017ee jednotky loaj\u00e1ln\u00ed Kyjevu jsou ochotny vym\u011bnit zajatce:<\/p>\n<p><em>&#8222;U\u017e d\u0159\u00edve jsem sly\u0161el o \u00fasp\u011b\u0161n\u00e9 v\u00fdm\u011bn\u011b v\u011bz\u0148\u016f a bylo to &#8211; ale se\u010dteno a podtr\u017eeno? Lid\u00e9 jsou zab\u00edjeni.&#8220;<\/em><\/p>\n<p>Mluvil s n\u011bkter\u00fdmi rusk\u00fdmi v\u00e1le\u010dn\u00fdmi zajatci p\u0159ed jejich popravou, \u0159ekl \u017eold\u00e1k, v\u010detn\u011b toho, co vysv\u011btlil, \u017ee byl 18let\u00fd program\u00e1tor:<\/p>\n<p><em>&#8222;Nem\u016f\u017eu \u0159\u00edct, co mi tady \u0159ekl. Ale druh\u00fd den r\u00e1no byl poh\u0159ben. N\u011bco takov\u00e9ho t\u011b nepust\u00ed.&#8220;<\/em><\/p>\n<p>I p\u0159es vra\u017edy neozbrojen\u00fdch v\u011bz\u0148\u016f sp\u00e1chan\u00e9 ukrajinsk\u00fdmi voj\u00e1ky chce \u201eJonas\u201c pokra\u010dovat v boji na jejich stran\u011b \u2013 proto\u017ee konflikt vn\u00edm\u00e1 jako \u00fatok na Evropu.\u00a0\u00dadajn\u011b zku\u0161en\u00fd odst\u0159elova\u010d se chlub\u00ed, \u017ee zabil n\u011bkolik des\u00edtek rusk\u00fdch voj\u00e1k\u016f a vyjad\u0159uje nad\u011bji, \u017ee se je\u0161t\u011b dok\u00e1\u017ee dostat do trojcifern\u00e9ho \u010d\u00edsla.\u00a0Jeho otec v D\u00e1nsku je na n\u011bj tak\u00e9 hrd\u00fd.<\/p>\n<p>P\u0159edseda rusk\u00e9ho vy\u0161et\u0159ovac\u00edho v\u00fdboru Alexandr Bastrykin 7. dubna ozn\u00e1mil, \u017ee v\u00fdroky d\u00e1nsk\u00e9ho \u017eold\u00e1ka o vra\u017ed\u00e1ch rusk\u00fdch v\u00e1le\u010dn\u00fdch zajatc\u016f ukrajinsk\u00fdmi silami budou vy\u0161et\u0159ov\u00e1ny.\u00a0Komise se bude tak\u00e9 zab\u00fdvat ur\u010den\u00edm skute\u010dn\u00e9ho jm\u00e9na podez\u0159el\u00e9ho odst\u0159elova\u010de.\u00a0Vyvst\u00e1v\u00e1 i domn\u011bnka, \u017ee se bude prov\u011b\u0159ovat i to, zda popis jeho vystoupen\u00ed jen p\u0159edv\u00e1d\u00ed \u017eold\u00e1ka nebo odpov\u00edd\u00e1 realit\u011b, co\u017e by pak m\u011blo vy\u00fastit ve vy\u0161et\u0159ov\u00e1n\u00ed proti \u201eJon\u00e1\u0161ovi\u201c \u2013 \u200b\u200bpokud bude v\u016fbec zajat \u017eiv\u00fd.<\/p>\n<p><span style=\"font-size: 14pt;\"><strong>Neslavn\u00fd p\u0159\u00edpad medi\u00e1ln\u00ed hv\u011bzdy<\/strong><\/span><\/p>\n<p>Mezit\u00edm si mnohem v\u011bt\u0161\u00ed pozornost m\u00e9di\u00ed z\u00edskala dal\u0161\u00ed postava: britsk\u00fd \u017eold\u00e1k Aiden Aislin, kter\u00fd bojoval v \u0159ad\u00e1ch ukrajinsk\u00fdch ozbrojen\u00fdch sil proti rusk\u00fdm jednotk\u00e1m, se 13. dubna 2022 vzdal v Mariupolu.\u00a0Informovaly o tom zdroje z rusk\u00e9 arm\u00e1dy.\u00a0Publikace cituj\u00ed jeden z ned\u00e1vn\u00fdch z\u00e1znam\u016f bojovn\u00edka zve\u0159ejn\u011bn\u00fdch na jeho str\u00e1nce na Twitteru:<\/p>\n<p><em>&#8222;U\u017e 48 dn\u00ed se sna\u017e\u00edme br\u00e1nit Mariupol, ale nem\u00e1me jinou mo\u017enost, ne\u017e se vzd\u00e1t rusk\u00fdm jednotk\u00e1m. Nem\u00e1me ani j\u00eddlo, ani st\u0159elivo. Douf\u00e1m, \u017ee tato v\u00e1lka brzy skon\u010d\u00ed.&#8220;<\/em><\/p>\n<p>Stoj\u00ed za zm\u00ednku, \u017ee 27let\u00fd Brit si ud\u011blal jm\u00e9no po cel\u00e9 Velk\u00e9 Brit\u00e1nii.\u00a0Mnoho britsk\u00fdch novin, v\u010detn\u011b\u00a0<em>Times<\/em>\u00a0a\u00a0<em>Daily Mail<\/em>\u00a0, o n\u011bm informovalo s bezuzdn\u00fdm obdivem.<\/p>\n<\/div>\n<p><img decoding=\"async\" loading=\"lazy\" class=\"alignnone size-full wp-image-1185\" src=\"http:\/\/www.infokuryr.cz\/n\/wp-content\/uploads\/2021\/04\/kuryr-podpis.png\" alt=\"\" width=\"84\" height=\"24\" \/><\/p>\n<p>&nbsp;<\/p>\n","protected":false},"excerpt":{"rendered":"<p>Zahrani\u010dn\u00ed dobrovoln\u00edci a \u017eold\u00e1ci pracuj\u00edc\u00ed pro Kyjev v ukrajinsk\u00e9m konfliktu v posledn\u00ed dob\u011b p\u0159itahuj\u00ed st\u00e1le&#8230;<\/p>\n","protected":false},"author":2,"featured_media":9705,"comment_status":"closed","ping_status":"closed","sticky":false,"template":"","format":"standard","meta":[],"categories":[7],"tags":[2209,220,22,26,321,934],"_links":{"self":[{"href":"https:\/\/www.infokuryr.cz\/n\/wp-json\/wp\/v2\/posts\/9704"}],"collection":[{"href":"https:\/\/www.infokuryr.cz\/n\/wp-json\/wp\/v2\/posts"}],"about":[{"href":"https:\/\/www.infokuryr.cz\/n\/wp-json\/wp\/v2\/types\/post"}],"author":[{"embeddable":true,"href":"https:\/\/www.infokuryr.cz\/n\/wp-json\/wp\/v2\/users\/2"}],"replies":[{"embeddable":true,"href":"https:\/\/www.infokuryr.cz\/n\/wp-json\/wp\/v2\/comments?post=9704"}],"version-history":[{"count":0,"href":"https:\/\/www.infokuryr.cz\/n\/wp-json\/wp\/v2\/posts\/9704\/revisions"}],"wp:featuredmedia":[{"embeddable":true,"href":"https:\/\/www.infokuryr.cz\/n\/wp-json\/wp\/v2\/media\/9705"}],"wp:attachment":[{"href":"https:\/\/www.infokuryr.cz\/n\/wp-json\/wp\/v2\/media?parent=9704"}],"wp:term":[{"taxonomy":"category","embeddable":true,"href":"https:\/\/www.infokuryr.cz\/n\/wp-json\/wp\/v2\/categories?post=9704"},{"taxonomy":"post_tag","embeddable":true,"href":"https:\/\/www.infokuryr.cz\/n\/wp-json\/wp\/v2\/tags?post=9704"}],"curies":[{"name":"wp","href":"https:\/\/api.w.org\/{rel}","templated":true}]}}