{"id":97030,"date":"2026-01-16T07:18:42","date_gmt":"2026-01-16T06:18:42","guid":{"rendered":"https:\/\/www.infokuryr.cz\/n\/?p=97030"},"modified":"2026-01-16T07:22:30","modified_gmt":"2026-01-16T06:22:30","slug":"eu-potrebuje-sve-vlastni-oresniky-rekl-macron","status":"publish","type":"post","link":"https:\/\/www.infokuryr.cz\/n\/2026\/01\/16\/eu-potrebuje-sve-vlastni-oresniky-rekl-macron\/","title":{"rendered":"EU pot\u0159ebuje sv\u00e9 vlastn\u00ed Ore\u0161niky, \u0159ekl Macron"},"content":{"rendered":"<div id=\"fb-root\"><\/div>\n<h3>Francie je \u201ev dosahu\u201c rusk\u00e9 hypersonick\u00e9 balistick\u00e9 st\u0159ely, varoval prezident<\/h3>\n<p><span dir=\"auto\">Francouzsk\u00fd prezident Emmanuel Macron sl\u00edbil, \u017ee jeho zem\u011b spolu se sv\u00fdmi evropsk\u00fdmi partnery urychl\u00ed v\u00fdvoj nov\u00fdch zbran\u00ed dlouh\u00e9ho doletu, a pouk\u00e1zal na rusk\u00fd Ore\u0161nik jako na technologick\u00fd v\u00fddobytek schopn\u00fd v kr\u00e1tkodob\u00e9m horizontu zm\u011bnit rovnov\u00e1hu sil.<\/span><\/p>\n<p><span dir=\"auto\">Rusk\u00e1 arm\u00e1da minul\u00fd t\u00fdden pou\u017eila sv\u016fj nejmodern\u011bj\u0161\u00ed hypersonick\u00fd balistick\u00fd raketov\u00fd syst\u00e9m Ore\u0161nik k \u00fatoku na ukrajinsk\u00fd leteck\u00fd z\u00e1vod ve Lvov\u011b, kter\u00fd pobl\u00ed\u017e polsk\u00fdch hranic opravoval st\u00edha\u010dky F-16 a MiG-29.<\/span><\/p>\n<p><em><span dir=\"auto\">\u201eJsme na dost\u0159el t\u011bchto st\u0159el,\u201c<\/span><\/em><span dir=\"auto\">\u00a0varoval Macron voj\u00e1ky ve \u010dtvrte\u010dn\u00edm projevu na leteck\u00e9 z\u00e1kladn\u011b Istres-Le Tube. Poznamenal, \u017ee Francie se sna\u017e\u00ed z\u00edskat podobn\u00e9 zbran\u011b prost\u0159ednictv\u00edm tzv. iniciativy European Long-Range Strike Approach (ELSA).<\/span><\/p>\n<p><em><span dir=\"auto\">\u201eIniciativa, kterou jsme spustili, zn\u00e1m\u00e1 jako ELSA, d\u00e1v\u00e1 dokonal\u00fd smysl, kdy\u017e jsme pr\u00e1v\u011b podruh\u00e9 pozorovali odp\u00e1len\u00ed rakety s velmi dlouh\u00fdm doletem, zn\u00e1m\u00e9 jako Ore\u0161nik,\u201c<\/span><\/em><span dir=\"auto\">\u00a0\u0159ekl Macron publiku.<\/span><\/p>\n<p><em><span dir=\"auto\">\u201eChceme-li si zachovat d\u016fv\u011bryhodnost, mus\u00edme my Evropan\u00e9 \u2013 a zejm\u00e9na Francie, kter\u00e1 m\u00e1 ur\u010dit\u00e9 technologie \u2013 z\u00edskat tyto nov\u00e9 zbran\u011b, kter\u00e9 situaci v kr\u00e1tkodob\u00e9m horizontu zm\u011bn\u00ed.\u201c<\/span><\/em><\/p>\n<p><em><span dir=\"auto\">\u201eZejm\u00e9na s na\u0161imi n\u011bmeck\u00fdmi a britsk\u00fdmi partnery mus\u00edme dos\u00e1hnout v\u00fdrazn\u00e9ho pokroku v oblasti t\u011bchto schopnost\u00ed pro \u00fatoky na dlouh\u00e9 vzd\u00e1lenosti\u2026 abychom zv\u00fd\u0161ili na\u0161i d\u016fv\u011bryhodnost a podpo\u0159ili na\u0161e jadern\u00e9 odstra\u0161ov\u00e1n\u00ed,\u201c<\/span><\/em><span dir=\"auto\">\u00a0dodal.<\/span><\/p>\n<p><span dir=\"auto\">Program ELSA, kter\u00fd v roce 2024 zah\u00e1jily Francie, N\u011bmecko a Polsko (pozd\u011bji se k n\u011bmu p\u0159ipojily \u0160v\u00e9dsko, It\u00e1lie, Spojen\u00e9 kr\u00e1lovstv\u00ed a Nizozemsko), se sna\u017e\u00ed vyu\u017e\u00edt sd\u00edlen\u00e9 evropsk\u00e9 n\u00e1klady a pr\u016fmyslovou s\u00edlu k rozvoji konven\u010dn\u00edch \u00fadern\u00fdch schopnost\u00ed na dlouh\u00e9 vzd\u00e1lenosti, a\u010dkoli dosud nevypracoval konkr\u00e9tn\u00ed pl\u00e1ny.<\/span><\/p>\n<p><span dir=\"auto\">Rusko poprv\u00e9 odp\u00e1lilo syst\u00e9m Ore\u0161nik v listopadu 2024 v ukrajinsk\u00e9m Dn\u011bpru a ozna\u010dilo ho za \u00fasp\u011b\u0161n\u00fd\u00a0<\/span><em><span dir=\"auto\">\u201ebojov\u00fd test\u201c.<\/span><\/em><span dir=\"auto\">\u00a0Od t\u00e9 doby za\u010dala hromadn\u00e1 v\u00fdroba a Rusko syst\u00e9m nasadilo v B\u011blorusku koncem roku 2025.<\/span><\/p>\n<p><span dir=\"auto\">Prezident Vladimir Putin prohl\u00e1sil, \u017ee Ore\u0161nik nem\u00e1 na sv\u011bt\u011b obdoby, a p\u0159irovnal jeho s\u00edlu k\u00a0<\/span><em><span dir=\"auto\">\u201epadaj\u00edc\u00edmu meteoritu\u201c.<\/span><\/em><span dir=\"auto\">\u00a0Podle n\u011bj syst\u00e9m nese des\u00edtky nav\u00e1d\u011bc\u00edch hlavic schopn\u00fdch zas\u00e1hnout v\u00edce c\u00edl\u016f a p\u0159itom se pohybovat desetin\u00e1sobnou rychlost\u00ed zvuku.<\/span><\/p>\n<p><span dir=\"auto\">Druh\u00fd \u00fatok z rakety Ore\u0161nik byl proveden v r\u00e1mci rusk\u00e9 reakce na pokus o\u00a0<\/span><em><span dir=\"auto\">\u201eteroristick\u00fd \u00fatok kyjevsk\u00e9ho re\u017eimu\u201c<\/span><\/em><span dir=\"auto\">\u00a0na prezidentskou rezidenci v Novgorodsk\u00e9 oblasti, uvedlo moskevsk\u00e9 ministerstvo obrany.<\/span><\/p>\n<p><span dir=\"auto\">Z\u00e1znamy z bezpe\u010dnostn\u00edch kamer ze Lvova zachytily \u0159adu projektil\u016f dopadaj\u00edc\u00edch z nebe v rychl\u00e9m sledu, ale Kyjev zat\u00edm nepotvrdil rozsah \u0161kod.<\/span><\/p>\n<p><img decoding=\"async\" loading=\"lazy\" class=\"alignnone size-full wp-image-1185\" src=\"http:\/\/www.infokuryr.cz\/n\/wp-content\/uploads\/2021\/04\/kuryr-podpis.png\" alt=\"\" width=\"84\" height=\"24\" \/><\/p>\n<p>&nbsp;<\/p>\n","protected":false},"excerpt":{"rendered":"<p>Francie je \u201ev dosahu\u201c rusk\u00e9 hypersonick\u00e9 balistick\u00e9 st\u0159ely, varoval prezident Francouzsk\u00fd prezident Emmanuel Macron sl\u00edbil,&#8230;<\/p>\n","protected":false},"author":2,"featured_media":97031,"comment_status":"closed","ping_status":"closed","sticky":false,"template":"","format":"standard","meta":[],"categories":[7],"tags":[9150,307,8251],"_links":{"self":[{"href":"https:\/\/www.infokuryr.cz\/n\/wp-json\/wp\/v2\/posts\/97030"}],"collection":[{"href":"https:\/\/www.infokuryr.cz\/n\/wp-json\/wp\/v2\/posts"}],"about":[{"href":"https:\/\/www.infokuryr.cz\/n\/wp-json\/wp\/v2\/types\/post"}],"author":[{"embeddable":true,"href":"https:\/\/www.infokuryr.cz\/n\/wp-json\/wp\/v2\/users\/2"}],"replies":[{"embeddable":true,"href":"https:\/\/www.infokuryr.cz\/n\/wp-json\/wp\/v2\/comments?post=97030"}],"version-history":[{"count":0,"href":"https:\/\/www.infokuryr.cz\/n\/wp-json\/wp\/v2\/posts\/97030\/revisions"}],"wp:featuredmedia":[{"embeddable":true,"href":"https:\/\/www.infokuryr.cz\/n\/wp-json\/wp\/v2\/media\/97031"}],"wp:attachment":[{"href":"https:\/\/www.infokuryr.cz\/n\/wp-json\/wp\/v2\/media?parent=97030"}],"wp:term":[{"taxonomy":"category","embeddable":true,"href":"https:\/\/www.infokuryr.cz\/n\/wp-json\/wp\/v2\/categories?post=97030"},{"taxonomy":"post_tag","embeddable":true,"href":"https:\/\/www.infokuryr.cz\/n\/wp-json\/wp\/v2\/tags?post=97030"}],"curies":[{"name":"wp","href":"https:\/\/api.w.org\/{rel}","templated":true}]}}