{"id":97028,"date":"2026-01-16T07:16:19","date_gmt":"2026-01-16T06:16:19","guid":{"rendered":"https:\/\/www.infokuryr.cz\/n\/?p=97028"},"modified":"2026-01-16T07:16:19","modified_gmt":"2026-01-16T06:16:19","slug":"venezuelska-nositelka-nobelovy-ceny-darovala-svou-medaili-trumpovi","status":"publish","type":"post","link":"https:\/\/www.infokuryr.cz\/n\/2026\/01\/16\/venezuelska-nositelka-nobelovy-ceny-darovala-svou-medaili-trumpovi\/","title":{"rendered":"Venezuelsk\u00e1 nositelka Nobelovy ceny darovala svou medaili Trumpovi"},"content":{"rendered":"<div id=\"fb-root\"><\/div>\n<h3>Americk\u00fd prezident ozna\u010dil krok Marie Coriny Machadov\u00e9 za \u201e\u00fa\u017easn\u00e9 gesto vz\u00e1jemn\u00e9 \u00facty\u201c<\/h3>\n<p><span dir=\"auto\">Venezuelsk\u00e1 nositelka Nobelovy ceny m\u00edru Maria Corina Machado, kter\u00e1 otev\u0159en\u011b podporovala americkou vojenskou operaci proti sv\u00e9 socialisticky \u0159\u00edzen\u00e9 zemi, darovala svou medaili prezidentu Donaldu Trumpovi.<\/span><\/p>\n<p><span dir=\"auto\">Americk\u00fd prezident po tomto ocen\u011bn\u00ed ve\u0159ejn\u011b tou\u017e\u00ed ji\u017e dlouho, ale Nobel\u016fv v\u00fdbor minul\u00fd t\u00fdden jednozna\u010dn\u011b\u00a0<\/span><a href=\"https:\/\/www.rt.com\/news\/630803-nobel-machado-trump-venezuela\/\" target=\"_blank\" rel=\"noopener noreferrer\"><span dir=\"auto\">prohl\u00e1sil<\/span><\/a><span dir=\"auto\">\u00a0\u00a0, \u017ee i kdy\u017e medaile sama zm\u011bn\u00ed majitele, titul laure\u00e1ta Ceny m\u00edru\u00a0<\/span><em><span dir=\"auto\">\u201enelze odebrat, sd\u00edlet ani p\u0159ev\u00e9st na jin\u00e9 osoby\u201c.<\/span><\/em><\/p>\n<p><em><span dir=\"auto\">\u201eP\u0159edala jsem prezidentovi Spojen\u00fdch st\u00e1t\u016f medaili, Nobelovu cenu m\u00edru,\u201c<\/span><\/em><span dir=\"auto\"> \u0159ekla Machadov\u00e1 sv\u00fdm p\u0159\u00edznivc\u016fm po \u010dtvrte\u010dn\u00edm jedn\u00e1n\u00ed s Trumpem v B\u00edl\u00e9m dom\u011b za zav\u0159en\u00fdmi dve\u0159mi.<\/span><\/p>\n<p><em><span dir=\"auto\">\u201eMaria mi p\u0159edala Nobelovu cenu m\u00edru za pr\u00e1ci, kterou jsem odvedl. Je to tak \u00fa\u017easn\u00e9 gesto vz\u00e1jemn\u00e9 \u00facty,\u201c<\/span><\/em><span dir=\"auto\">\u00a0napsal Trump v kr\u00e1tk\u00e9m p\u0159\u00edsp\u011bvku na Truth Social jen p\u00e1r hodin po setk\u00e1n\u00ed s\u00a0<\/span><em><span dir=\"auto\">\u201e\u00fa\u017easnou \u017eenou, kter\u00e1 si tolika pro\u0161la\u201c.<\/span><\/em><\/p>\n<p><span dir=\"auto\">Machadov\u00e1, kter\u00e1 d\u0159\u00edve vedla protivl\u00e1dn\u00ed protesty a obvinila Madura, \u017ee\u00a0 j\u00ed <\/span><em><span dir=\"auto\">\u201eukradl\u201c<\/span><\/em><span dir=\"auto\">\u00a0\u00a0volby v roce 2024, j\u00e1saj\u00edc\u00edm p\u0159\u00edznivc\u016fm \u0159ekla:\u00a0<\/span><em><span dir=\"auto\">\u201eM\u016f\u017eeme se spolehnout na prezidenta Trumpa.\u201c<\/span><\/em><\/p>\n<p><span dir=\"auto\">B\u00edl\u00fd d\u016fm v\u0161ak v\u00fdznam setk\u00e1n\u00ed bagatelizoval. Tiskov\u00e1 mluv\u010d\u00ed Karoline Leavittov\u00e1 ozna\u010dila Machadavou za <\/span><em><span dir=\"auto\">\u201epozoruhodn\u00fd a state\u010dn\u00fd hlas\u201c<\/span><\/em><span dir=\"auto\">\u00a0, ale zd\u016fraznila, \u017ee setk\u00e1n\u00ed neodr\u00e1\u017e\u00ed zm\u011bnu Trumpova\u00a0<\/span><em><span dir=\"auto\">\u201erealistick\u00e9ho hodnocen\u00ed\u201c.<\/span><\/em><\/p>\n<p><span dir=\"auto\">Trump d\u016fsledn\u011b odm\u00edt\u00e1 schopnost Machadov\u00e9 nahradit venezuelsk\u00e9ho prezidenta Nicol\u00e1se Madura a kr\u00e1tce po vojensk\u00e9m z\u00e1sahu USA, p\u0159i kter\u00e9m byl zajat, prohl\u00e1sil, \u017ee\u00a0<\/span><em><span dir=\"auto\">\u201enem\u00e1 v zemi podporu ani respekt\u201c.<\/span><\/em><\/p>\n<p><span dir=\"auto\">Americk\u00fd prezident m\u00edsto toho signalizoval ochotu spolupracovat s prozat\u00edmn\u00ed vl\u00e1dou socialistky Delcy Rodriguezov\u00e9, b\u00fdval\u00e9 Madurov\u00e9 viceprezidentky, kterou\u00a0tento t\u00fdden po dlouh\u00e9m telefon\u00e1tu ozna\u010dil za\u00a0<\/span><em><span dir=\"auto\">\u201eskv\u011bl\u00e9ho \u010dlov\u011bka\u201c .<\/span><\/em><\/p>\n<p><span dir=\"auto\">Machadov\u00e1 n\u00e1v\u0161t\u011bva se shodovala s pokra\u010duj\u00edc\u00edm \u00fasil\u00edm USA o kontrolu nad venezuelsk\u00fdmi ropn\u00fdmi aktivy, v\u010detn\u011b zabaven\u00ed dal\u0161\u00edho sankcionovan\u00e9ho tankeru, a prob\u011bhla v dob\u011b, kdy Rodriguez pron\u00e1\u0161el v Caracasu projev o stavu Unie. Trumpova administrativa poznamenala, \u017ee Rodriguezova vl\u00e1da <\/span><em><span dir=\"auto\">\u201espolupracuje\u201c<\/span><\/em><span dir=\"auto\">\u00a0s Washingtonem, mimo jin\u00e9 propou\u0161t\u011bn\u00edm v\u011bz\u0148\u016f zadr\u017eovan\u00fdch za Madura.<\/span><\/p>\n<p><span dir=\"auto\">Machadov\u00e1, kter\u00e1 d\u0159\u00edve vedla protivl\u00e1dn\u00ed protesty a obvinila Madura z <\/span><em><span dir=\"auto\">\u201enez\u00e1konn\u00e9ho\u201c<\/span><\/em><span dir=\"auto\">\u00a0uchopen\u00ed moci b\u011bhem voleb v roce 2024, loni z Venezuely uprchla. Po n\u00e1v\u0161t\u011bv\u011b B\u00edl\u00e9ho domu se setkala s poslanci na Kapitolu, kte\u0159\u00ed jsou k jej\u00ed kandidatu\u0159e m\u00e9n\u011b skepti\u010dt\u00ed.<\/span><\/p>\n<p><img decoding=\"async\" loading=\"lazy\" class=\"alignnone size-full wp-image-1185\" src=\"http:\/\/www.infokuryr.cz\/n\/wp-content\/uploads\/2021\/04\/kuryr-podpis.png\" alt=\"\" width=\"84\" height=\"24\" \/><\/p>\n<p>&nbsp;<\/p>\n","protected":false},"excerpt":{"rendered":"<p>Americk\u00fd prezident ozna\u010dil krok Marie Coriny Machadov\u00e9 za \u201e\u00fa\u017easn\u00e9 gesto vz\u00e1jemn\u00e9 \u00facty\u201c Venezuelsk\u00e1 nositelka Nobelovy&#8230;<\/p>\n","protected":false},"author":2,"featured_media":97029,"comment_status":"closed","ping_status":"closed","sticky":false,"template":"","format":"standard","meta":[],"categories":[7],"tags":[8407,1132,452],"_links":{"self":[{"href":"https:\/\/www.infokuryr.cz\/n\/wp-json\/wp\/v2\/posts\/97028"}],"collection":[{"href":"https:\/\/www.infokuryr.cz\/n\/wp-json\/wp\/v2\/posts"}],"about":[{"href":"https:\/\/www.infokuryr.cz\/n\/wp-json\/wp\/v2\/types\/post"}],"author":[{"embeddable":true,"href":"https:\/\/www.infokuryr.cz\/n\/wp-json\/wp\/v2\/users\/2"}],"replies":[{"embeddable":true,"href":"https:\/\/www.infokuryr.cz\/n\/wp-json\/wp\/v2\/comments?post=97028"}],"version-history":[{"count":0,"href":"https:\/\/www.infokuryr.cz\/n\/wp-json\/wp\/v2\/posts\/97028\/revisions"}],"wp:featuredmedia":[{"embeddable":true,"href":"https:\/\/www.infokuryr.cz\/n\/wp-json\/wp\/v2\/media\/97029"}],"wp:attachment":[{"href":"https:\/\/www.infokuryr.cz\/n\/wp-json\/wp\/v2\/media?parent=97028"}],"wp:term":[{"taxonomy":"category","embeddable":true,"href":"https:\/\/www.infokuryr.cz\/n\/wp-json\/wp\/v2\/categories?post=97028"},{"taxonomy":"post_tag","embeddable":true,"href":"https:\/\/www.infokuryr.cz\/n\/wp-json\/wp\/v2\/tags?post=97028"}],"curies":[{"name":"wp","href":"https:\/\/api.w.org\/{rel}","templated":true}]}}