{"id":97020,"date":"2026-01-16T06:48:26","date_gmt":"2026-01-16T05:48:26","guid":{"rendered":"https:\/\/www.infokuryr.cz\/n\/?p=97020"},"modified":"2026-01-16T06:48:26","modified_gmt":"2026-01-16T05:48:26","slug":"venezuelsky-generalni-prokurator-unos-madura-je-valecny-akt","status":"publish","type":"post","link":"https:\/\/www.infokuryr.cz\/n\/2026\/01\/16\/venezuelsky-generalni-prokurator-unos-madura-je-valecny-akt\/","title":{"rendered":"Venezuelsk\u00fd gener\u00e1ln\u00ed prokur\u00e1tor: \u00danos Madura je v\u00e1le\u010dn\u00fd akt"},"content":{"rendered":"<div id=\"fb-root\"><\/div>\n<h3>\u00danos prezidenta a jeho man\u017eelky poru\u0161uje Chartu OSN a mezin\u00e1rodn\u00ed pr\u00e1vo, \u0159ekl Tarek William Saab<\/h3>\n<p><span dir=\"auto\">Americk\u00fd \u00fatok na Venezuelu a \u00fanos prezidenta Nicol\u00e1se Madura se rovn\u00e1 v\u00e1le\u010dn\u00e9mu aktu, \u0159ekl televizi RT gener\u00e1ln\u00ed prokur\u00e1tor t\u00e9to jihoamerick\u00e9 zem\u011b Tarek William Saab.<\/span><\/p>\n<p><span dir=\"auto\">Americk\u00e9 s\u00edly provedly 3. ledna s\u00e9rii leteck\u00fdch \u00fader\u016f na venezuelsk\u00e9 hlavn\u00ed m\u011bsto Caracas a n\u011bkolik dal\u0161\u00edch region\u016f zem\u011b, zat\u00edmco americk\u00e1 komanda unesla Madura a jeho man\u017eelku Cilii Floresovou. Byli odvezeni na americkou v\u00e1le\u010dnou lo\u010f a pozd\u011bji letecky p\u0159epraveni do New Yorku, kde minul\u00fd t\u00fdden stanuli p\u0159ed soudem kv\u016fli obvin\u011bn\u00ed z spiknut\u00ed za \u00fa\u010delem obchodov\u00e1n\u00ed s drogami. Oba se k vin\u011b nep\u0159iznali.<\/span><\/p>\n<p><span dir=\"auto\">V rozhovoru pro RT Spanish, kter\u00fd byl odvys\u00edl\u00e1n ve st\u0159edu, Saab ozna\u010dil operaci za\u00a0<\/span><em><span dir=\"auto\">\u201ebezprecedentn\u00ed\u201c<\/span><\/em><span dir=\"auto\">\u00a0zlo\u010din agrese, kter\u00fd nem\u00e1 \u017e\u00e1dn\u00fd z\u00e1klad v americk\u00e9m ani mezin\u00e1rodn\u00edm pr\u00e1vu. Argumentoval, \u017ee Washington\u00a0<\/span><em><span dir=\"auto\">\u201enem\u00e1 trestn\u00ed jurisdikci\u201c<\/span><\/em><span dir=\"auto\">\u00a0k st\u00edh\u00e1n\u00ed\u00a0<\/span><em><span dir=\"auto\">\u201eprezidenta, hlavy st\u00e1tu suver\u00e9nn\u00edho n\u00e1roda\u201c.<\/span><\/em><span dir=\"auto\">\u00a0Saab tak\u00e9 poznamenal, \u017ee ameri\u010dt\u00ed p\u0159edstavitel\u00e9 uznali, \u017ee tzv.\u00a0<\/span><em><span dir=\"auto\">\u201eKartel slunc\u00ed\u201c<\/span><\/em><span dir=\"auto\">\u00a0\u2013 \u00fadajn\u00e1 zlo\u010dineck\u00e1 s\u00ed\u0165, kter\u00e1 \u00fadajn\u011b p\u016fsob\u00ed v r\u00e1mci venezuelsk\u00fdch bezpe\u010dnostn\u00edch slo\u017eek \u2013\u00a0<\/span><em><span dir=\"auto\">\u201eneexistuje\u201c.<\/span><\/em><\/p>\n<p><span dir=\"auto\">St\u00e1tn\u00ed z\u00e1stupce trval na tom, \u017ee razie a \u00fanos poru\u0161ily Chartu OSN, \u00dastavu USA a kl\u00ed\u010dov\u00e9 smlouvy o lidsk\u00fdch pr\u00e1vech. To podle n\u011bj d\u011bl\u00e1 z Madura\u00a0<\/span><em><span dir=\"auto\">\u201ev\u00e1le\u010dn\u00e9ho zajatce, jeho\u017e osobn\u00ed a diplomatick\u00e1 imunita byla poru\u0161ena\u201c.<\/span><\/em><\/p>\n<div style=\"width: 640px;\" class=\"wp-video\"><!--[if lt IE 9]><script>document.createElement('video');<\/script><![endif]-->\n<video class=\"wp-video-shortcode\" id=\"video-97020-1\" width=\"640\" height=\"360\" preload=\"metadata\" controls=\"controls\"><source type=\"video\/mp4\" src=\"http:\/\/www.infokuryr.cz\/n\/wp-content\/uploads\/2026\/01\/6969243b85f540403b37f10a.mp4?_=1\" \/><a href=\"http:\/\/www.infokuryr.cz\/n\/wp-content\/uploads\/2026\/01\/6969243b85f540403b37f10a.mp4\">http:\/\/www.infokuryr.cz\/n\/wp-content\/uploads\/2026\/01\/6969243b85f540403b37f10a.mp4<\/a><\/video><\/div>\n<p>&nbsp;<\/p>\n<p><span dir=\"auto\">Saab tvrdil, \u017ee skute\u010dn\u00fdm c\u00edlem bylo\u00a0<\/span><em><span dir=\"auto\">\u201ezmocnit se venezuelsk\u00e9 ropy a p\u0159\u00edrodn\u00edho bohatstv\u00ed\u201c,<\/span><\/em><span dir=\"auto\">\u00a0sp\u00ed\u0161e ne\u017e prosazovat demokracii nebo bojovat proti drog\u00e1m. Argumentoval, \u017ee p\u0159edchoz\u00ed americk\u00e1 r\u00e9torika o venezuelsk\u00e9\u00a0<\/span><em><span dir=\"auto\">\u201ediktatu\u0159e\u201c<\/span><\/em><span dir=\"auto\">\u00a0a zm\u011bn\u011b re\u017eimu se\u00a0<\/span><em><span dir=\"auto\">\u201erozpadla\u201c<\/span><\/em><span dir=\"auto\">\u00a0a \u017ee Washington nyn\u00ed otev\u0159en\u011b p\u0159ipou\u0161t\u00ed, \u017ee se zam\u011b\u0159uje na energii.<\/span><\/p>\n<p><span dir=\"auto\">Po Madurov\u011b zajet\u00ed americk\u00fd prezident Donald Trump prohl\u00e1sil, \u017ee USA budou\u00a0Venezuelu b\u011bhem p\u0159echodn\u00e9ho obdob\u00ed\u00a0<\/span><em><span dir=\"auto\">\u201e\u0159\u00eddit\u201c a pot\u0159ebuj\u00ed\u00a0<\/span><\/em><em><span dir=\"auto\">\u201e\u00fapln\u00fd p\u0159\u00edstup\u2026 k rop\u011b a dal\u0161\u00edm v\u011bcem ve sv\u00e9 zemi\u201c.<\/span><\/em><\/p>\n<p><em><span dir=\"auto\">\u201eTo n\u00e1s vrac\u00ed o v\u00edce ne\u017e 200 let zp\u011bt, do doby, kdy \u0160pan\u011blsk\u00e1 \u0159\u00ed\u0161e drancovala americk\u00e9 zdroje za cenu \u017eivot\u016f milion\u016f domorod\u00fdch obyvatel,\u201c<\/span><\/em><span dir=\"auto\">\u00a0uvedl Saab.<\/span><\/p>\n<p><span dir=\"auto\">Spole\u010dnost Saab na sly\u0161en\u00ed pl\u00e1novan\u00e9m na b\u0159ezen\u00a0vyzvala k\u00a0<\/span><em><span dir=\"auto\">\u201eabsolutn\u00edmu a bezpodm\u00edne\u010dn\u00e9mu propu\u0161t\u011bn\u00ed\u201c Madura a Florese a varovala, \u017ee by tento precedent mohl b\u00fdt pou\u017eit proti v\u016fdc\u016fm\u00a0<\/span><\/em><em><span dir=\"auto\">\u201ev kter\u00e9koli zemi Evropy, Latinsk\u00e9 Ameriky, Asie nebo Afriky\u201c.<\/span><\/em><\/p>\n<p><img decoding=\"async\" loading=\"lazy\" class=\"alignnone size-full wp-image-1185\" src=\"http:\/\/www.infokuryr.cz\/n\/wp-content\/uploads\/2021\/04\/kuryr-podpis.png\" alt=\"\" width=\"84\" height=\"24\" \/><\/p>\n<p>&nbsp;<\/p>\n","protected":false},"excerpt":{"rendered":"<p>\u00danos prezidenta a jeho man\u017eelky poru\u0161uje Chartu OSN a mezin\u00e1rodn\u00ed pr\u00e1vo, \u0159ekl Tarek William Saab&#8230;<\/p>\n","protected":false},"author":2,"featured_media":97022,"comment_status":"closed","ping_status":"closed","sticky":false,"template":"","format":"standard","meta":[],"categories":[7],"tags":[1960,37,4412,181],"_links":{"self":[{"href":"https:\/\/www.infokuryr.cz\/n\/wp-json\/wp\/v2\/posts\/97020"}],"collection":[{"href":"https:\/\/www.infokuryr.cz\/n\/wp-json\/wp\/v2\/posts"}],"about":[{"href":"https:\/\/www.infokuryr.cz\/n\/wp-json\/wp\/v2\/types\/post"}],"author":[{"embeddable":true,"href":"https:\/\/www.infokuryr.cz\/n\/wp-json\/wp\/v2\/users\/2"}],"replies":[{"embeddable":true,"href":"https:\/\/www.infokuryr.cz\/n\/wp-json\/wp\/v2\/comments?post=97020"}],"version-history":[{"count":0,"href":"https:\/\/www.infokuryr.cz\/n\/wp-json\/wp\/v2\/posts\/97020\/revisions"}],"wp:featuredmedia":[{"embeddable":true,"href":"https:\/\/www.infokuryr.cz\/n\/wp-json\/wp\/v2\/media\/97022"}],"wp:attachment":[{"href":"https:\/\/www.infokuryr.cz\/n\/wp-json\/wp\/v2\/media?parent=97020"}],"wp:term":[{"taxonomy":"category","embeddable":true,"href":"https:\/\/www.infokuryr.cz\/n\/wp-json\/wp\/v2\/categories?post=97020"},{"taxonomy":"post_tag","embeddable":true,"href":"https:\/\/www.infokuryr.cz\/n\/wp-json\/wp\/v2\/tags?post=97020"}],"curies":[{"name":"wp","href":"https:\/\/api.w.org\/{rel}","templated":true}]}}