{"id":97017,"date":"2026-01-16T06:43:11","date_gmt":"2026-01-16T05:43:11","guid":{"rendered":"https:\/\/www.infokuryr.cz\/n\/?p=97017"},"modified":"2026-01-16T06:43:11","modified_gmt":"2026-01-16T05:43:11","slug":"miroslav-kavij-zajmy-zbrojaru-nebo-zachovani-lidske-civilizace","status":"publish","type":"post","link":"https:\/\/www.infokuryr.cz\/n\/2026\/01\/16\/miroslav-kavij-zajmy-zbrojaru-nebo-zachovani-lidske-civilizace\/","title":{"rendered":"Miroslav Kavij: Z\u00e1jmy zbroja\u0159\u016f nebo zachov\u00e1n\u00ed lidsk\u00e9 civilizace"},"content":{"rendered":"<div id=\"fb-root\"><\/div>\n<p>V\u00a0N\u011bmecku, usiluj\u00edc\u00ed o v\u00e1le\u010dn\u00e9ho evropsk\u00e9ho l\u00eddra, Bundesswehr\u00a0 \u010del\u00ed dal\u0161\u00ed af\u00e9\u0159e.\u00a0\u00a0 Des\u00edtky voj\u00e1k\u016f\u00a0\u00a0 jsou obvin\u011bni\u00a0 z\u00a0 no\u0161en\u00ed nacistick\u00fdch uniforem, \u00a0pou\u017e\u00edv\u00e1n\u00ed nacistick\u00fdch pozdrav\u016f, ze sexu\u00e1ln\u00edho obt\u011b\u017eov\u00e1n\u00ed, u\u017e\u00edv\u00e1n\u00ed drog.<\/p>\n<p>V\u00a0dob\u011b, kdy z ukrajinsk\u00e9\u00a0 arm\u00e1dy\u00a0 ka\u017ed\u00e9 dv\u011b minuty\u00a0 zb\u011bhne\u00a0 jeden\u00a0 voj\u00e1k\u00a0 a dle aktu\u00e1ln\u00edho prohl\u00e1\u0161en\u00ed\u00a0 americk\u00e9ho\u00a0 prezidenta Trumpa\u00a0\u00a0 M\u00edrovou\u00a0 dohodu\u00a0 brzd\u00ed Ukrajina\u00a0 a\u00a0nikoli Rusko, \u00a0nejv\u00edce\u00a0\u00a0 spokojen\u00fdm\u00a0 ze\u00a0 sou\u010dasn\u00e9\u00a0 situace\u00a0 je\u00a0 Zelensk\u00fd.\u00a0 D\u00edky\u00a0 Ur\u0161ule\u00a0 bude v\u00a0dal\u0161\u00edch dvou letech\u00a0 do\u00a0 \u010dern\u00e9 d\u00edry\u00a0\u00a0 Banderist\u00e1nu\u00a0\u00a0 nalito\u00a0 dal\u0161\u00edch\u00a0\u00a0 90 miliard\u00a0 dolar\u016f\u00a0\u00a0 na zbrojen\u00ed\u00a0 a\u00a0 na zal\u00e1t\u00e1n\u00ed\u00a0 d\u00edry\u00a0 ukrajinsk\u00e9ho\u00a0\u00a0 st\u00e1tn\u00edho rozpo\u010dtu.\u00a0 V\u00a0dob\u011b,\u00a0 kdy\u00a0 okol\u00ed\u00a0\u00a0 Zelensk\u00e9ho\u00a0\u00a0 se\u00a0 zapl\u0148uje\u00a0 dal\u0161\u00edmi korup\u010dn\u00edky ,\u00a0 v\u00a0Evrop\u011b\u00a0\u00a0 buj\u00ed\u00a0 fa\u0161ismus\u00a0\u00a0 a\u00a0 Fialova\u00a0 ex \u2013\u00a0 vl\u00e1dn\u00ed\u00a0 sebranka\u00a0 m\u00e1 hus\u00ed\u00a0 k\u016f\u017ei\u00a0 ze\u00a0 zve\u0159ej\u0148ov\u00e1n\u00ed skute\u010dn\u00fdch\u00a0 v\u00fddaj\u016f\u00a0 \u010cR,\u00a0 t\u00fdkaj\u00edc\u00edch\u00a0 se\u00a0 do nebes\u00a0 vychvalovan\u00e9\u00a0 muni\u010dn\u00ed\u00a0 iniciativy.<\/p>\n<p>Nen\u00ed pochyb, \u017ee doch\u00e1z\u00ed\u00a0 k z\u00e1sadn\u00ed\u00a0\u00a0 geopolitick\u00e9 zm\u011bn\u011b,\u00a0 za\u00a0 p\u0159edpokladu ,\u00a0 \u017ee nedojde\u00a0 ke sv\u011btov\u00e9 katastrof\u011b.\u00a0 Zv\u00edt\u011bz\u00ed\u00a0 z\u00e1jmy\u00a0 zbroja\u0159\u016f, nebo\u00a0 z\u00e1jem\u00a0 st\u00e1tn\u00edk\u016f\u00a0 po zachov\u00e1n\u00ed\u00a0 lidstva?<\/p>\n<p><a href=\"https:\/\/www.pokec24.cz\/nezarazene\/zajmy-zbrojaru-nebo-zachovani-lidske-civilizace\/\">Miroslav Kavij<\/a><\/p>\n<p>&nbsp;<\/p>\n","protected":false},"excerpt":{"rendered":"<p>V\u00a0N\u011bmecku, usiluj\u00edc\u00ed o v\u00e1le\u010dn\u00e9ho evropsk\u00e9ho l\u00eddra, Bundesswehr\u00a0 \u010del\u00ed dal\u0161\u00ed af\u00e9\u0159e.\u00a0\u00a0 Des\u00edtky voj\u00e1k\u016f\u00a0\u00a0 jsou obvin\u011bni\u00a0 z\u00a0&#8230;<\/p>\n","protected":false},"author":2,"featured_media":57866,"comment_status":"closed","ping_status":"closed","sticky":false,"template":"","format":"standard","meta":[],"categories":[6],"tags":[1503,4423,84,1867,73],"_links":{"self":[{"href":"https:\/\/www.infokuryr.cz\/n\/wp-json\/wp\/v2\/posts\/97017"}],"collection":[{"href":"https:\/\/www.infokuryr.cz\/n\/wp-json\/wp\/v2\/posts"}],"about":[{"href":"https:\/\/www.infokuryr.cz\/n\/wp-json\/wp\/v2\/types\/post"}],"author":[{"embeddable":true,"href":"https:\/\/www.infokuryr.cz\/n\/wp-json\/wp\/v2\/users\/2"}],"replies":[{"embeddable":true,"href":"https:\/\/www.infokuryr.cz\/n\/wp-json\/wp\/v2\/comments?post=97017"}],"version-history":[{"count":0,"href":"https:\/\/www.infokuryr.cz\/n\/wp-json\/wp\/v2\/posts\/97017\/revisions"}],"wp:featuredmedia":[{"embeddable":true,"href":"https:\/\/www.infokuryr.cz\/n\/wp-json\/wp\/v2\/media\/57866"}],"wp:attachment":[{"href":"https:\/\/www.infokuryr.cz\/n\/wp-json\/wp\/v2\/media?parent=97017"}],"wp:term":[{"taxonomy":"category","embeddable":true,"href":"https:\/\/www.infokuryr.cz\/n\/wp-json\/wp\/v2\/categories?post=97017"},{"taxonomy":"post_tag","embeddable":true,"href":"https:\/\/www.infokuryr.cz\/n\/wp-json\/wp\/v2\/tags?post=97017"}],"curies":[{"name":"wp","href":"https:\/\/api.w.org\/{rel}","templated":true}]}}