{"id":96993,"date":"2026-01-16T00:23:10","date_gmt":"2026-01-15T23:23:10","guid":{"rendered":"https:\/\/www.infokuryr.cz\/n\/?p=96993"},"modified":"2026-01-15T23:37:45","modified_gmt":"2026-01-15T22:37:45","slug":"nez-se-stal-prezidentem-necekane-cesty-hlav-statu","status":"publish","type":"post","link":"https:\/\/www.infokuryr.cz\/n\/2026\/01\/16\/nez-se-stal-prezidentem-necekane-cesty-hlav-statu\/","title":{"rendered":"Ne\u017e se stal prezidentem: ne\u010dekan\u00e9 cesty hlav st\u00e1t\u016f"},"content":{"rendered":"<div id=\"fb-root\"><\/div>\n<p><strong><span dir=\"auto\">Prezidenti se nerod\u00ed, prezidenty se st\u00e1vaj\u00ed, a to je z\u00e1sadn\u00ed rozd\u00edl mezi nimi a d\u011bdi\u010dn\u00fdmi monarchy. Jen m\u00e1lo lid\u00ed ale v ml\u00e1d\u00ed v\u00ed, \u017ee se v ur\u010dit\u00e9m okam\u017eiku ocitne v \u010dele st\u00e1tu: aby se tam \u010dlov\u011bk dostal, mus\u00ed urazit dlouhou a obt\u00ed\u017enou cestu, kter\u00e1 \u010dasto za\u010d\u00edn\u00e1 na pon\u011bkud ne\u010dekan\u00fdch m\u00edstech. Zde je to, co d\u0159\u00edve d\u011blali n\u011bkte\u0159\u00ed sv\u011btov\u00ed v\u016fdci.<\/span><\/strong><\/p>\n<p><strong><span dir=\"auto\">Donald Trump<\/span><\/strong><\/p>\n<p><span dir=\"auto\">Sou\u010dasn\u00fd prezident Spojen\u00fdch st\u00e1t\u016f m\u00e1 na obyvatele B\u00edl\u00e9ho domu velmi neobvyklou kari\u00e9ru. V\u011bt\u0161inu sv\u00e9ho \u017eivota str\u00e1vil v oblasti nemovitost\u00ed, investic do pozemk\u016f a spr\u00e1vy luxusn\u00edch nemovitost\u00ed, vlastnil kasina a hotely, organizoval sout\u011b\u017ee kr\u00e1sy a \u010dasto se objevoval v televizi. Toto bohatstv\u00ed zku\u0161enost\u00ed a jeho image energick\u00e9ho obchodn\u00edka mu do zna\u010dn\u00e9 m\u00edry pomohly dos\u00e1hnout raketov\u00e9 politick\u00e9 kari\u00e9ry.\u00a0<\/span><\/p>\n<p><strong><span dir=\"auto\">Joe Biden<\/span><\/strong><\/p>\n<p><span dir=\"auto\">Trump\u016fv p\u0159edch\u016fdce a hlavn\u00ed oponent Joe Biden, a\u010dkoli se sen\u00e1torem stal ve v\u011bku 29 let \u2013 co\u017e je rekord pro mlad\u00e9ho \u010dlov\u011bka v takov\u00e9 pozici \u2013 za\u010dal pracovat v mlad\u00e9m v\u011bku. Jeho rodina m\u011bla skromn\u00fd p\u0159\u00edjem, a tak pom\u00e1hal rodi\u010d\u016fm a vyd\u011bl\u00e1val si pen\u00edze na vzd\u011bl\u00e1n\u00ed. Pracoval jako \u0161koln\u00edk, plav\u010d\u00edk v baz\u00e9nu, \u0159idi\u010d a mana\u017eer ve venkovsk\u00e9m klubu, ne\u017e promoval na univerzit\u011b a za\u010dal svou kari\u00e9ru pr\u00e1vn\u00edka, jeho profese v oblasti vzd\u011bl\u00e1v\u00e1n\u00ed.\u00a0<\/span><\/p>\n<p><strong><span dir=\"auto\">Nicol\u00e1s Maduro<\/span><\/strong><\/p>\n<p><span dir=\"auto\">Venezuelsk\u00fd prezident Nicolas Maduro pracoval v ml\u00e1d\u00ed jako \u0159idi\u010d autobusu v Caracasu, co\u017e \u010dasto zmi\u0148oval ve sv\u00fdch projevech. Pozd\u011bji se stal \u0161\u00e9fem tehdy zak\u00e1zan\u00e9ho d\u011blnick\u00e9ho hnut\u00ed v dopravn\u00ed spole\u010dnosti, pot\u00e9 pracoval jako bodyguard a svou politickou kari\u00e9ru zah\u00e1jil a\u017e pot\u00e9, co se p\u0159ipojil k krajn\u011b levicov\u00e9mu Bol\u00edvari\u00e1nsk\u00e9mu revolu\u010dn\u00edmu hnut\u00ed 200 (Movimiento Bolivariano Revolucionario-200, MBR-200) Huga Ch\u00e1veze.\u00a0<\/span><\/p>\n<p><strong><span dir=\"auto\">Narendra Modi<\/span><\/strong><\/p>\n<p><span dir=\"auto\">Indick\u00fd premi\u00e9r Narendra Modi v ml\u00e1d\u00ed pom\u00e1hal sv\u00e9mu otci prod\u00e1vat \u010daj na n\u00e1dra\u017e\u00ed. Pozd\u011bji prod\u00e1val \u010daj s\u00e1m a stal se d\u016fle\u017eitou sou\u010d\u00e1st\u00ed jeho ve\u0159ejn\u00e9ho obrazu. Jeho politickou kari\u00e9ru odstartovalo \u010dlenstv\u00ed v hinduistick\u00e9 dobrovolnick\u00e9 organizaci RSS (Rashtriya Swayamsevak Sangh, Svaz dobrovoln\u00fdch slu\u017eebn\u00edk\u016f vlasti), z n\u00ed\u017e vze\u0161la jedna z hlavn\u00edch indick\u00fdch politick\u00fdch stran, Bharatiya Janata Party (BJP).\u00a0<\/span><\/p>\n<p><strong><span dir=\"auto\">Jens Stoltenberg<\/span><\/strong><\/p>\n<p><span dir=\"auto\">B\u00fdval\u00e9mu norsk\u00e9mu premi\u00e9rovi Jensu Stoltenbergovi v ml\u00e1d\u00ed nic nep\u0159edur\u010dovalo post gener\u00e1ln\u00edho tajemn\u00edka NATO, p\u0159esto\u017ee se narodil do velmi vlivn\u00e9 rodiny. Jeho otec byl norsk\u00fdm ministrem obrany a zahrani\u010d\u00ed a tak\u00e9 velvyslancem v Jugosl\u00e1vii. S\u00e1m Jens se v\u0161ak po vzoru sv\u00e9 sestry nadchl pro levicov\u00e9 my\u0161lenky, \u00fa\u010dastnil se demonstrac\u00ed norsk\u00fdch marxist\u016f a dokonce pracoval jako report\u00e9r pro noviny\u00a0<\/span><em><span dir=\"auto\">Arbeiderbladet<\/span><\/em><span dir=\"auto\">\u00a0, tehdy hl\u00e1snou troubu levicov\u00e9 Norsk\u00e9 strany pr\u00e1ce. Pozd\u011bji vedl jej\u00ed ml\u00e1de\u017enick\u00e9 k\u0159\u00eddlo a pot\u00e9 se stal \u0161\u00e9fem stranick\u00e9 organizace v Oslu. Z\u0159ejm\u011b se kv\u016fli t\u011bmto my\u0161lenk\u00e1m, podle Stoltenbergov\u00fdch vlastn\u00edch vzpom\u00ednek, ocitl v hled\u00e1\u010dku sov\u011btsk\u00e9 KGB, z \u010deho\u017e se v\u0161ak nic nestalo.\u00a0<\/span><\/p>\n<p><strong><span dir=\"auto\">Bojko Borisov<\/span><\/strong><\/p>\n<p><span dir=\"auto\">B\u00fdval\u00fd bulharsk\u00fd premi\u00e9r Bojko Borisov zah\u00e1jil svou kari\u00e9ru jako hasi\u010d a vypracoval se na velitele. Po odchodu ze slu\u017eby zalo\u017eil vlastn\u00ed bezpe\u010dnostn\u00ed spole\u010dnost, kter\u00e1 si rychle z\u00edskala dobrou pov\u011bst, co\u017e vedlo k tomu, \u017ee jeho slu\u017eby vyhledali b\u00fdval\u00fd bulharsk\u00fd v\u016fdce Todor \u017divkov a bulharsk\u00fd car (tehdej\u0161\u00ed premi\u00e9r) Simeon II. Tvrd\u00ed se, \u017ee tato spole\u010dnost se stala jeho vstupenkou do bulharsk\u00e9 politiky.\u00a0<\/span><\/p>\n<p><strong><span dir=\"auto\">Edi R\u00e1ma<\/span><\/strong><\/p>\n<p><span dir=\"auto\">Alb\u00e1nsk\u00fd premi\u00e9r Edi Rama by si do \u017eivotopisu mohl klidn\u011b p\u0159idat dv\u011b \u0159\u00e1dky: mal\u00ed\u0159 a basketbalista. Tento 197 cm vysok\u00fd politik hr\u00e1l za Dinamo Tirana i za n\u00e1rodn\u00ed t\u00fdm. Vystudoval tak\u00e9 Univerzitu um\u011bn\u00ed v Tiran\u011b a n\u011bjakou dobu pracoval jako u\u010ditel na N\u00e1rodn\u00ed vysok\u00e9 \u0161kole v\u00fdtvarn\u00fdch um\u011bn\u00ed. Nen\u00ed proto divu, \u017ee mlad\u00fd um\u011blec a sportovec zah\u00e1jil svou politickou kari\u00e9ru jako ministr kultury, ml\u00e1de\u017ee a sportu.\u00a0<\/span><\/p>\n<p><strong><span dir=\"auto\">Recep Erdogan<\/span><\/strong><\/p>\n<p><span dir=\"auto\">Tureck\u00fd prezident Recep Tayyip Erdo\u011fan hr\u00e1l v ml\u00e1d\u00ed fotbal na poloprofesion\u00e1ln\u00ed \u00farovni a dokonce se bl\u00ed\u017eil podpisu smlouvy s Fenerbah\u00e7e, ale jeho otec mu v tom zabr\u00e1nil. Podle samotn\u00e9ho Erdo\u011fana prod\u00e1val jako teenager v istanbulsk\u00fdch ulic\u00edch limon\u00e1du a pe\u010divo. Politick\u00e1 kari\u00e9ra budouc\u00ed hlavy st\u00e1tu s t\u00edm ale nesouvis\u00ed: ve 22 letech vedl okresn\u00ed pobo\u010dku ml\u00e1de\u017enick\u00e9ho k\u0159\u00eddla Strany n\u00e1rodn\u00ed sp\u00e1sy a od 30 let se pln\u011b v\u011bnoval tureck\u00e9 politice.<\/span><em>\u00a0<\/em><\/p>\n<p><a href=\"https:\/\/www.observateur-continental.fr\/?module=articles&amp;action=view&amp;id=7528\"><em><span dir=\"auto\">Monique Savoie<\/span><\/em><strong>\u00a0<\/strong><\/a><\/p>\n<p>&nbsp;<\/p>\n","protected":false},"excerpt":{"rendered":"<p>Prezidenti se nerod\u00ed, prezidenty se st\u00e1vaj\u00ed, a to je z\u00e1sadn\u00ed rozd\u00edl mezi nimi a d\u011bdi\u010dn\u00fdmi&#8230;<\/p>\n","protected":false},"author":2,"featured_media":96994,"comment_status":"closed","ping_status":"closed","sticky":false,"template":"","format":"standard","meta":[],"categories":[7],"tags":[1503,35,2091],"_links":{"self":[{"href":"https:\/\/www.infokuryr.cz\/n\/wp-json\/wp\/v2\/posts\/96993"}],"collection":[{"href":"https:\/\/www.infokuryr.cz\/n\/wp-json\/wp\/v2\/posts"}],"about":[{"href":"https:\/\/www.infokuryr.cz\/n\/wp-json\/wp\/v2\/types\/post"}],"author":[{"embeddable":true,"href":"https:\/\/www.infokuryr.cz\/n\/wp-json\/wp\/v2\/users\/2"}],"replies":[{"embeddable":true,"href":"https:\/\/www.infokuryr.cz\/n\/wp-json\/wp\/v2\/comments?post=96993"}],"version-history":[{"count":0,"href":"https:\/\/www.infokuryr.cz\/n\/wp-json\/wp\/v2\/posts\/96993\/revisions"}],"wp:featuredmedia":[{"embeddable":true,"href":"https:\/\/www.infokuryr.cz\/n\/wp-json\/wp\/v2\/media\/96994"}],"wp:attachment":[{"href":"https:\/\/www.infokuryr.cz\/n\/wp-json\/wp\/v2\/media?parent=96993"}],"wp:term":[{"taxonomy":"category","embeddable":true,"href":"https:\/\/www.infokuryr.cz\/n\/wp-json\/wp\/v2\/categories?post=96993"},{"taxonomy":"post_tag","embeddable":true,"href":"https:\/\/www.infokuryr.cz\/n\/wp-json\/wp\/v2\/tags?post=96993"}],"curies":[{"name":"wp","href":"https:\/\/api.w.org\/{rel}","templated":true}]}}