{"id":96985,"date":"2026-01-15T05:23:07","date_gmt":"2026-01-15T04:23:07","guid":{"rendered":"https:\/\/www.infokuryr.cz\/n\/?p=96985"},"modified":"2026-01-15T05:23:07","modified_gmt":"2026-01-15T04:23:07","slug":"sest-zemi-vysle-sve-vojaky-do-gronska","status":"publish","type":"post","link":"https:\/\/www.infokuryr.cz\/n\/2026\/01\/15\/sest-zemi-vysle-sve-vojaky-do-gronska\/","title":{"rendered":"\u0160est zem\u00ed vy\u0161le sv\u00e9 voj\u00e1ky do Gr\u00f3nska"},"content":{"rendered":"<div id=\"fb-root\"><\/div>\n<p class=\"lead\"><strong><span dir=\"auto\">Francie, N\u011bmecko, \u0160v\u00e9dsko a Norsko vy\u0161lou voj\u00e1ky do Gr\u00f3nska uprost\u0159ed rostouc\u00edho nap\u011bt\u00ed ohledn\u011b americk\u00fdch n\u00e1rok\u016f na ostrov a hrozeb americk\u00e9ho prezidenta Donalda Trumpa.<\/span><\/strong><\/p>\n<p><span dir=\"auto\">Na pozv\u00e1n\u00ed D\u00e1nska vyslal Bundeswehr do Nuuku, hlavn\u00edho m\u011bsta Gr\u00f3nska, 13 voj\u00e1k\u016f. Podle n\u011bmeck\u00e9ho ministerstva obrany si Berl\u00edn klade za c\u00edl \u201eprozkoumat mo\u017enosti potenci\u00e1ln\u00edho vojensk\u00e9ho zapojen\u00ed do zaji\u0161t\u011bn\u00ed d\u00e1nsk\u00e9 bezpe\u010dnosti v regionu, nap\u0159\u00edklad v oblasti n\u00e1mo\u0159n\u00edho dohledu\u201c. Norsko vy\u0161le do Gr\u00f3nska dva voj\u00e1ky, \u0159ekl CNN mluv\u010d\u00ed ministerstva obrany.<\/span><\/p>\n<p><span dir=\"auto\">Agentura France Presse s odvol\u00e1n\u00edm na zdroj uv\u00e1d\u00ed, \u017ee Pa\u0159\u00ed\u017e se hodl\u00e1 z\u00fa\u010dastnit vojensk\u00e9 mise v Gr\u00f3nsku.<\/span><\/p>\n<p><span dir=\"auto\">\u0160v\u00e9dsko tak\u00e9 ozn\u00e1milo svou \u00fa\u010dast v evropsk\u00e9 vojensk\u00e9 misi. Premi\u00e9r\u00a0<\/span><strong><span dir=\"auto\">Ulf Kristersson<\/span><\/strong><span dir=\"auto\">\u00a0na soci\u00e1ln\u00ed s\u00edti X up\u0159esnil, \u017ee se j\u00ed \u00fa\u010dastn\u00ed i n\u011bkolik d\u016fstojn\u00edk\u016f \u0161v\u00e9dsk\u00fdch ozbrojen\u00fdch sil.<\/span><\/p>\n<p><em><span dir=\"auto\">\u201eSpole\u010dn\u011b p\u0159iprav\u00ed aktivity v r\u00e1mci d\u00e1nsk\u00e9ho cvi\u010den\u00ed Operace Arctic Guardian,\u201c<\/span><span class=\"after-quote\"><span dir=\"auto\"> \u201enapsal a dodal, \u017ee arm\u00e1da byla vysl\u00e1na na \u017e\u00e1dost D\u00e1nska.<\/span><\/span><\/em><\/p>\n<p><span dir=\"auto\">Koda\u0148 zase d\u0159\u00edve ozn\u00e1mila pos\u00edlen\u00ed sv\u00e9 vojensk\u00e9 p\u0159\u00edtomnosti v Gr\u00f3nsku \u2013 v souvislosti s cvi\u010den\u00edmi budou na ostrov nasazeny d\u00e1nsk\u00e9 ozbrojen\u00e9 s\u00edly a jednotky.<\/span><\/p>\n<p><em><span dir=\"auto\">\u201eTo povede ke zv\u00fd\u0161en\u00e9 vojensk\u00e9 p\u0159\u00edtomnosti v Gr\u00f3nsku a jeho okol\u00ed, v\u010detn\u011b letadel, lod\u00ed a voj\u00e1k\u016f, a to i od spojenc\u016f NATO,\u201c<\/span><span class=\"after-quote\"><span dir=\"auto\">\u00a0\u2013 uvedlo ve sv\u00e9m prohl\u00e1\u0161en\u00ed d\u00e1nsk\u00e9 ministerstvo obrany.<\/span><\/span><\/em><\/p>\n<p><span dir=\"auto\">Krom\u011b toho, jak informuje Politico s odvol\u00e1n\u00edm na zdroj, se cvi\u010den\u00ed \u00fa\u010dastn\u00ed voj\u00e1ci z Nizozemska a Kanady.<\/span><\/p>\n<p><span dir=\"auto\">Agentura Bloomberg d\u0159\u00edve s odvol\u00e1n\u00edm na sv\u00e9 zdroje informovala o z\u00e1m\u011bru N\u011bmecka vytvo\u0159it spole\u010dnou misi NATO pro monitorov\u00e1n\u00ed a ochranu bezpe\u010dnostn\u00edch z\u00e1jm\u016f v arktick\u00e9 oblasti. Agentura pot\u00e9 up\u0159esnila, \u017ee iniciativa by se mohla naz\u00fdvat \u201eArctic Guardian\u201c a m\u011bla by b\u00fdt inspirov\u00e1na jinou alian\u010dn\u00ed mis\u00ed \u201eBaltic Guardian\u201c, kter\u00e1 byla zah\u00e1jena p\u0159ed rokem na ochranu kritick\u00e9 infrastruktury v Baltsk\u00e9m mo\u0159i.<\/span><\/p>\n<p><span dir=\"auto\">C\u00edlem mise je pokusit se zm\u00edrnit nap\u011bt\u00ed se Spojen\u00fdmi st\u00e1ty kv\u016fli ambic\u00edm Washingtonu ohledn\u011b Gr\u00f3nska.<\/span><\/p>\n<p><span dir=\"auto\">Obavy o budoucnost ostrova se zes\u00edlily po Trumpov\u00fdch prohl\u00e1\u0161en\u00edch o nutnosti nastolit nad n\u00edm kontrolu. Opakovan\u011b hovo\u0159il o mo\u017en\u00e9m n\u00e1kupu Gr\u00f3nska a dokonce zva\u017eoval pou\u017eit\u00ed s\u00edly, proto\u017ee to pova\u017eoval za nezbytn\u00e9 pro n\u00e1rodn\u00ed bezpe\u010dnost USA. Trump tak\u00e9 tvrdil, \u017ee D\u00e1nsko nedostate\u010dn\u011b chr\u00e1n\u00ed region a umo\u017e\u0148uje aktivitu zahrani\u010dn\u00edch ponorek. Diplomat\u00e9 NATO a norsk\u00fd ministr zahrani\u010d\u00ed Espen Eide v\u0161ak Trumpova prohl\u00e1\u0161en\u00ed vyvr\u00e1tili.<\/span><\/p>\n<p><span dir=\"auto\">Nicm\u00e9n\u011b s odkazem na pot\u0159ebu chr\u00e1nit strategick\u00e9 z\u00e1jmy USA v Arktid\u011b a \u010delit rostouc\u00edm hrozb\u00e1m ze strany \u010c\u00edny a Ruska byl 12. ledna v americk\u00e9m Kongresu p\u0159edlo\u017een n\u00e1vrh z\u00e1kona, kter\u00fd navrhuje anexi Gr\u00f3nska a ud\u011blen\u00ed mu st\u00e1tnosti.<\/span><\/p>\n<p><span dir=\"auto\">N\u011bkolik evropsk\u00fdch zem\u00ed \u2013 Francie, Spojen\u00e9 kr\u00e1lovstv\u00ed, N\u011bmecko a It\u00e1lie \u2013 zd\u016fraznilo, \u017ee osud Gr\u00f3nska by m\u011bli rozhodnout jeho obyvatel\u00e9. Gr\u00f3nsk\u00fd premi\u00e9r\u00a0<\/span><strong><span dir=\"auto\">Jens-Frederik Nielsen<\/span><\/strong><span dir=\"auto\">\u00a0prohl\u00e1sil, \u017ee Gr\u00f3nsko nechce b\u00fdt sou\u010d\u00e1st\u00ed Spojen\u00fdch st\u00e1t\u016f a \u017ee si ostrov vyb\u00edr\u00e1 D\u00e1nsko. Trump reagoval slovy, \u017ee neochota Gr\u00f3nc\u016f st\u00e1t se sou\u010d\u00e1st\u00ed Spojen\u00fdch st\u00e1t\u016f je \u201ejejich probl\u00e9m\u201c.<\/span><\/p>\n<p><span dir=\"auto\">Gr\u00f3nsko je autonomn\u00ed \u00fazem\u00ed v r\u00e1mci D\u00e1nsk\u00e9ho kr\u00e1lovstv\u00ed. Do roku 1953 bylo Gr\u00f3nsko d\u00e1nskou koloni\u00ed, pot\u00e9 se stalo ned\u00edlnou sou\u010d\u00e1st\u00ed kr\u00e1lovstv\u00ed. V roce 1979 mu byla ud\u011blena autonomie a v roce 2009 roz\u0161\u00ed\u0159en\u00e1 autonomie, kter\u00e1 zakotvovala pr\u00e1vo na rozs\u00e1hlou samospr\u00e1vu.<\/span><\/p>\n<p><span dir=\"auto\">Zahrani\u010dn\u00ed politika, obrana a ot\u00e1zky ob\u010danstv\u00ed z\u016fst\u00e1vaj\u00ed v jurisdikci Kodan\u011b, ale Gr\u00f3nsko spravuje v\u011bt\u0161inu vnit\u0159n\u00edch z\u00e1le\u017eitost\u00ed, v\u010detn\u011b p\u0159\u00edrodn\u00edch zdroj\u016f, vzd\u011bl\u00e1v\u00e1n\u00ed, zdravotnictv\u00ed atd.<\/span><\/p>\n<p><span dir=\"auto\">Gr\u00f3nsko je pr\u00e1vn\u011b sou\u010d\u00e1st\u00ed d\u00e1nsk\u00e9 \u0159\u00ed\u0161e, ale je pova\u017eov\u00e1no za \u201eautonomn\u00ed \u00fazem\u00ed\u201c s pr\u00e1vem na sebeur\u010den\u00ed; ot\u00e1zku mo\u017en\u00e9 nez\u00e1vislosti lze form\u00e1ln\u011b vy\u0159e\u0161it pouze vz\u00e1jemnou dohodou mezi D\u00e1nskem a obyvateli ostrova.<\/span><\/p>\n<p><img decoding=\"async\" loading=\"lazy\" class=\"alignnone size-full wp-image-1185\" src=\"http:\/\/www.infokuryr.cz\/n\/wp-content\/uploads\/2021\/04\/kuryr-podpis.png\" alt=\"\" width=\"84\" height=\"24\" \/><\/p>\n<p>&nbsp;<\/p>\n","protected":false},"excerpt":{"rendered":"<p>Francie, N\u011bmecko, \u0160v\u00e9dsko a Norsko vy\u0161lou voj\u00e1ky do Gr\u00f3nska uprost\u0159ed rostouc\u00edho nap\u011bt\u00ed ohledn\u011b americk\u00fdch n\u00e1rok\u016f&#8230;<\/p>\n","protected":false},"author":2,"featured_media":96986,"comment_status":"closed","ping_status":"closed","sticky":false,"template":"","format":"standard","meta":[],"categories":[7],"tags":[80,283,10405],"_links":{"self":[{"href":"https:\/\/www.infokuryr.cz\/n\/wp-json\/wp\/v2\/posts\/96985"}],"collection":[{"href":"https:\/\/www.infokuryr.cz\/n\/wp-json\/wp\/v2\/posts"}],"about":[{"href":"https:\/\/www.infokuryr.cz\/n\/wp-json\/wp\/v2\/types\/post"}],"author":[{"embeddable":true,"href":"https:\/\/www.infokuryr.cz\/n\/wp-json\/wp\/v2\/users\/2"}],"replies":[{"embeddable":true,"href":"https:\/\/www.infokuryr.cz\/n\/wp-json\/wp\/v2\/comments?post=96985"}],"version-history":[{"count":0,"href":"https:\/\/www.infokuryr.cz\/n\/wp-json\/wp\/v2\/posts\/96985\/revisions"}],"wp:featuredmedia":[{"embeddable":true,"href":"https:\/\/www.infokuryr.cz\/n\/wp-json\/wp\/v2\/media\/96986"}],"wp:attachment":[{"href":"https:\/\/www.infokuryr.cz\/n\/wp-json\/wp\/v2\/media?parent=96985"}],"wp:term":[{"taxonomy":"category","embeddable":true,"href":"https:\/\/www.infokuryr.cz\/n\/wp-json\/wp\/v2\/categories?post=96985"},{"taxonomy":"post_tag","embeddable":true,"href":"https:\/\/www.infokuryr.cz\/n\/wp-json\/wp\/v2\/tags?post=96985"}],"curies":[{"name":"wp","href":"https:\/\/api.w.org\/{rel}","templated":true}]}}