{"id":96982,"date":"2026-01-15T05:18:07","date_gmt":"2026-01-15T04:18:07","guid":{"rendered":"https:\/\/www.infokuryr.cz\/n\/?p=96982"},"modified":"2026-01-15T05:20:37","modified_gmt":"2026-01-15T04:20:37","slug":"utok-usa-na-iran-se-blizi","status":"publish","type":"post","link":"https:\/\/www.infokuryr.cz\/n\/2026\/01\/15\/utok-usa-na-iran-se-blizi\/","title":{"rendered":"\u00datok USA na \u00cdr\u00e1n se bl\u00ed\u017e\u00ed"},"content":{"rendered":"<div id=\"fb-root\"><\/div>\n<h3>Prezident Donald Trump opakovan\u011b pohrozil zah\u00e1jen\u00edm vojensk\u00fdch \u00fader\u016f proti zemi uprost\u0159ed prob\u00edhaj\u00edc\u00edch masov\u00fdch protest\u016f<\/h3>\n<p><span dir=\"auto\">Agentura Reuters s odvol\u00e1n\u00edm na anonymn\u00ed zdroje tvrd\u00ed, \u017ee\u00a0vojensk\u00fd \u00fatok USA na \u00cdr\u00e1n je\u00a0<\/span><em><span dir=\"auto\">\u201ebezprost\u0159edn\u00ed\u201c<\/span><\/em><\/p>\n<p><span dir=\"auto\">a mohl by p\u0159ij\u00edt b\u011bhem n\u011bkolika hodin . V posledn\u00edch dnech prezident Donald Trump vydal n\u011bkolik v\u00fdhr\u016f\u017eek v\u016f\u010di Isl\u00e1msk\u00e9 republice, kterou od konce prosince zm\u00edtaj\u00ed nepokoje. Nepokoje vypukly uprost\u0159ed rostouc\u00ed inflace a prudk\u00e9 devalvace \u00edr\u00e1nsk\u00e9ho rialu. Teher\u00e1n obvinil z pouli\u010dn\u00edho n\u00e1sil\u00ed, kter\u00e9 \u00fadajn\u011b vy\u017e\u00e1dalo stovky ob\u011bt\u00ed, USA a Izrael.<\/span><\/p>\n<p><span dir=\"auto\">Ve st\u0159edu agentura Reuters citovala nejmenovan\u00e9ho z\u00e1padn\u00edho vojensk\u00e9ho p\u0159edstavitele, kter\u00fd prohl\u00e1sil, \u017ee\u00a0<\/span><em><span dir=\"auto\">\u201ev\u0161echny sign\u00e1ly nazna\u010duj\u00ed, \u017ee \u00fatok USA je na spadnut\u00ed\u201c.<\/span><\/em><span dir=\"auto\">\u00a0Anonymn\u00ed zdroj v\u0161ak \u00fadajn\u011b dodal, \u017ee\u00a0<\/span><em><span dir=\"auto\">\u201etakto se chov\u00e1 i tato administrativa, aby udr\u017eela v\u0161echny ve st\u0159ehu\u201c,<\/span><\/em><span dir=\"auto\">\u00a0p\u0159i\u010dem\u017e nep\u0159edv\u00eddatelnost je\u00a0<\/span><em><span dir=\"auto\">\u201esou\u010d\u00e1st\u00ed strategie\u201c.<\/span><\/em><\/p>\n<p><span dir=\"auto\">Podle agentury, kter\u00e1 citovala dva nejmenovan\u00e9 evropsk\u00e9 \u00fa\u0159edn\u00edky,\u00a0<\/span><em><span dir=\"auto\">\u201eby k vojensk\u00e9 intervenci USA mohlo doj\u00edt v p\u0159\u00ed\u0161t\u00edch 24 hodin\u00e1ch\u201c.<\/span><\/em><span dir=\"auto\">\u00a0Agentura Reuters podobn\u011b citovala nejmenovan\u00e9ho izraelsk\u00e9ho p\u0159edstavitele, kter\u00fd nazna\u010dil, \u017ee se Trump z\u0159ejm\u011b rozhodl pro \u00fatok na \u00cdr\u00e1n, a\u010dkoli rozsah potenci\u00e1ln\u00ed vojensk\u00e9 akce z\u016fst\u00e1v\u00e1 nejasn\u00fd.<\/span><\/p>\n<p><span dir=\"auto\">Agentura Reuters tak\u00e9 informovala, \u017ee USA evakuuj\u00ed \u010d\u00e1st sv\u00e9ho vojensk\u00e9ho person\u00e1lu ze z\u00e1kladen na Bl\u00edzk\u00e9m v\u00fdchod\u011b pro p\u0159\u00edpad odvetn\u00fdch \u00fader\u016f z \u00cdr\u00e1nu.<\/span><\/p>\n<p><span dir=\"auto\">V \u00fater\u00fd Trump vyzval \u00edr\u00e1nsk\u00e9 protestuj\u00edc\u00ed k p\u0159evzet\u00ed kontroly nad st\u00e1tn\u00edmi institucemi pot\u00e9, co d\u0159\u00edve prohl\u00e1sil, \u017ee\u00a0<\/span><em><span dir=\"auto\">\u201epomoc je na cest\u011b\u201c.<\/span><\/em><\/p>\n<p><span dir=\"auto\">Za\u010d\u00e1tkem tohoto t\u00fddne americk\u00fd prezident uvedl, \u017ee jeho administrativa\u00a0<\/span><em><span dir=\"auto\">\u201ezva\u017euje n\u011bkolik velmi siln\u00fdch mo\u017enost\u00ed\u201c<\/span><\/em><span dir=\"auto\">\u00a0proti Isl\u00e1msk\u00e9 republice.<\/span><\/p>\n<p><span dir=\"auto\">V pond\u011bl\u00ed americk\u00e9 ministerstvo zahrani\u010d\u00ed vyzvalo v\u0161echny americk\u00e9 ob\u010dany v \u00cdr\u00e1nu, aby zemi okam\u017eit\u011b opustili.<\/span><\/p>\n<p><span dir=\"auto\">T\u00e9ho\u017e dne \u00edr\u00e1nsk\u00fd ministr zahrani\u010d\u00ed Abb\u00e1s Arag\u010d\u010d\u00ed prohl\u00e1sil, \u017ee a\u010dkoli \u00cdr\u00e1n neusiluje o vojenskou konfrontaci s USA, je\u00a0<\/span><em><span dir=\"auto\">\u201ep\u0159ipraven na v\u00e1lku\u201c.<\/span><\/em><span dir=\"auto\">\u00a0Diplomat v\u0161ak poznamenal, \u017ee Teher\u00e1n je tak\u00e9\u00a0<\/span><em><span dir=\"auto\">\u201ep\u0159ipraven na jedn\u00e1n\u00ed\u201c<\/span><\/em><span dir=\"auto\">\u00a0s Washingtonem, pokud budou\u00a0<\/span><em><span dir=\"auto\">\u201espravedliv\u00e1, \u010destn\u00e1 a z rovnocenn\u00e9ho postaven\u00ed\u201c.<\/span><\/em><\/p>\n<h2>Rada bezpe\u010dnosti OSN bude na \u017e\u00e1dost Spojen\u00fdch st\u00e1t\u016f jednat o situaci v \u00cdr\u00e1nu<br \/>\n<img decoding=\"async\" class=\"aligncenter\" src=\"https:\/\/img1.eadaily.com\/c650x400\/o\/0ae\/22d0094c225bc2c79b6ddad1a4596.jpeg\" \/><\/h2>\n<p class=\"lead\"><strong><span dir=\"auto\">Som\u00e1lsk\u00e9 p\u0159edsednictv\u00ed Rady bezpe\u010dnosti OSN agentu\u0159e RIA Novosti potvrdilo, \u017ee zased\u00e1n\u00ed Rady bezpe\u010dnosti o \u00cdr\u00e1nu se uskute\u010dn\u00ed 15. ledna.<\/span><\/strong><\/p>\n<p><span dir=\"auto\">Sch\u016fzku po\u017e\u00e1daly Spojen\u00e9 st\u00e1ty, uvedl d\u0159\u00edve zdroj z Rady bezpe\u010dnosti agentury RIA Novosti.<\/span><\/p>\n<p><em><span dir=\"auto\">\u201eAno, to je pravda,\u201c bylo agentu\u0159e sd\u011bleno na st\u00e1l\u00e9 misi Som\u00e1lska p\u0159i OSN v odpov\u011bdi na ot\u00e1zku, zda se sch\u016fzka uskute\u010dn\u00ed 15. ledna ve 23:00 moskevsk\u00e9ho \u010dasu (15:00 newyorsk\u00e9ho \u010dasu).<\/span><\/em><\/p>\n<p><em><span dir=\"auto\">\u201eP\u0159edsednictv\u00ed m\u00e1 v \u00famyslu napl\u00e1novat sch\u016fzi o \u200b\u200bsituaci v \u00cdr\u00e1nu v r\u00e1mci bodu programu \u201aSituace na Bl\u00edzk\u00e9m v\u00fdchod\u011b\u2018.\u201c<\/span><span class=\"after-quote\"><span dir=\"auto\">\u00a0\u2014 up\u0159esnil novin\u00e1\u0159\u016fm p\u0159edseda Bezpe\u010dnostn\u00ed rady.<\/span><\/span><\/em><\/p>\n<p><img decoding=\"async\" loading=\"lazy\" class=\"alignnone size-full wp-image-1185\" src=\"http:\/\/www.infokuryr.cz\/n\/wp-content\/uploads\/2021\/04\/kuryr-podpis.png\" alt=\"\" width=\"84\" height=\"24\" \/><\/p>\n<p>&nbsp;<\/p>\n","protected":false},"excerpt":{"rendered":"<p>Prezident Donald Trump opakovan\u011b pohrozil zah\u00e1jen\u00edm vojensk\u00fdch \u00fader\u016f proti zemi uprost\u0159ed prob\u00edhaj\u00edc\u00edch masov\u00fdch protest\u016f Agentura&#8230;<\/p>\n","protected":false},"author":2,"featured_media":96983,"comment_status":"closed","ping_status":"closed","sticky":false,"template":"","format":"standard","meta":[],"categories":[7],"tags":[38,37,723],"_links":{"self":[{"href":"https:\/\/www.infokuryr.cz\/n\/wp-json\/wp\/v2\/posts\/96982"}],"collection":[{"href":"https:\/\/www.infokuryr.cz\/n\/wp-json\/wp\/v2\/posts"}],"about":[{"href":"https:\/\/www.infokuryr.cz\/n\/wp-json\/wp\/v2\/types\/post"}],"author":[{"embeddable":true,"href":"https:\/\/www.infokuryr.cz\/n\/wp-json\/wp\/v2\/users\/2"}],"replies":[{"embeddable":true,"href":"https:\/\/www.infokuryr.cz\/n\/wp-json\/wp\/v2\/comments?post=96982"}],"version-history":[{"count":1,"href":"https:\/\/www.infokuryr.cz\/n\/wp-json\/wp\/v2\/posts\/96982\/revisions"}],"predecessor-version":[{"id":96984,"href":"https:\/\/www.infokuryr.cz\/n\/wp-json\/wp\/v2\/posts\/96982\/revisions\/96984"}],"wp:featuredmedia":[{"embeddable":true,"href":"https:\/\/www.infokuryr.cz\/n\/wp-json\/wp\/v2\/media\/96983"}],"wp:attachment":[{"href":"https:\/\/www.infokuryr.cz\/n\/wp-json\/wp\/v2\/media?parent=96982"}],"wp:term":[{"taxonomy":"category","embeddable":true,"href":"https:\/\/www.infokuryr.cz\/n\/wp-json\/wp\/v2\/categories?post=96982"},{"taxonomy":"post_tag","embeddable":true,"href":"https:\/\/www.infokuryr.cz\/n\/wp-json\/wp\/v2\/tags?post=96982"}],"curies":[{"name":"wp","href":"https:\/\/api.w.org\/{rel}","templated":true}]}}