{"id":9697,"date":"2022-04-16T03:51:04","date_gmt":"2022-04-16T01:51:04","guid":{"rendered":"http:\/\/www.infokuryr.cz\/n\/?p=9697"},"modified":"2022-04-16T03:51:04","modified_gmt":"2022-04-16T01:51:04","slug":"ivan-david-rozdil-totalit-v-normalizaci-a-abnormalizaci","status":"publish","type":"post","link":"https:\/\/www.infokuryr.cz\/n\/2022\/04\/16\/ivan-david-rozdil-totalit-v-normalizaci-a-abnormalizaci\/","title":{"rendered":"Ivan David: Rozd\u00edl totalit v normalizaci a abnormalizaci"},"content":{"rendered":"<div id=\"fb-root\"><\/div>\n<header class=\"entry-header header-footer-group\">\n<div class=\"entry-header-inner section-inner medium\">\n<div class=\"intro-text section-inner max-percentage small\">\n<p><strong>V sou\u010dasn\u00e9m re\u017eimu zcela z\u00e1visl\u00e9m na bruselsk\u00e9m abnormaliza\u010dn\u00edm absurdist\u00e1nu \u017eivotn\u00ed \u00farove\u0148 st\u00e1le stejn\u011b jako d\u0159\u00edve zaost\u00e1v\u00e1 za dosud bohat\u00fdm Z\u00e1padem. Nav\u00edc v d\u016fsledku soub\u011bhu covidu s destruktivn\u00edmi opat\u0159en\u00edmi, s idiotsk\u00fdm Zelen\u00fdm \u00fad\u011blem, kter\u00fd \u017eivotn\u00edmu prost\u0159ed\u00ed nepom\u016f\u017ee, a s p\u0159ibli\u017euj\u00edc\u00edmi se n\u00e1sledky \u201eprotirusk\u00fdch sankc\u00ed\u201c, ani\u017e by byly zavedeny rusk\u00e9 sankce, s jistotou bude n\u00e1sledovat zhor\u0161ov\u00e1n\u00ed hospod\u00e1\u0159sk\u00e9 a n\u00e1sledn\u011b soci\u00e1ln\u00ed situace.<\/strong><\/p>\n<\/div>\n<\/div>\n<\/header>\n<div class=\"post-inner thin \">\n<div class=\"entry-content\">\n<p>V\u00a0roce 1970 udal cti\u017e\u00e1dostiv\u00fd a\u00a0nadan\u00fd spolu\u017e\u00e1k na\u0161i t\u0159\u00eddn\u00ed profesorku na gymn\u00e1ziu. Dostala okam\u017eitou v\u00fdpov\u011b\u010f. Kdy\u017e jsme ji pak nav\u0161t\u00edvili v\u00a0psychiatrick\u00e9 l\u00e9\u010debn\u011b, kde se zotavovala z\u00a0t\u00e9to \u017eivotn\u00ed ud\u00e1losti, \u0159ekla n\u00e1m, \u017ee obsahem dopisu oznamovatele na p\u0159\u00edslu\u0161n\u00e1 m\u00edsta bylo zejm\u00e9na tvrzen\u00ed, \u017ee n\u00e1s soudru\u017eka t\u0159\u00eddn\u00ed nevyu\u010duje v\u00a0duchu marxismu-leninismu. Byl jsem pr\u00e1v\u011b p\u0159edsedou t\u0159\u00eddy, a\u00a0tak jsem se sna\u017eil \u010delit n\u00e1padu horkokrevn\u00e9ho spolu\u017e\u00e1ka \u0159eck\u00e9 n\u00e1rodnosti, kter\u00fd se nab\u00edzel, \u017ee udava\u010de pod\u0159\u00edzne a\u00a0sou\u010dasn\u011b jsem hledal v\u00fdchodisko z\u00a0bezradnosti sv\u00e9 a\u00a0spolu\u017e\u00e1k\u016f. Vymysleli jsme s\u00a0n\u011bkolika dal\u0161\u00edmi, \u017ee iniciativn\u00edho oznamovatele budeme kolektivn\u011b ignorovat, a\u00a0t\u00edm ho vylou\u010d\u00edme ze slu\u0161n\u00e9 spole\u010dnosti. Dopadlo to ov\u0161em tak, \u017ee nemnoz\u00ed ho ignorovali, zat\u00edmco jin\u00ed pr\u00e1v\u011b naopak.<\/p>\n<p><span style=\"font-size: 18pt;\"><strong>Vstali nov\u00ed udava\u010di a\u00a0nov\u00fd re\u017eim je pot\u0159ebuje k\u00a0p\u0159e\u017eit\u00ed<\/strong><\/span><\/p>\n<p>Seznam-Zpr\u00e1vy n\u00e1s dnes laskav\u011b informoval, \u017ee \u010de\u0161tin\u00e1\u0159ka pan\u00ed Bedn\u00e1\u0159ov\u00e1 vykl\u00e1dala d\u00edtk\u00e1m v\u00a0osm\u00e9 t\u0159id\u011b svoji interpretaci ud\u00e1lost\u00ed na Ukrajin\u011b, kter\u00e1 se \u010d\u00e1ste\u010dn\u011b podob\u00e1 racion\u00e1ln\u00edmu v\u00fdkladu, ale podcenila plody v\u00fdchovy nov\u00e9ho \u010dlov\u011bka doby abnorm\u00e1ln\u00ed, byla zachycena elektronicky a\u00a0nahl\u00e1\u0161ena na p\u0159\u00edslu\u0161n\u00e1 m\u00edsta. Abnormaliza\u010dn\u00ed port\u00e1l Seznam zpr\u00e1vy se obr\u00e1til na \u00fadajn\u00e9ho pedagogick\u00e9ho experta Kartouze, kter\u00fd je sou\u010dasn\u011b tv\u00e1\u0159\u00ed (ksichtem) nahla\u0161ovatel\u016f tzv.\u00a0\u201e\u010cesk\u00fdch elf\u016f\u201c. Ten odhalil, \u017ee ta Bedn\u00e1\u0159ov\u00e1 je pod vlivem \u201edezinforma\u010dn\u00edch zdroj\u016f\u201c. Redaktorka Cirokov\u00e1 z\u00a0informa\u010dn\u00edho zdroje Seznam-Zpr\u00e1vy n\u00e1m zprost\u0159edkovala, co bylo d\u00e1l.<\/p>\n<p>Zat\u00edmco \u0159editel na\u0161eho gymn\u00e1zia, kter\u00fd se zapletl s\u00a0obrodn\u00fdm procesem, byl znechucen, \u017ee mus\u00ed \u0159e\u0161it ud\u00e1n\u00ed tehdy sotva slu\u010diteln\u00e9 se setrv\u00e1n\u00edm v\u00a0zam\u011bstn\u00e1n\u00ed, \u0159editelka Z\u0160 Riedlov\u00e1 naopak prok\u00e1zala bd\u011blost a\u00a0rozhodnost a\u00a0u\u010ditelku Bedn\u00e1\u0159ovou vyhodila na hodinu bez v\u00e1h\u00e1n\u00ed. Zat\u00edmco \u0159editel gymn\u00e1zia m\u011bl ohro\u017eenou budoucnost a\u00a0tak\u00e9 byl z\u00e1hy odejit a\u00a0nahrazen perspektivn\u00edm k\u00e1drem, \u0159editelka Riedlov\u00e1 m\u00e1 z\u0159ejm\u011b p\u0159ed sebou budoucnost sv\u011btlou. Zat\u00edmco jsme na gymn\u00e1ziu m\u011bli nezprost\u0159edkovanou zku\u0161enost s\u00a0\u201epolednov\u00fdm v\u00fdvojem\u201c, \u201eobrodn\u00fdm procesem\u201c, \u201ebratrskou pomoc\u00ed\u201c a\u00a0posrpnov\u00fdm v\u00fdvojem, d\u011bti\u010dky v\u00a0z\u00e1kladn\u00ed \u0161kole znaj\u00ed v\u00e1lku na Ukrajin\u011b zprost\u0159edkovan\u011b z\u00a0vypr\u00e1v\u011bn\u00ed, zejm\u00e9na ze schv\u00e1len\u00e9ho narativu. P\u0159esto prok\u00e1zaly, \u017ee nov\u00fd \u010dlov\u011bk se zase u\u017e rod\u00ed, mo\u017en\u00e1 nadan\u00fd a\u00a0ur\u010dit\u011b cti\u017e\u00e1dostiv\u00fd. Jen ta \u010dest, j\u00ed\u017e je \u017e\u00e1dostiv, je pon\u011bkud pochybn\u00e1.<\/p>\n<p><span style=\"font-size: 18pt;\"><strong>Mohlo by se zd\u00e1t, \u017ee mezi totalitou normaliza\u010dn\u00ed a\u00a0abnormaliza\u010dn\u00ed rozd\u00edl nen\u00ed<\/strong><\/span><\/p>\n<p>Rozd\u00edl ale je. Vid\u00edm ho v\u00a0tom, \u017ee tvrd\u00e9 sankce za projevy jin\u00fdch n\u00e1zor\u016f b\u011bhem sedmdes\u00e1t\u00fdch a\u00a0zejm\u00e9na \u00a0osmdes\u00e1t\u00fdch let se postupn\u011b m\u00edrnily a\u017e mizely, zat\u00edmco nyn\u00ed rychle nar\u016fstaj\u00ed a\u00a0represivn\u00ed apar\u00e1t se dobudov\u00e1v\u00e1. P\u0159ed \u010dty\u0159iceti lety vznikaly tzv.\u00a0\u201eneform\u00e1ln\u00ed skupiny\u201c, tedy spolky aktivist\u016f mimo ofici\u00e1ln\u00ed struktury \u201en\u00e1rodn\u00ed fronty\u201c a\u00a0re\u017eim to nezvl\u00e1dal. \u00a0Pamatuji se, \u017ee za p\u0159ednostou na\u0161\u00ed kliniky p\u0159i\u0161li dva mu\u017ei typick\u00e9ho vzhledu a\u00a0dom\u00e1hali se vpu\u0161t\u011bn\u00ed do jeho pracovny. P\u0159ednosta byl samoz\u0159ejm\u011b \u010dlenem KS\u010c ale tak\u00e9 nositel \u0158\u00e1du pr\u00e1ce. Byl v\u0161ak pragmatick\u00fd. Jednou na porad\u011b \u0159ekl: \u201ePolitiku si tu mus\u00edme d\u011blat sami, jinak n\u00e1m sem dodaj\u00ed n\u011bjakou komisa\u0159ku a\u00a0budeme muset podle n\u00ed sk\u00e1kat.\u201c Pan profesor ty mu\u017ee do sv\u00e9 pracovny nevpustil. \u0158ekl, \u017ee jejich dotaz lze vy\u0159e\u0161it p\u0159\u00edmo v\u00a0sekretari\u00e1tu, kde byli krom\u011b sekret\u00e1\u0159ky dal\u0161\u00ed zam\u011bstnanci. Jeden z\u00a0p\u0159\u00edslu\u0161n\u00edk\u016f se tedy p\u0159iznal, \u017ee by pot\u0159ebovali odborn\u011b poradit, proto\u017ee vznikaj\u00ed st\u00e1le dal\u0161\u00ed neform\u00e1ln\u00ed skupiny a\u00a0oni nev\u011bd\u00ed co s\u00a0nimi. Pan profesor \u0159ekl: \u201ePorad\u00edm v\u00e1m ze zku\u0161enosti, ned\u011blejte s\u00a0nimi v\u016fbec nic, proto\u017ee, pokud je budete potla\u010dovat, bude jich \u010d\u00edm d\u00e1l v\u00edc.\u201c P\u0159\u00edslu\u0161n\u00edci chv\u00edli st\u00e1li v\u00a0n\u011bm\u00e9m \u00fa\u017easu a\u00a0pak chvatn\u011b opustili sekretari\u00e1t.<\/p>\n<p>Za \u201enormalizace\u201c se tlak re\u017eimu postupn\u011b m\u00edrnil a\u00a0s\u00a0t\u00edm rostla aktivita oponent\u016f. Bez zahrani\u010dn\u00edho vlivu a\u00a0chuti mnoh\u00fdch re\u017eimn\u00edch funkcion\u00e1\u0159\u016f zam\u011bnit relativn\u011b skromn\u00fd \u017eivot papal\u00e1\u0161\u016f za tu\u010dn\u00e9 zisky privatiz\u00e1tor\u016f by sametov\u00fd listopad pravd\u011bpodobn\u011b prob\u011bhl mnohem pozd\u011bji. Naproti tomu sou\u010dasn\u00fd abnormaliza\u010dn\u00ed re\u017eim se naopak rychle vyv\u00edj\u00ed sm\u011brem k\u00a0utu\u017eov\u00e1n\u00ed a\u00a0p\u0159itvrzov\u00e1n\u00ed sankc\u00ed s\u00a0podporou udava\u010dsk\u00fdch iniciativ a\u00a0elektronick\u00fdch koni\u00e1\u0161\u016f.<\/p>\n<p><span style=\"font-size: 18pt;\"><strong>Vnucuje se ot\u00e1zka pro\u010d<\/strong><\/span><\/p>\n<p>Pro\u010d tomu tak je? Nab\u00edz\u00edm jednoduchou hypot\u00e9zu. Na po\u010d\u00e1tku normalizace v\u011bt\u0161ina ob\u010dan\u016f re\u017eim nen\u00e1vid\u011bla, nebo\u0165 v\u00a0\u201ebratrsk\u00e9 pomoci\u201c sp\u0159\u00e1telen\u00fdch arm\u00e1d vid\u011bla svoje zma\u0159en\u00e9 nad\u011bje. \u017divotn\u00ed \u00farove\u0148 v\u0161ak v\u00a0n\u00e1sleduj\u00edc\u00edch letech p\u0159ece jen rostla, a\u010dkoli st\u00e1le v\u00edce zaost\u00e1vala za bohat\u00fdm Z\u00e1padem, co\u017e ob\u010dan\u00e9 p\u0159ece jen vid\u011bli. Sou\u010dasn\u011b si velmi mnoz\u00ed lid\u00e9 vytvo\u0159ili v\u00a0nov\u00e9m re\u017eimu nov\u00e9 kari\u00e9ry a\u00a0budoucnost je v\u017edy nejist\u00e1, na\u010d ji ohro\u017eovat? V\u00a0sou\u010dasn\u00e9m re\u017eimu zcela z\u00e1visl\u00e9m na bruselsk\u00e9m abnormaliza\u010dn\u00edm absurdist\u00e1nu \u017eivotn\u00ed \u00farove\u0148 st\u00e1le stejn\u011b jako d\u0159\u00edve zaost\u00e1v\u00e1 za dosud bohat\u00fdm Z\u00e1padem. Nav\u00edc v\u00a0d\u016fsledku soub\u011bhu covidu s\u00a0destruktivn\u00edmi opat\u0159en\u00edmi, s\u00a0idiotsk\u00fdm Zelen\u00fdm \u00fad\u011blem, kter\u00fd \u017eivotn\u00edmu prost\u0159ed\u00ed nepom\u016f\u017ee, a\u00a0s\u00a0p\u0159ibli\u017euj\u00edc\u00edmi se n\u00e1sledky \u201eprotirusk\u00fdch sankc\u00ed\u201c, ani\u017e by byly zavedeny rusk\u00e9 sankce, s\u00a0jistotou bude n\u00e1sledovat zhor\u0161ov\u00e1n\u00ed hospod\u00e1\u0159sk\u00e9 a\u00a0n\u00e1sledn\u011b soci\u00e1ln\u00ed situace. Krom\u011b v\u017edy nejist\u00e9 budoucnosti m\u00e1 p\u0159\u00edli\u0161 mnoho lid\u00ed nejistou u\u017e i\u00a0sou\u010dasnost. Zat\u00edmco m\u00e9n\u011b ch\u00e1pav\u00ed politi\u010dt\u00ed p\u0159edstavitel\u00e9 po\u010d\u00edtaj\u00ed s\u00a0\u00fasp\u011bchem (Petr Fiala dokonce p\u00ed\u0161e o\u00a0\u201ev\u00fdslun\u00ed\u201c), ti byst\u0159ej\u0161\u00ed vid\u00ed svoji nad\u011bji v\u00a0cenzu\u0159e a\u00a0potla\u010dov\u00e1n\u00ed politick\u00fdch oponent\u016f. A\u00a0to tempem, kter\u00e9 m\u00e1 dr\u017eet krok se zdra\u017eov\u00e1n\u00edm, inflac\u00ed a\u00a0soci\u00e1ln\u00edmi d\u016fsledky.<\/p>\n<p>Proto za normalizace totalita m\u011bkla, nyn\u00ed p\u0159itvrzuje. Jestli se nov\u00e9mu re\u017eimu poda\u0159\u00ed spole\u010dnost udr\u017eet v\u00a0\u00fazkostn\u00e9m klidu, nen\u00ed zdaleka jasn\u00e9.<\/p>\n<p>Kontroverzn\u00ed \u010dl\u00e1nek:\u00a0 <a href=\"https:\/\/www.seznamzpravy.cz\/clanek\/porady-teren-v-kyjeve-se-nic-nedeje-tvrdila-ucitelka-deti-ji-tajne-nahraly-prijde-o-praci-198415\">ZDE<\/a><\/p>\n<p>MUDr. Ivan David, CSc.<\/p>\n<p><img decoding=\"async\" loading=\"lazy\" class=\"alignnone size-medium wp-image-922\" src=\"http:\/\/www.infokuryr.cz\/n\/wp-content\/uploads\/2021\/04\/Ivan-David-1-222x300.jpg\" alt=\"\" width=\"222\" height=\"300\" srcset=\"https:\/\/www.infokuryr.cz\/n\/wp-content\/uploads\/2021\/04\/Ivan-David-1-222x300.jpg 222w, https:\/\/www.infokuryr.cz\/n\/wp-content\/uploads\/2021\/04\/Ivan-David-1.jpg 466w\" sizes=\"(max-width: 222px) 100vw, 222px\" \/><\/p>\n<p>&nbsp;<\/p>\n<\/div>\n<\/div>\n","protected":false},"excerpt":{"rendered":"<p>V sou\u010dasn\u00e9m re\u017eimu zcela z\u00e1visl\u00e9m na bruselsk\u00e9m abnormaliza\u010dn\u00edm absurdist\u00e1nu \u017eivotn\u00ed \u00farove\u0148 st\u00e1le stejn\u011b jako d\u0159\u00edve&#8230;<\/p>\n","protected":false},"author":2,"featured_media":9698,"comment_status":"closed","ping_status":"closed","sticky":false,"template":"","format":"standard","meta":[],"categories":[6],"tags":[63,245,94,2205,2127],"_links":{"self":[{"href":"https:\/\/www.infokuryr.cz\/n\/wp-json\/wp\/v2\/posts\/9697"}],"collection":[{"href":"https:\/\/www.infokuryr.cz\/n\/wp-json\/wp\/v2\/posts"}],"about":[{"href":"https:\/\/www.infokuryr.cz\/n\/wp-json\/wp\/v2\/types\/post"}],"author":[{"embeddable":true,"href":"https:\/\/www.infokuryr.cz\/n\/wp-json\/wp\/v2\/users\/2"}],"replies":[{"embeddable":true,"href":"https:\/\/www.infokuryr.cz\/n\/wp-json\/wp\/v2\/comments?post=9697"}],"version-history":[{"count":0,"href":"https:\/\/www.infokuryr.cz\/n\/wp-json\/wp\/v2\/posts\/9697\/revisions"}],"wp:featuredmedia":[{"embeddable":true,"href":"https:\/\/www.infokuryr.cz\/n\/wp-json\/wp\/v2\/media\/9698"}],"wp:attachment":[{"href":"https:\/\/www.infokuryr.cz\/n\/wp-json\/wp\/v2\/media?parent=9697"}],"wp:term":[{"taxonomy":"category","embeddable":true,"href":"https:\/\/www.infokuryr.cz\/n\/wp-json\/wp\/v2\/categories?post=9697"},{"taxonomy":"post_tag","embeddable":true,"href":"https:\/\/www.infokuryr.cz\/n\/wp-json\/wp\/v2\/tags?post=9697"}],"curies":[{"name":"wp","href":"https:\/\/api.w.org\/{rel}","templated":true}]}}