{"id":96969,"date":"2026-01-15T04:57:03","date_gmt":"2026-01-15T03:57:03","guid":{"rendered":"https:\/\/www.infokuryr.cz\/n\/?p=96969"},"modified":"2026-01-15T04:57:03","modified_gmt":"2026-01-15T03:57:03","slug":"uriel-araujo-muze-rusko-zachranit-gronsko-a-evropu-uprostred-americkych-hrozeb","status":"publish","type":"post","link":"https:\/\/www.infokuryr.cz\/n\/2026\/01\/15\/uriel-araujo-muze-rusko-zachranit-gronsko-a-evropu-uprostred-americkych-hrozeb\/","title":{"rendered":"Uriel Araujo: M\u016f\u017ee Rusko zachr\u00e1nit Gr\u00f3nsko a Evropu uprost\u0159ed americk\u00fdch hrozeb?"},"content":{"rendered":"<div id=\"fb-root\"><\/div>\n<p><strong>Trumpovy hrozby v\u016f\u010di Gr\u00f3nsku odhalily hlubok\u00e9 rozpory v NATO a urychlily hled\u00e1n\u00ed strategick\u00fdch alternativ v Evrop\u011b. Zat\u00edmco l\u00edd\u0159i EU zva\u017euj\u00ed mo\u017enosti autonomn\u00ed obrany a energetick\u00e9 bezpe\u010dnosti, Rusko se znovu objevuje jako potenci\u00e1ln\u00ed stabiliza\u010dn\u00ed faktor prost\u0159ednictv\u00edm spolupr\u00e1ce v Arktid\u011b, energetick\u00e9 diplomacie a dokonce i o\u017eiven\u00ed plynovodu Nord Stream.<\/strong><\/p>\n<p><span dir=\"auto\">Bl\u00ed\u017e\u00edme se k okam\u017eiku, kdy by se Rusko mohlo st\u00e1t garantem stability pro Gr\u00f3nsko a Evropu jako celek? Je\u0161t\u011b doned\u00e1vna by i polo\u017een\u00ed takov\u00e9 ot\u00e1zky zn\u011blo \u201eabsurdn\u011b\u201c. Dnes je situace jin\u00e1.<\/span><\/p>\n<p><span dir=\"auto\">Transatlantick\u00fd \u0159\u00e1d se hrout\u00ed pod t\u00edhou vlastn\u00edch rozpor\u016f. Obnoven\u00e9 hrozby Donalda Trumpa v\u016f\u010di Gr\u00f3nsku odhalily nejen pr\u00e1vn\u00ed a diplomatick\u00e9 minov\u00e9 pole, ale tak\u00e9 strategick\u00e9 vakuum v j\u00e1dru NATO. Aliance se z\u0159\u00eddka hrout\u00ed form\u00e1ln\u00edmi deklaracemi; rozpadaj\u00ed se kv\u016fli paradoxy a Gr\u00f3nsko se m\u016f\u017ee st\u00e1t jedn\u00edm z nich.<\/span><\/p>\n<p><span dir=\"auto\">Trump\u016fv jazyk je jako obvykle p\u0159\u00edmo\u010dar\u00fd. Trv\u00e1 na tom, \u017ee Gr\u00f3nsko je pro bezpe\u010dnost USA \u017eivotn\u011b d\u016fle\u017eit\u00e9 a mus\u00ed b\u00fdt \u201evlastn\u011bno\u201c nebo jinak pevn\u011b pod kontrolou Washingtonu, \u201e\u00a0<\/span><a href=\"https:\/\/www.nbcnews.com\/world\/greenland\/trump-us-take-greenland-denmark-china-russia-europe-arctic-defense-rcna253546\"><span dir=\"auto\">tak \u010di onak<\/span><\/a><span dir=\"auto\">\u00a0\u201c. Gr\u00f3nsk\u00fd premi\u00e9r\u00a0<\/span><a href=\"https:\/\/www.bbc.com\/news\/articles\/c4g3kw5ezepo\"><span dir=\"auto\">reagoval<\/span><\/a><span dir=\"auto\">\u00a0stejn\u011b jasn\u011b: \u201eVol\u00edme D\u00e1nsko p\u0159ed USA.\u201c Koda\u0148, podporovan\u00e1 n\u011bkolika evropsk\u00fdmi metropolemi, nyn\u00ed z\u0159ejm\u011b nevn\u00edm\u00e1 tuto z\u00e1le\u017eitost jako provokaci, ale jako existen\u010dn\u00ed hrozbu. Evropsk\u00fd komisa\u0159 Andrius Kubilius \u0161el je\u0161t\u011b d\u00e1l a\u00a0<\/span><a href=\"https:\/\/www.reuters.com\/business\/aerospace-defense\/european-commissioner-says-us-military-takeover-greenland-would-be-end-nato-2026-01-12\/\"><span dir=\"auto\">varoval<\/span><\/a><span dir=\"auto\">\u00a0, \u017ee vojensk\u00e9 p\u0159evzet\u00ed Gr\u00f3nska americkou arm\u00e1dou by znamenalo \u201ekonec NATO\u201c.<\/span><\/p>\n<p><span dir=\"auto\">Jak jsem ji\u017e\u00a0<\/span><a href=\"https:\/\/www.globalresearch.ca\/how-nato-ends-not-retreat-greenland-intervention\/5911977\"><span dir=\"auto\">poznamenal<\/span><\/a><span dir=\"auto\">\u00a0, nejde jen o p\u0159ehnanou r\u00e9toriku. Pokud by D\u00e1nsko uplatnilo \u010dl\u00e1nek 5 NATO proti jin\u00e9mu \u010dlenovi NATO, skute\u010dn\u011b by to vytvo\u0159ilo absurditu, kter\u00e1 by alianci ukon\u010dila. Spojenci by byli po\u017e\u00e1d\u00e1ni, aby br\u00e1nili jednoho \u010dlena proti druh\u00e9mu, \u010d\u00edm\u017e by klauzule o kolektivn\u00ed obran\u011b ztratila smysl.<\/span><\/p>\n<p><a href=\"https:\/\/infobrics.org\/en\/post\/62989\/\"><span dir=\"auto\">Tvrdil<\/span><\/a><span dir=\"auto\">\u00a0jsem\u00a0, \u017ee Arktida, nikoli Ukrajina, by se mohla st\u00e1t d\u011bji\u0161t\u011bm dal\u0161\u00ed konfrontace mezi Ruskem a Z\u00e1padem. Nyn\u00ed, kupodivu, m\u016f\u017eeme b\u00fdt sv\u011bdky konfrontace mezi Amerikou a Evropou. V \u00fanoru 2025 jsem\u00a0<\/span><a href=\"https:\/\/www.globalresearch.ca\/europe-us-now-enemies\/5880832\"><span dir=\"auto\">zd\u016fraznil<\/span><\/a><span dir=\"auto\">\u00a0, \u017ee mezi Spojen\u00fdmi st\u00e1ty a jejich evropsk\u00fdmi \u201epartnery\u201c existuje skute\u010dn\u00e9 nep\u0159\u00e1telstv\u00ed, by\u0165 jen\u00a0<\/span><a href=\"https:\/\/www.globalresearch.ca\/us-shift-burden-ukraine-european-colonies\/5868345\"><span dir=\"auto\">koloni\u00e1ln\u00edm<\/span><\/a><span dir=\"auto\">\u00a0zp\u016fsobem. Ned\u00e1vn\u00fd v\u00fdvoj by m\u011bl znamenat kritick\u00fd bod zlomu pro evropskou bezpe\u010dnostn\u00ed architekturu a jej\u00ed pod\u0159\u00edzen\u00fd vztah s Washingtonem.<\/span><\/p>\n<p><span dir=\"auto\">Trumpovi obh\u00e1jci, a dokonce i kritici, \u010dasto trvaj\u00ed na tom, \u017ee jeho hrozby jsou pouhou vyjedn\u00e1vac\u00ed taktikou, co\u017e \u010dasto i je, stejn\u011b jako se celn\u00ed varov\u00e1n\u00ed pou\u017e\u00edvaj\u00ed k z\u00edsk\u00e1n\u00ed p\u00e1ky. Ka\u017edop\u00e1dn\u011b re\u00e1ln\u00e1 invaze do Venezuely podporovan\u00e1 USA a ohromuj\u00edc\u00ed \u00fanos prezidenta Nicol\u00e1se Madura znamenaj\u00ed, \u017ee odm\u00edt\u00e1n\u00ed Trumpovy r\u00e9toriky jako ne\u0161kodn\u00e9 bravury nen\u00ed rozumnou anal\u00fdzou.<\/span><\/p>\n<p><span dir=\"auto\">Nen\u00ed divu, \u017ee se evropsk\u00e9 vl\u00e1dy zdr\u00e1haj\u00ed. St\u00e1ty Evropsk\u00e9 unie nyn\u00ed\u00a0<a href=\"https:\/\/euobserver.com\/eu-and-the-world\/ar2e50da01\">v reakci<\/a>\u00a0na nestabilitu v Arktid\u011b\u00a0<\/span><a href=\"https:\/\/www.ms.now\/news\/trump-greenland-european-union-military\"><span dir=\"auto\">zva\u017euj\u00ed<\/span><\/a><span dir=\"auto\">\u00a0uplatn\u011bn\u00ed\u00a0<\/span><a href=\"https:\/\/www.eeas.europa.eu\/sites\/default\/files\/documents\/Article%2042%287%29%20TEU%20-The%20EU%27s%20mutual%20assistance%20clause.pdf\"><span dir=\"auto\">\u010dl\u00e1nku 42.7<\/span><\/a><span dir=\"auto\">\u00a0Smlouvy o EU, tedy dolo\u017eky o vz\u00e1jemn\u00e9 obran\u011b .<\/span><\/p>\n<p><span dir=\"auto\">Na rozd\u00edl od NATO \u010dl\u00e1nek 42.7 umo\u017e\u0148uje dobrovoln\u00e9 p\u0159\u00edsp\u011bvky, co\u017e umo\u017e\u0148uje vytv\u00e1\u0159en\u00ed ad hoc koalic bez jednomyslnosti. D\u00e1nsko by tak mohlo po\u017e\u00e1dat o pomoc a st\u00e1ty EU by mohly reagovat selektivn\u011b. Zat\u00edm se jedn\u00e1 o rezervn\u00ed pl\u00e1n, ale signalizuje to hlub\u0161\u00ed posun: Evropa se p\u0159ipravuje na bezpe\u010dnostn\u00ed prost\u0159ed\u00ed, v n\u011bm\u017e jsou USA vn\u00edm\u00e1ny jako hrozba a nep\u0159\u00edtel.<\/span><\/p>\n<p><a href=\"https:\/\/www.euronews.com\/my-europe\/2025\/11\/17\/eu-countries-should-have-have-multiple-security-guarantees-beyond-article-5-kubilius-says\"><span dir=\"auto\">P\u0159esto i tato z\u00e1ruka<\/span><\/a><span dir=\"auto\">\u00a0zalo\u017een\u00e1 na EU z\u016fst\u00e1v\u00e1 k\u0159ehk\u00e1. Jak\u00a0<a href=\"https:\/\/verfassungsblog.de\/greenland-nato-eu\/\">poznamen\u00e1v\u00e1<\/a>\u00a0Steven Blockmans (vedouc\u00ed pracovn\u00edk ICDS\u00a0<\/span><a href=\"https:\/\/icds.ee\/en\/\"><span dir=\"auto\">)<\/span><\/a><span dir=\"auto\">\u00a0,\u00a0\u010dl\u00e1nek 42.7 riskuje sp\u00ed\u0161e symbolick\u00e1 gesta ne\u017e skute\u010dn\u00e9 odstra\u0161en\u00ed. N\u011bkter\u00e9 st\u00e1ty se mohou rozhodnout pro ne\u00fa\u010dast z neutrality nebo politick\u00fdch d\u016fvod\u016f, zat\u00edmco spol\u00e9h\u00e1n\u00ed se na koalice zahrnuj\u00edc\u00ed nap\u0159\u00edklad Spojen\u00e9 kr\u00e1lovstv\u00ed, Norsko nebo\u00a0<a href=\"https:\/\/www.globalresearch.ca\/nato-sidelining-turkey-alliance\/5892956\">Turecko<\/a>\u00a0by d\u00e1le odhalilo limity autonomn\u00ed obrany Evropy.<\/span><\/p>\n<p><span dir=\"auto\">V t\u00e9to souvislosti vyvst\u00e1v\u00e1 ot\u00e1zka: mohlo by Rusko zas\u00e1hnout, nikoli jako protivn\u00edk, ale jako stabilizuj\u00edc\u00ed faktor?<\/span><\/p>\n<p><span dir=\"auto\">Francouzsk\u00fd prezident Emmanuel Macron a italsk\u00e1 premi\u00e9rka Giorgia Meloni\u00a0<\/span><a href=\"https:\/\/www.politico.eu\/article\/italy-giorgia-meloni-calls-for-europe-to-talk-to-russia\/\"><span dir=\"auto\">nal\u00e9hali na<\/span><\/a><span dir=\"auto\">\u00a0Evropu, aby znovu otev\u0159ela komunikaci s Moskvou, p\u0159i\u010dem\u017e Meloni dokonce navrhla vysl\u00e1n\u00ed zvl\u00e1\u0161tn\u00edho vyslance EU. Jejich postoj odr\u00e1\u017e\u00ed st\u0159\u00edzliv\u00fd \u00fasudek: Evropa nem\u016f\u017ee donekone\u010dna n\u00e9st n\u00e1kladnou z\u00e1stupnou v\u00e1lku na Ukrajin\u011b (jej\u00ed\u017e b\u0159emeno se Washington st\u00e1le v\u00edce sna\u017e\u00ed p\u0159esunout\u00a0<\/span><a href=\"https:\/\/www.globalresearch.ca\/us-shift-burden-ukraine-european-colonies\/5868345\"><span dir=\"auto\">na<\/span><\/a><span dir=\"auto\">\u00a0evropsk\u00e1 bedra), zat\u00edmco se americk\u00fd \u201espojenec\u201c chov\u00e1 nep\u0159edv\u00eddateln\u011b a hroziv\u011b.<\/span><\/p>\n<p><a href=\"https:\/\/www.globalresearch.ca\/western-economic-warfare-backfired-new-depression-likely-come\/5795163\"><span dir=\"auto\">Energie<\/span><\/a><span dir=\"auto\">\u00a0je nejz\u0159ejm\u011bj\u0161\u00edm vstupn\u00edm bodem. Evropa sn\u00ed\u017eila pod\u00edl rusk\u00e9ho plynu ve sv\u00e9m energetick\u00e9m mixu, ale st\u00e1le je na n\u011bm z\u00e1visl\u00e1. Americk\u00fd LNG \u010d\u00e1st mezery zaplnil, za vy\u0161\u0161\u00ed cenu a se strategick\u00fdmi podm\u00ednkami. Pokud by se transatlantick\u00e9 vztahy d\u00e1le zhor\u0161ily kv\u016fli Gr\u00f3nsku, Moskva by mohla nab\u00eddnout slevy na dod\u00e1vky, aby stabilizovala evropsk\u00e9 trhy a omezila vystaven\u00ed se americk\u00e9mu LNG.<\/span><\/p>\n<p><span dir=\"auto\">V t\u00e9to souvislosti se nevyhnuteln\u011b znovu vyno\u0159uje ot\u00e1zka plynovodu Nord Stream. Zpr\u00e1vy z konce roku 2024 nazna\u010dovaly tich\u00e9 kontakty mezi Berl\u00ednem a Moskvou uprost\u0159ed spekulac\u00ed o jeho\u00a0<\/span><a href=\"https:\/\/voiceofeast.net\/2024\/11\/26\/will-nord-stream-2-be-reactivated-pro-trump-businessman-in-talks-to-buy-it-while-scholz-and-putin-call\/\"><span dir=\"auto\">op\u011btovn\u00e9m<\/span><\/a><span dir=\"auto\">\u00a0spu\u0161t\u011bn\u00ed.<\/span><\/p>\n<p><span dir=\"auto\">Politika, stejn\u011b jako plynovody, se d\u00e1 opravit, kdy\u017e se zm\u011bn\u00ed pob\u00eddky. V post-NATO sc\u00e9n\u00e1\u0159i nebo sc\u00e9n\u00e1\u0159i s \u010d\u00e1ste\u010dn\u011b odd\u011blen\u00fdm NATO by reaktivace Nord Streamu ji\u017e nebyla natolik tabu, aby se dala ignorovat, navzdory v\u0161em technick\u00fdm a byrokratick\u00fdm obt\u00ed\u017e\u00edm.<\/span><\/p>\n<p><span dir=\"auto\">Bezpe\u010dnostn\u00ed spolupr\u00e1ce je citliv\u011bj\u0161\u00ed z\u00e1le\u017eitost\u00ed, ale nen\u00ed nep\u0159edstaviteln\u00e1. Rusko m\u00e1 koneckonc\u016f rozs\u00e1hl\u00e9 arktick\u00e9 kapacity a jasn\u00e9 z\u00e1jmy na zabr\u00e1n\u011bn\u00ed chaosu pobl\u00ed\u017e sv\u00e9ho severn\u00edho k\u0159\u00eddla. Mohla by se objevit omezen\u00e1 koordinace, opat\u0159en\u00ed na budov\u00e1n\u00ed d\u016fv\u011bry nebo dokonce spole\u010dn\u00e9 r\u00e1mce pro arktickou stabilitu, zejm\u00e9na pokud by byly koncipov\u00e1ny jako prevence eskalace, sp\u00ed\u0161e ne\u017e jako formov\u00e1n\u00ed aliance jako takov\u00e9.<\/span><\/p>\n<p><span dir=\"auto\">Historick\u00e9 zm\u011bny po druh\u00e9 sv\u011btov\u00e9 v\u00e1lce n\u00e1m p\u0159ipom\u00ednaj\u00ed, \u017ee v\u010derej\u0161\u00ed nep\u0159\u00e1tel\u00e9 a protivn\u00edci se mohou st\u00e1t dne\u0161n\u00edmi partnery, kdy\u017e si to okolnosti vy\u017e\u00e1daj\u00ed. Dokonce i st\u00e1ty se zako\u0159en\u011bn\u00fdm soupe\u0159en\u00edm, jako je Indie a \u010c\u00edna, prok\u00e1zaly schopnost rozd\u011blit konkurenci na odd\u00edly a selektivn\u011b spolupracovat tam, kde se z\u00e1jmy sb\u00edhaj\u00ed.<\/span><\/p>\n<p><span dir=\"auto\">V tomto sc\u00e9n\u00e1\u0159i by samotn\u00e9 Gr\u00f3nsko nebylo \u201ezachr\u00e1n\u011bno\u201c p\u0159ed americkou choutkou z altruismu. Jde o pragmatismus: Rusko by z\u00edskalo vliv, p\u0159\u00edstup a p\u00e1ky. Z pohledu Gr\u00f3nska v\u0161ak mohou b\u00fdt diverzifikovan\u00e1 partnerstv\u00ed v\u00fdhodn\u011bj\u0161\u00ed ne\u017e vynucov\u00e1n\u00ed jedinou supervelmoc\u00ed. Rozhodnut\u00ed Francie otev\u0159\u00edt\u00a0<\/span><a href=\"https:\/\/www.france24.com\/en\/europe\/20260114-france-to-open-consulate-in-greenland-in-a-political-signal-amid-trump-threats\"><span dir=\"auto\">konzul\u00e1t<\/span><\/a><span dir=\"auto\">\u00a0v Gr\u00f3nsku jako politick\u00fd sign\u00e1l ukazuje, jak rychle se ostrov st\u00e1v\u00e1 \u00fast\u0159edn\u00edm bodem glob\u00e1ln\u00ed diplomacie.<\/span><\/p>\n<p><span dir=\"auto\">Je tento sc\u00e9n\u00e1\u0159 p\u0159ita\u017een\u00fd za vlasy? Ne nutn\u011b. \u017dijeme v zaj\u00edmav\u00e9 dob\u011b, natolik nest\u00e1l\u00e9, \u017ee v\u010derej\u0161\u00ed \u010derven\u00e9 linie jsou obchodovateln\u00e9 a dne\u0161n\u00ed jistoty zastaral\u00e9. Pokud se krize v Gr\u00f3nsku vyhrot\u00ed, Evropa bude muset \u010delit nep\u0159\u00edjemn\u00fdm rozhodnut\u00edm.<\/span><\/p>\n<p><span dir=\"auto\">Skute\u010dnou ot\u00e1zkou tedy nen\u00ed, zda by Rusko mohlo \u201ezachr\u00e1nit\u201c Evropu a Gr\u00f3nsko, ale zda je Evropa p\u0159ipravena zv\u00e1\u017eit mo\u017enosti, kter\u00e9 kdysi vylou\u010dila jako nemysliteln\u00e9.<\/span><\/p>\n<p><em><span dir=\"auto\"><a href=\"https:\/\/infobrics.org\/en\/post\/77639\">Uriel Araujo, PhD.<\/a> v oboru antropologie, je soci\u00e1ln\u00ed v\u011bdec specializuj\u00edc\u00ed se na etnick\u00e9 a n\u00e1bo\u017eensk\u00e9 konflikty s rozs\u00e1hl\u00fdm v\u00fdzkumem geopolitick\u00e9 dynamiky a kulturn\u00edch interakc\u00ed.<\/span><\/em><\/p>\n<p>&nbsp;<\/p>\n","protected":false},"excerpt":{"rendered":"<p>Trumpovy hrozby v\u016f\u010di Gr\u00f3nsku odhalily hlubok\u00e9 rozpory v NATO a urychlily hled\u00e1n\u00ed strategick\u00fdch alternativ v&#8230;<\/p>\n","protected":false},"author":2,"featured_media":96970,"comment_status":"closed","ping_status":"closed","sticky":false,"template":"","format":"standard","meta":[],"categories":[7],"tags":[1042,10405,22,37],"_links":{"self":[{"href":"https:\/\/www.infokuryr.cz\/n\/wp-json\/wp\/v2\/posts\/96969"}],"collection":[{"href":"https:\/\/www.infokuryr.cz\/n\/wp-json\/wp\/v2\/posts"}],"about":[{"href":"https:\/\/www.infokuryr.cz\/n\/wp-json\/wp\/v2\/types\/post"}],"author":[{"embeddable":true,"href":"https:\/\/www.infokuryr.cz\/n\/wp-json\/wp\/v2\/users\/2"}],"replies":[{"embeddable":true,"href":"https:\/\/www.infokuryr.cz\/n\/wp-json\/wp\/v2\/comments?post=96969"}],"version-history":[{"count":0,"href":"https:\/\/www.infokuryr.cz\/n\/wp-json\/wp\/v2\/posts\/96969\/revisions"}],"wp:featuredmedia":[{"embeddable":true,"href":"https:\/\/www.infokuryr.cz\/n\/wp-json\/wp\/v2\/media\/96970"}],"wp:attachment":[{"href":"https:\/\/www.infokuryr.cz\/n\/wp-json\/wp\/v2\/media?parent=96969"}],"wp:term":[{"taxonomy":"category","embeddable":true,"href":"https:\/\/www.infokuryr.cz\/n\/wp-json\/wp\/v2\/categories?post=96969"},{"taxonomy":"post_tag","embeddable":true,"href":"https:\/\/www.infokuryr.cz\/n\/wp-json\/wp\/v2\/tags?post=96969"}],"curies":[{"name":"wp","href":"https:\/\/api.w.org\/{rel}","templated":true}]}}