{"id":96950,"date":"2026-01-16T00:14:11","date_gmt":"2026-01-15T23:14:11","guid":{"rendered":"https:\/\/www.infokuryr.cz\/n\/?p=96950"},"modified":"2026-01-14T19:27:02","modified_gmt":"2026-01-14T18:27:02","slug":"udajne-ukrajinske-spiknuti-s-cilem-ovlivnit-madarske-volby-tvrdi-ze-doslo-k-podvodum-s-hlasovanim-postou-a-dokonce-k-utoku-pod-falesnou-vlajkou","status":"publish","type":"post","link":"https:\/\/www.infokuryr.cz\/n\/2026\/01\/16\/udajne-ukrajinske-spiknuti-s-cilem-ovlivnit-madarske-volby-tvrdi-ze-doslo-k-podvodum-s-hlasovanim-postou-a-dokonce-k-utoku-pod-falesnou-vlajkou\/","title":{"rendered":"\u00dadajn\u00e9 ukrajinsk\u00e9 spiknut\u00ed s c\u00edlem ovlivnit ma\u010farsk\u00e9 volby tvrd\u00ed, \u017ee do\u0161lo k podvod\u016fm s hlasov\u00e1n\u00edm po\u0161tou a dokonce k \u00fatoku pod fale\u0161nou vlajkou"},"content":{"rendered":"<div id=\"fb-root\"><\/div>\n<h3 class=\"s-tagline fw-tagline\"><span dir=\"auto\">A\u010dkoli tyto dokumenty nelze ov\u011b\u0159it, nelze pop\u0159\u00edt, \u017ee Zelensk\u00e9ho vl\u00e1da m\u00e1 osobn\u00ed z\u00e1jem na tom, aby byl Orb\u00e1n sesazen z moci<\/span><\/h3>\n<p><span dir=\"auto\">Zpr\u00e1va srbsk\u00e9ho webu Vaseljenska zve\u0159ejnila dva unikl\u00e9 dokumenty, \u00fadajn\u011b od Bezpe\u010dnostn\u00ed slu\u017eby Ukrajiny (SZBU), kter\u00e9 podrobn\u011b popisuj\u00ed pl\u00e1n manipulace nadch\u00e1zej\u00edc\u00edch ma\u010farsk\u00fdch voleb ve prosp\u011bch strany Tisza.<\/span><\/p>\n<p><span dir=\"auto\">Podle zpr\u00e1vy Zelensk\u00e9ho vl\u00e1da z\u0159\u00eddila ji\u017e v z\u00e1\u0159\u00ed 2025 \u201eZvl\u00e1\u0161tn\u00ed pracovn\u00ed skupinu pro ma\u010farsk\u00e9 parlamentn\u00ed volby\u201c, aby za ka\u017edou cenu zajistila v\u00edt\u011bzstv\u00ed opozice.<\/span><\/p>\n<p><span dir=\"auto\">Je t\u0159eba poznamenat, \u017ee Ma\u010fa\u0159i \u017eij\u00edc\u00ed v zahrani\u010d\u00ed mohou volit v ma\u010farsk\u00fdch n\u00e1rodn\u00edch volb\u00e1ch a mezi t\u011bmito voli\u010di jsou etni\u010dt\u00ed Ma\u010fa\u0159i \u017eij\u00edc\u00ed na z\u00e1padn\u00ed Ukrajin\u011b. Tato skupina by mohla hr\u00e1t kl\u00ed\u010dovou roli v nadch\u00e1zej\u00edc\u00edch n\u00e1rodn\u00edch volb\u00e1ch.<\/span><\/p>\n<p><span dir=\"auto\">Unikl\u00e1\u00a0<\/span><a href=\"https:\/\/mandiner.hu\/kulfold\/2026\/01\/kiszivargott-zelenszkijjek-terve-a-magyar-valasztasok-befolyasolasara-igy-csalnanak-a-tisza-part-javara\"><span dir=\"auto\">strategie<\/span><\/a><span dir=\"auto\"> , jej\u00ed\u017e pravost nelze potvrdit, \u00fadajn\u011b zahrnuje agresivn\u00ed opat\u0159en\u00ed proti zakarpatsk\u00fdm Ma\u010far\u016fm, od \u00fadajn\u00fdch volebn\u00edch podvod\u016f a\u017e po operaci \u201epod fale\u0161nou vlajkou\u201c.<\/span><\/p>\n<p><span dir=\"auto\">Dokumenty nazna\u010duj\u00ed, \u017ee Kyjev pova\u017euje zm\u011bnu v ma\u010farsk\u00e9m veden\u00ed za z\u00e1sadn\u00ed pro strategick\u00e9 z\u00e1jmy Ukrajiny. Pro Zelensk\u00e9ho vl\u00e1du je to jist\u011b realita.<\/span><\/p>\n<p><span dir=\"auto\">Zaprv\u00e9, Ma\u010farsko v sou\u010dasn\u00e9 dob\u011b odm\u00edt\u00e1 dod\u00e1vat zbran\u011b na Ukrajinu. Zadruh\u00e9, Budape\u0161\u0165 sehr\u00e1la kl\u00ed\u010dovou roli v zadr\u017eov\u00e1n\u00ed bal\u00ed\u010dk\u016f zbran\u00ed z EU a z\u00e1rove\u0148 kritizovala mno\u017estv\u00ed pen\u011bz da\u0148ov\u00fdch poplatn\u00edk\u016f pos\u00edlan\u00fdch do Kyjeva, kter\u00e9 byly \u010dasto pou\u017eity ke korup\u010dn\u00edm \u00fa\u010del\u016fm. Zat\u0159et\u00ed, ma\u010farsk\u00fd premi\u00e9r Viktor Orb\u00e1n tak\u00e9 zablokoval\u00a0<\/span><a href=\"https:\/\/rmx.news\/article\/orban-says-hungary-will-block-ukraines-eu-accession-after-95-percent-vote-against-it\/\"><span dir=\"auto\">proces<\/span><\/a><span dir=\"auto\">\u00a0p\u0159istoupen\u00ed Ukrajiny k EU .<\/span><\/p>\n<p><span dir=\"auto\">Zat\u00edmco zem\u011b maj\u00ed \u010dasto strategick\u00fd z\u00e1jem na v\u00fdsledc\u00edch voleb v jin\u00fdch zem\u00edch, sou\u010dasn\u00fd v\u00e1le\u010dn\u00fd stav na Ukrajin\u011b znamen\u00e1, \u017ee zem\u011b m\u016f\u017ee prosazovat sv\u00e9 z\u00e1jmy agresivn\u011bji ne\u017e zem\u011b v m\u00edru. Stru\u010dn\u011b \u0159e\u010deno, i kdy\u017e tyto unikl\u00e9 dokumenty nelze ov\u011b\u0159it, nebo i kdy\u017e jsou zcela zfal\u0161ovan\u00e9, je jasn\u00e9, \u017ee Zelenskyj m\u00e1 osobn\u00ed z\u00e1jem na tom, aby Orb\u00e1n sesadil moc.<\/span><\/p>\n<p><span dir=\"auto\">Jeden dokument, \u00fadajn\u011b zaslan\u00fd premi\u00e9rce Julii Sviridenkov\u00e9, uv\u00e1d\u00ed, \u017ee Strana Tisa \u201epodporuje vstup Ukrajiny do EU a NATO\u201c. Ukrajinci se \u00fadajn\u011b domn\u00edvaj\u00ed, \u017ee \u201epokud [ma\u010farsk\u00e1] opozice z\u00edsk\u00e1 v nov\u00e9m parlamentu o 3\u20134 k\u0159esla v\u00edce, mohlo by to b\u00fdt rozhoduj\u00edc\u00edm faktorem a zajistit, aby se v Ma\u010farsku k moci dostaly s\u00edly podporuj\u00edc\u00ed Ukrajinu\u201c.<\/span><\/p>\n<p><span dir=\"auto\">K dosa\u017een\u00ed tohoto c\u00edle SZBU \u00fadajn\u011b doporu\u010dila proveden\u00ed t\u0159\u00ed kl\u00ed\u010dov\u00fdch opat\u0159en\u00ed.<\/span><\/p>\n<p><span dir=\"auto\">Prvn\u00edm je sledov\u00e1n\u00ed voli\u010d\u016f, co\u017e znamen\u00e1 identifikaci ukrajinsk\u00fdch ob\u010dan\u016f ma\u010farsk\u00e9ho p\u016fvodu, kte\u0159\u00ed v roce 2022 odevzdali volebn\u00ed l\u00edstky po\u0161tou, s c\u00edlem je \u201edefinovat a kontrolovat\u201c.<\/span><\/p>\n<p><span dir=\"auto\">Druh\u00e1 \u00fadajn\u00e1 metoda by zahrnovala po\u0161tovn\u00ed podvod, co\u017e znamen\u00e1 zachycen\u00ed po\u0161ty zaslan\u00e9 ma\u010farsk\u00e9 \u00fast\u0159edn\u00ed volebn\u00ed komisi s \u00famyslem \u201ezni\u010dit 40 % dopis\u016f obsahuj\u00edc\u00edch hlasovac\u00ed l\u00edstky odevzdan\u00e9 ve prosp\u011bch strany Fidesz\u201c.<\/span><\/p>\n<p><span dir=\"auto\">T\u0159et\u00ed metoda by zahrnovala c\u00edlen\u00e9 mobiliza\u010dn\u00ed \u00fasil\u00ed, kter\u00e9 by vyv\u00edjelo politick\u00fd tlak na etnick\u00e9 Ma\u010fary.<\/span><\/p>\n<p><span dir=\"auto\">Za zm\u00ednku tak\u00e9 stoj\u00ed, \u017ee podpora Orb\u00e1na byla v minul\u00fdch volb\u00e1ch u t\u00e9to populace extr\u00e9mn\u011b vysok\u00e1.<\/span><\/p>\n<h3 class=\"wp-block-heading\"><span dir=\"auto\">Zastra\u0161ov\u00e1n\u00ed a teroristick\u00e9 pl\u00e1ny \u201epod fale\u0161nou vlajkou\u201c<\/span><\/h3>\n<p><span dir=\"auto\">\u00dadajn\u00e1 zpr\u00e1va d\u00e1le podrobn\u011b popisuje kampa\u0148 zastra\u0161ov\u00e1n\u00ed zam\u011b\u0159enou na zakarpatsk\u00e9 Ma\u010fary, jejich\u017e podporu Viktora Orb\u00e1na ukrajinsk\u00e9 tajn\u00e9 slu\u017eby vyhodnotily jako \u201ealarmuj\u00edc\u00ed\u201c. Navrhovan\u00e1 opat\u0159en\u00ed pro aktivisty ve m\u011bstech, jako jsou Beregs\u00e1sz a Ungv\u00e1r, zahrnuj\u00ed odposlechy, sledov\u00e1n\u00ed a \u201edal\u0161\u00ed mobiliza\u010dn\u00ed opat\u0159en\u00ed\u201c \u2013 \u010dasto interpretovan\u00e1 jako eufemismus pro vys\u00edl\u00e1n\u00ed politick\u00fdch oponent\u016f do prvn\u00ed linie.<\/span><\/p>\n<p><span dir=\"auto\">Nejv\u00edce \u0161okuj\u00edc\u00ed odhalen\u00ed se t\u00fdk\u00e1 potenci\u00e1ln\u00edho teroristick\u00e9ho \u010dinu, jeho\u017e c\u00edlem bylo zastra\u0161it obyvatelstvo a naru\u0161it volby.<\/span><\/p>\n<p><iframe loading=\"lazy\" title=\"How Many Hungarians Have Died Fighting For Ukraine?\" width=\"640\" height=\"480\" src=\"https:\/\/www.youtube.com\/embed\/parBqOeAsGI?start=3&#038;feature=oembed\" frameborder=\"0\" allow=\"accelerometer; autoplay; clipboard-write; encrypted-media; gyroscope; picture-in-picture; web-share\" referrerpolicy=\"strict-origin-when-cross-origin\" allowfullscreen><\/iframe><\/p>\n<p><span dir=\"auto\">\u00dadajn\u00fd \u00fatok by vyu\u017e\u00edval drony sestaven\u00e9 z uko\u0159ist\u011bn\u00fdch rusk\u00fdch d\u00edl\u016f, aby se zajistila jejich identifikace \u201ejako letadla agresorsk\u00e9ho st\u00e1tu\u201c.<\/span><\/p>\n<p><span dir=\"auto\">C\u00edlem by byl \u00fatok na civiln\u00ed objekt pobl\u00ed\u017e hranic, kter\u00fd by poskytl z\u00e1minku pro vyhl\u00e1\u0161en\u00ed p\u0159\u00edsn\u011bj\u0161\u00edho v\u00e1le\u010dn\u00e9ho stavu v Zakarpat\u00ed. To by umo\u017enilo uzav\u0159en\u00ed hranic a pozastaven\u00ed po\u0161tovn\u00edch slu\u017eeb, \u010d\u00edm\u017e by se fakticky zablokoval volebn\u00ed proces.<\/span><\/p>\n<p><span dir=\"auto\">Srbsk\u00e1 zpr\u00e1va tyto \u00faniky informac\u00ed stav\u00ed do kontextu rostouc\u00edho nap\u011bt\u00ed mezi Kyjevem a Budape\u0161t\u00ed. Uv\u00e1d\u00ed, \u017ee ukrajinsk\u00e9 bezpe\u010dnostn\u00ed slo\u017eky p\u0159esunuly svou pozornost na etnick\u00e9 Ma\u010fary, proto\u017ee \u201eKyjev t\u00e9to komunit\u011b dlouhodob\u011b ned\u016fv\u011b\u0159uje kv\u016fli sv\u00e9 bl\u00edzkosti k Budape\u0161ti\u201c, pot\u00e9, co Viktor Orb\u00e1n odm\u00edtl podpo\u0159it ukrajinsk\u00e9 v\u00e1le\u010dn\u00e9 \u00fasil\u00ed na \u00fakor ma\u010farsk\u00fdch ob\u010dan\u016f.<\/span><\/p>\n<p><span dir=\"auto\">Tento dokument op\u011bt nelze ov\u011b\u0159it. Vzhledem k tomu, \u017ee zem\u011b je ve v\u00e1lce a vzhledem k jejich ochot\u011b prov\u00e1d\u011bt atent\u00e1ty a dal\u0161\u00ed tajn\u00e9 operace, se ma\u010farsk\u00e9 \u00fa\u0159ady mohou ob\u00e1vat o integritu voleb v Zakarpatsk\u00e9 oblasti.<\/span><\/p>\n<p><span dir=\"auto\">Bez ohledu na jak\u00e9koli potenci\u00e1ln\u00ed ukrajinsk\u00e9 akce m\u016f\u017ee b\u00fdt role t\u00e9to ma\u010farsk\u00e9 etnick\u00e9 populace v nadch\u00e1zej\u00edc\u00edch volb\u00e1ch v\u00fdrazn\u011b oslabena. P\u0159ed v\u00e1lkou \u017eilo p\u0159ibli\u017en\u011b 150 000 obyvatel. Od vypuknut\u00ed v\u00e1lky v\u0161ak n\u011bkter\u00e9 odhady nazna\u010duj\u00ed, \u017ee se populace mohla sn\u00ed\u017eit na polovinu, n\u011bkte\u0159\u00ed zem\u0159eli na front\u011b, ale mnoz\u00ed uprchli do jin\u00fdch zem\u00ed, v\u010detn\u011b sousedn\u00edho Ma\u010farska.<\/span><\/p>\n<p><img decoding=\"async\" loading=\"lazy\" class=\"alignnone size-full wp-image-1185\" src=\"http:\/\/www.infokuryr.cz\/n\/wp-content\/uploads\/2021\/04\/kuryr-podpis.png\" alt=\"\" width=\"84\" height=\"24\" \/><\/p>\n<p>&nbsp;<\/p>\n","protected":false},"excerpt":{"rendered":"<p>A\u010dkoli tyto dokumenty nelze ov\u011b\u0159it, nelze pop\u0159\u00edt, \u017ee Zelensk\u00e9ho vl\u00e1da m\u00e1 osobn\u00ed z\u00e1jem na tom,&#8230;<\/p>\n","protected":false},"author":2,"featured_media":96951,"comment_status":"closed","ping_status":"closed","sticky":false,"template":"","format":"standard","meta":[],"categories":[7],"tags":[78,5799,26,27],"_links":{"self":[{"href":"https:\/\/www.infokuryr.cz\/n\/wp-json\/wp\/v2\/posts\/96950"}],"collection":[{"href":"https:\/\/www.infokuryr.cz\/n\/wp-json\/wp\/v2\/posts"}],"about":[{"href":"https:\/\/www.infokuryr.cz\/n\/wp-json\/wp\/v2\/types\/post"}],"author":[{"embeddable":true,"href":"https:\/\/www.infokuryr.cz\/n\/wp-json\/wp\/v2\/users\/2"}],"replies":[{"embeddable":true,"href":"https:\/\/www.infokuryr.cz\/n\/wp-json\/wp\/v2\/comments?post=96950"}],"version-history":[{"count":1,"href":"https:\/\/www.infokuryr.cz\/n\/wp-json\/wp\/v2\/posts\/96950\/revisions"}],"predecessor-version":[{"id":96952,"href":"https:\/\/www.infokuryr.cz\/n\/wp-json\/wp\/v2\/posts\/96950\/revisions\/96952"}],"wp:featuredmedia":[{"embeddable":true,"href":"https:\/\/www.infokuryr.cz\/n\/wp-json\/wp\/v2\/media\/96951"}],"wp:attachment":[{"href":"https:\/\/www.infokuryr.cz\/n\/wp-json\/wp\/v2\/media?parent=96950"}],"wp:term":[{"taxonomy":"category","embeddable":true,"href":"https:\/\/www.infokuryr.cz\/n\/wp-json\/wp\/v2\/categories?post=96950"},{"taxonomy":"post_tag","embeddable":true,"href":"https:\/\/www.infokuryr.cz\/n\/wp-json\/wp\/v2\/tags?post=96950"}],"curies":[{"name":"wp","href":"https:\/\/api.w.org\/{rel}","templated":true}]}}