{"id":9695,"date":"2022-04-16T03:42:28","date_gmt":"2022-04-16T01:42:28","guid":{"rendered":"http:\/\/www.infokuryr.cz\/n\/?p=9695"},"modified":"2022-04-16T03:42:28","modified_gmt":"2022-04-16T01:42:28","slug":"jindrich-kulhavy-zamysleni-nad-krutou-realitou","status":"publish","type":"post","link":"https:\/\/www.infokuryr.cz\/n\/2022\/04\/16\/jindrich-kulhavy-zamysleni-nad-krutou-realitou\/","title":{"rendered":"Jind\u0159ich Kulhav\u00fd: Zamy\u0161len\u00ed nad krutou realitou"},"content":{"rendered":"<div id=\"fb-root\"><\/div>\n<p><span class=\"anotation\">Kolonizace \u010cesk\u00e9 republiky je realitou od doby prvn\u00edch P\u0159emyslovc\u016f, v\u00a0modern\u00ed dob\u011b od roku 1948, by\u0165 koloniz\u00e1to\u0159i byli za tu dobu r\u016fzn\u00ed. Nejd\u0159\u00edve to byli Germ\u00e1ni, Sov\u011bti, kte\u0159\u00ed skrze prodlou\u017eenou ruku KS\u010c ovliv\u0148ovali \u017eivot u n\u00e1s, po roce 1989 Ameri\u010dan\u00e9, kter\u00fdm \u0161el za mal\u00fd bak\u0161i\u0161 na ruku V\u00e1clav Havel, nakonec op\u011bt N\u011bmecko a \u010d\u00e1ste\u010dn\u011b Francie, jejich\u017e forma ovl\u00e1dnut\u00ed \u010cesk\u00e9 republiky je skryta za instituci Evropsk\u00e9 unie. A tak\u00e9 nesm\u00edme zapomenout na jednoho nadn\u00e1rodn\u00edho koloniz\u00e1tora, kter\u00fdm je George Soros.<\/span><\/p>\n<div id=\"pagetext\">\n<p>Nyn\u00ed citujeme tohoto mezin\u00e1rodn\u011b aktivn\u00edho gr\u00e1zla, kter\u00e9mu podl\u00e9h\u00e1 \u0159ada na\u0161ich politick\u00fdch neziskovek, nap\u0159. \u010clov\u011bk v t\u00edsni, \u010di m\u00e1 vliv v m\u00e9di\u00edch, co\u017e se \u0159\u00edk\u00e1 p\u0159edev\u0161\u00edm o velmi sledovan\u00e9m serveru Seznam.cz, jeho\u017e diskutabiln\u00ed obsah p\u0159edev\u0161\u00edm v posledn\u00edch letech vynik\u00e1 sn\u016f\u0161kou l\u017e\u00ed, polopravd a demagogi\u00ed, p\u0159i\u010dem\u017e podpora jak covidov\u00e9 mafie, tak i ukrajinsk\u00e9 nacistick\u00e9 vl\u00e1dy je do o\u010d\u00ed bij\u00edc\u00ed. A p\u0159id\u00e1me li d\u00e1v\u00e1n\u00ed prostoru partnersk\u00fdm pl\u00e1tk\u016fm typu Novinky.cz, Forum24 a dal\u0161\u00edm, je t\u0159eba konstatovat, \u017ee se ze Seznamu stala internetov\u00e1 napodobenina prolhan\u00fdch televizn\u00edch stanic. \u00a0Tedy citujeme George Sorose: ,,V\u00e1lka p\u0159estala b\u00fdt n\u00e1strojem kolonizace, kter\u00e9koliv zem\u011b. V sou\u010dasnosti sta\u010d\u00ed vychovat v t\u00e9 zemi skupinku zr\u00e1dc\u016f, kte\u0159\u00ed pod hesly boje za demokracii a za pom\u011brn\u011b m\u00e1lo pen\u011bz polo\u017e\u00ed tuto zemi k na\u0161im noh\u00e1m.\u201c Konec citace.<\/p>\n<p>Podobn\u00fd sc\u00e9n\u00e1\u0159 zvolili ji\u017e Sov\u011bti, kte\u0159\u00ed ideologicky ovlivnili Gottwalda a pozd\u011bji dal\u0161\u00ed \u010deskoslovensk\u00e9 v\u016fdce. Na tom nen\u00ed nic divn\u00e9ho, v\u017edy velc\u00ed n\u011bjak\u00fdm zp\u016fsobem vl\u00e1dnou men\u0161\u00edm \u010di slab\u0161\u00edm, ale pravdou z\u016fst\u00e1v\u00e1, \u017ee n\u00e1s za dob socialismu sice ovl\u00e1dali, ale nijak zvl\u00e1\u0161t\u011b neplundrovali na\u0161i ekonomiku. Tak\u017ee jsme v d\u016fsledku nesm\u011bli b\u00fdt o mnoho lep\u0161\u00ed ne\u017e Rusov\u00e9, ale na druhou stranu jsme si vyr\u00e1b\u011bli v\u0161e, co jsme pot\u0159ebovali. Za Ameri\u010dany jsme technologicky zaost\u00e1vali o 25 Let, za zbytkem Z\u00e1padu o 15. Ale i s t\u00edm, co jsme m\u011bli, jsme na tom nebyli tak b\u00eddn\u011b a po roce 1989 jsme byli nezadlu\u017eenou zem\u00ed s dostate\u010dn\u00fdmi z\u00e1sobami zlata, solidn\u00ed infrastrukturou a na sv\u011btov\u00e9 pom\u011bry konkurence schopn\u00fdmi \u0161kolstv\u00edm a zdravotnictv\u00edm. Jen\u017ee u\u017e v t\u00e9 dob\u011b si tu u n\u00e1s George Soros a USA vychov\u00e1vali dle v\u00fd\u0161e uveden\u00e9ho v\u00fdroku novou generaci politik\u016f, kte\u0159\u00ed p\u0159evzali po Sametov\u00e9 revoluci moc. Ta zachutnala jak Havlovi, kter\u00fd \u00fadajn\u011b zpo\u010d\u00e1tku ani vl\u00e1dnout necht\u011bl, tak i pozd\u011bji dal\u0161\u00edm.<\/p>\n<p>Rozd\u00edl od Sov\u011bt\u016f byl od po\u010d\u00e1tku obrovsk\u00fd. Z\u00e1pad a Spojen\u00e9 st\u00e1ty n\u00e1m nep\u0159i\u0161li pouze \u0159\u00edkat, co m\u016f\u017eeme a co nikoliv. P\u0159esto\u017ee jsme za sebou m\u011bli 50 let komunistick\u00e9 vl\u00e1dy, byli jsme na tom s postsocialistick\u00fdch st\u00e1t\u016f jednozna\u010dn\u011b nejl\u00e9pe a st\u00e1tn\u00ed majetek m\u011bl vysokou hodnotu. Jeho rozprod\u00e1n\u00ed extr\u00e9mn\u011b obohatilo ty, kte\u0159\u00ed jej skoupili za pakatel dopln\u011bn\u00fd \u010dastou korupc\u00ed politik\u016f. Nav\u00edc \u010cechov\u00e9 nebyli dostate\u010dn\u011b p\u0159ipraveni na tvrd\u00e9 zp\u016fsoby schovan\u00e9 za ji\u017e d\u0159\u00edve nashrom\u00e1\u017ed\u011bn\u00fd kapit\u00e1l a jejich ekonomick\u00e9 negramotnosti vyu\u017eil kde kdo. Italov\u00e9 skoupili p\u0159edev\u0161\u00edm nemovitosti, kter\u00e9 o 20 let pozd\u011bji s desetin\u00e1sobn\u00fdm ziskem za\u010dali \u010cech\u016fm prod\u00e1vat zp\u011bt, Francouz\u016fm p\u0159ipadla voda, p\u0159i\u010dem\u017e o ch\u0159adnouc\u00ed vodovodn\u00ed \u0159ady a kanalizaci se mus\u00ed starat st\u00e1t a do Francie odch\u00e1z\u00ed jen velk\u00e9 zisky, N\u011bmci se vrhnuli na pr\u016fmyslov\u00e9 podniky, Ameri\u010dan\u00e9 vytunelovali v\u0161e, co mohli (nap\u0159\u00edklad automobilku TATRA), d\u00e1le si z\u00e1padn\u00ed firmy rozd\u011blili potravin\u00e1\u0159sk\u00fd pr\u016fmysl. Pokud jde o zem\u011bd\u011blstv\u00ed, to zas\u00e1hnuly i c\u00edrkevn\u00ed restituce a v dr\u017een\u00ed st\u00e1tu u\u017e moc pozemk\u016f nez\u016fstalo. Kolonizace \u010cesk\u00e9 republiky tak pomalu kon\u010d\u00ed, proto\u017ee u\u017e tu nen\u00ed co zabrat. Jen\u017ee ona to nen\u00ed \u00fapln\u011b pravda.<\/p>\n<p>Po str\u00e1nce st\u00e1tn\u00edho majetku jsme se dostali do f\u00e1ze, kdy je st\u00e1t p\u0159edev\u0161\u00edm zadlu\u017een. \u0158ekli bychom ok, kdyby za to po\u0159\u00eddil n\u011bco, co mu bude na dluhy vyd\u011bl\u00e1vat, a je\u0161t\u011b n\u011bco zbyde. Aspo\u0148 tak bychom uva\u017eovali tehdy, pokud bychom pova\u017eovali na\u0161e politiky za dobr\u00e9 hospod\u00e1\u0159e. Jen\u017ee my v\u00edme, \u017ee za ty pen\u00edze, kter\u00e9 \u00fadajn\u011b my v\u0161ichni mus\u00edme spl\u00e1cet, nic produktivn\u00edho nez\u016fstalo.<\/p>\n<p>K \u010demu tedy poslou\u017eilo to zadlu\u017een\u00ed, kdy\u017e jsme dluhy nem\u011bli, st\u00e1tn\u00ed majetek se rozprodal a \u017e\u00e1dn\u00fd nep\u0159ibyl? P\u0159itom t\u00e9m\u011b\u0159 v\u0161ichni pracuj\u00ed a plat\u00ed dan\u011b? Zde je t\u0159eba \u0159\u00edct, \u017ee mno\u017estv\u00ed st\u00e1tn\u00edch zam\u011bstnanc\u016f mus\u00edme z p\u0159\u00ednosn\u00e9 skupiny vylou\u010dit stejn\u011b, jako politiky, jde o plnohodnotn\u00e9 n\u00e1klady st\u00e1tu, kter\u00e9 nelze po\u010d\u00edtat do pozitiv, ale pouze do nutn\u00fdch v\u00fddaj\u016f, v na\u0161em p\u0159\u00edpadu ve srovn\u00e1n\u00ed t\u0159eba se \u0160v\u00fdcarskem do ne\u00fanosn\u00fdch. Stejn\u011b tak p\u0159ebujel\u00fd neziskov\u00fd sektor, kter\u00fd se nav\u00edc vm\u011b\u0161uje do politiky. Pokud jde o obchod, bankovnictv\u00ed \u010di pr\u016fmysl, ty ovl\u00e1dly nadn\u00e1rodn\u00ed \u010di ciz\u00ed spole\u010dnosti a v\u011bt\u0161inu zisk\u016f odv\u00e1d\u00ed pry\u010d. Tady z\u016fst\u00e1vaj\u00ed dan\u011b za zam\u011bstnance a pouze z mal\u00e9 \u010d\u00e1sti zisk\u016f tady vyprodukovan\u00fdch. I p\u0159esto tu v\u0161ak n\u011bco z\u016fstalo, proto\u017ee snaha ovl\u00e1dat n\u00e1s pokra\u010duje. A\u017e na v\u00fdjimky to nejsou suroviny, ale t\u0159eba na\u0161e energetika je pro Z\u00e1pad po\u0159\u00e1d atraktivn\u00ed, stejn\u011b tak dod\u00e1vky nekvalitn\u00edch p\u0159edra\u017een\u00fdch potravin na n\u00e1\u0161 nechr\u00e1n\u011bn\u00fd. Ostatn\u011b mnoh\u00e9 dal\u0161\u00ed k n\u00e1m sm\u011b\u0159uj\u00edc\u00ed je m\u00e9n\u011b kvalitn\u00ed, za to mnohem dra\u017e\u0161\u00ed ne\u017e v zem\u00edch p\u016fvodu.<\/p>\n<p>A v tom je obrovsk\u00fd rozd\u00edl mezi Ruskem a Z\u00e1padem. Rusov\u00e9, pota\u017emo Sov\u011bti, nikdy neodv\u00e1\u017eeli z na\u0161\u00ed zem\u011b zisky v t\u00e9 m\u00ed\u0159e, ve kter\u00e9 to d\u011bl\u00e1 Z\u00e1pad. Pouze z toho, co u n\u00e1s prodali, p\u0159i\u010dem\u017e to v\u011bt\u0161inou bylo to, co jsme sami nem\u011bli, p\u0159\u00edpadn\u011b jsme se pod\u00edleli na n\u00e1kladech Var\u0161avsk\u00e9 smlouvy. Z\u00e1pad si u n\u00e1s vychoval kolaboranty, navnadil n\u00e1s na z\u00e1padn\u00ed zp\u016fsob \u017eivota, a s pomoc\u00ed t\u011bchto zaprodanc\u016f vydrancoval, a d\u00e1le v tom pokra\u010duje, v\u0161e, co tu za n\u011bco st\u00e1lo a stoj\u00ed. Snaha prolomit Bene\u0161ovy dekrety je pouze dal\u0161\u00ed pokusem dokon\u010dit \u00faplnou kolonizaci na\u0161\u00ed zem\u011b. \u010cesk\u00fd a pota\u017emo slovansk\u00fd n\u00e1rod u\u017e nikoho nijak zvl\u00e1\u0161t\u011b nezaj\u00edm\u00e1. Germ\u00e1ni n\u00e1s kdysi p\u0159edur\u010dili k vymaz\u00e1n\u00ed, Rusov\u00e9 n\u00e1s nijak nepot\u0159ebuj\u00ed a sami jsme se z\u0159ekli partnerstv\u00ed s nimi, ztr\u00e1c\u00edme svou zemi a hrdost nem\u00e1me u\u017e dlouho. To lze vn\u00edmat z v\u00fdsledk\u016f voleb po n\u011bkolik obdob\u00ed, proto\u017ee k moci pou\u0161t\u00edme ty, kte\u0159\u00ed absolutn\u011b nemaj\u00ed z\u00e1jem o rozkv\u011bt \u010cR. M\u00edsto postaven\u00ed se za na\u0161e vlastence m\u00e1me p\u0159edsedou vl\u00e1dy zaprodan\u00e9ho Panevropana Fialu, pseudoelity se zapisuj\u00ed do \u0161kolky zvan\u00e9 Aspen institut a podl\u00e9haj\u00ed nejv\u011bt\u0161\u00edm dravc\u016fm z \u0159ad globalist\u016f. Na\u0161i politici jsou nejlep\u0161\u00edmi \u0159i\u0165olezci zneu\u017eiteln\u00fdmi ka\u017ed\u00fdm, kdo jim n\u011bco sl\u00edb\u00ed, nebo je n\u00e1le\u017eit\u011b uplat\u00ed. Osobn\u00ed prosp\u011bch stoj\u00ed nad z\u00e1jmy st\u00e1tu a n\u00e1roda. A my po\u0159\u00e1d ml\u010d\u00edme.<\/p>\n<\/div>\n","protected":false},"excerpt":{"rendered":"<p>Kolonizace \u010cesk\u00e9 republiky je realitou od doby prvn\u00edch P\u0159emyslovc\u016f, v\u00a0modern\u00ed dob\u011b od roku 1948, by\u0165&#8230;<\/p>\n","protected":false},"author":2,"featured_media":9696,"comment_status":"closed","ping_status":"closed","sticky":false,"template":"","format":"standard","meta":[],"categories":[6],"tags":[76,1534,35,99],"_links":{"self":[{"href":"https:\/\/www.infokuryr.cz\/n\/wp-json\/wp\/v2\/posts\/9695"}],"collection":[{"href":"https:\/\/www.infokuryr.cz\/n\/wp-json\/wp\/v2\/posts"}],"about":[{"href":"https:\/\/www.infokuryr.cz\/n\/wp-json\/wp\/v2\/types\/post"}],"author":[{"embeddable":true,"href":"https:\/\/www.infokuryr.cz\/n\/wp-json\/wp\/v2\/users\/2"}],"replies":[{"embeddable":true,"href":"https:\/\/www.infokuryr.cz\/n\/wp-json\/wp\/v2\/comments?post=9695"}],"version-history":[{"count":0,"href":"https:\/\/www.infokuryr.cz\/n\/wp-json\/wp\/v2\/posts\/9695\/revisions"}],"wp:featuredmedia":[{"embeddable":true,"href":"https:\/\/www.infokuryr.cz\/n\/wp-json\/wp\/v2\/media\/9696"}],"wp:attachment":[{"href":"https:\/\/www.infokuryr.cz\/n\/wp-json\/wp\/v2\/media?parent=9695"}],"wp:term":[{"taxonomy":"category","embeddable":true,"href":"https:\/\/www.infokuryr.cz\/n\/wp-json\/wp\/v2\/categories?post=9695"},{"taxonomy":"post_tag","embeddable":true,"href":"https:\/\/www.infokuryr.cz\/n\/wp-json\/wp\/v2\/tags?post=9695"}],"curies":[{"name":"wp","href":"https:\/\/api.w.org\/{rel}","templated":true}]}}