{"id":96944,"date":"2026-01-16T00:11:40","date_gmt":"2026-01-15T23:11:40","guid":{"rendered":"https:\/\/www.infokuryr.cz\/n\/?p=96944"},"modified":"2026-01-14T19:17:45","modified_gmt":"2026-01-14T18:17:45","slug":"osn-prosazuje-agendu-velkeho-resetu-s-cilem-pretvorit-ekonomiku-a-spolecnost-a-konzumovat-maso-z-umelych-kultur","status":"publish","type":"post","link":"https:\/\/www.infokuryr.cz\/n\/2026\/01\/16\/osn-prosazuje-agendu-velkeho-resetu-s-cilem-pretvorit-ekonomiku-a-spolecnost-a-konzumovat-maso-z-umelych-kultur\/","title":{"rendered":"OSN prosazuje agendu Velk\u00e9ho resetu s c\u00edlem p\u0159etvo\u0159it ekonomiku a spole\u010dnost a konzumovat maso z um\u011bl\u00fdch kultur"},"content":{"rendered":"<div id=\"fb-root\"><\/div>\n<div class=\"elementor-element elementor-element-1fb4c2c elementor-widget elementor-widget-theme-post-content\" data-id=\"1fb4c2c\" data-element_type=\"widget\" data-widget_type=\"theme-post-content.default\">\n<div class=\"elementor-widget-container\">\n<h2 class=\"wp-block-heading\"><span dir=\"auto\">Ka\u017ed\u00fd p\u0159\u00edstup si klade za c\u00edl manipulovat s lidsk\u00fdm chov\u00e1n\u00edm takov\u00fdm zp\u016fsobem, aby podpo\u0159il p\u0159ijet\u00ed nevolen\u00fdch globalistick\u00fdch politik: Perspektiva<\/span><\/h2>\n<p><span dir=\"auto\">Glob\u00e1ln\u00ed environment\u00e1ln\u00ed v\u00fdhled OSN o\u017eivuje agendu Velk\u00e9ho resetu t\u00edm, \u017ee vyz\u00fdv\u00e1 k transformaci glob\u00e1ln\u00ed ekonomiky a spole\u010dnosti a z\u00e1rove\u0148 usiluje o 50% sn\u00ed\u017een\u00ed spot\u0159eby masa a propaguje stravu zalo\u017eenou na rostlinn\u00fdch produktech a um\u011bl\u00e9m, laboratorn\u011b p\u011bstovan\u00e9m mase.<\/span><\/p>\n<p><span dir=\"auto\">Minul\u00fd m\u011bs\u00edc zve\u0159ejnil Program OSN pro \u017eivotn\u00ed prost\u0159ed\u00ed (UNEP) sedm\u00e9 vyd\u00e1n\u00ed sv\u00e9ho Glob\u00e1ln\u00edho environment\u00e1ln\u00edho v\u00fdhledu s podtitulem \u201e\u00a0<\/span><strong><span dir=\"auto\">Budoucnost, kterou si vol\u00edme<\/span><\/strong><span dir=\"auto\">\u00a0\u201c.<\/span><\/p>\n<p><a href=\"https:\/\/wedocs.unep.org\/items\/bba44efd-7715-4054-8432-92b270ee9d67\" target=\"_blank\" rel=\"noreferrer noopener\"><span dir=\"auto\">Zpr\u00e1va o<\/span><\/a><span dir=\"auto\">\u00a0d\u00e9lce 1242 stran\u00a0zd\u016fraz\u0148uje p\u011bt vz\u00e1jemn\u011b propojen\u00fdch zp\u016fsob\u016f, kter\u00fdmi chce OSN zm\u011bnit sv\u011bt \u2013 \u201e\u00a0<\/span><strong><em><span dir=\"auto\">v\u0161echny zalo\u017een\u00e9 na behavior\u00e1ln\u00edch, soci\u00e1ln\u00edch a kulturn\u00edch zm\u011bn\u00e1ch<\/span><\/em><\/strong><span dir=\"auto\">\u00a0\u201c.<\/span><\/p>\n<p class=\"has-text-align-center\"><em><strong><span dir=\"auto\">\u201ePot\u0159ebujeme propojen\u00e9, celospole\u010densk\u00e9 a n\u00e1rodn\u00ed p\u0159\u00edstupy k p\u0159epracov\u00e1n\u00ed ekonomiky a financ\u00ed, materi\u00e1l\u016f a odpad\u016f, energie, potravin a samoz\u0159ejm\u011b \u017eivotn\u00edho prost\u0159ed\u00ed. Tato nov\u00e1 cesta za\u010d\u00edn\u00e1 odklonem od HDP jako m\u011b\u0159\u00edtka ekonomick\u00e9 prosperity [\u2026].\u201c<\/span><\/strong><\/em><\/p>\n<p class=\"has-text-align-center\"><em><strong><span dir=\"auto\">\u201ePokra\u010duje p\u0159echodem na modely ob\u011bhov\u00e9ho hospod\u00e1\u0159stv\u00ed, kter\u00e9 sni\u017euj\u00ed spot\u0159ebu materi\u00e1l\u016f, rychlou dekarbonizac\u00ed energetick\u00e9ho syst\u00e9mu, p\u0159echodem k udr\u017eiteln\u00e9mu stravov\u00e1n\u00ed, men\u0161\u00edmu mno\u017estv\u00ed odpadu a lep\u0161\u00edm zem\u011bd\u011blsk\u00fdm postup\u016fm, jako\u017e i roz\u0161i\u0159ov\u00e1n\u00edm chr\u00e1n\u011bn\u00fdch oblast\u00ed a obnovou degradovan\u00fdch ekosyst\u00e9m\u016f \u2013 to v\u0161e podpo\u0159eno zm\u011bnami v chov\u00e1n\u00ed, soci\u00e1ln\u00edmi a kulturn\u00edmi zm\u011bnami.\u201c<\/span><\/strong><\/em><\/p>\n<p class=\"has-text-align-center\"><span dir=\"auto\">V\u00fdkonn\u00e1 \u0159editelka UNEP Inger Andersen, \u201e\u00a0<\/span><strong><span dir=\"auto\">Budoucnost, kterou si vol\u00edme<\/span><\/strong><span dir=\"auto\">\u00a0\u201c, prosinec 2025<\/span><\/p>\n<figure class=\"wp-block-embed aligncenter is-type-video is-provider-youtube wp-block-embed-youtube wp-embed-aspect-16-9 wp-has-aspect-ratio\">\n<div class=\"wp-block-embed__wrapper\"><iframe loading=\"lazy\" title=\"Glob\u00e1ln\u00ed environment\u00e1ln\u00ed v\u00fdhled je st\u011b\u017eejn\u00ed publikac\u00ed UNEP o hodnocen\u00ed \u017eivotn\u00edho prost\u0159ed\u00ed #GEO7\" src=\"https:\/\/www.youtube.com\/embed\/Jwp94krizJg?feature=oembed\" width=\"800\" height=\"450\" frameborder=\"0\" allowfullscreen=\"allowfullscreen\" data-mce-fragment=\"1\"><\/iframe><\/div>\n<\/figure>\n<p><span dir=\"auto\">P\u011bt zp\u016fsob\u016f, jak dos\u00e1hnout z\u00e1sadn\u00edho planet\u00e1rn\u00edho resetu, kter\u00e9 navrhuje OSN, zahrnuje:<\/span><\/p>\n<ul>\n<li><strong><span dir=\"auto\">Transformace ekonomick\u00fdch a finan\u010dn\u00edch syst\u00e9m\u016f<\/span><\/strong><span dir=\"auto\">\u00a0od akcion\u00e1\u0159sk\u00e9ho kapitalismu sm\u011brem ke kapitalismu zainteresovan\u00fdch stran, prosazovan\u00e1 prost\u0159ednictv\u00edm ESG rating\u016f.<\/span><\/li>\n<li><strong><span dir=\"auto\">Zaveden\u00ed cirkul\u00e1rn\u00ed ekonomiky<\/span><\/strong><span dir=\"auto\">\u00a0, v n\u00ed\u017e lid\u00e9 nevlastn\u00ed v\u011bci, ale pronaj\u00edmaj\u00ed si v\u0161e jako slu\u017ebu.<\/span><\/li>\n<li><strong><span dir=\"auto\">Transformace potravinov\u00e9ho syst\u00e9mu<\/span><\/strong><span dir=\"auto\">\u00a0tak, abychom mohli j\u00edst alternativn\u00ed b\u00edlkoviny, jako je hmyz a um\u011bl\u00e9, laboratorn\u011b p\u011bstovan\u00e9 maso.<\/span><\/li>\n<li><strong><span dir=\"auto\">Transformace glob\u00e1ln\u00edho energetick\u00e9ho syst\u00e9mu<\/span><\/strong><span dir=\"auto\">\u00a0tak, \u017ee lid\u00e9 jsou z\u00e1visl\u00ed na nespolehliv\u00e9 v\u011btrn\u00e9 a sol\u00e1rn\u00ed energii, zat\u00edmco takzvan\u00e1 elita se spol\u00e9h\u00e1 na jadernou energii pro sv\u00e1 data um\u011bl\u00e9 inteligence a dohledov\u00e1 centra.<\/span><\/li>\n<li><strong><span dir=\"auto\">\u0158\u00edzen\u00ed environment\u00e1ln\u00edch syst\u00e9m\u016f<\/span><\/strong><span dir=\"auto\">\u00a0prost\u0159ednictv\u00edm monitorov\u00e1n\u00ed, tokenizace a financializace biodiverzity a z\u00e1rove\u0148 stanoven\u00ed ceny vody, ovzdu\u0161\u00ed a p\u016fdy.<\/span><\/li>\n<\/ul>\n<figure class=\"wp-block-image aligncenter size-large\"><img decoding=\"async\" loading=\"lazy\" class=\"aligncenter\" src=\"https:\/\/sociable.co\/wp-content\/uploads\/2026\/01\/image-2.png\" alt=\"\" width=\"789\" height=\"625\" \/><figcaption class=\"wp-element-caption\"><span dir=\"auto\">Zdroj: UNEP<\/span><\/figcaption><\/figure>\n<h3 class=\"wp-block-heading has-medium-font-size\"><strong><span dir=\"auto\">Transformace ekonomick\u00fdch a finan\u010dn\u00edch syst\u00e9m\u016f<\/span><\/strong><\/h3>\n<p><span dir=\"auto\">Tento prvn\u00ed krok odr\u00e1\u017e\u00ed to, co v \u010dervnu 2020 prohl\u00e1sil Klaus Schwab, zakladatel Sv\u011btov\u00e9ho ekonomick\u00e9ho f\u00f3ra (WEF): \u201e\u00a0<\/span><strong><em><span dir=\"auto\">Pot\u0159ebujeme z\u00e1sadn\u00ed reset kapitalismu<\/span><\/em><\/strong><span dir=\"auto\">\u00a0.\u201c<\/span><\/p>\n<p><span dir=\"auto\">Podle zpr\u00e1vy OSN se \u201e\u00a0<\/span><em><span dir=\"auto\">hospod\u00e1\u0159sk\u00e9 a finan\u010dn\u00ed syst\u00e9my mus\u00ed vyv\u00edjet postupn\u00fdm vy\u0159azov\u00e1n\u00edm soci\u00e1ln\u011b a environment\u00e1ln\u011b \u0161kodliv\u00fdch l\u00e1tek, stanoven\u00edm ceny za vn\u011bj\u0161\u00ed dopady, jako je zne\u010di\u0161t\u011bn\u00ed, posunem\u00a0<\/span><\/em><strong><em><span dir=\"auto\">od hrub\u00e9ho dom\u00e1c\u00edho produktu<\/span><\/em><\/strong><em><span dir=\"auto\">\u00a0jako jedin\u00e9ho m\u011b\u0159\u00edtka pokroku a p\u0159esm\u011brov\u00e1n\u00edm finan\u010dn\u00edch tok\u016f\u00a0<\/span><\/em><strong><em><span dir=\"auto\">sm\u011brem k udr\u017eitelnosti<\/span><\/em><\/strong><span dir=\"auto\">\u00a0.\u201c<\/span><\/p>\n<p><span dir=\"auto\">\u201e\u00a0<\/span><em><span dir=\"auto\">V rozvojov\u00fdch regionech m\u016f\u017ee mezin\u00e1rodn\u00ed financov\u00e1n\u00ed\u00a0<\/span><\/em><strong><em><span dir=\"auto\">umo\u017enit skok sm\u011brem k udr\u017eiteln\u00fdm model\u016fm a<\/span><\/em><\/strong><span dir=\"auto\">\u00a0zajistit spravedlnost\u00a0<\/span><em><span dir=\"auto\">prost\u0159ednictv\u00edm kompenza\u010dn\u00edch mechanism\u016f pro zraniteln\u00e9 skupiny obyvatelstva .\u201c<\/span><\/em><\/p>\n<p><span dir=\"auto\">Podle OSN je udr\u017eiteln\u00e9 financov\u00e1n\u00ed \u201eproces zohled\u0148ov\u00e1n\u00ed\u00a0<\/span><strong><em><span dir=\"auto\">environment\u00e1ln\u00edch, soci\u00e1ln\u00edch a spr\u00e1vn\u00edch (ESG) princip\u016f<\/span><\/em><\/strong><span dir=\"auto\">\u00a0p\u0159i investi\u010dn\u00edch rozhodnut\u00edch ve finan\u010dn\u00edm sektoru\u201c.<\/span><\/p>\n<p><span dir=\"auto\">Nyn\u00ed to porovnejte s t\u00edm, co Schwab napsal v roce 2020 o agend\u011b Velk\u00e9ho resetu:<\/span><\/p>\n<p class=\"has-text-align-center\"><em><strong><span dir=\"auto\">\u201eAbychom dos\u00e1hli lep\u0161\u00edho v\u00fdsledku, mus\u00ed sv\u011bt jednat spole\u010dn\u011b a rychle, aby reformoval v\u0161echny aspekty na\u0161ich spole\u010dnost\u00ed a ekonomik, od vzd\u011bl\u00e1v\u00e1n\u00ed a soci\u00e1ln\u00edch smluv a\u017e po pracovn\u00ed podm\u00ednky. Ka\u017ed\u00e1 zem\u011b, od Spojen\u00fdch st\u00e1t\u016f po \u010c\u00ednu, se mus\u00ed zapojit a ka\u017ed\u00e9 odv\u011btv\u00ed, od ropy a plynu po technologie, se mus\u00ed transformovat. Zkr\u00e1tka pot\u0159ebujeme \u201avelk\u00fd reset\u2018 kapitalismu.\u201c<\/span><\/strong><\/em><\/p>\n<p class=\"has-text-align-center\"><span dir=\"auto\">Klaus Schwab, Nyn\u00ed je \u010das na velk\u00fd reset, \u010derven 2020<\/span><\/p>\n<p><span dir=\"auto\">\u201e\u00a0<\/span><em><span dir=\"auto\">M\u00edsto toho, abychom [ekonomick\u00e9 stimuly zp\u016fsoben\u00e9 COVIDem] a investice od soukrom\u00fdch instituc\u00ed a penzijn\u00edch fond\u016f vyu\u017e\u00edvali k zapln\u011bn\u00ed mezer ve star\u00e9m syst\u00e9mu, m\u011bli bychom je vyu\u017e\u00edt k vytvo\u0159en\u00ed nov\u00e9ho syst\u00e9mu, kter\u00fd\u00a0<\/span><\/em><span dir=\"auto\"><em>bude\u00a0<\/em><\/span><strong><em><span dir=\"auto\">odoln\u011bj\u0161\u00ed, spravedliv\u011bj\u0161\u00ed a dlouhodob\u011b udr\u017eiteln\u011bj\u0161\u00ed<\/span><\/em><\/strong><span dir=\"auto\">\u00a0.\u201c<\/span><\/p>\n<p><span dir=\"auto\">\u201e\u00a0<\/span><em><span dir=\"auto\">To znamen\u00e1 nap\u0159\u00edklad budov\u00e1n\u00ed \u201ezelen\u00e9\u201c m\u011bstsk\u00e9 infrastruktury a vytv\u00e1\u0159en\u00ed pob\u00eddek pro pr\u016fmysl<\/span><\/em><span dir=\"auto\">\u00a0ke zlep\u0161en\u00ed jeho rozvahy z hlediska\u00a0<\/span><strong><em><span dir=\"auto\">environment\u00e1ln\u00edch, soci\u00e1ln\u00edch a spr\u00e1vn\u00edch (ESG) krit\u00e9ri\u00ed .\u201c<\/span><\/em><\/strong><\/p>\n<p><span dir=\"auto\">Program Sv\u011btov\u00e9ho ekonomick\u00e9ho f\u00f3ra (WEF) pro z\u00e1sadn\u00ed restart je v OSN aktivn\u00ed a m\u00e1 dobr\u00e9 z\u00e1klady.<\/span><\/p>\n<h3 class=\"wp-block-heading has-medium-font-size\"><strong><span dir=\"auto\">Implementace princip\u016f a postup\u016f ob\u011bhov\u00e9ho hospod\u00e1\u0159stv\u00ed<\/span><\/strong><\/h3>\n<p><span dir=\"auto\">Druh\u00fdm krokem pro OSN je zaveden\u00ed\u00a0<\/span><a href=\"https:\/\/sociable.co\/?s=circular+economy\" target=\"_blank\" rel=\"noreferrer noopener\"><span dir=\"auto\">ob\u011bhov\u00e9ho hospod\u00e1\u0159stv\u00ed<\/span><\/a><span dir=\"auto\">\u00a0, kter\u00e9 bylo inspirac\u00ed pro nechvaln\u011b zn\u00e1m\u00e9 prohl\u00e1\u0161en\u00ed Sv\u011btov\u00e9ho ekonomick\u00e9ho f\u00f3ra z roku 2016: \u201e\u00a0<\/span><strong><em><span dir=\"auto\">Nebudete nic vlastnit a budete \u0161\u0165astn\u00ed<\/span><\/em><\/strong><span dir=\"auto\">\u00a0.\u201c<\/span><\/p>\n<p><span dir=\"auto\">Podle zpr\u00e1vy OSN se \u201e\u00a0<\/span><strong><em><span dir=\"auto\">principy ob\u011bhov\u00e9ho hospod\u00e1\u0159stv\u00ed zam\u011b\u0159uj\u00ed na minimalizaci odpadu a maximalizaci efektivity zdroj\u016f<\/span><\/em><\/strong><span dir=\"auto\">\u00a0\u201c.<\/span><\/p>\n<p><span dir=\"auto\">Zn\u00ed to skv\u011ble, \u017ee?<\/span><\/p>\n<p><span dir=\"auto\">Za cirkul\u00e1rn\u00ed ekonomikou se v\u0161ak skr\u00fdv\u00e1 mnohem z\u00e1ke\u0159n\u011bj\u0161\u00ed agenda \u2013 redukce soukrom\u00e9ho vlastnictv\u00ed p\u0159em\u011bnou v\u0161ech produkt\u016f na slu\u017eby, kter\u00e9 je nutn\u00e9 pronaj\u00edmat a vracet p\u016fvodn\u00edm v\u00fdrobc\u016fm.<\/span><\/p>\n<p class=\"has-text-align-center\"><em><strong><span dir=\"auto\">\u201eV\u00edtejte v roce 2030. V\u00edtejte v m\u00e9m m\u011bst\u011b \u2013 nebo bych m\u011bl \u0159\u00edct v na\u0161em m\u011bst\u011b. Nevlastn\u00edm nic. Nevlastn\u00edm auto. Nevlastn\u00edm d\u016fm. Nevlastn\u00edm \u017e\u00e1dn\u00e9 dom\u00e1c\u00ed spot\u0159ebi\u010de ani oble\u010den\u00ed [\u2026] V\u0161echno, co jste d\u0159\u00edve pova\u017eovali za produkt, se nyn\u00ed stalo slu\u017ebou [\u2026] To tak\u00e9 usnadnilo pr\u016flom v ob\u011bhov\u00e9m hospod\u00e1\u0159stv\u00ed. Kdy\u017e se z produkt\u016f stanou slu\u017eby, nikdo se u\u017e nezaj\u00edm\u00e1 o v\u011bci s kr\u00e1tkou \u017eivotnost\u00ed.\u201c<\/span><\/strong><\/em><\/p>\n<p class=\"has-text-align-center\"><span dir=\"auto\">WEF, \u201eV\u00edtejte v roce 2030. Nic nevlastn\u00edm, nem\u00e1m \u017e\u00e1dn\u00e9 soukrom\u00ed a m\u016fj \u017eivot nikdy nebyl lep\u0161\u00ed,\u201c listopad 2016<\/span><\/p>\n<div class=\"twitter-tweet twitter-tweet-rendered\"><iframe id=\"twitter-widget-0\" class=\"\" title=\"X Post\" src=\"https:\/\/platform.twitter.com\/embed\/Tweet.html?dnt=false&amp;embedId=twitter-widget-0&amp;features=eyJ0ZndfdGltZWxpbmVfbGlzdCI6eyJidWNrZXQiOltdLCJ2ZXJzaW9uIjpudWxsfSwidGZ3X2ZvbGxvd2VyX2NvdW50X3N1bnNldCI6eyJidWNrZXQiOnRydWUsInZlcnNpb24iOm51bGx9LCJ0ZndfdHdlZXRfZWRpdF9iYWNrZW5kIjp7ImJ1Y2tldCI6Im9uIiwidmVyc2lvbiI6bnVsbH0sInRmd19yZWZzcmNfc2Vzc2lvbiI6eyJidWNrZXQiOiJvbiIsInZlcnNpb24iOm51bGx9LCJ0ZndfZm9zbnJfc29mdF9pbnRlcnZlbnRpb25zX2VuYWJsZWQiOnsiYnVja2V0Ijoib24iLCJ2ZXJzaW9uIjpudWxsfSwidGZ3X21peGVkX21lZGlhXzE1ODk3Ijp7ImJ1Y2tldCI6InRyZWF0bWVudCIsInZlcnNpb24iOm51bGx9LCJ0ZndfZXhwZXJpbWVudHNfY29va2llX2V4cGlyYXRpb24iOnsiYnVja2V0IjoxMjA5NjAwLCJ2ZXJzaW9uIjpudWxsfSwidGZ3X3Nob3dfYmlyZHdhdGNoX3Bpdm90c19lbmFibGVkIjp7ImJ1Y2tldCI6Im9uIiwidmVyc2lvbiI6bnVsbH0sInRmd19kdXBsaWNhdGVfc2NyaWJlc190b19zZXR0aW5ncyI6eyJidWNrZXQiOiJvbiIsInZlcnNpb24iOm51bGx9LCJ0ZndfdXNlX3Byb2ZpbGVfaW1hZ2Vfc2hhcGVfZW5hYmxlZCI6eyJidWNrZXQiOiJvbiIsInZlcnNpb24iOm51bGx9LCJ0ZndfdmlkZW9faGxzX2R5bmFtaWNfbWFuaWZlc3RzXzE1MDgyIjp7ImJ1Y2tldCI6InRydWVfYml0cmF0ZSIsInZlcnNpb24iOm51bGx9LCJ0ZndfbGVnYWN5X3RpbWVsaW5lX3N1bnNldCI6eyJidWNrZXQiOnRydWUsInZlcnNpb24iOm51bGx9LCJ0ZndfdHdlZXRfZWRpdF9mcm9udGVuZCI6eyJidWNrZXQiOiJvbiIsInZlcnNpb24iOm51bGx9fQ%3D%3D&amp;frame=false&amp;hideCard=false&amp;hideThread=false&amp;id=1595523540446502914&amp;lang=cs&amp;origin=https%3A%2F%2Funcutnews.ch%2Fun-treibt-agenda-fuer-grossen-neustart-voran-um-wirtschaft-und-gesellschaft-umzugestalten-und-kuenstliches-fleisch-zu-essen-bericht%2F&amp;sessionId=1ef947342088138569c53cd758403256835669d7&amp;theme=light&amp;widgetsVersion=2615f7e52b7e0%3A1702314776716&amp;width=550px\" frameborder=\"0\" scrolling=\"no\" allowfullscreen=\"allowfullscreen\" data-tweet-id=\"1595523540446502914\" data-mce-fragment=\"1\"><\/iframe><\/div>\n<p><em><strong><span dir=\"auto\">P\u0159eklad \u201eX\u201c<\/span><\/strong><span dir=\"auto\">\u00a0: \u201eNebudete vlastnit nic a budete \u0161\u0165astn\u00ed\u201c \u2013 produkt jako slu\u017eba v obchodn\u00edm modelu cirkul\u00e1rn\u00ed ekonomiky. \u201ePro\u010d bych v\u00e1m m\u011bl prod\u00e1vat produkt, kdy\u017e v\u00e1s zaj\u00edmaj\u00ed p\u0159edev\u0161\u00edm jeho v\u00fdhody? Mo\u017en\u00e1 m\u016f\u017eu z\u016fstat vlastn\u00edkem a prod\u00e1vat v\u00e1m pouze v\u00fdhody jako slu\u017ebu.\u201c: Frans Van Houten, WEF, 2016<\/span><\/em><\/p>\n<p class=\"has-text-align-center\"><span dir=\"auto\">\u201e\u00a0<\/span><strong><em><span dir=\"auto\">Ministerstvo \u0161kolstv\u00ed mus\u00ed integrovat principy ob\u011bhov\u00e9ho hospod\u00e1\u0159stv\u00ed do u\u010debn\u00edch osnov od z\u00e1kladn\u00edch \u0161kol a\u017e po univerzity a bude pot\u0159eba specializovan\u00fd pedagogick\u00fd person\u00e1l<\/span><\/em><\/strong><span dir=\"auto\">\u00a0.\u201c<\/span><\/p>\n<p class=\"has-text-align-center\"><span dir=\"auto\">UNEP, \u201e\u00a0<\/span><strong><span dir=\"auto\">Budoucnost, kterou si vol\u00edme<\/span><\/strong><span dir=\"auto\">\u00a0\u201c, prosinec 2025<\/span><\/p>\n<p><span dir=\"auto\">Obchodn\u00ed model \u201eprodukt jako slu\u017eba\u201c v r\u00e1mci cirkul\u00e1rn\u00ed ekonomiky stanov\u00ed, \u017ee ani vy, ani j\u00e1 nic nevlastn\u00edme. Ka\u017ed\u00fd produkt se st\u00e1v\u00e1 pronajatou slu\u017ebou.<\/span><\/p>\n<p><span dir=\"auto\">Zpr\u00e1va OSN to potvrzuje a uv\u00e1d\u00ed: \u201e\u00a0<\/span><strong><em><span dir=\"auto\">Krom\u011b cirkul\u00e1rn\u00ed dodavatelsk\u00e9 \u0159et\u011bzce a obnovy zdroj\u016f existuj\u00ed digit\u00e1ln\u011b podporovan\u00e9 modely pro prodej produkt\u016f jako slu\u017eeb, prodlu\u017eov\u00e1n\u00ed \u017eivotnosti produkt\u016f a r\u016fzn\u00e9 formy sd\u00edlen\u00e9 ekonomiky<\/span><\/em><\/strong><span dir=\"auto\">\u00a0.\u201c<\/span><\/p>\n<p><span dir=\"auto\">Nevolen\u00ed globalist\u00e9 v\u011b\u0159\u00ed, \u017ee lid\u00e9 ve skute\u010dnosti necht\u011bj\u00ed vlastnit d\u016fm, auto, ani oble\u010den\u00ed, kter\u00e9 nos\u00ed \u2013 cht\u011bj\u00ed pouze v\u00fdhody slu\u017eeb, kter\u00e9 tyto produkty poskytuj\u00ed.<\/span><\/p>\n<p><span dir=\"auto\">Proto doporu\u010duj\u00ed, aby zem\u011b \u201e\u00a0<\/span><strong><em><span dir=\"auto\">zav\u00e1d\u011bly \u0159e\u0161en\u00ed ve\u0159ejn\u00fdch zak\u00e1zek, kter\u00e1 spl\u0148uj\u00ed pot\u0159eby ob\u010dan\u016f, sp\u00ed\u0161e ne\u017e aby prod\u00e1valy produkty<\/span><\/em><\/strong><span dir=\"auto\">\u00a0\u201c.<\/span><\/p>\n<p><span dir=\"auto\">Tak\u017ee m\u00edsto vlastnictv\u00ed vlastn\u00edho domu, auta nebo oble\u010den\u00ed plat\u00edte za pou\u017e\u00edv\u00e1n\u00ed t\u011bchto produkt\u016f, kter\u00e9 pat\u0159\u00ed n\u011bkomu jin\u00e9mu, ani\u017e byste kdy m\u011bli \u0161anci zaznamenat n\u00e1r\u016fst hodnoty sv\u00e9ho majetku.<\/span><\/p>\n<p><span dir=\"auto\">Jak uv\u00e1d\u00ed zpr\u00e1va OSN: \u201e\u00a0<\/span><strong><em><span dir=\"auto\">Identifikace a uspokojov\u00e1n\u00ed pot\u0159eb z\u00e1kazn\u00edk\u016f nam\u00edsto prodeje vlastnictv\u00ed produktu naru\u0161uje logiku line\u00e1rn\u00ed ekonomiky propustnosti<\/span><\/em><\/strong><span dir=\"auto\">\u00a0.\u201c<\/span><\/p>\n<p><span dir=\"auto\">V t\u00e9to dystopick\u00e9 budoucnosti jsou spole\u010dnosti povinny si ponechat vlastnictv\u00ed v\u0161eho, co vyrob\u00ed.<\/span><\/p>\n<p class=\"has-text-align-center\"><span dir=\"auto\">\u201e\u00a0<\/span><strong><em><span dir=\"auto\">P\u0159echod od obchodn\u00edch model\u016f zam\u011b\u0159en\u00fdch na \u201evelikost a prodej\u201c k alternativ\u00e1m, kter\u00e9 se soust\u0159ed\u00ed na zv\u00fd\u0161en\u00e9 vyu\u017e\u00edv\u00e1n\u00ed produkt\u016f nebo p\u0159\u00edstup k nim na vy\u017e\u00e1d\u00e1n\u00ed, je usnadn\u011bn povinnost\u00ed roz\u0161\u00ed\u0159en\u00e9 odpov\u011bdnosti v\u00fdrobce<\/span><\/em><\/strong><span dir=\"auto\">\u00a0.\u201c<\/span><\/p>\n<p class=\"has-text-align-center\"><span dir=\"auto\">UNEP, \u201e\u00a0<\/span><strong><span dir=\"auto\">Budoucnost, kterou si vol\u00edme<\/span><\/strong><span dir=\"auto\">\u00a0\u201c, prosinec 2025<\/span><\/p>\n<p><span dir=\"auto\">Produkty, kter\u00e9 si pronaj\u00edm\u00e1te jako slu\u017eby, jsou mezit\u00edm digit\u00e1ln\u011b sledov\u00e1ny a dohled\u00e1v\u00e1ny, tak\u017ee je lze vr\u00e1tit v\u00fdrobci a otestovat, aby se zjistilo, jak dob\u0159e jste s nimi zach\u00e1zeli, jak jste je pou\u017e\u00edvali a kam jste je odvezli \u2013 a t\u00edm v\u00e1s osobn\u011b vysledovat.<\/span><\/p>\n<p><span dir=\"auto\">\u201e\u00a0<\/span><strong><em><span dir=\"auto\">Digit\u00e1ln\u00ed technologie, jako jsou produktov\u00e9 pasy a blockchainov\u00e9 protokoly, budou hr\u00e1t kl\u00ed\u010dovou roli v transformaci trhu sm\u011brem k cirkul\u00e1rn\u00ed ekonomice<\/span><\/em><\/strong><span dir=\"auto\">\u00a0.\u201c<\/span><\/p>\n<p><span dir=\"auto\">Aby v\u0161ak spole\u010dnost p\u0159ijala cirkul\u00e1rn\u00ed ekonomiku, je nutn\u00e9 za\u010d\u00edt ji\u017e v \u00fatl\u00e9m v\u011bku, aby se d\u011bti ve vzd\u011bl\u00e1vac\u00edm syst\u00e9mu nau\u010dily, \u017ee vlastnictv\u00ed je n\u011bco \u0161patn\u00e9ho.<\/span><\/p>\n<p><span dir=\"auto\">\u201e\u00a0<\/span><strong><em><span dir=\"auto\">P\u0159echod na cirkul\u00e1rn\u00ed hospod\u00e1\u0159stv\u00ed vy\u017eaduje z\u00e1sadn\u00ed zm\u011bnu my\u0161len\u00ed a spole\u010densk\u00fdch praktik, \u010deho\u017e lze dos\u00e1hnout prost\u0159ednictv\u00edm vzd\u011bl\u00e1v\u00e1n\u00ed na r\u016fzn\u00fdch \u00farovn\u00edch. Ministerstva \u0161kolstv\u00ed mus\u00ed integrovat principy cirkul\u00e1rn\u00ed ekonomiky do u\u010debn\u00edch osnov od z\u00e1kladn\u00edch \u0161kol a\u017e po univerzity a bude pot\u0159eba specializovan\u00fd pedagogick\u00fd person\u00e1l<\/span><\/em><\/strong><span dir=\"auto\">\u00a0.\u201c<\/span><\/p>\n<p><span dir=\"auto\">V\u0161echny c\u00edle OSN se zam\u011b\u0159uj\u00ed na ovliv\u0148ov\u00e1n\u00ed, manipulaci nebo jin\u00e9 ovl\u00e1d\u00e1n\u00ed lidsk\u00e9ho chov\u00e1n\u00ed.<\/span><\/p>\n<h3 class=\"wp-block-heading has-medium-font-size\"><strong><span dir=\"auto\">Restrukturalizace potravinov\u00e9ho syst\u00e9mu<\/span><\/strong><\/h3>\n<p><span dir=\"auto\">T\u0159et\u00edm zp\u016fsobem, jak\u00fdm OSN nab\u00edz\u00ed verzi Velk\u00e9ho resetu, je p\u0159esv\u011bd\u010dit n\u00e1s, \u017ee konzumace hmyzu, rostlin a um\u011bl\u00fdch potravin je pro lidi a planetu zdrav\u011bj\u0161\u00ed ne\u017e chov hospod\u00e1\u0159sk\u00fdch zv\u00ed\u0159at a konzumace masa.<\/span><\/p>\n<p><span dir=\"auto\">Podle zpr\u00e1vy OSN \u201e\u00a0<\/span><strong><em><span dir=\"auto\">m\u00e1 omezen\u00ed konzumace masa nejv\u011bt\u0161\u00ed vliv [na ochranu krajiny], proto\u017ee v\u00fdznamn\u011b sni\u017euje vyu\u017e\u00edv\u00e1n\u00ed p\u016fdy k pastv\u011b a krmivu, zlep\u0161uje biodiverzitu, sni\u017euje nadm\u011brn\u00e9 pou\u017e\u00edv\u00e1n\u00ed hnojiv a souvisej\u00edc\u00ed zne\u010di\u0161t\u011bn\u00ed a poskytuje v\u00fdznamn\u00e9 zdravotn\u00ed p\u0159\u00ednosy<\/span><\/em><\/strong><span dir=\"auto\">\u00a0.\u201c<\/span><\/p>\n<p><span dir=\"auto\">D\u00e1le \u201e\u00a0<\/span><strong><em><span dir=\"auto\">posun stravovac\u00edch n\u00e1vyk\u016f od nadm\u011brn\u00e9ho mno\u017estv\u00ed \u017eivo\u010di\u0161n\u00fdch produkt\u016f sm\u011brem k rostlinn\u00fdm potravin\u00e1m, kultivovan\u00e9mu masu a zdrav\u00e9 strav\u011b tak\u00e9 sni\u017euje tlak na p\u016fdn\u00ed syst\u00e9m<\/span><\/em><\/strong><span dir=\"auto\">\u00a0.\u201c<\/span><\/p>\n<p><span dir=\"auto\">\u0158e\u0161en\u00ed probl\u00e9mu s masem ze strany OSN je stejn\u00e9 jako u Sv\u011btov\u00e9ho ekonomick\u00e9ho f\u00f3ra \u2013 alternativn\u00ed b\u00edlkoviny.<\/span><\/p>\n<p class=\"has-text-align-center\"><em><strong><span dir=\"auto\">\u201eTransformace potravinov\u00e9ho syst\u00e9mu vy\u017eaduje p\u0159echod k rostlinn\u00e9 strav\u011b, efektivn\u011bj\u0161\u00ed produkci, sni\u017eov\u00e1n\u00ed odpadu a alternativn\u00edm protein\u016fm, jako je maso p\u011bstovan\u00e9 v laborato\u0159i. Precizn\u00ed zem\u011bd\u011blstv\u00ed, regenerativn\u00ed zem\u011bd\u011blstv\u00ed a nov\u00e9 proteiny mohou sn\u00ed\u017eit ekologickou stopu.\u201c<\/span><\/strong><\/em><\/p>\n<p class=\"has-text-align-center\"><span dir=\"auto\">UNEP, \u201e\u00a0<\/span><strong><span dir=\"auto\">Budoucnost, kterou si vol\u00edme<\/span><\/strong><span dir=\"auto\">\u00a0\u201c, prosinec 2025<\/span><\/p>\n<p><span dir=\"auto\">Alternativn\u00ed b\u00edlkoviny zahrnuj\u00ed potraviny, kter\u00e9 jsou bu\u010f rostlinn\u00e9ho p\u016fvodu, nebo z\u00edskan\u00e9 z hmyzu, poch\u00e1zej\u00ed z fermentace nebo jsou p\u011bstov\u00e1ny v laborato\u0159i.<\/span><\/p>\n<p><span dir=\"auto\">Sv\u011btov\u00fd ekonomick\u00fd f\u00f3rum (WEF) loni zve\u0159ejnilo zpr\u00e1vu s n\u00e1zvem \u201e\u00a0<\/span><strong><span dir=\"auto\">Za\u010dlen\u011bn\u00ed potravinov\u00fdch inovac\u00ed:<\/span><\/strong><span dir=\"auto\">\u00a0Pl\u00e1n pro z\u00fa\u010dastn\u011bn\u00e9 strany\u201c, kter\u00e1 zd\u016fraznila hmyz jako zdroj potravy bohat\u00fd na b\u00edlkoviny pro lidskou spot\u0159ebu.<\/span><\/p>\n<p class=\"has-text-align-center\"><em><strong><span dir=\"auto\">\u201eHmyz\u00ed protein: Na b\u00edlkoviny bohat\u00fd, ekologicky \u0161etrn\u00fd zdroj potravy, kter\u00fd je udr\u017eiteln\u00fdm zp\u016fsobem p\u011bstov\u00e1n a zpracov\u00e1v\u00e1n na potraviny bohat\u00e9 na b\u00edlkoviny pro lidskou spot\u0159ebu.\u201c<\/span><\/strong><\/em><\/p>\n<p class=\"has-text-align-center\"><span dir=\"auto\">WEF, \u201e\u00a0<\/span><strong><span dir=\"auto\">Za\u010dlen\u011bn\u00ed potravin\u00e1\u0159sk\u00fdch inovac\u00ed: Pl\u00e1n pro z\u00fa\u010dastn\u011bn\u00e9 strany<\/span><\/strong><span dir=\"auto\">\u00a0\u201c, z\u00e1\u0159\u00ed 2024<\/span><\/p>\n<figure class=\"wp-block-image aligncenter size-large\"><img decoding=\"async\" loading=\"lazy\" class=\"aligncenter\" src=\"https:\/\/sociable.co\/wp-content\/uploads\/2026\/01\/image-13.png\" alt=\"\" width=\"750\" height=\"433\" \/><figcaption class=\"wp-element-caption\"><em><span dir=\"auto\">Zdroj: Sv\u011btov\u00fd ekonomick\u00fd f\u00f3rum<\/span><\/em><\/figcaption><\/figure>\n<p><span dir=\"auto\">Podle OSN by \u201e\u00a0<\/span><strong><em><span dir=\"auto\">nov\u00e9 alternativn\u00ed proteiny, v\u010detn\u011b nov\u00fdch rostlinn\u00fdch potravin, kultivovan\u00fdch mas a fermentovan\u00fdch produkt\u016f, mohly nahradit konven\u010dn\u00ed potraviny \u017eivo\u010di\u0161n\u00e9ho p\u016fvodu, a t\u00edm sn\u00ed\u017eit emise sklen\u00edkov\u00fdch plyn\u016f, vyu\u017e\u00edv\u00e1n\u00ed p\u016fdy a vody a ztr\u00e1tu biodiverzity, je v\u0161ak zapot\u0159eb\u00ed dal\u0161\u00edho v\u00fdzkumu a investic<\/span><\/em><\/strong><span dir=\"auto\">\u00a0.\u201c<\/span><\/p>\n<p><span dir=\"auto\">Sou\u010dasn\u00fdm c\u00edlem OSN je do roku 2050 splnit dietn\u00ed doporu\u010den\u00ed EAT-Lancet, kter\u00e1 vyz\u00fdvaj\u00ed k \u201e\u00a0<\/span><strong><em><span dir=\"auto\">50% sn\u00ed\u017een\u00ed konzumace masa a 100% zv\u00fd\u0161en\u00ed konzumace o\u0159ech\u016f, zeleniny, ovoce a lu\u0161t\u011bnin<\/span><\/em><\/strong><span dir=\"auto\">\u00a0\u201c.<\/span><\/p>\n<p><span dir=\"auto\">Pokud si vzpomenete na video Sv\u011btov\u00e9ho ekonomick\u00e9ho f\u00f3ra \u201e\u00a0<\/span><strong><span dir=\"auto\">8 p\u0159edpov\u011bd\u00ed pro rok 2030<\/span><\/strong><span dir=\"auto\">\u00a0\u201c, prvn\u00ed p\u0159edpov\u011b\u010f zn\u011bla: \u201eNebudete nic vlastnit a budete \u0161\u0165astn\u00ed\u201c, a to d\u00edky cirkul\u00e1rn\u00ed ekonomice.<\/span><\/p>\n<p><span dir=\"auto\">Dal\u0161\u00ed p\u0159edpov\u011b\u010f zn\u011bla: \u201eBudou j\u00edst mnohem m\u00e9n\u011b masa. Bude to ob\u010dasn\u00e1 pochoutka, ne z\u00e1kladn\u00ed potravina. Kv\u016fli \u017eivotn\u00edmu prost\u0159ed\u00ed a na\u0161emu zdrav\u00ed.\u201c<\/span><\/p>\n<p><span dir=\"auto\">OSN a Sv\u011btov\u00e9 ekonomick\u00e9 f\u00f3rum se dohodly na agend\u011b pro Velk\u00fd reset a Agendu 2030.<\/span><\/p>\n<h3 class=\"wp-block-heading has-medium-font-size\"><strong><span dir=\"auto\">Transformace glob\u00e1ln\u00edho energetick\u00e9ho syst\u00e9mu<\/span><\/strong><\/h3>\n<p><span dir=\"auto\">\u010ctvrt\u00e1 cesta, kterou nast\u00ednila OSN, pokra\u010duje v t\u00e9matu \u201ezvyknout si \u017e\u00edt s men\u0161\u00edmi n\u00e1klady\u201c \u2013 tentokr\u00e1t nal\u00e9h\u00e1 na zem\u011b, aby roz\u0161\u00ed\u0159ily svou produkci obnoviteln\u00e9 energie, jako je v\u011btrn\u00e1 a sol\u00e1rn\u00ed energie.<\/span><\/p>\n<p><span dir=\"auto\">Tyto p\u0159eru\u0161ovan\u00e9 a nespolehliv\u00e9 formy energie jsou ur\u010deny pro n\u00e1s, oby\u010dejn\u00e9 ob\u010dany.<\/span><\/p>\n<p class=\"has-text-align-center\"><span dir=\"auto\">\u201e\u00a0<\/span><strong><em><span dir=\"auto\">Transformace energetick\u00e9ho syst\u00e9mu z\u00e1vis\u00ed na dekarbonizaci, roz\u0161\u00ed\u0159en\u00ed obnoviteln\u00fdch zdroj\u016f energie, jako je sol\u00e1rn\u00ed a v\u011btrn\u00e1 energie, a zlep\u0161en\u00ed \u00fa\u010dinnosti<\/span><\/em><\/strong><span dir=\"auto\">\u00a0.\u201c<\/span><\/p>\n<p class=\"has-text-align-center\"><span dir=\"auto\">UNEP, \u201e\u00a0<\/span><strong><span dir=\"auto\">Budoucnost, kterou si vol\u00edme<\/span><\/strong><span dir=\"auto\">\u00a0\u201c, prosinec 2025<\/span><\/p>\n<p><span dir=\"auto\">Datov\u00e1 centra s um\u011blou inteligenc\u00ed nyn\u00ed vy\u017eaduj\u00ed p\u0159es 30 gigawatt\u016f energie \u2013 co\u017e sta\u010d\u00ed k nap\u00e1jen\u00ed n\u011bkolika mal\u00fdch m\u011bst.<\/span><\/p>\n<p><span dir=\"auto\">Jadern\u00e9 elektr\u00e1rny a mal\u00e9 modul\u00e1rn\u00ed reaktory jsou v sou\u010dasn\u00e9 dob\u011b velmi \u017e\u00e1dan\u00e9, aby uspokojily energetick\u00e9 pot\u0159eby t\u011bchto datov\u00fdch center.<\/span><\/p>\n<p><span dir=\"auto\">Podle zpr\u00e1vy OSN \u201e\u00a0<\/span><strong><em><span dir=\"auto\">nejv\u00fdznamn\u011bj\u0161\u00edho pokroku v energetick\u00e9 transformaci bylo dosa\u017eeno ve v\u00fdrob\u011b elekt\u0159iny, kde n\u00edzkouhl\u00edkov\u00e9 zdroje energie, jako je sol\u00e1rn\u00ed, v\u011btrn\u00e1 a jadern\u00e1 energie, budou m\u00edt do let 2030 a 2050 v\u00fdrazn\u011b v\u011bt\u0161\u00ed pod\u00edl.<\/span><\/em><\/strong><span dir=\"auto\">\u00a0\u201c<\/span><\/p>\n<p><span dir=\"auto\">Z\u00e1rove\u0148 \u201e\u00a0<\/span><strong><em><span dir=\"auto\">fosiln\u00ed paliva z\u016fstanou dominantn\u00edm zdrojem energie a\u017e do roku 2050<\/span><\/em><\/strong><span dir=\"auto\">\u00a0\u201c.<\/span><\/p>\n<p><span dir=\"auto\">Abychom to cel\u00e9 zakon\u010dili, OSN doch\u00e1z\u00ed k z\u00e1v\u011bru, \u017ee vy i j\u00e1 bychom m\u011bli \u201ev\u00edce chodit p\u011b\u0161ky a jezdit na kole\u201c, abychom \u201enep\u0159i\u017eivovali\u00a0<\/span><strong><em><span dir=\"auto\">klimatickou krizi, kter\u00e1 ji\u017e zp\u016fsobuje sucha, z\u00e1plavy, superbou\u0159e a dal\u0161\u00ed katastrofy<\/span><\/em><\/strong><span dir=\"auto\">\u00a0\u201c.<\/span><\/p>\n<p><span dir=\"auto\">V\u0161echny tyto p\u0159\u00edstupy si op\u011bt kladou za c\u00edl ovlivnit a zm\u011bnit lidsk\u00e9 chov\u00e1n\u00ed tak, aby neakceptovalo zvolenou globalistickou politiku.<\/span><\/p>\n<h3 class=\"wp-block-heading has-medium-font-size\"><strong><span dir=\"auto\">\u0158\u00edzen\u00ed environment\u00e1ln\u00edch syst\u00e9m\u016f<\/span><\/strong><\/h3>\n<p><span dir=\"auto\">OSN r\u00e1da mluv\u00ed o d\u016fle\u017eitosti domorod\u00e9 moudrosti, ale pouze pokud jde o \u017eivotn\u00ed prost\u0159ed\u00ed \u2013 velk\u00e9 farmaceutick\u00e9 spole\u010dnosti a Gatesem podporovan\u00e1 WHO nejsou velk\u00fdmi fanou\u0161ky p\u0159\u00edrodn\u00ed medic\u00edny.<\/span><\/p>\n<p><span dir=\"auto\">Podle zpr\u00e1vy OSN \u201e\u00a0<\/span><strong><em><span dir=\"auto\">\u0159\u00edzen\u00ed environment\u00e1ln\u00edch syst\u00e9m\u016f zp\u016fsobem, kter\u00fd podporuje udr\u017eitelnost, zahrnuje zav\u00e1d\u011bn\u00ed ekologicky \u0161etrn\u00fdch \u0159e\u0161en\u00ed a zapojen\u00ed domorod\u00e9ho obyvatelstva do spr\u00e1vy a p\u00e9\u010de o stanovi\u0161t\u011b<\/span><\/em><\/strong><span dir=\"auto\">\u00a0.\u201c<\/span><\/p>\n<p><span dir=\"auto\">C\u00edlem je d\u00e1t p\u0159\u00edrod\u011b digit\u00e1ln\u00ed identifika\u010dn\u00ed \u010d\u00edslo s n\u00e1zvem Nature ID, kter\u00e9 bude monitorovat ve\u0161kerou biodiverzitu pomoc\u00ed kamer, senzor\u016f a um\u011bl\u00e9 inteligence.<\/span><\/p>\n<p class=\"has-text-align-center\"><em><strong><span dir=\"auto\">\u201eMonitorov\u00e1n\u00ed pomoc\u00ed um\u011bl\u00e9 inteligence umo\u017e\u0148uje efektivn\u011bj\u0161\u00ed sledov\u00e1n\u00ed stavu ekosyst\u00e9m\u016f.\u201c<\/span><\/strong><\/em><\/p>\n<p class=\"has-text-align-center\"><span dir=\"auto\">UNEP, \u201e\u00a0<\/span><strong><span dir=\"auto\">Budoucnost, kterou si vol\u00edme<\/span><\/strong><span dir=\"auto\">\u00a0\u201c, prosinec 2025<\/span><\/p>\n<p><span dir=\"auto\">V b\u0159eznu 2025 zve\u0159ejnil Rozvojov\u00fd program OSN (UNDP) studii s n\u00e1zvem \u201e\u00a0<\/span><strong><span dir=\"auto\">Argumenty pro Nature ID: Jak<\/span><\/strong><span dir=\"auto\">\u00a0m\u016f\u017ee digit\u00e1ln\u00ed ve\u0159ejn\u00e1 infrastruktura katalyzovat opat\u0159en\u00ed v oblasti p\u0159\u00edrody a klimatu\u201c, kter\u00e1 popisuje, jak lze biodiverzitu digit\u00e1ln\u011b zaznamen\u00e1vat, sledovat a hodnotit pomoc\u00ed Nature ID.<\/span><\/p>\n<p><span dir=\"auto\">\u201e\u00a0<\/span><strong><em><span dir=\"auto\">Vyu\u017eit\u00edm n\u00e1stroj\u016f z r\u016fzn\u00fdch datov\u00fdch zdroj\u016f, jako jsou satelitn\u00ed sn\u00edmky, technologie d\u00e1lkov\u00e9ho pr\u016fzkumu Zem\u011b a stanice pro monitorov\u00e1n\u00ed \u017eivotn\u00edho prost\u0159ed\u00ed, by syst\u00e9m mohl detekovat trendy a zm\u011bny, umo\u017enit v\u010dasn\u00e9 z\u00e1sahy a slou\u017eit jako platforma pro rozs\u00e1hl\u00e9 monitorov\u00e1n\u00ed biodiverzity<\/span><\/em><\/strong><span dir=\"auto\">\u00a0,\u201c uv\u00e1d\u00ed se ve studii.<\/span><\/p>\n<p><span dir=\"auto\">D\u00e1le se v n\u011bm uv\u00e1d\u00ed: \u201e\u00a0<\/span><strong><em><span dir=\"auto\">Integrac\u00ed dat o fl\u00f3\u0159e a faun\u011b shrom\u00e1\u017ed\u011bn\u00fdch pomoc\u00ed senzor\u016f, fotopast\u00ed, akustick\u00e9ho monitorov\u00e1n\u00ed a iniciativ ob\u010dansk\u00e9 v\u011bdy by Nature ID poskytoval podrobn\u00e1 hodnocen\u00ed biodiverzity, a t\u00edm podporoval identifikaci druh\u016f a hodnocen\u00ed zdrav\u00ed ekosyst\u00e9m\u016f<\/span><\/em><\/strong><span dir=\"auto\">\u00a0.\u201c<\/span><\/p>\n<p class=\"has-text-align-center\"><em><span dir=\"auto\">\u201e\u00a0<\/span><\/em><strong><em><span dir=\"auto\">Synt\u00e9zou informac\u00ed o biodiverzit\u011b, klimatu a soci\u00e1ln\u00edch faktorech m\u016f\u017ee Nature ID \u0159e\u0161it environment\u00e1ln\u00ed aspekty v politice, soukrom\u00e9m sektoru a m\u00edstn\u00edch komunit\u00e1ch. \u201c<\/span><\/em><\/strong><\/p>\n<p class=\"has-text-align-center\"><em><strong><span dir=\"auto\">hr\u00e1t v\u00fdznamn\u011bj\u0161\u00ed roli v rozhodov\u00e1n\u00ed.<\/span><\/strong><\/em><\/p>\n<p class=\"has-text-align-center\"><em><span dir=\"auto\">\u201e\u00a0<\/span><\/em><strong><em><span dir=\"auto\">To m\u016f\u017ee vytvo\u0159it environment\u00e1ln\u011b pozitivn\u00ed pob\u00eddky a finan\u010dn\u00ed toky \u2013 nap\u0159\u00edklad<\/span><\/em><\/strong><\/p>\n<p class=\"has-text-align-center\"><em><strong><span dir=\"auto\">P\u0159\u00edm\u00e9 platby za ekosyst\u00e9mov\u00e9 slu\u017eby nebo emisn\u00ed povolenky na iniciativy ochrany a obnovy p\u0159\u00edrody<\/span><\/strong><\/em><\/p>\n<p class=\"has-text-align-center\"><strong><em><span dir=\"auto\">\u201e<\/span><\/em><\/strong><\/p>\n<p class=\"has-text-align-center\"><span dir=\"auto\">UNDP, Argumenty pro p\u0159\u00edrodu, b\u0159ezen 2025<\/span><\/p>\n<figure class=\"wp-block-image aligncenter size-large\"><img decoding=\"async\" loading=\"lazy\" class=\"aligncenter\" src=\"https:\/\/sociable.co\/wp-content\/uploads\/2026\/01\/image-14.png\" alt=\"\" width=\"826\" height=\"614\" \/><figcaption class=\"wp-element-caption\"><em><span dir=\"auto\">Zdroj: UNDP<\/span><\/em><\/figcaption><\/figure>\n<p><span dir=\"auto\">Podle studie UNDP \u201e\u00a0<\/span><strong><em><span dir=\"auto\">by propojen\u00ed ekonomick\u00fdch aktivit s prostorov\u00fdmi environment\u00e1ln\u00edmi daty umo\u017enilo posouzen\u00ed environment\u00e1ln\u00ed stopy a podpo\u0159ilo rozvoj strategi\u00ed udr\u017eiteln\u00e9ho hospoda\u0159en\u00ed s zdroji<\/span><\/em><\/strong><span dir=\"auto\">\u00a0.\u201c<\/span><\/p>\n<p><span dir=\"auto\">\u201e\u00a0<\/span><strong><em><span dir=\"auto\">Za\u010dlen\u011bn\u00edm socioekonomick\u00fdch dat ze statistik cestovn\u00edho ruchu, zem\u011bd\u011blsk\u00fdch registr\u016f a pr\u016fmyslov\u00fdch zpr\u00e1v by syst\u00e9m poskytoval vhled do interakc\u00ed mezi lidskou \u010dinnost\u00ed a \u017eivotn\u00edm prost\u0159ed\u00edm na konkr\u00e9tn\u00edch m\u00edstech. To by u\u017eivatel\u016fm mohlo umo\u017enit vyu\u017e\u00edt Nature ID k monitorov\u00e1n\u00ed toho, jak lidsk\u00e9 \u010dinnosti \u2013 jako je cestovn\u00ed ruch, zem\u011bd\u011blstv\u00ed a pr\u016fmyslov\u00e9 aktivity \u2013 ovliv\u0148uj\u00ed ekosyst\u00e9my.<\/span><\/em><\/strong><span dir=\"auto\">\u00a0\u201c<\/span><\/p>\n<p><span dir=\"auto\">To vede k z\u00e1v\u011bru: \u201e\u00a0<\/span><strong><em><span dir=\"auto\">V\u00fdm\u011bna dat prost\u0159ednictv\u00edm Nature ID m\u016f\u017ee slou\u017eit jako platforma pro \u0161k\u00e1lov\u00e1n\u00ed a slad\u011bn\u00ed financov\u00e1n\u00ed \u0161etrn\u00e9ho ke klimatu a p\u0159\u00edrod\u011b, nap\u0159\u00edklad pro programy venkovsk\u00fdch \u00fav\u011br\u016f, financov\u00e1n\u00ed m\u00edstn\u00edch iniciativ a trhy s biodiverzitou a emisn\u00edmi povolenkami<\/span><\/em><\/strong><span dir=\"auto\">\u00a0.\u201c<\/span><\/p>\n<p><span dir=\"auto\">Budoucnost, kterou pro n\u00e1s vyb\u00edraj\u00ed glob\u00e1ln\u00ed instituce, je budoucnost, ve kter\u00e9 my, lid\u00e9, nem\u00e1me \u017e\u00e1dnou kontrolu ani slovo v tom, co j\u00edme, co vlastn\u00edme, jak\u00e9 druhy energie sm\u00edme pou\u017e\u00edvat nebo co m\u016f\u017eeme d\u011blat s p\u016fdou.<\/span><\/p>\n<p><strong><span dir=\"auto\">Nen\u00ed to budoucnost, kterou si vyb\u00edr\u00e1me, ale budoucnost, kter\u00e1 byla vybr\u00e1na pro n\u00e1s.<\/span><\/strong><\/p>\n<\/div>\n<\/div>\n<div class=\"elementor-element elementor-element-8c57238 quelle dc-has-condition dc-condition-empty elementor-widget elementor-widget-heading\" data-id=\"8c57238\" data-element_type=\"widget\" data-widget_type=\"heading.default\">\n<div class=\"elementor-widget-container\">\n<h3 class=\"elementor-heading-title elementor-size-default\"><span style=\"font-size: 10pt;\"><a href=\"https:\/\/sociable.co\/government-and-policy\/un-great-reset-agenda-reshape-economy-society-eat-fake-meat-report\/\" target=\"_blank\" rel=\"nofollow noopener\"><span dir=\"auto\">Zdroj<\/span><\/a><\/span><\/h3>\n<p>&nbsp;<\/p>\n<\/div>\n<\/div>\n","protected":false},"excerpt":{"rendered":"<p>Ka\u017ed\u00fd p\u0159\u00edstup si klade za c\u00edl manipulovat s lidsk\u00fdm chov\u00e1n\u00edm takov\u00fdm zp\u016fsobem, aby podpo\u0159il p\u0159ijet\u00ed&#8230;<\/p>\n","protected":false},"author":2,"featured_media":96945,"comment_status":"closed","ping_status":"closed","sticky":false,"template":"","format":"standard","meta":[],"categories":[7],"tags":[1042,1147,279,186,235,724],"_links":{"self":[{"href":"https:\/\/www.infokuryr.cz\/n\/wp-json\/wp\/v2\/posts\/96944"}],"collection":[{"href":"https:\/\/www.infokuryr.cz\/n\/wp-json\/wp\/v2\/posts"}],"about":[{"href":"https:\/\/www.infokuryr.cz\/n\/wp-json\/wp\/v2\/types\/post"}],"author":[{"embeddable":true,"href":"https:\/\/www.infokuryr.cz\/n\/wp-json\/wp\/v2\/users\/2"}],"replies":[{"embeddable":true,"href":"https:\/\/www.infokuryr.cz\/n\/wp-json\/wp\/v2\/comments?post=96944"}],"version-history":[{"count":0,"href":"https:\/\/www.infokuryr.cz\/n\/wp-json\/wp\/v2\/posts\/96944\/revisions"}],"wp:featuredmedia":[{"embeddable":true,"href":"https:\/\/www.infokuryr.cz\/n\/wp-json\/wp\/v2\/media\/96945"}],"wp:attachment":[{"href":"https:\/\/www.infokuryr.cz\/n\/wp-json\/wp\/v2\/media?parent=96944"}],"wp:term":[{"taxonomy":"category","embeddable":true,"href":"https:\/\/www.infokuryr.cz\/n\/wp-json\/wp\/v2\/categories?post=96944"},{"taxonomy":"post_tag","embeddable":true,"href":"https:\/\/www.infokuryr.cz\/n\/wp-json\/wp\/v2\/tags?post=96944"}],"curies":[{"name":"wp","href":"https:\/\/api.w.org\/{rel}","templated":true}]}}