{"id":96939,"date":"2026-01-15T00:34:16","date_gmt":"2026-01-14T23:34:16","guid":{"rendered":"https:\/\/www.infokuryr.cz\/n\/?p=96939"},"modified":"2026-01-14T19:04:50","modified_gmt":"2026-01-14T18:04:50","slug":"francie-mladik-zemrel-pote-co-uvizl-na-plote-s-hroty-pri-uteku-pred-policii","status":"publish","type":"post","link":"https:\/\/www.infokuryr.cz\/n\/2026\/01\/15\/francie-mladik-zemrel-pote-co-uvizl-na-plote-s-hroty-pri-uteku-pred-policii\/","title":{"rendered":"Francie: Mlad\u00edk zem\u0159el pot\u00e9, co uv\u00edzl na plot\u011b s hroty p\u0159i \u00fat\u011bku p\u0159ed polici\u00ed"},"content":{"rendered":"<div id=\"fb-root\"><\/div>\n<h3 class=\"s-tagline fw-tagline\"><span dir=\"auto\">V souvislosti se smrt\u00ed mlad\u00edka byla zah\u00e1jena dv\u011b vy\u0161et\u0159ov\u00e1n\u00ed<\/span><\/h3>\n<p><span dir=\"auto\">Pot\u00e9, co se ve francouzsk\u00e9m m\u011bst\u011b Antibes hl\u00e1sila rva\u010dka mezi 30 a\u017e 40 mlad\u00edky, p\u0159i\u0161el o \u017eivot 21let\u00fd mu\u017e, kter\u00fd ut\u00edkal p\u0159ed polici\u00ed, kdy\u017e uv\u00edzl na plot\u011b s hroty.<\/span><\/p>\n<p><span dir=\"auto\">K prvn\u00ed rva\u010dce do\u0161lo v sobotu ve\u010der v 23:10 na adrese 37 rue Dulys, na\u010de\u017e do\u0161lo k policejn\u00ed pron\u00e1sledov\u00e1n\u00ed, kter\u00e9 se prot\u00e1hlo na n\u011bkolik kilometr\u016f a skon\u010dilo u All\u00e9e des Mimosas.<\/span><\/p>\n<p><span dir=\"auto\">Tam \u010dty\u0159i a\u017e p\u011bt mlad\u00edk\u016f p\u0159esko\u010dilo br\u00e1nu, aby unikli policii, ale posledn\u00edho, kdo vysko\u010dil, policist\u00e9 zas\u00e1hli taserem, ale st\u00e1le se jim nepoda\u0159ilo ho spoutat.<\/span><\/p>\n<p><span dir=\"auto\">\u201eO n\u011bkolik minut pozd\u011bji s\u00e1m zavolal hasi\u010de,\u201c uvedl st\u00e1tn\u00ed z\u00e1stupce, z\u0159ejm\u011b kv\u016fli v\u00e1\u017en\u00e9 ztr\u00e1t\u011b krve.<\/span><\/p>\n<p><span dir=\"auto\">Po p\u0159\u00edjezdu z\u00e1chran\u00e1\u0159i zjistili, \u017ee mu\u017e obrovsk\u00e9 mno\u017estv\u00ed krv\u00e1c\u00ed ze stehenn\u00ed tepny, na\u010de\u017e u n\u011bj do\u0161lo k \u201ez\u00e1stav\u011b srdce\u201c. Pokusy o resuscitaci nebyly \u00fasp\u011b\u0161n\u00e9, uvedl st\u00e1tn\u00ed z\u00e1stupce v Grasse \u00c9ric Camous.<\/span><\/p>\n<p><span dir=\"auto\">Nyn\u00ed bude provedena pitva mu\u017ee, kter\u00e1 m\u00e1 zjistit, zda mu jeden z hrot\u016f na br\u00e1n\u011b, p\u0159es kterou ob\u011b\u0165 p\u0159esko\u010dila, prop\u00edchl tepnu. \u00da\u0159ady nav\u00edc vy\u0161et\u0159uj\u00ed i \u200b\u200bnapaden\u00ed, kter\u00e9 vedlo k policejn\u00ed honi\u010dce.<\/span><\/p>\n<p><span dir=\"auto\">Podle medi\u00e1ln\u00ed stanice\u00a0<\/span><a href=\"https:\/\/france3-regions.franceinfo.fr\/provence-alpes-cote-d-azur\/alpes-maritimes\/antibes\/un-jeune-homme-de-21-ans-retrouve-mort-apres-une-rixe-entre-40-personnes-a-antibes-3279944.html\"><span dir=\"auto\">France 3<\/span><\/a><span dir=\"auto\">\u00a0\u201est\u00e1tn\u00ed zastupitelstv\u00ed v Grasse tak\u00e9 aktivovalo \u201acestu podpory ob\u011btem\u2018, aby rodina zesnul\u00e9ho mlad\u00e9ho mu\u017ee mohla tv\u00e1\u0159\u00ed v tv\u00e1\u0159 t\u00e9to trag\u00e9dii z\u00edskat psychologickou podporu.\u201c<\/span><\/p>\n<p><span dir=\"auto\">V oblasti do\u0161lo v roce 2024 ke dv\u011bma vra\u017ed\u00e1m, uv\u00e1d\u00ed France 3.<\/span><\/p>\n<p><span dir=\"auto\">\u201eV z\u00e1\u0159\u00ed 2024 byl mlad\u00fd mu\u017e po rva\u010dce na Boulevard \u00c9douard Baudoin, pobl\u00ed\u017e no\u010dn\u00edho klubu Le Village v Juan-les-Pins, ubod\u00e1n k smrti do hrudi. O dva t\u00fddny pozd\u011bji do\u0161lo na Chemin des Colombes k dal\u0161\u00ed vra\u017ed\u011b osmn\u00e1ctilet\u00e9ho mlad\u00edka,\u201c napsaly noviny.<\/span><\/p>\n<p><img decoding=\"async\" loading=\"lazy\" class=\"alignnone size-full wp-image-1185\" src=\"http:\/\/www.infokuryr.cz\/n\/wp-content\/uploads\/2021\/04\/kuryr-podpis.png\" alt=\"\" width=\"84\" height=\"24\" \/><\/p>\n<p>&nbsp;<\/p>\n","protected":false},"excerpt":{"rendered":"<p>V souvislosti se smrt\u00ed mlad\u00edka byla zah\u00e1jena dv\u011b vy\u0161et\u0159ov\u00e1n\u00ed Pot\u00e9, co se ve francouzsk\u00e9m m\u011bst\u011b&#8230;<\/p>\n","protected":false},"author":2,"featured_media":96940,"comment_status":"closed","ping_status":"closed","sticky":false,"template":"","format":"standard","meta":[],"categories":[7],"tags":[130,369,4577],"_links":{"self":[{"href":"https:\/\/www.infokuryr.cz\/n\/wp-json\/wp\/v2\/posts\/96939"}],"collection":[{"href":"https:\/\/www.infokuryr.cz\/n\/wp-json\/wp\/v2\/posts"}],"about":[{"href":"https:\/\/www.infokuryr.cz\/n\/wp-json\/wp\/v2\/types\/post"}],"author":[{"embeddable":true,"href":"https:\/\/www.infokuryr.cz\/n\/wp-json\/wp\/v2\/users\/2"}],"replies":[{"embeddable":true,"href":"https:\/\/www.infokuryr.cz\/n\/wp-json\/wp\/v2\/comments?post=96939"}],"version-history":[{"count":0,"href":"https:\/\/www.infokuryr.cz\/n\/wp-json\/wp\/v2\/posts\/96939\/revisions"}],"wp:featuredmedia":[{"embeddable":true,"href":"https:\/\/www.infokuryr.cz\/n\/wp-json\/wp\/v2\/media\/96940"}],"wp:attachment":[{"href":"https:\/\/www.infokuryr.cz\/n\/wp-json\/wp\/v2\/media?parent=96939"}],"wp:term":[{"taxonomy":"category","embeddable":true,"href":"https:\/\/www.infokuryr.cz\/n\/wp-json\/wp\/v2\/categories?post=96939"},{"taxonomy":"post_tag","embeddable":true,"href":"https:\/\/www.infokuryr.cz\/n\/wp-json\/wp\/v2\/tags?post=96939"}],"curies":[{"name":"wp","href":"https:\/\/api.w.org\/{rel}","templated":true}]}}