{"id":96937,"date":"2026-01-15T00:32:29","date_gmt":"2026-01-14T23:32:29","guid":{"rendered":"https:\/\/www.infokuryr.cz\/n\/?p=96937"},"modified":"2026-01-14T19:02:14","modified_gmt":"2026-01-14T18:02:14","slug":"hrozici-krize-zmena-rezimu-nasilnym-prevzetim-moci-je-novym-normalem","status":"publish","type":"post","link":"https:\/\/www.infokuryr.cz\/n\/2026\/01\/15\/hrozici-krize-zmena-rezimu-nasilnym-prevzetim-moci-je-novym-normalem\/","title":{"rendered":"Hroz\u00edc\u00ed krize: Zm\u011bna re\u017eimu n\u00e1siln\u00fdm p\u0159evzet\u00edm moci je nov\u00fdm norm\u00e1lem"},"content":{"rendered":"<div id=\"fb-root\"><\/div>\n<div class=\"elementor-element elementor-element-1fb4c2c elementor-widget elementor-widget-theme-post-content\" data-id=\"1fb4c2c\" data-element_type=\"widget\" data-widget_type=\"theme-post-content.default\">\n<div class=\"elementor-widget-container\">\n<p><span dir=\"auto\">No, to netrvalo dlouho. Sotva uschl inkoust na m\u00e9 metaforick\u00e9 p\u0159edpov\u011bdi o Nov\u00e9m sv\u011bt\u011b p\u0159\u00ed\u0161t\u00ed rok, \u017ee rok 2026 bude \u201erokem bou\u0159e\u201c, bou\u0159e skute\u010dn\u011b za\u010dala.<\/span><\/p>\n<p><span dir=\"auto\">P\u0159esn\u011bji \u0159e\u010deno, za\u010dalo to velkolep\u00fdm no\u010dn\u00edm \u00fatokem 2. ledna 2026, kter\u00fd vedl k \u00fasp\u011b\u0161n\u00e9mu \u00fanosu b\u00fdval\u00e9ho venezuelsk\u00e9ho prezidenta Nicol\u00e1se Madura.<\/span><\/p>\n<p><span dir=\"auto\">A te\u010f se rozpout\u00e1 peklo.<\/span><\/p>\n<p><span dir=\"auto\">Ale nev\u011b\u0159te mi. V\u011b\u0159te n\u011bmeck\u00e9mu spolkov\u00e9mu prezidentovi Franku-Walteru Steinmeierovi (mezi ne-N\u011bmci zn\u00e1m\u011bj\u0161\u00edmu jako \u201eKdo to sakra je?\u201c). Ohledn\u011b velkolep\u00fdch ud\u00e1lost\u00ed minul\u00e9ho t\u00fddne vyj\u00e1d\u0159il n\u00e1zor, \u017ee Trump a USA nyn\u00ed ni\u010d\u00ed pr\u00e1v\u011b ten sv\u011btov\u00fd \u0159\u00e1d, kter\u00fd USA pomohly vytvo\u0159it po druh\u00e9 sv\u011btov\u00e9 v\u00e1lce.<\/span><\/p>\n<p><span dir=\"auto\">Hmm. Kdybych to nev\u011bd\u011bl l\u00e9pe, \u0159ekl bych, \u017ee na obzoru je nov\u00fd sv\u011btov\u00fd \u0159\u00e1d. Kdo by to mohl p\u0159edv\u00eddat?<\/span><\/p>\n<p><span dir=\"auto\">Tak co tohle v\u0161echno sakra doopravdy znamen\u00e1? Dobr\u00e1 ot\u00e1zka. Poj\u010fme si na ni odpov\u011bd\u011bt, ano?<\/span><\/p>\n<h3 class=\"has-medium-font-size\"><strong><span dir=\"auto\">ABSOLUTN\u00cd ODHODNUT\u00cd<\/span><\/strong><\/h3>\n<figure class=\"wp-block-image aligncenter size-large is-resized\"><img decoding=\"async\" loading=\"lazy\" class=\"aligncenter\" src=\"https:\/\/substackcdn.com\/image\/fetch\/$s_!0MJJ!,w_1456,c_limit,f_webp,q_auto:good,fl_progressive:steep\/https%3A%2F%2Fsubstack-post-media.s3.amazonaws.com%2Fpublic%2Fimages%2Fd242c376-38d1-4b55-aa4f-c1a23681bd3c_500x280.jpeg\" alt=\"\" width=\"634\" height=\"355\" \/><\/figure>\n<p><span dir=\"auto\">\u201eNicol\u00e1s Maduro byl ob\u017ealov\u00e1n ze spiknut\u00ed za \u00fa\u010delem drogov\u00e9ho terorismu, spiknut\u00ed za \u00fa\u010delem dovozu kokainu, dr\u017een\u00ed kulomet\u016f a ni\u010div\u00e9ho vybaven\u00ed a spiknut\u00ed za \u00fa\u010delem dr\u017een\u00ed kulomet\u016f a ni\u010div\u00e9ho vybaven\u00ed proti Spojen\u00fdm st\u00e1t\u016fm [je\u0161t\u011b hor\u0161\u00ed!].\u201c<\/span><\/p>\n<p><span dir=\"auto\">Toto byl tweet americk\u00e9 gener\u00e1ln\u00ed prokur\u00e1torky Pamely Bondiov\u00e9 z 3. ledna. T\u00edmto prohl\u00e1\u0161en\u00edm se Trump a jeho kump\u00e1ni pokusili zp\u011btn\u011b \u201eospravedlnit\u201c jeden z nejzjevn\u011bj\u0161\u00edch jednostrann\u00fdch a nez\u00e1konn\u00fdch n\u00e1siln\u00fdch akt\u016f na mezin\u00e1rodn\u00ed sc\u00e9n\u011b od americk\u00e9 invaze do Ir\u00e1ku.<\/span><\/p>\n<p><span dir=\"auto\">\u00datok a jeho d\u016fsledky jsou \u2013 stejn\u011b jako ka\u017ed\u00e1 v\u00fdznamn\u00e1 ud\u00e1lost v na\u0161em m\u00e9dii p\u0159esycen\u00e9m sv\u011bt\u011b zpr\u00e1v 60\/24 \u2013 z\u00e1rove\u0148 v\u0161udyp\u0159\u00edtomn\u00fdmi t\u00e9maty diskus\u00ed a zahalen\u00fdmi mlhou v\u00e1lky a pl\u00e1\u0161t\u011bm tajemstv\u00ed.<\/span><\/p>\n<p><span dir=\"auto\">Ofici\u00e1ln\u00ed zpr\u00e1va o dramatick\u00e9m no\u010dn\u00edm n\u00e1letu v Caracasu s n\u00e1zvem \u201eOperace Absolutn\u00ed odhodl\u00e1n\u00ed\u201c obsahuje:<\/span><\/p>\n<ul>\n<li><span dir=\"auto\">t\u00fdm CIA, jeho\u017e p\u0159\u00edtomnost ve Venezuele Trump hlasit\u011b ozn\u00e1mil loni v \u0159\u00edjnu a jeho\u017e \u00fa\u010delem, jak se nyn\u00ed dozv\u00edd\u00e1me, bylo shrom\u00e1\u017edit informace o venezuelsk\u00e9m prezidentovi Nicol\u00e1sovi Madurovi, o jeho pobytu, pohybu, denn\u00edm re\u017eimu, stravovac\u00edch n\u00e1vyc\u00edch a dokonce i o jeho dom\u00e1c\u00edch mazl\u00ed\u010dc\u00edch;<\/span><\/li>\n<li><span dir=\"auto\">1. opera\u010dn\u00ed odd\u00edl speci\u00e1ln\u00edch sil \u2013 l\u00e9pe zn\u00e1m\u00fd jako \u201eDelta Force\u201c \u2013 kter\u00fd \u201ep\u0159elet\u011bl vrtuln\u00edkem do hlavn\u00edho m\u011bsta Caracasu a zajal Madura a jeho man\u017eelku Cilii Floresovou\u201c;<\/span><\/li>\n<li><span dir=\"auto\">\u201ev\u00edce ne\u017e 150 st\u00edha\u010dek, bombard\u00e9r\u016f a dal\u0161\u00edch letadel\u201c, kter\u00e9 poskytovaly kryt\u00ed a leteckou podporu vrtuln\u00edk\u016fm p\u0159epravuj\u00edc\u00edm t\u00fdm Delta Force do a z Caracasu;<\/span><\/li>\n<li><span dir=\"auto\">Americk\u00e9 vesm\u00edrn\u00e9 velitelstv\u00ed a americk\u00e9 kybernetick\u00e9 velitelstv\u00ed, kter\u00e9 poskytovaly \u201evesm\u00edrn\u00e9 kapacity\u201c a \u201esatelitn\u00ed komunikaci\u201c, stejn\u011b jako dal\u0161\u00ed nejmodern\u011bj\u0161\u00ed, supermodern\u00ed technologie p\u0159ipraven\u00e9 na vesm\u00edrn\u00fd v\u011bk, o kter\u00fdch by v\u00e1m tito hrdinn\u00ed bojovn\u00edci r\u00e1di vypr\u00e1v\u011bli, ale nemohou z d\u016fvod\u016f \u201eopera\u010dn\u00ed bezpe\u010dnosti\u201c;<\/span><\/li>\n<li><span dir=\"auto\">a zd\u00e1nliv\u011b ka\u017ed\u00e1 dal\u0161\u00ed osoba by\u0165 jen vzd\u00e1len\u011b spojen\u00e1 s americkou arm\u00e1dou, speci\u00e1ln\u00edmi jednotkami a \u0159et\u011bzcem n\u00e1rodn\u00ed bezpe\u010dnosti, kter\u00e1 se usilovn\u011b sna\u017e\u00ed zve\u0159ejnit p\u0159\u00edsn\u011b tajn\u00e9 podrobnosti o operaci jak\u00e9koli tiskov\u00e9 agentu\u0159e, kter\u00e1 spr\u00e1vn\u011b nap\u00ed\u0161e jej\u00ed n\u00e1zev, stejn\u011b jako jsme vid\u011bli u operace Neptun\u016fv o\u0161t\u011bp.<\/span><\/li>\n<\/ul>\n<p><span dir=\"auto\">Pokud tato zm\u00ednka o Neptunov\u011b kop\u00ed spust\u00ed poplach u div\u00e1k\u016f, kte\u0159\u00ed se zaj\u00edmaj\u00ed o konspira\u010dn\u00ed realisty a v\u011bd\u00ed, \u017ee ofici\u00e1ln\u00ed p\u0159\u00edb\u011bh o \u201en\u00e1letu, p\u0159i kter\u00e9m byl v roce 2011 v P\u00e1kist\u00e1nu zabit Us\u00e1ma bin L\u00e1din\u201c, je fantasmagorickou poh\u00e1dkou zasazenou do je\u0161t\u011b v\u011bt\u0161\u00ed poh\u00e1dky, pak je to z\u00e1m\u011brn\u00e9. N\u00e1let na Madura, stejn\u011b jako \u00fatok na \u201eUs\u00e1mu\u201c, je zahalen tajemstv\u00edm a pln\u00fd nezodpov\u011bzen\u00fdch ot\u00e1zek.<\/span><\/p>\n<p><span dir=\"auto\">Vzhledem k roku 2026 je obvykl\u00e1 mlha v\u00e1lky obklopuj\u00edc\u00ed takovou ud\u00e1lost je\u0161t\u011b hust\u0161\u00ed kv\u016fli opakuj\u00edc\u00ed se ot\u00e1zce deepfak\u016f generovan\u00fdch um\u011blou inteligenc\u00ed. Ani ctihodn\u00ed ov\u011b\u0159ovatel\u00e9 fakt\u016f ze Snopes nemohou \u0159\u00edci, zda jsou tyto podivn\u00e9, zkreslen\u00e9 fotografie Madura, jak se usm\u00edv\u00e1, p\u00f3zuje a ukazuje palec nahoru sv\u00fdm \u00fanosc\u016fm, skute\u010dn\u00e9, nebo ne.<\/span><\/p>\n<p><span dir=\"auto\">A jak jsem nast\u00ednil v ned\u00e1vn\u00e9m \u010d\u00edsle \u010dasopisu New World Next Week, ot\u00e1zky kolem t\u00e9to ud\u00e1losti sahaj\u00ed mnohem hloub\u011bji ne\u017e ot\u00e1zka pozm\u011bn\u011bn\u00fdch fotografi\u00ed. Ve skute\u010dnosti \u017e\u00e1dn\u00fd z t\u011bchto d\u00edlk\u016f skl\u00e1da\u010dky do sebe zcela nezapad\u00e1, aby vytvo\u0159il ucelen\u00fd obraz toho, co se v Caracasu skute\u010dn\u011b stalo. Velkou ot\u00e1zkou, kter\u00e1 z\u016fst\u00e1v\u00e1, je ta, na kterou nar\u00e1\u017e\u00ed ned\u00e1vn\u00fd \u010dl\u00e1nek \u010dasopisu Global Research s n\u00e1zvem \u201ePro\u010d venezuelsk\u00e1 arm\u00e1da nebojovala\u201c.<\/span><\/p>\n<p><span dir=\"auto\">Vskutku. Pro\u010d venezuelsk\u00e1 arm\u00e1da nekladla v\u016fbec \u017e\u00e1dn\u00fd odpor tomuto do o\u010d\u00ed bij\u00edc\u00edmu poru\u0161en\u00ed suverenity sv\u00e9 zem\u011b? Jak se tomuto gangu rabova\u010d\u016f z Delta Force poda\u0159ilo p\u0159ekonat ob\u00e1van\u00e9 rusk\u00e9 syst\u00e9my protivzdu\u0161n\u00e9 obrany, o kter\u00fdch n\u00e1s experti ze ZAnonu uji\u0161\u0165ovali, \u017ee jist\u011b zdecimuj\u00ed americk\u00e9 s\u00edly? Jak se mohli infiltrovat a zmizet bez jedin\u00e9 americk\u00e9 ob\u011bti nebo sest\u0159elen\u00e9ho letadla?<\/span><\/p>\n<p><span dir=\"auto\">Bohu\u017eel se zd\u00e1, \u017ee v\u00fd\u0161e uveden\u00fd \u010dl\u00e1nek z Global Research neposkytuje uspokojivou odpov\u011b\u010f na tyto ot\u00e1zky. A odpust\u00edte mi, \u017ee nev\u011b\u0159\u00edm tak docela \u0161arlat\u00e1n\u016fm, kte\u0159\u00ed trvaj\u00ed na tom, \u017ee se Rusov\u00e9 sna\u017eili Madurovi pomoci, ale byli zrazeni Madurovou vlastn\u00ed zkorumpovanou gardou. (Mo\u017en\u00e1 d\u016fkazy pro tento divok\u00fd p\u0159\u00edb\u011bh byly potopeny na mo\u0159i, stejn\u011b jako n\u00e1m bylo \u0159e\u010deno o Us\u00e1movi bin L\u00e1dinovi!)<\/span><\/p>\n<p><span dir=\"auto\">Ne, st\u00e1le se domn\u00edv\u00e1m, \u017ee na ur\u010dit\u00e9 \u00farovni bylo dosa\u017eeno dohody, kter\u00e1 umo\u017enila tuto invazi. Zda tato dohoda byla uzav\u0159ena se samotn\u00fdm Putinem ve form\u011b dohody n\u011bco za n\u011bco, \u201eVenezuela pro Ukrajinu\u201c, jak ji navrhl Kreml v roce 2019, nebo zda se jednalo o dohodu se samotn\u00fdm Madurem ohledn\u011b monstrprocesu a exilu do tropick\u00e9ho r\u00e1je, nebo o n\u011bco \u00fapln\u011b jin\u00e9ho, \u200b\u200buk\u00e1\u017ee jen \u010das.<\/span><\/p>\n<p><span dir=\"auto\">Mnohem d\u016fle\u017eit\u011bj\u0161\u00ed ne\u017e p\u0159esn\u00e9 opera\u010dn\u00ed detaily tohoto n\u00e1letu je v\u0161ak precedent, kter\u00fd vytvo\u0159il pro budouc\u00ed mezin\u00e1rodn\u00ed vztahy.<\/span><\/p>\n<h3 class=\"has-medium-font-size\"><strong><span dir=\"auto\">NOV\u00dd SV\u011aTOV\u00dd \u0158\u00c1D<\/span><\/strong><\/h3>\n<figure class=\"wp-block-image aligncenter size-large\"><img decoding=\"async\" loading=\"lazy\" class=\"aligncenter\" src=\"https:\/\/substackcdn.com\/image\/fetch\/$s_!41SK!,w_1456,c_limit,f_webp,q_auto:good,fl_progressive:steep\/https%3A%2F%2Fsubstack-post-media.s3.amazonaws.com%2Fpublic%2Fimages%2Fd20cc0d5-d907-45da-b187-dfefa96d4aed_550x314.jpeg\" alt=\"\" width=\"650\" height=\"371\" \/><\/figure>\n<p><span dir=\"auto\">P\u0159ekvapen\u00ed! Amerika je te\u010f plnohodnotnou \u0159\u00ed\u0161\u00ed!<\/span><\/p>\n<p><span dir=\"auto\">Dob\u0159e, pro geopolitick\u00e9 realisty s dv\u011bma o\u010dima k pozorov\u00e1n\u00ed reality a dv\u011bma mozkov\u00fdmi bu\u0148kami k my\u0161len\u00ed to nen\u00ed nic nov\u00e9ho. Existuje pom\u011brn\u011b dost nez\u00e1visl\u00fdch analytik\u016f \u2013 v\u010detn\u011b m\u011b a n\u011bkter\u00fdch m\u00fdch p\u0159edchoz\u00edch host\u016f \u2013 kte\u0159\u00ed se ji\u017e n\u011bjakou dobu neost\u00fdchaj\u00ed nazvat americk\u00e9 imp\u00e9rium t\u00edm, \u010d\u00edm je.<\/span><\/p>\n<p><span dir=\"auto\">Americk\u00e9 imp\u00e9rium se ale nikdy p\u0159edt\u00edm nep\u0159iznalo k tomu, \u017ee je imp\u00e9riem.<\/span><\/p>\n<p><span dir=\"auto\">V\u00edte, posledn\u00edch 80 let sv\u011btu vl\u00e1dl ur\u010dit\u00fd syst\u00e9m. A\u0165 u\u017e tento syst\u00e9m naz\u00fdv\u00e1te \u201ePax Americana\u201c, \u201esv\u011btov\u00fd \u0159\u00e1d zalo\u017een\u00fd na mezin\u00e1rodn\u00edm pr\u00e1vu\u201c nebo Nov\u00fd sv\u011btov\u00fd \u0159\u00e1d, tento syst\u00e9m glob\u00e1ln\u00edch pravidel a norem byl zalo\u017een na nezpochybniteln\u00e9 glob\u00e1ln\u00ed hegemonii Ameriky. Ale nebojte se, lidi! V tomto syst\u00e9mu nikdy ne\u0161lo o to, aby nesporn\u00e1 supervelmoc pou\u017e\u00edvala svou v\u00e1hu, kdykoli cht\u011bla dos\u00e1hnout toho, co cht\u011bla! Ne! M\u00edsto toho byl tento syst\u00e9m vykreslov\u00e1n jako jedine\u010dn\u00fd p\u0159\u00edpad ve sv\u011btov\u00fdch d\u011bjin\u00e1ch, kdy velk\u00fd tyran vyu\u017eil sv\u00e9 moci k dobru. Koneckonc\u016f, ka\u017ed\u00e1 americk\u00e1 intervence po cel\u00e9m sv\u011bt\u011b slou\u017eila svobod\u011b, demokracii, slunci a l\u00edz\u00e1tk\u016fm!<\/span><\/p>\n<p><span dir=\"auto\">Toto je vize, kterou George H. W. Bush zm\u00ednil ve sv\u00e9m nechvaln\u011b zn\u00e1m\u00e9m projevu o \u201enov\u00e9m sv\u011btov\u00e9m \u0159\u00e1du\u201c 11. z\u00e1\u0159\u00ed 1990:<\/span><\/p>\n<p><em><span dir=\"auto\">Z t\u011bchto neklidn\u00fdch \u010das\u016f m\u016f\u017ee vzej\u00edt n\u00e1\u0161 p\u00e1t\u00fd c\u00edl \u2013 nov\u00fd sv\u011btov\u00fd \u0159\u00e1d: nov\u00e1 \u00e9ra osvobozen\u00e1 od hrozby teroru, siln\u011bj\u0161\u00ed ve sv\u00e9m \u00fasil\u00ed o spravedlnost a jist\u011bj\u0161\u00ed ve sv\u00e9m \u00fasil\u00ed o m\u00edr. \u00c9ra, ve kter\u00e9 mohou n\u00e1rody sv\u011bta, V\u00fdchod i Z\u00e1pad, Sever i Jih, \u017e\u00edt a prosperovat v harmonii. Sto generac\u00ed hledalo tuto nepolapitelnou cestu k m\u00edru, zat\u00edmco tis\u00edc v\u00e1lek zu\u0159ilo nap\u0159\u00ed\u010d cel\u00fdm spektrem lidsk\u00e9ho sna\u017een\u00ed. Dnes se tento nov\u00fd sv\u011bt usilovn\u011b rod\u00ed, sv\u011bt v\u00fdrazn\u011b odli\u0161n\u00fd od toho, kter\u00fd zn\u00e1me. Sv\u011bt, ve kter\u00e9m vl\u00e1da pr\u00e1va nahrazuje vl\u00e1du d\u017eungle. Sv\u011bt, ve kter\u00e9m n\u00e1rody uzn\u00e1vaj\u00ed svou spole\u010dnou odpov\u011bdnost za svobodu a spravedlnost. Sv\u011bt, ve kter\u00e9m siln\u00ed respektuj\u00ed pr\u00e1va slab\u00fdch.<\/span><\/em><\/p>\n<p><span dir=\"auto\">V\u0161ichni v\u00edme, \u017ee je to nesmysl. Ani Bush, ani \u017e\u00e1dn\u00fd jin\u00fd konzul americk\u00e9ho imp\u00e9ria se nikdy nestaral o \u201esvobodu a spravedlnost\u201c a nikdo z nich si ve skute\u010dnosti nep\u0159\u00e1l sv\u011bt, \u201ekde siln\u00ed respektuj\u00ed pr\u00e1va slab\u00fdch\u201c. Jde ale o to, \u017ee mluv\u010d\u00ed americk\u00e9ho imp\u00e9ria museli a\u017e dote\u010f p\u0159edst\u00edrat, \u017ee jim na takov\u00fdch v\u011bcech z\u00e1le\u017e\u00ed.<\/span><\/p>\n<p><span dir=\"auto\">No, je rok 2026 a maska \u200b\u200bimp\u00e9ria a jeho p\u0159edstavitel\u016f spadla. Dokonce i zd\u00e1n\u00ed v\u00fdmluvy, \u017ee americk\u00e9 vojensk\u00e9 dobrodru\u017estv\u00ed v zahrani\u010d\u00ed m\u011blo cokoli spole\u010dn\u00e9ho s \u201elidsk\u00fdmi pr\u00e1vy\u201c, \u201edemokraci\u00ed\u201c, \u201em\u00edrov\u00fdmi p\u0159echody\u201c nebo jakoukoli jinou l\u017e\u00ed, kterou str\u00fd\u010dek Sam pou\u017e\u00edval k ospravedln\u011bn\u00ed sv\u00fdch neleg\u00e1ln\u00edch invaz\u00ed v minulosti, zmizelo. M\u00e1me tu imp\u00e9rium, kter\u00e9 si n\u00e1rokuje zdroje a pou\u017e\u00edv\u00e1 svou vojenskou s\u00edlu k jejich zmocn\u011bn\u00ed.<\/span><\/p>\n<p><span dir=\"auto\">Pamatujte, \u017ee to ne\u0159\u00edk\u00e1m\u00a0<\/span><em><span dir=\"auto\">j\u00e1<\/span><\/em><span dir=\"auto\">\u00a0. \u0158\u00edk\u00e1 to Trump.<\/span><\/p>\n<p><span dir=\"auto\">\u201eBudeme pou\u017e\u00edvat ropu a budeme si br\u00e1t ropu,\u201c \u0159\u00edk\u00e1 o t\u00e9to nejnov\u011bj\u0161\u00ed operaci zm\u011bny re\u017eimu a slibuje, \u017ee bude Venezuelu vl\u00e1dnout tak dlouho, jak bude nutn\u00e9, aby ji \u201eobnovil velmi ziskov\u00fdm zp\u016fsobem\u201c pro americk\u00e9 ropn\u00e9 spole\u010dnosti.<\/span><\/p>\n<p><span dir=\"auto\">V rozhovoru pro\u00a0<\/span><em><span dir=\"auto\">New York Times<\/span><\/em><span dir=\"auto\">\u00a0minul\u00fd t\u00fdden byl Trump je\u0161t\u011b up\u0159\u00edmn\u011bj\u0161\u00ed ohledn\u011b jedin\u00e9ho omezen\u00ed americk\u00fdch glob\u00e1ln\u00edch ambic\u00ed: \u201eMoje vlastn\u00ed mor\u00e1lka. M\u016fj vlastn\u00ed zdrav\u00fd rozum. To je jedin\u00e1 v\u011bc, kter\u00e1 m\u011b m\u016f\u017ee zastavit. Nepot\u0159ebuji mezin\u00e1rodn\u00ed pr\u00e1vo.\u201c<\/span><\/p>\n<p><span dir=\"auto\">Corbetteers si v tuto chv\u00edli mo\u017en\u00e1 oddechnou. Kone\u010dn\u011b se objevil politik, kter\u00fd p\u0159izn\u00e1v\u00e1 to, co u\u017e d\u00e1vno v\u00edme: \u017ee americk\u00e9 imp\u00e9rium se pova\u017euje za pr\u00e1voplatn\u00e9ho vl\u00e1dce sv\u011bta a \u017ee \u201emezin\u00e1rodn\u00ed pr\u00e1vo\u201c nebylo v\u017edy nic v\u00edc ne\u017e kabuki show, kter\u00e1 n\u00e1s m\u00e1 nal\u00e1kat do pasti glob\u00e1ln\u00ed vl\u00e1dy.<\/span><\/p>\n<p><span dir=\"auto\">Ale tato \u00faleva nemus\u00ed trvat dlouho. Proto\u017ee nyn\u00ed, kdy\u017e bylo p\u0159izn\u00e1no, \u017ee skute\u010dn\u011b ka\u017ed\u00fd n\u00e1rod bojuje o sv\u00e9 vlastn\u00ed p\u0159e\u017eit\u00ed a \u017ee jedin\u00fdm z\u00e1konem mezi n\u00e1rody je z\u00e1kon d\u017eungle, \u010dekaj\u00ed n\u00e1s velmi bou\u0159liv\u00e9 \u010dasy.<\/span><\/p>\n<p><strong><span dir=\"auto\">BOU\u0158E JE P\u0158ED DVE\u0158MI<\/span><\/strong><\/p>\n<figure class=\"wp-block-image aligncenter size-large\"><img decoding=\"async\" loading=\"lazy\" class=\"aligncenter\" src=\"https:\/\/substackcdn.com\/image\/fetch\/$s_!sZQh!,w_1456,c_limit,f_webp,q_auto:good,fl_progressive:steep\/https%3A%2F%2Fsubstack-post-media.s3.amazonaws.com%2Fpublic%2Fimages%2Fcf708e8a-aaba-42cd-82b0-9571c6f3716b_550x309.jpeg\" alt=\"\" width=\"708\" height=\"398\" \/><\/figure>\n<p><span dir=\"auto\">Te\u010f, kdy\u017e jsou USA skute\u010dn\u00fdm imp\u00e9riem, kter\u00e9 dle libosti un\u00e1\u0161\u00ed hlavy zahrani\u010dn\u00edch st\u00e1t\u016f, kdo bude dal\u0161\u00ed?<\/span><\/p>\n<p><span dir=\"auto\">Nap\u0159\u00edklad ajatoll\u00e1h Chamene\u00ed u\u017e nesed\u00ed na sv\u00e9m persk\u00e9m tr\u016fnu tak pohodln\u011b jako den p\u0159ed \u00fatokem na Madura.<\/span><\/p>\n<p><span dir=\"auto\">A co Mexiko? Jasn\u011b, pro\u010d ne! Trump taky odvol\u00e1 prezidenta Sheinbauma, kdy\u017e se mu zachce!<\/span><\/p>\n<p><span dir=\"auto\">A Gr\u00f3nsko? P\u0159ipoutejte se, Gr\u00f3nci. Brzy budete rud\u00ed, b\u00edl\u00ed a mod\u0159\u00ed!<\/span><\/p>\n<p><span dir=\"auto\">A co Kanada? \u0158ekn\u011bme, \u017ee se bl\u00ed\u017e\u00ed den z\u00fa\u010dtov\u00e1n\u00ed.<\/span><\/p>\n<p><span dir=\"auto\">MAGA!!!!<\/span><\/p>\n<p><span dir=\"auto\">&#8230;Ale USA nejsou v t\u00e9to h\u0159e jedin\u00fdm hr\u00e1\u010dem. A nyn\u00ed, kdy\u017e jsou \u00fanosy zahrani\u010dn\u00edch v\u016fdc\u016f pravideln\u00fdm prvkem hry na velk\u00e9 \u0161achovnici, vyvst\u00e1v\u00e1 ot\u00e1zka: Kdo jin\u00fd by mohl zv\u00e1\u017eit pou\u017eit\u00ed takov\u00e9 taktiky proti sv\u00fdm geopolitick\u00fdm nep\u0159\u00e1tel\u016fm?<\/span><\/p>\n<p><span dir=\"auto\">Mysl\u00edte si, \u017ee by \u010d\u00ednsk\u00e1 vl\u00e1da mohla m\u00edt z\u00e1jem na vytvo\u0159en\u00ed podobn\u00e9 situace, aby si vynutila svou \u00fadajnou kontrolu nad Tchaj-wanem? Samoz\u0159ejm\u011b, \u017ee m\u00e1!<\/span><\/p>\n<p><span dir=\"auto\">V\u011b\u0159\u00edte, \u017ee izraelsk\u00e1 vl\u00e1da vyu\u017eije tento nov\u00fd precedent k vyhro\u017eov\u00e1n\u00ed \u00cdr\u00e1nu? Samoz\u0159ejm\u011b, \u017ee ano!<\/span><\/p>\n<p><span dir=\"auto\">A v\u011b\u0159\u00edte, \u017ee rusk\u00e1 vl\u00e1da zva\u017euje rychl\u00e9 ukon\u010den\u00ed SMO na Ukrajin\u011b \u00fanosem Zelensk\u00e9ho? Samoz\u0159ejm\u011b, \u017ee ano!<\/span><\/p>\n<p><span dir=\"auto\">A co Zelenskyj? M\u016f\u017ee se k n\u00e1m p\u0159idat? Jasn\u011b, pro\u010d ne! Nechme Trumpa&#8230; ehm, nev\u00edm&#8230; svrhnout Ramzana Kadyrova?<\/span><\/p>\n<p><span dir=\"auto\">V l\u00e1sce i ve v\u00e1lce je v\u0161echno dovoleno! To n\u00e1s nau\u010dili Trump a jeho neokonzervativn\u00ed p\u0159\u00e1tel\u00e9!<\/span><\/p>\n<p><span dir=\"auto\">Za\u010d\u00edn\u00e1\u0161 ch\u00e1pat, o co jde?<\/span><\/p>\n<p><span dir=\"auto\">U\u017e jsem mluvil o chaosu nepo\u0159\u00e1dku.<\/span><\/p>\n<p><span dir=\"auto\">Mluvil jsem o Nov\u00e9m sv\u011btov\u00e9m \u0159\u00e1du.<\/span><\/p>\n<p><span dir=\"auto\">Mluvil jsem o ozv\u011bn\u00e1ch prvn\u00ed sv\u011btov\u00e9 v\u00e1lky a p\u0159\u00edprav\u00e1ch na t\u0159et\u00ed sv\u011btovou v\u00e1lku.<\/span><\/p>\n<p><span dir=\"auto\">Ale to u\u017e nen\u00ed jen teorie. A\u0165 u\u017e to vid\u00edte, nebo ne, d\u011bje se to pr\u00e1v\u011b te\u010f. Bou\u0159e se chyst\u00e1 za\u010d\u00edt.<\/span><\/p>\n<p><span dir=\"auto\">Jedinou d\u016fle\u017eitou ot\u00e1zkou je, jak se p\u0159iprav\u00edme na to, co bude n\u00e1sledovat. N\u011bco mi \u0159\u00edk\u00e1, \u017ee se na to v nadch\u00e1zej\u00edc\u00edch m\u011bs\u00edc\u00edch zam\u011b\u0159\u00edm. Mezit\u00edm bych r\u00e1d sly\u0161el va\u0161e n\u00e1zory na tuto v\u011bc.<\/span><\/p>\n<p><strong><em>Od Jamese Corbetta<\/em><\/strong><\/p>\n<\/div>\n<\/div>\n<div class=\"elementor-element elementor-element-8c57238 quelle dc-has-condition dc-condition-empty elementor-widget elementor-widget-heading\" data-id=\"8c57238\" data-element_type=\"widget\" data-widget_type=\"heading.default\">\n<div class=\"elementor-widget-container\">\n<h3 class=\"elementor-heading-title elementor-size-default\"><span style=\"font-size: 10pt;\"><a href=\"https:\/\/corbettreport.substack.com\/p\/the-gathering-storm-snatch-and-grab?utm_source=post-email-title&amp;publication_id=725827&amp;post_id=184183466&amp;utm_campaign=email-post-title&amp;isFreemail=true&amp;r=pf6gr&amp;triedRedirect=true&amp;utm_medium=email\" target=\"_blank\" rel=\"nofollow noopener\"><span dir=\"auto\">Zdroj<\/span><\/a><\/span><\/h3>\n<p>&nbsp;<\/p>\n<\/div>\n<\/div>\n","protected":false},"excerpt":{"rendered":"<p>No, to netrvalo dlouho. Sotva uschl inkoust na m\u00e9 metaforick\u00e9 p\u0159edpov\u011bdi o Nov\u00e9m sv\u011bt\u011b p\u0159\u00ed\u0161t\u00ed&#8230;<\/p>\n","protected":false},"author":2,"featured_media":96938,"comment_status":"closed","ping_status":"closed","sticky":false,"template":"","format":"standard","meta":[],"categories":[7],"tags":[1042,276,452,37],"_links":{"self":[{"href":"https:\/\/www.infokuryr.cz\/n\/wp-json\/wp\/v2\/posts\/96937"}],"collection":[{"href":"https:\/\/www.infokuryr.cz\/n\/wp-json\/wp\/v2\/posts"}],"about":[{"href":"https:\/\/www.infokuryr.cz\/n\/wp-json\/wp\/v2\/types\/post"}],"author":[{"embeddable":true,"href":"https:\/\/www.infokuryr.cz\/n\/wp-json\/wp\/v2\/users\/2"}],"replies":[{"embeddable":true,"href":"https:\/\/www.infokuryr.cz\/n\/wp-json\/wp\/v2\/comments?post=96937"}],"version-history":[{"count":0,"href":"https:\/\/www.infokuryr.cz\/n\/wp-json\/wp\/v2\/posts\/96937\/revisions"}],"wp:featuredmedia":[{"embeddable":true,"href":"https:\/\/www.infokuryr.cz\/n\/wp-json\/wp\/v2\/media\/96938"}],"wp:attachment":[{"href":"https:\/\/www.infokuryr.cz\/n\/wp-json\/wp\/v2\/media?parent=96937"}],"wp:term":[{"taxonomy":"category","embeddable":true,"href":"https:\/\/www.infokuryr.cz\/n\/wp-json\/wp\/v2\/categories?post=96937"},{"taxonomy":"post_tag","embeddable":true,"href":"https:\/\/www.infokuryr.cz\/n\/wp-json\/wp\/v2\/tags?post=96937"}],"curies":[{"name":"wp","href":"https:\/\/api.w.org\/{rel}","templated":true}]}}