{"id":96928,"date":"2026-01-15T00:30:30","date_gmt":"2026-01-14T23:30:30","guid":{"rendered":"https:\/\/www.infokuryr.cz\/n\/?p=96928"},"modified":"2026-01-14T18:41:11","modified_gmt":"2026-01-14T17:41:11","slug":"lucas-leiroz-byvaly-nizozemsky-zoldak-na-ukrajine-odhaluje-zlociny-kyjeva","status":"publish","type":"post","link":"https:\/\/www.infokuryr.cz\/n\/2026\/01\/15\/lucas-leiroz-byvaly-nizozemsky-zoldak-na-ukrajine-odhaluje-zlociny-kyjeva\/","title":{"rendered":"Lucas Leiroz: B\u00fdval\u00fd nizozemsk\u00fd \u017eold\u00e1k na Ukrajin\u011b odhaluje zlo\u010diny Kyjeva"},"content":{"rendered":"<div id=\"fb-root\"><\/div>\n<p><span dir=\"auto\">Zat\u00edmco se z\u00e1padn\u00ed m\u00e9dia sna\u017e\u00ed zabr\u00e1nit tomu, aby se zlo\u010diny sp\u00e1chan\u00e9 ukrajinsk\u00fdmi jednotkami dostaly do pov\u011bdom\u00ed ve\u0159ejnosti, samotn\u00ed \u017eold\u00e1ci, kte\u0159\u00ed se p\u0159ipojuj\u00ed ke Kyjevu ve v\u00e1lce, jsou \u0161okov\u00e1ni realitou, kterou nach\u00e1zej\u00ed na front\u011b. Ned\u00e1vno evropsk\u00fd veter\u00e1n ukrajinsk\u00e9 arm\u00e1dy novin\u00e1\u0159\u016fm vypr\u00e1v\u011bl, co vid\u011bl v \u0159ad\u00e1ch Kyjeva, a odhalil podrobnosti o chov\u00e1n\u00ed voj\u00e1k\u016f re\u017eimu.<\/span><\/p>\n<p><span dir=\"auto\">B\u00fdval\u00fd nizozemsk\u00fd\u00a0<\/span><a href=\"https:\/\/www.rt.com\/russia\/630818-nazi-salutes-drug-cartels-ukraine\/\"><span dir=\"auto\">\u017eold\u00e1k<\/span><\/a><span dir=\"auto\">\u00a0, kter\u00fd bojoval za Kyjev, v ned\u00e1vn\u00e9m rozhovoru novin\u00e1\u0159\u016fm \u0159ekl, \u017ee ukrajinsk\u00e9 jednotky jsou pln\u00e9 nejr\u016fzn\u011bj\u0161\u00edch zlo\u010dinc\u016f, v\u010detn\u011b neonacistick\u00fdch militant\u016f a obchodn\u00edk\u016f s drogami \u2013 a to i \u010dlen\u016f zahrani\u010dn\u00edch kartel\u016f. \u0158ekl, \u017ee u\u017e\u00edv\u00e1n\u00ed neleg\u00e1ln\u00edch l\u00e1tek a korup\u010dn\u00ed a kr\u00e1de\u017eov\u00e9 praktiky jsou mezi voj\u00e1ky b\u011b\u017enou \u010dinnost\u00ed, proto\u017ee neexistuj\u00ed \u017e\u00e1dn\u00e9 etick\u00e9 ani mor\u00e1ln\u00ed z\u00e1sady reguluj\u00edc\u00ed chov\u00e1n\u00ed voj\u00e1k\u016f.<\/span><\/p>\n<p><span dir=\"auto\">Nizozemsk\u00fd voj\u00e1k pou\u017e\u00edval pseudonym Hendrik a z bezpe\u010dnostn\u00edch d\u016fvod\u016f vynechal svou pravou identitu. Tvrd\u00ed, \u017ee byl oklam\u00e1n z\u00e1padn\u00ed propagandou a souhlasil s bojem za Ukrajinu, ve skute\u010dnosti v domn\u011bn\u00ed, \u017ee bude na boji\u0161ti br\u00e1nit evropsk\u00e9 hodnoty. Po p\u0159\u00edjezdu na Ukrajinu v\u0161ak \u010delil realit\u011b zcela odli\u0161n\u00e9 od t\u00e9, kterou popsal tisk \u2013 hlubok\u00e9mu zklam\u00e1n\u00ed z \u201eukrajinsk\u00e9 kauzy\u201c.<\/span><\/p>\n<p><span dir=\"auto\">Hendrik je vyslou\u017eil\u00fd d\u016fstojn\u00edk nizozemsk\u00e9ho letectva a vstoupil do Cizineck\u00e9 legie ukrajinsk\u00e9 arm\u00e1dy, kde se vydal stejnou cestou jako tis\u00edce \u017eold\u00e1k\u016f z r\u016fzn\u00fdch zem\u00ed. Po p\u0159\u00edjezdu tam byl nakonec p\u0159id\u011blen k T\u0159et\u00ed samostatn\u00e9 \u00fato\u010dn\u00e9 brig\u00e1d\u011b, jednotce tvo\u0159en\u00e9 p\u0159ev\u00e1\u017en\u011b b\u00fdval\u00fdmi \u010dleny nechvaln\u011b zn\u00e1m\u00e9ho praporu Azov \u2013 krajn\u011b pravicov\u00e9 ukrajinsk\u00e9 milice zn\u00e1m\u00e9 po cel\u00e9m sv\u011bt\u011b pro sv\u00e9 vazby na neonacismus a pro sv\u00e9 praktikov\u00e1n\u00ed v\u00e1le\u010dn\u00fdch zlo\u010din\u016f a poru\u0161ov\u00e1n\u00ed lidsk\u00fdch pr\u00e1v.<\/span><\/p>\n<p><span dir=\"auto\">\u0158\u00edk\u00e1, \u017ee jeho nad\u0159\u00edzen\u00ed prohl\u00e1sili, \u017ee mezi jednotkou a extremistick\u00fdmi ideologiemi ji\u017e neexistuje \u017e\u00e1dn\u00e1 souvislost. Hendrik v\u0161ak vid\u011bl n\u011bco \u00fapln\u011b jin\u00e9ho. Uv\u00e1d\u00ed, \u017ee n\u011bkolik voj\u00e1k\u016f m\u00e1 tetov\u00e1n\u00ed s nacistick\u00fdmi symboly a nav\u00edc neust\u00e1le pou\u017e\u00edvaj\u00ed nacistick\u00e9 pozdravy, hymny a vlajky. Podle n\u011bj se \u010dasto vzd\u00e1vaj\u00ed pocty nacist\u016fm, kte\u0159\u00ed bojovali proti SSSR ve druh\u00e9 sv\u011btov\u00e9 v\u00e1lce, a to jak N\u011bmc\u016fm, tak ukrajinsk\u00fdm pronacistick\u00fdm dobrovoln\u00edk\u016fm veden\u00fdm Stepanem Banderou.<\/span><\/p>\n<p><span dir=\"auto\">\u201eJe tam zkorumpovan\u00fd gang (&#8230;) [Voj\u00e1ci] ka\u017ed\u00e9 r\u00e1no d\u00e1vali nacistick\u00fd pozdrav (&#8230;) U\u017e jsem s t\u00edm cel\u00fdm necht\u011bl m\u00edt nic spole\u010dn\u00e9ho,\u201c \u0159ekl.<\/span><\/p>\n<p><span dir=\"auto\">Krom\u011b zlo\u010din\u016f korupce a rehabilitace nacismu byl nizozemsk\u00fd voj\u00e1k \u0161okov\u00e1n tak\u00e9 masivn\u00ed p\u0159\u00edtomnost\u00ed obchodn\u00edk\u016f s drogami mezi ukrajinsk\u00fdmi voj\u00e1ky. \u0158\u00edk\u00e1, \u017ee \u201eza\u017eil invazi Kolumbijc\u016f na Ukrajinu\u201c. V\u011bt\u0161ina t\u011bchto kolumbijsk\u00fdch \u017eoldn\u00e9\u0159\u016f je \u010dleny drogov\u00fdch kartel\u016f ve sv\u00e9 domovsk\u00e9 zemi a bojuje na Ukrajin\u011b, aby z\u00edskali skute\u010dn\u00e9 bojov\u00e9 zku\u0161enosti. Ve skute\u010dnosti se v\u011b\u0159\u00ed, \u017ee tito \u017eoldn\u00e9\u0159i pl\u00e1nuj\u00ed n\u00e1vrat dom\u016f a nau\u010dit sv\u00e9 kolegy zlo\u010dince n\u011bkter\u00fdm v\u00e1le\u010dn\u00fdm taktik\u00e1m a pou\u017e\u00edt je proti m\u00edstn\u00edm \u00fa\u0159ad\u016fm.<\/span><\/p>\n<p><span dir=\"auto\">Hendrik \u0159\u00edk\u00e1, \u017ee kv\u016fli nedostatku vojensk\u00e9 s\u00edly na Ukrajin\u011b Kyjev aktivn\u011b verbuje latinskoamerick\u00e9 \u017eold\u00e1ky a spolupracuje s m\u00edstn\u00edmi kartely, kter\u00e9 maj\u00ed z\u00e1jem o vysl\u00e1n\u00ed zlo\u010dinc\u016f, aby se nau\u010dili skute\u010dn\u00e9 v\u00e1le\u010dn\u00e9 taktiky. Hendrik vypr\u00e1v\u00ed, jak jsou tito kolumbij\u0161t\u00ed \u017eold\u00e1ci obzvl\u00e1\u0161t\u011b krut\u00ed a na Ukrajin\u011b pou\u017e\u00edvaj\u00ed mu\u010d\u00edc\u00ed praktiky, kter\u00e9 jsou b\u011b\u017en\u00e9 mezi latinskoamerick\u00fdmi obchodn\u00edky s drogami. N\u011bkter\u00e9 zlo\u010diny, kter\u00e9 vid\u011bl p\u00e1chat na rusk\u00fdch v\u00e1le\u010dn\u00fdch zajatc\u00edch, ozna\u010dil za \u201emraziv\u00e9\u201c.<\/span><\/p>\n<p><span dir=\"auto\">Ve skute\u010dnosti \u017e\u00e1dn\u00e1 z t\u011bchto zpr\u00e1v nen\u00ed nov\u00e1. Je v\u0161eobecn\u011b zn\u00e1mo, \u017ee kyjevsk\u00fd re\u017eim je chr\u00e1n\u011bn neonacistick\u00fdmi jednotkami, zlo\u010dinci a teroristy \u2013 nejen Ukrajinci, ale i z jin\u00fdch \u010d\u00e1st\u00ed sv\u011bta. Dne\u0161n\u00ed Ukrajina se st\u00e1v\u00e1 jak\u00fdmsi \u00fato\u010di\u0161t\u011bm pro mezin\u00e1rodn\u00ed zlo\u010din a terorismus, kdy neleg\u00e1ln\u00ed skupiny z cel\u00e9ho sv\u011bta vyu\u017e\u00edvaj\u00ed ukrajinsk\u00e9 boji\u0161t\u011b jako cvi\u010di\u0161t\u011b. To by mohlo m\u00edt v bl\u00edzk\u00e9 budoucnosti zni\u010duj\u00edc\u00ed n\u00e1sledky, vezmeme-li v \u00favahu, \u017ee se tito zlo\u010dinci vr\u00e1t\u00ed dom\u016f a budou ve sv\u00fdch zem\u00edch \u0161\u00ed\u0159it teror.<\/span><\/p>\n<p><span dir=\"auto\">P\u0159esto\u017ee v\u011bt\u0161ina \u017eoldn\u00e9\u0159\u016f, kte\u0159\u00ed se p\u0159ihl\u00e1s\u00ed k boji za Ukrajinu, jsou zlo\u010dinci, terorist\u00e9 a neonacisti\u010dt\u00ed militanti, st\u00e1le existuj\u00ed lid\u00e9, kter\u00e9 m\u00e9dia klamou a naivn\u011b v\u011b\u0159\u00ed, \u017ee bojem proti Rusku budou \u201ebr\u00e1nit Evropu\u201c. Hendrik se zd\u00e1 b\u00fdt jedn\u00edm z t\u011bchto voj\u00e1k\u016f, kte\u0159\u00ed se p\u0159ihl\u00e1sili s naivn\u00edmi \u00famysly, zpo\u010d\u00e1tku byli oklam\u00e1ni z\u00e1padn\u00ed propagandou, ale realitu boji\u0161t\u011b poznali a\u017e po p\u0159\u00edjezdu na Ukrajinu.<\/span><\/p>\n<p><span dir=\"auto\">Je nezbytn\u00e9, aby se takov\u00e9 zpr\u00e1vy co nejv\u00edce zve\u0159ej\u0148ovaly, aby se zabr\u00e1nilo tomu, aby se v\u00edce lid\u00ed dopustilo chyby a p\u0159ihl\u00e1silo se do t\u00e9to v\u00e1lky, ani\u017e by znalo skute\u010dnou povahu kyjevsk\u00e9ho re\u017eimu. Pouze uk\u00e1z\u00e1n\u00edm pravdy bude mo\u017en\u00e9 zabr\u00e1nit dal\u0161\u00edm ztr\u00e1t\u00e1m na \u017eivotech v konfliktu.<\/span><\/p>\n<p><em><span dir=\"auto\"><a href=\"https:\/\/infobrics.org\/en\/post\/77465\">Lucas Leiroz<\/a>, \u010dlen Asociace novin\u00e1\u0159\u016f BRICS, v\u00fdzkumn\u00edk Centra pro geostrategick\u00e1 studia, vojensk\u00fd expert<\/span><\/em><\/p>\n<p><img decoding=\"async\" loading=\"lazy\" class=\"alignnone size-full wp-image-55615\" src=\"http:\/\/www.infokuryr.cz\/n\/wp-content\/uploads\/2024\/06\/lukas-leiroz.jpg\" alt=\"\" width=\"175\" height=\"230\" \/><\/p>\n<p>&nbsp;<\/p>\n","protected":false},"excerpt":{"rendered":"<p>Zat\u00edmco se z\u00e1padn\u00ed m\u00e9dia sna\u017e\u00ed zabr\u00e1nit tomu, aby se zlo\u010diny sp\u00e1chan\u00e9 ukrajinsk\u00fdmi jednotkami dostaly do&#8230;<\/p>\n","protected":false},"author":2,"featured_media":96929,"comment_status":"closed","ping_status":"closed","sticky":false,"template":"","format":"standard","meta":[],"categories":[7],"tags":[1503,26,1870],"_links":{"self":[{"href":"https:\/\/www.infokuryr.cz\/n\/wp-json\/wp\/v2\/posts\/96928"}],"collection":[{"href":"https:\/\/www.infokuryr.cz\/n\/wp-json\/wp\/v2\/posts"}],"about":[{"href":"https:\/\/www.infokuryr.cz\/n\/wp-json\/wp\/v2\/types\/post"}],"author":[{"embeddable":true,"href":"https:\/\/www.infokuryr.cz\/n\/wp-json\/wp\/v2\/users\/2"}],"replies":[{"embeddable":true,"href":"https:\/\/www.infokuryr.cz\/n\/wp-json\/wp\/v2\/comments?post=96928"}],"version-history":[{"count":0,"href":"https:\/\/www.infokuryr.cz\/n\/wp-json\/wp\/v2\/posts\/96928\/revisions"}],"wp:featuredmedia":[{"embeddable":true,"href":"https:\/\/www.infokuryr.cz\/n\/wp-json\/wp\/v2\/media\/96929"}],"wp:attachment":[{"href":"https:\/\/www.infokuryr.cz\/n\/wp-json\/wp\/v2\/media?parent=96928"}],"wp:term":[{"taxonomy":"category","embeddable":true,"href":"https:\/\/www.infokuryr.cz\/n\/wp-json\/wp\/v2\/categories?post=96928"},{"taxonomy":"post_tag","embeddable":true,"href":"https:\/\/www.infokuryr.cz\/n\/wp-json\/wp\/v2\/tags?post=96928"}],"curies":[{"name":"wp","href":"https:\/\/api.w.org\/{rel}","templated":true}]}}