{"id":96925,"date":"2026-01-15T00:25:17","date_gmt":"2026-01-14T23:25:17","guid":{"rendered":"https:\/\/www.infokuryr.cz\/n\/?p=96925"},"modified":"2026-01-14T18:14:51","modified_gmt":"2026-01-14T17:14:51","slug":"miroslav-safar-znehodnocovani-meny-a-vlastne-vsech-fiat-men-zacina-nabirat-obratky","status":"publish","type":"post","link":"https:\/\/www.infokuryr.cz\/n\/2026\/01\/15\/miroslav-safar-znehodnocovani-meny-a-vlastne-vsech-fiat-men-zacina-nabirat-obratky\/","title":{"rendered":"Miroslav \u0160af\u00e1\u0159: Znehodnocov\u00e1n\u00ed m\u011bny a vlastn\u011b v\u0161ech fiat m\u011bn za\u010d\u00edn\u00e1 nab\u00edrat obr\u00e1tky"},"content":{"rendered":"<div id=\"fb-root\"><\/div>\n<p><span class=\"x193iq5w xeuugli x13faqbe x1vvkbs x1xmvt09 x1lliihq x1s928wv xhkezso x1gmr53x x1cpjm7i x1fgarty x1943h6x xudqn12 x3x7a5m x6prxxf xvq8zen xo1l8bm xzsf02u x1yc453h\" dir=\"auto\">Ve st\u0159edu 14. ledna 2026 americk\u00e1 mincovna ofici\u00e1ln\u011b pozastavila prodej v\u0161ech numismatick\u00fdch st\u0159\u00edbrn\u00fdch produkt\u016f s odvol\u00e1n\u00edm na neschopnost stanovit cenu kovu b\u011bhem \u201erychle rostouc\u00edch\u201c tr\u017en\u00edch podm\u00ednek.<\/span><\/p>\n<p>Cena toti\u017e roste rychleji ne\u017e kdokoliv \u010dekal, samoz\u0159ejm\u011b, krom n\u00e1s N\u00e1rodn\u00edch demokrat\u016f. My na tuto situaci upozor\u0148ovali od sam\u00e9ho za\u010d\u00e1tku sv\u00e9 nov\u00e9 existence.<\/p>\n<p>V\u011bci se maj\u00ed takto, mincovna prod\u00e1 kov za 80 dolar\u016f, ale u\u017e druh\u00fd den kupuje od t\u011b\u017ea\u0159\u016f a zpracovatel\u016f to sam\u00e9 mno\u017estv\u00ed kovu k dal\u0161\u00edmu prodeji za cenu o 10 dolar\u016f vy\u0161\u0161\u00ed. Pokud se tohle d\u011bje opakovan\u011b po n\u011bkolik t\u00fddn\u016f, tedy, kdy\u017e opakovan\u011b prod\u00e1v\u00e1 a hned mus\u00ed nakupovat nov\u00fd kov dr\u00e1\u017e, ne\u017e prodali , tak se dost\u00e1vaj\u00ed do probl\u00e9mu.\u00a0 Zastaven\u00ed prodeje bude \u010dekat tak dlouho, ne\u017e \u0161um ustane.<\/p>\n<p>Jedna z mo\u017enost\u00ed jak to zastavit je ob\u0159\u00ed \u0161ort pozice, ale na to p\u0159i nedostatku fyzick\u00e9ho kovu nev\u011b\u0159\u00edm. Cel\u00e9 to hovo\u0159\u00ed o ob\u0159\u00edch probl\u00e9mech ve sv\u011bt\u011b financ\u00ed.<\/p>\n<p>\u00darokov\u00e1 m\u00edra 10 let. USA dluhopis\u016f a hlavn\u011b Japonsk\u00e9ho za\u010d\u00edn\u00e1 r\u016fst.<\/p>\n<p>Spr\u00e1vn\u00fd libtard se bude divit, co mu je po tom, \u017ee, ale to v\u0161e hovo\u0159\u00ed o obrovsk\u00fdch probl\u00e9mech v glob\u00e1ln\u00edch financ\u00edch, se kter\u00fdmi se letos v\u0161ichni osobn\u011b setk\u00e1me.<\/p>\n<p>Kdo poslechl N\u00e1s N\u00c1RODN\u00cd DEMOKRATY, tak se nem\u00e1 \u010deho b\u00e1t.<\/p>\n<p><em><a href=\"https:\/\/narodnidemokracie.cz\/mvdr-miroslav-safar-znehodnocovani-meny-a-vlastne-vsech-fiat-men-zacina-nabirat-obratky\/\">MVDr. Miroslav \u0160af\u00e1\u0159<\/a>, m\u00edstop\u0159edseda ND<\/em><\/p>\n<p>&nbsp;<\/p>\n","protected":false},"excerpt":{"rendered":"<p>Ve st\u0159edu 14. ledna 2026 americk\u00e1 mincovna ofici\u00e1ln\u011b pozastavila prodej v\u0161ech numismatick\u00fdch st\u0159\u00edbrn\u00fdch produkt\u016f s&#8230;<\/p>\n","protected":false},"author":2,"featured_media":37644,"comment_status":"closed","ping_status":"closed","sticky":false,"template":"","format":"standard","meta":[],"categories":[6],"tags":[1503,2398,10404,6928],"_links":{"self":[{"href":"https:\/\/www.infokuryr.cz\/n\/wp-json\/wp\/v2\/posts\/96925"}],"collection":[{"href":"https:\/\/www.infokuryr.cz\/n\/wp-json\/wp\/v2\/posts"}],"about":[{"href":"https:\/\/www.infokuryr.cz\/n\/wp-json\/wp\/v2\/types\/post"}],"author":[{"embeddable":true,"href":"https:\/\/www.infokuryr.cz\/n\/wp-json\/wp\/v2\/users\/2"}],"replies":[{"embeddable":true,"href":"https:\/\/www.infokuryr.cz\/n\/wp-json\/wp\/v2\/comments?post=96925"}],"version-history":[{"count":0,"href":"https:\/\/www.infokuryr.cz\/n\/wp-json\/wp\/v2\/posts\/96925\/revisions"}],"wp:featuredmedia":[{"embeddable":true,"href":"https:\/\/www.infokuryr.cz\/n\/wp-json\/wp\/v2\/media\/37644"}],"wp:attachment":[{"href":"https:\/\/www.infokuryr.cz\/n\/wp-json\/wp\/v2\/media?parent=96925"}],"wp:term":[{"taxonomy":"category","embeddable":true,"href":"https:\/\/www.infokuryr.cz\/n\/wp-json\/wp\/v2\/categories?post=96925"},{"taxonomy":"post_tag","embeddable":true,"href":"https:\/\/www.infokuryr.cz\/n\/wp-json\/wp\/v2\/tags?post=96925"}],"curies":[{"name":"wp","href":"https:\/\/api.w.org\/{rel}","templated":true}]}}