{"id":96924,"date":"2026-01-15T00:22:54","date_gmt":"2026-01-14T23:22:54","guid":{"rendered":"https:\/\/www.infokuryr.cz\/n\/?p=96924"},"modified":"2026-01-14T11:46:22","modified_gmt":"2026-01-14T10:46:22","slug":"erik-best-babis-haze-kost-nemcum","status":"publish","type":"post","link":"https:\/\/www.infokuryr.cz\/n\/2026\/01\/15\/erik-best-babis-haze-kost-nemcum\/","title":{"rendered":"Erik Best: Babi\u0161 h\u00e1\u017ee kost N\u011bmc\u016fm"},"content":{"rendered":"<div id=\"fb-root\"><\/div>\n<p>Frankfurter Allgemeine Zeitung (FAZ) vydal \u010dl\u00e1nek o\u00a0<a href=\"https:\/\/www.faz.net\/aktuell\/wirtschaft\/mehr-wirtschaft\/neue-regierung-in-prag-diese-plaene-hat-andrej-babis-fuer-die-wirtschaft-accg-110817407.html\" target=\"_blank\" rel=\"noopener\">sm\u00ed\u0161en\u00fdch sign\u00e1lech<\/a>, kter\u00e9 sm\u011brem k\u00a0Bruselu vys\u00edl\u00e1 nov\u00e1 \u010desk\u00e1 vl\u00e1da. Andrej Babi\u0161 je v\u00a0Koalici ochotn\u00fdch a\u00a0odm\u00edt\u00e1 se p\u0159ipojit k\u00a0protiunijn\u00edmu skandov\u00e1n\u00ed SPD nebo protiukrajinsk\u00e9mu spojenectv\u00ed Slovenska a\u00a0Ma\u010farska, napsal FAZ, ale z\u00e1rove\u0148 odm\u00edt\u00e1 p\u0159ijmout finan\u010dn\u00ed z\u00e1vazky v\u016f\u010di Ukrajin\u011b. P\u016fvodn\u011b byl proti muni\u010dn\u00ed iniciativ\u011b, av\u0161ak pod tlakem USA oto\u010dil, z\u0159ejm\u011b proto, \u017ee st\u00e1le naslouch\u00e1 ekonomick\u00fdm argument\u016fm, vysv\u011btluje FAZ.<\/p>\n<p>\u010cl\u00e1nek mohl zm\u00ednit i\u00a0Visegr\u00e1d, ale nestalo se tak. Ve sv\u00e9m v\u010derej\u0161\u00edm projevu p\u0159ed dne\u0161n\u00edm sn\u011bmovn\u00edm hlasov\u00e1n\u00edm o\u00a0d\u016fv\u011b\u0159e vl\u00e1d\u011b Babi\u0161 zm\u00ednil, \u017ee\u00a0<a href=\"https:\/\/www.psp.cz\/eknih\/2025ps\/stenprot\/005schuz\/s005015.htm\" target=\"_blank\" rel=\"noopener\">V4 pot\u0159ebujeme<\/a>\u00a0jako n\u00e1stroj v\u00a0boji za prosazov\u00e1n\u00ed z\u00e1jm\u016f tohoto regionu v\u00a0Bruselu, ale z\u00e1rove\u0148 \u00fapln\u011b p\u0159e\u0161el neschopnost V4 zaujmout jednotn\u00fd postoj k\u00a0dohod\u011b s\u00a0<a href=\"https:\/\/www.psp.cz\/eknih\/2025ps\/stenprot\/005schuz\/s005017.htm\" target=\"_blank\" rel=\"noopener\">Mercosurem<\/a>, proti kter\u00e9 se stav\u00ed\u00a0<a href=\"https:\/\/www.euractiv.com\/news\/eu-countries-endorse-mercosur-trade-deal\/\" target=\"_blank\" rel=\"noopener\">Polsko a\u00a0Ma\u010farsko<\/a>.<\/p>\n<p>T\u00e9m\u011b\u0159 bez ve\u0159ejn\u00e9 debaty a\u00a0navzdory odporu\u00a0<a href=\"https:\/\/zemedelec.cz\/dohoda-ohrozuje-konkurenceschopnost-evropskeho-zemedelstvi-a-potravinarstvi\/\" target=\"_blank\" rel=\"noopener\">Agr\u00e1rn\u00ed komory<\/a>\u00a0Babi\u0161 minul\u00fd m\u011bs\u00edc prohl\u00e1sil, \u017ee jeho t\u00fdm nezm\u011bnil\u00a0<a href=\"https:\/\/x.com\/AndrejBabis\/status\/2002299970758508930\" target=\"_blank\" rel=\"noopener\">kladnou pozici<\/a>\u00a0Fialovy vl\u00e1dy k\u00a0Mercorusu, proto\u017ee tam pot\u0159ebujeme\u00a0<a href=\"https:\/\/mpo.gov.cz\/cz\/rozcestnik\/pro-media\/tiskove-zpravy\/budouci-dohoda-o-volnem-obchodu-s-mercosur-jako-obrovska-prilezitost-pro-ceske-firmy--284965\/\" target=\"_blank\" rel=\"noopener\">exportovat<\/a>. \u010cesk\u00fd hlas stejn\u011b nemohl nic zm\u011bnit, a\u00a0tak m\u00edsto aby projevil solidaritu s\u00a0Pol\u00e1ky a\u00a0Ma\u010fary, Babi\u0161 hodil kost N\u011bmc\u016fm.<\/p>\n<p><a href=\"https:\/\/www.fsfinalword.cz\/?page=archive&amp;day=2026-01-14\">Erik Best<\/a><\/p>\n<p><img decoding=\"async\" loading=\"lazy\" class=\"alignnone  wp-image-1179\" src=\"http:\/\/www.infokuryr.cz\/n\/wp-content\/uploads\/2021\/04\/erik-best.jpg\" alt=\"\" width=\"140\" height=\"158\" \/><\/p>\n<p>&nbsp;<\/p>\n","protected":false},"excerpt":{"rendered":"<p>Frankfurter Allgemeine Zeitung (FAZ) vydal \u010dl\u00e1nek o\u00a0sm\u00ed\u0161en\u00fdch sign\u00e1lech, kter\u00e9 sm\u011brem k\u00a0Bruselu vys\u00edl\u00e1 nov\u00e1 \u010desk\u00e1 vl\u00e1da&#8230;.<\/p>\n","protected":false},"author":2,"featured_media":4380,"comment_status":"closed","ping_status":"closed","sticky":false,"template":"","format":"standard","meta":[],"categories":[6],"tags":[126,1503,429],"_links":{"self":[{"href":"https:\/\/www.infokuryr.cz\/n\/wp-json\/wp\/v2\/posts\/96924"}],"collection":[{"href":"https:\/\/www.infokuryr.cz\/n\/wp-json\/wp\/v2\/posts"}],"about":[{"href":"https:\/\/www.infokuryr.cz\/n\/wp-json\/wp\/v2\/types\/post"}],"author":[{"embeddable":true,"href":"https:\/\/www.infokuryr.cz\/n\/wp-json\/wp\/v2\/users\/2"}],"replies":[{"embeddable":true,"href":"https:\/\/www.infokuryr.cz\/n\/wp-json\/wp\/v2\/comments?post=96924"}],"version-history":[{"count":0,"href":"https:\/\/www.infokuryr.cz\/n\/wp-json\/wp\/v2\/posts\/96924\/revisions"}],"wp:featuredmedia":[{"embeddable":true,"href":"https:\/\/www.infokuryr.cz\/n\/wp-json\/wp\/v2\/media\/4380"}],"wp:attachment":[{"href":"https:\/\/www.infokuryr.cz\/n\/wp-json\/wp\/v2\/media?parent=96924"}],"wp:term":[{"taxonomy":"category","embeddable":true,"href":"https:\/\/www.infokuryr.cz\/n\/wp-json\/wp\/v2\/categories?post=96924"},{"taxonomy":"post_tag","embeddable":true,"href":"https:\/\/www.infokuryr.cz\/n\/wp-json\/wp\/v2\/tags?post=96924"}],"curies":[{"name":"wp","href":"https:\/\/api.w.org\/{rel}","templated":true}]}}