{"id":96915,"date":"2026-01-15T00:16:26","date_gmt":"2026-01-14T23:16:26","guid":{"rendered":"https:\/\/www.infokuryr.cz\/n\/?p=96915"},"modified":"2026-01-14T11:30:45","modified_gmt":"2026-01-14T10:30:45","slug":"martin-kovac-proc-by-byla-americka-anexe-gronska-spatnou-zpravou-pro-cechy-a-slovaky","status":"publish","type":"post","link":"https:\/\/www.infokuryr.cz\/n\/2026\/01\/15\/martin-kovac-proc-by-byla-americka-anexe-gronska-spatnou-zpravou-pro-cechy-a-slovaky\/","title":{"rendered":"Martin Kova\u010d: Pro\u010d by byla americk\u00e1 anexe Gr\u00f3nska \u0161patnou zpr\u00e1vou pro \u010cechy a Slov\u00e1ky"},"content":{"rendered":"<div id=\"fb-root\"><\/div>\n<p>Anexe Gr\u00f3nska Spojen\u00fdmi st\u00e1ty by vypadala jako vzd\u00e1len\u00fd arktick\u00fd konflikt D\u00e1nska s USA. Pro \u010cesko a Slovensko by to v\u0161ak znamenalo z\u00e1sadn\u00ed zlom \u2013 p\u0159\u00edm\u00fd z\u00e1sah do bezpe\u010dnosti, ekonomiky a politick\u00e9 stability ve st\u0159edn\u00ed Evrop\u011b.<\/p>\n<p><strong>Pro\u010d n\u00e1s m\u00e1 zaj\u00edmat \u201en\u011bjak\u00e9\u201c Gr\u00f3nsko<\/strong><\/p>\n<p>Z Prahy \u010di Bratislavy je Gr\u00f3nsko je\u0161t\u011b d\u00e1le ne\u017e Ukrajina. Na map\u011b p\u016fsob\u00ed jako b\u00edl\u00fd okraj sv\u011bta, bez p\u0159\u00edm\u00fdch vazeb na na\u0161e ka\u017edodenn\u00ed probl\u00e9my \u2013 ceny potravin, hypot\u00e9ky, mzdy, budoucnost d\u011bt\u00ed. Pr\u00e1v\u011b v tom tkv\u00ed nebezpe\u010d\u00ed.<\/p>\n<p>Pokud by Spojen\u00e9 st\u00e1ty vojensky nebo n\u00e1tlakem anektovaly Gr\u00f3nsko, ne\u0161lo by o jednoduch\u00fd spor o led a nerosty. Byl by to historick\u00fd precedens: \u010dlen NATO a hlavn\u00ed garant na\u0161\u00ed bezpe\u010dnosti by s\u00e1hl na \u00fazem\u00ed jin\u00e9ho spojence. T\u00edm by zpochybnil z\u00e1kladn\u00ed princip, \u017ee hranice v Evrop\u011b a jej\u00edm bezprost\u0159edn\u00edm okol\u00ed se nem\u011bn\u00ed silou. Tato logika je z\u00e1kladem bezpe\u010dnosti \u010ceska a Slovenska.<\/p>\n<p>V\u0161echno, \u010d\u00edm na\u0161e vl\u00e1dy desetilet\u00ed obhajovaly pomoc Ukrajin\u011b \u2013 suverenita, \u00fazemn\u00ed celistvost, odm\u00edtnut\u00ed anexi\u00ed \u2013 by najednou st\u00e1lo proti chov\u00e1n\u00ed Washingtonu. Pro mnoh\u00e9 ob\u010dany by to byl p\u0159irozen\u00fd d\u016fvod pt\u00e1t se: pro\u010d m\u00e1me riskovat miliardy a politickou stabilitu kv\u016fli princip\u016fm, kter\u00e9 poru\u0161uje n\u00e1\u0161 hlavn\u00ed spojenec?<\/p>\n<p><strong>Bezpe\u010dnost: z\u00e1ruky, na kter\u00fdch stoj\u00ed v\u00fdchodn\u00ed k\u0159\u00eddlo NATO<\/strong><\/p>\n<p>\u010cesk\u00e1 i slovensk\u00e1 bezpe\u010dnostn\u00ed politika posledn\u00edch t\u0159icet let stoj\u00ed na dvou pil\u00ed\u0159\u00edch: \u010dlenstv\u00ed v NATO a p\u0159esv\u011bd\u010den\u00ed, \u017ee USA jsou spolehliv\u00fd l\u00eddr aliance. Bez americk\u00e9 vojensk\u00e9 p\u0159\u00edtomnosti v Polsku, N\u011bmecku \u010di pobaltsk\u00fdch zem\u00edch by obrana v\u00fdchodn\u00edho k\u0159\u00eddla vypadala \u00fapln\u011b jinak.<\/p>\n<p>Pokud v\u0161ak tent\u00fd\u017e Washington uk\u00e1\u017ee, \u017ee je ochoten si vojensky vynutit \u00fazem\u00ed spojence, d\u016fv\u011bra se zhrout\u00ed. Pro Prahu a Bratislavu by to m\u011blo t\u0159i p\u0159\u00edm\u00e9 d\u016fsledky:<br \/>\nSpory uvnit\u0159 NATO by byly prvn\u00edm viditeln\u00fdm ot\u0159esem. D\u00e1nsko jako napaden\u00fd spojenec, USA jako \u00fato\u010dn\u00edk &#8211; zbytek aliance by st\u00e1l v pr\u00e1vn\u00edm a mor\u00e1ln\u00edm vakuu, kter\u00e9 dosud nikdo nep\u0159edpokl\u00e1dal. Pokud by se \u010dlensk\u00e9 st\u00e1ty nedok\u00e1zaly shodnout, zda se \u010dl\u00e1nek 5 d\u00e1 uplatnit i proti form\u00e1ln\u00edmu spojenci, NATO by p\u0159estalo b\u00fdt pevn\u00fdm bezpe\u010dnostn\u00edm r\u00e1mcem a zm\u011bnilo by se na diskusn\u00ed klub pln\u00fd h\u00e1dek.<\/p>\n<p><img decoding=\"async\" loading=\"lazy\" class=\"wp-image-96917 aligncenter\" src=\"http:\/\/www.infokuryr.cz\/n\/wp-content\/uploads\/2026\/01\/gronsko-trump-1-300x300.jpg\" alt=\"\" width=\"790\" height=\"790\" srcset=\"https:\/\/www.infokuryr.cz\/n\/wp-content\/uploads\/2026\/01\/gronsko-trump-1-300x300.jpg 300w, https:\/\/www.infokuryr.cz\/n\/wp-content\/uploads\/2026\/01\/gronsko-trump-1.jpg 1024w, https:\/\/www.infokuryr.cz\/n\/wp-content\/uploads\/2026\/01\/gronsko-trump-1-150x150.jpg 150w, https:\/\/www.infokuryr.cz\/n\/wp-content\/uploads\/2026\/01\/gronsko-trump-1-768x768.jpg 768w\" sizes=\"(max-width: 790px) 100vw, 790px\" \/><br \/>\nRoz\u0161t\u011bpen\u00ed regionu by prohloubilo nap\u011bt\u00ed. Polsko a Pobalt\u00ed, kde USA vn\u00edmaj\u00ed jako nezbytn\u00fd garant proti Rusku, by navzdory hn\u011bvu trvaly na \u201ebez USA to nejde\u201c a tla\u010dily na \u00fazk\u00e9 spojenectv\u00ed. V \u010cesku a na Slovensku by zes\u00edlily hlasy za pos\u00edlen\u00edm evropsk\u00e9 obrany \u2013 od EU kapacit po v\u011bt\u0161\u00ed autonomii ve zbroja\u0159stv\u00ed. Tento rozchod (\u201ev\u00edce Ameriky&#8220; na v\u00fdchod\u011b vs. \u201ev\u00edce Evropy&#8220; ve st\u0159edu) by zkomplikoval spole\u010dnou linii a u\u010dinil z Gr\u00f3nska symbol dlouhodob\u00e9 krize d\u016fv\u011bry.<\/p>\n<p>Pro pr\u016fm\u011brn\u00e9ho \u010dlov\u011bka v Olomouci \u010di Ko\u0161ic\u00edch se abstraktn\u00ed anal\u00fdzy p\u0159elo\u017e\u00ed do pocitu nep\u0159edv\u00eddatelnosti: v\u00e1lka sice nen\u00ed u n\u00e1s, ale \u201en\u011bco se m\u016f\u017ee st\u00e1t\u201c. Ve spole\u010dnosti unaven\u00e9 covidem, energetickou kriz\u00ed a Ukrajinou je to recept na \u00fazkost a polarizaci.<\/p>\n<p><strong>Ekonomika: dra\u017e\u0161\u00ed energie, nejist\u00fd export, slab\u0161\u00ed koruna<\/strong><\/p>\n<p>\u010cesko a Slovensko jsou mal\u00e9 otev\u0159en\u00e9 ekonomiky z\u00e1visl\u00e9 na exportu, levn\u00e9 energii a stabilit\u011b. Krize kolem Gr\u00f3nska by zas\u00e1hla v\u0161echny tyto pil\u00ed\u0159e.<\/p>\n<p>Arktida je st\u00e1le d\u016fle\u017eit\u011bj\u0161\u00edm koridorem pro LNG, ropu a n\u00e1mo\u0159n\u00ed dopravu obch\u00e1zej\u00edc\u00ed Suez \u010di Malack\u00fd pr\u016fliv. Vojensk\u00e9 nap\u011bt\u00ed by znamenalo vy\u0161\u0161\u00ed poji\u0161t\u011bn\u00ed, rizikov\u00e9 p\u0159ir\u00e1\u017eky a ni\u017e\u0161\u00ed investice do arktick\u00e9 infrastruktury. Tyto n\u00e1klady by se p\u0159enesly do cen plynu, elekt\u0159iny a paliv \u2013 p\u0159\u00edmo do na\u0161ich dom\u00e1cnost\u00ed a firem.<\/p>\n<p>Ob\u011b zem\u011b za\u017eily energetick\u00fd \u0161ok po rusk\u00e9 invazi: propad pr\u016fmyslu, propou\u0161t\u011bn\u00ed, dotace. Nov\u00fd arktick\u00fd n\u00e1raz by dorazil automobilky, chemii, skl\u00e1rny v dob\u011b jejich zotaven\u00ed. Rodiny v Martin\u011b \u010di Plzni by platily o des\u00edtky procent v\u00edce, vl\u00e1dy by \u010delily deficitu a \u0161krtaj\u00ed \u0161kolstv\u00ed \u010di d\u016fchody.<\/p>\n<p>Obchodn\u00ed ot\u0159esy by p\u0159idaly palivo do ohn\u011b. EU sankce na USA by vyvolaly recipro\u010dn\u00ed cla \u2013 nejen na Airbus, ale \u0161ir\u0161\u00ed. Na\u0161e automobilky, stroj\u00edrenstv\u00ed, elektrotechnika, IT by poc\u00edtily redukce objedn\u00e1vek. N\u011bmeck\u00fd VW \u010di francouzsk\u00fd Stellantis by p\u0159i clech na americk\u00fd trh prvn\u00ed sekly subdodavatele z Tren\u010d\u00edna, \u017diliny, Ostravy. M\u00e9n\u011b s\u00e9ri\u00ed, nejistota pro des\u00edtky tis\u00edc lid\u00ed, tlak na mzdy.<\/p>\n<p>Finan\u010dn\u00ed nap\u011bt\u00ed by uzav\u0159elo trojk\u0159\u00ed\u017e. Rozklad NATO d\u016fv\u011bry by vyvolal nervozitu: slab\u0161\u00ed koruna (\u010cesko), oslaben\u00fd euroblok (Slovensko), ECB sazby nahoru. Hypot\u00e9ky dra\u017e\u0161\u00ed o stovky K\u010d, firmy bez \u00fav\u011br\u016f, investo\u0159i ute\u010dou. St\u00e1ty by platily v\u00edce za dluh p\u0159i ni\u017e\u0161\u00edch dan\u00edch z oslaben\u00e9ho pr\u016fmyslu.<\/p>\n<p>Tyto vlny by n\u00e1s zas\u00e1hly najednou, bez rezervy. Rozd\u00edl oproti minulosti? Nep\u0159\u00edtel je spojenec Washington.<\/p>\n<p>V roce 2026 se slovensk\u00e1 sc\u00e9na m\u011bn\u00ed rychlost\u00ed blesku &#8211; koalice lap\u00e1 po br\u010dk\u00e1ch, opozice hraje divadlo. Nesta\u010d\u00ed scrollovat a frflat; skute\u010dn\u00e1 zm\u011bna za\u010d\u00edn\u00e1 v n\u00e1s, kdy\u017e se postav\u00edme za sv\u00e9 p\u0159esv\u011bd\u010den\u00ed. Co ud\u011bl\u00e1te vy &#8211; budete jen div\u00e1k\u016fm, nebo nap\u00ed\u0161ete dal\u0161\u00ed akt p\u0159\u00edb\u011bhu?<\/p>\n<p><strong><em>Martin Kova\u010d<\/em><\/strong><\/p>\n<p>&nbsp;<\/p>\n","protected":false},"excerpt":{"rendered":"<p>Anexe Gr\u00f3nska Spojen\u00fdmi st\u00e1ty by vypadala jako vzd\u00e1len\u00fd arktick\u00fd konflikt D\u00e1nska s USA. Pro \u010cesko&#8230;<\/p>\n","protected":false},"author":2,"featured_media":96916,"comment_status":"closed","ping_status":"closed","sticky":false,"template":"","format":"standard","meta":[],"categories":[6],"tags":[10403,59,3484,1503,39],"_links":{"self":[{"href":"https:\/\/www.infokuryr.cz\/n\/wp-json\/wp\/v2\/posts\/96915"}],"collection":[{"href":"https:\/\/www.infokuryr.cz\/n\/wp-json\/wp\/v2\/posts"}],"about":[{"href":"https:\/\/www.infokuryr.cz\/n\/wp-json\/wp\/v2\/types\/post"}],"author":[{"embeddable":true,"href":"https:\/\/www.infokuryr.cz\/n\/wp-json\/wp\/v2\/users\/2"}],"replies":[{"embeddable":true,"href":"https:\/\/www.infokuryr.cz\/n\/wp-json\/wp\/v2\/comments?post=96915"}],"version-history":[{"count":1,"href":"https:\/\/www.infokuryr.cz\/n\/wp-json\/wp\/v2\/posts\/96915\/revisions"}],"predecessor-version":[{"id":96918,"href":"https:\/\/www.infokuryr.cz\/n\/wp-json\/wp\/v2\/posts\/96915\/revisions\/96918"}],"wp:featuredmedia":[{"embeddable":true,"href":"https:\/\/www.infokuryr.cz\/n\/wp-json\/wp\/v2\/media\/96916"}],"wp:attachment":[{"href":"https:\/\/www.infokuryr.cz\/n\/wp-json\/wp\/v2\/media?parent=96915"}],"wp:term":[{"taxonomy":"category","embeddable":true,"href":"https:\/\/www.infokuryr.cz\/n\/wp-json\/wp\/v2\/categories?post=96915"},{"taxonomy":"post_tag","embeddable":true,"href":"https:\/\/www.infokuryr.cz\/n\/wp-json\/wp\/v2\/tags?post=96915"}],"curies":[{"name":"wp","href":"https:\/\/api.w.org\/{rel}","templated":true}]}}