{"id":96912,"date":"2026-01-15T00:13:26","date_gmt":"2026-01-14T23:13:26","guid":{"rendered":"https:\/\/www.infokuryr.cz\/n\/?p=96912"},"modified":"2026-01-14T11:20:04","modified_gmt":"2026-01-14T10:20:04","slug":"petr-pokorny-babisi-nejsem-donalda-trumpa-onuce-koho-si-budu-vazit-rozhoduji-jen-ja","status":"publish","type":"post","link":"https:\/\/www.infokuryr.cz\/n\/2026\/01\/15\/petr-pokorny-babisi-nejsem-donalda-trumpa-onuce-koho-si-budu-vazit-rozhoduji-jen-ja\/","title":{"rendered":"Petr Pokorn\u00fd: Babi\u0161i, nejsem Donalda Trumpa onuce &#8211; koho si budu v\u00e1\u017eit, rozhoduji jen j\u00e1!"},"content":{"rendered":"<div id=\"fb-root\"><\/div>\n<div class=\"introtext\">\n<h4>V\u00e1\u017en\u011b se Babi\u0161 zamiloval do Trumpa, aby mu pol\u00edbil prsten, a s l\u00e1skou mu dodal dal\u0161\u00ed pen\u00edze na \u00fa\u017easn\u00e1 letad\u00fdlka? Pro\u010d by jinak Babi\u0161ovi volal? Z l\u00e1sky to ur\u010dit\u011b nen\u00ed!<\/h4>\n<\/div>\n<div class=\"fulltext\">\n<p>Hrozn\u011b nen\u00e1vid\u00edm, kdy\u017e mi n\u011bkdo hraje politick\u00e9 divadlo.\u00a0Covidov\u00e9 zlo\u010diny a finan\u010dn\u00ed masakr a vyv\u00e1d\u011bn\u00ed pen\u011bz do USA za Pfizera poskokem Vojt\u011bchem nezapom\u00edn\u00e1m.<\/p>\n<p>N\u011bkdo hraje velk\u00e9 divadlo. Babi\u0161 n\u00e1s podvedl u\u017e jednou. Podvede n\u00e1s stejn\u011b jako parta kolem Fialy? \u010cuk a Gek s Vrb\u011bticemi byla tot\u00e1ln\u00ed fra\u0161ka a ka\u017ed\u00fd, kdo m\u00e1 trochu mozek, v\u00ed, \u017ee to byl gigantick\u00fd podvod.<\/p>\n<p>Co nab\u00eddl Babi\u0161 Bruselu a Trumpovi? Jak\u00e9 firmy zase vyvede do rukou USA?<\/p>\n<p>Pro\u010d se boj\u00ed Babi\u0161 a Havl\u00ed\u010dek referenda jako \u010dert k\u0159\u00ed\u017ee, kdy\u017e v\u0161ichni v na\u0161\u00ed zemi miluj\u00ed Brusel a Leyenovou?\u00a0Co v\u011bz\u00ed za tot\u00e1ln\u00ed adorac\u00ed Babi\u0161e a Havl\u00ed\u010dka, kdy\u017e se chovaj\u00ed jako podolky Donalda Trumpa?<\/p>\n<p>Nejedn\u00e1 se o okop\u00e1v\u00e1n\u00ed kotn\u00edk\u016f, ale Babi\u0161 a jeho poslanci by se m\u011bli uv\u011bdomit, \u017ee tolerance t\u00e9to vl\u00e1dy je jen proto, \u017ee ANO\u00a0 je o p\u00e1r procent lep\u0161\u00ed, ne\u017e rabuj\u00edc\u00ed banda kolem Fialy a BIS Koudelky. \u017de budeme bedliv\u011b sledovat, zda se Babi\u0161 nep\u0159ivine k USA jako ten na Pra\u017esk\u00e9m hrad\u011b k Moskv\u011b. Ne\u017e zjistil, \u017ee dolar je kvalitn\u011bj\u0161\u00ed, ne\u017e rubl.<\/p>\n<p>_______________________<\/p>\n<div class=\"info_box cela_sirka jpalert\">\n<div class=\"explanationContent\"><span style=\"color: #993366;\">Jak je mo\u017en\u00e9, \u017ee \u010de\u0161t\u00ed poslanci toleruj\u00ed od US ARMY masakrov\u00e1n\u00ed d\u011bt\u00ed ve v\u0161ech \u010d\u00e1stech sv\u011bta, adoruj\u00ed masakry civiln\u00edho obyvatelstva, mu\u010den\u00ed bez soudu v americk\u00fdch v\u011bznic\u00edch na Guant\u00e1namu, un\u00e1\u0161en\u00ed prezident\u016f, pou\u017e\u00edv\u00e1n\u00ed od chemick\u00fdch zbran\u00ed agent Orange a\u017e k raketov\u00fdm z\u00e1kladn\u00e1m NATO posunut\u00fdm na rusk\u00e9 hranice, zv\u011brstva Nulandov\u00e9 a Johnsona, a z\u00e1padn\u00ed st\u00e1ty, kter\u00e9 stra\u0161n\u011b zoufale pot\u0159ebuj\u00ed nerostn\u00e9 bohatstv\u00ed Ruska, loupe\u017ee ve Venezuele a toto v\u0161e m\u00e1me zaplatit v n\u00e1kupech americk\u00fdch zbran\u00ed, kdy my se m\u00e1me \u0161\u00edlen\u011b d\u00e1l zadlu\u017eovat a Pentagon na tom bude \u0161\u00edlen\u011b vyd\u011bl\u00e1vat jako za druh\u00e9 sv\u011btov\u00e9 v\u00e1lky?<\/span><\/div>\n<\/div>\n<p>_______________________<\/p>\n<p><strong>Souhlas\u00edm s podporou nov\u00e9 koalice, ale se stra\u0161n\u00fdm sk\u0159\u00edp\u011bn\u00edm zub\u016f.<\/strong>\u00a0To, \u017ee Babi\u0161 a Havl\u00ed\u010dek trochu v\u00edc akcentuj\u00ed \u010ceskou republiku, se zd\u00e1, \u017ee to budou kompenzovat vsunut\u00edm hlav do kone\u010dn\u00edku Donalda Trumpa. Dnes u\u017e prokazateln\u011b vraha\u00a0 a \u0161\u00edlence.<\/p>\n<p>Up\u0159\u00edmn\u011b, p\u0159\u00edli\u0161 rozd\u00edl\u016f mezi Babi\u0161em a Fialou a Havl\u00ed\u010dkem a Raku\u0161anem nevid\u00edm. Snad jedin\u011b v tom, \u017ee bude m\u00e9n\u011b ukrajinsk\u00fdch vlajek a\u00a0\u017ee se Babi\u0161 a Havl\u00ed\u010dek spojili s poctiv\u00fdmi a \u010desk\u00fdmi SPD, PRO a Svobodn\u00fdmi.\u00a0A t\u00edm bude\u00a0tlak na Babi\u0161e, aby se choval jako \u010desk\u00fd premi\u00e9r a nikoliv onuce Putina, \u010di Donalda Trumpa s Leynem z Bruselu.<\/p>\n<h4>Historie se st\u00e1le opakuje:<\/h4>\n<p><img decoding=\"async\" loading=\"lazy\" class=\"aligncenter\" src=\"https:\/\/www.skrytapravda.cz\/images\/blogy\/805\/2026\/zrada_a_dokumenty\/demokracie_64dfa.webp\" alt=\"demokracie 64dfa\" width=\"697\" height=\"798\" \/><\/p>\n<h4><strong>V roce 1989 jsme zbourali ostnat\u00e9 dr\u00e1ty na z\u00e1pad\u011b, aby n\u00e1s Brusel a Washington donutil v roce 2026 postavit ostnat\u00e9 dr\u00e1ty na v\u00fdchod\u011b, a zat\u00edmco oni vra\u017ed\u00ed a rabuj\u00ed, n\u00e1rody pod jejich totalitou se zadlu\u017euj\u00ed a zm\u00edraj\u00ed. Pro tuto nesvobodu a novou totalitu jsme cinkali kl\u00ed\u010di v roce 1989?\u00a0<\/strong><\/h4>\n<p><a href=\"https:\/\/www.skrytapravda.cz\/z-domova\/2965-babisi-nejsem-donalda-trumpa-onuce-koho-si-budu-vazit-rozhoduji-jen-ja\">Petr Pokorn\u00fd<\/a><\/p>\n<p>&nbsp;<\/p>\n<\/div>\n","protected":false},"excerpt":{"rendered":"<p>V\u00e1\u017en\u011b se Babi\u0161 zamiloval do Trumpa, aby mu pol\u00edbil prsten, a s l\u00e1skou mu dodal&#8230;<\/p>\n","protected":false},"author":2,"featured_media":96913,"comment_status":"closed","ping_status":"closed","sticky":false,"template":"","format":"standard","meta":[],"categories":[6],"tags":[126,63,1497,1503],"_links":{"self":[{"href":"https:\/\/www.infokuryr.cz\/n\/wp-json\/wp\/v2\/posts\/96912"}],"collection":[{"href":"https:\/\/www.infokuryr.cz\/n\/wp-json\/wp\/v2\/posts"}],"about":[{"href":"https:\/\/www.infokuryr.cz\/n\/wp-json\/wp\/v2\/types\/post"}],"author":[{"embeddable":true,"href":"https:\/\/www.infokuryr.cz\/n\/wp-json\/wp\/v2\/users\/2"}],"replies":[{"embeddable":true,"href":"https:\/\/www.infokuryr.cz\/n\/wp-json\/wp\/v2\/comments?post=96912"}],"version-history":[{"count":1,"href":"https:\/\/www.infokuryr.cz\/n\/wp-json\/wp\/v2\/posts\/96912\/revisions"}],"predecessor-version":[{"id":96914,"href":"https:\/\/www.infokuryr.cz\/n\/wp-json\/wp\/v2\/posts\/96912\/revisions\/96914"}],"wp:featuredmedia":[{"embeddable":true,"href":"https:\/\/www.infokuryr.cz\/n\/wp-json\/wp\/v2\/media\/96913"}],"wp:attachment":[{"href":"https:\/\/www.infokuryr.cz\/n\/wp-json\/wp\/v2\/media?parent=96912"}],"wp:term":[{"taxonomy":"category","embeddable":true,"href":"https:\/\/www.infokuryr.cz\/n\/wp-json\/wp\/v2\/categories?post=96912"},{"taxonomy":"post_tag","embeddable":true,"href":"https:\/\/www.infokuryr.cz\/n\/wp-json\/wp\/v2\/tags?post=96912"}],"curies":[{"name":"wp","href":"https:\/\/api.w.org\/{rel}","templated":true}]}}