{"id":96906,"date":"2026-01-15T00:23:06","date_gmt":"2026-01-14T23:23:06","guid":{"rendered":"https:\/\/www.infokuryr.cz\/n\/?p=96906"},"modified":"2026-01-14T11:06:38","modified_gmt":"2026-01-14T10:06:38","slug":"sok-v-halle-aktivni-strelec-houkajici-sireny-a-vyhlaseni-lockdownu","status":"publish","type":"post","link":"https:\/\/www.infokuryr.cz\/n\/2026\/01\/15\/sok-v-halle-aktivni-strelec-houkajici-sireny-a-vyhlaseni-lockdownu\/","title":{"rendered":"\u0160ok v Halle: \u201eAktivn\u00ed st\u0159elec\u201c \u2013 houkaj\u00edc\u00ed sir\u00e9ny a vyhl\u00e1\u0161en\u00ed lockdownu"},"content":{"rendered":"<div id=\"fb-root\"><\/div>\n<p><strong><span dir=\"auto\">V sobotu ve\u010der se v Halle (Saale) n\u00e1hle rozezn\u011bly sir\u00e9ny: Z reproduktor\u016f se v angli\u010dtin\u011b ozvalo ozn\u00e1men\u00ed, \u017ee je aktivn\u00ed ozbrojen\u00fd \u00fato\u010dn\u00edk \u2013 m\u011bsto se chyst\u00e1 do karant\u00e9ny. Teroristick\u00fd \u00fatok? St\u0159eleck\u00e9 \u0159\u00e1d\u011bn\u00ed? Rozru\u0161en\u00ed ob\u010dan\u00e9 hledali informace na internetu; naprost\u00fd objem provozu zp\u016fsobil p\u00e1d webov\u00fdch str\u00e1nek m\u011bsta. Uk\u00e1zalo se: Jednalo se o kybernetick\u00fd \u00fatok.<\/span><\/strong><\/p>\n<p><span dir=\"auto\">Obyvatelstvo je prost\u0159ednictv\u00edm politick\u00e9 a medi\u00e1ln\u00ed r\u00e9toriky st\u00e1le v\u00edce p\u0159ipravov\u00e1no na paniku. Z\u00e1rove\u0148 teror levicov\u00fdch extremist\u016f v Berl\u00edn\u011b uk\u00e1zal, jak realistick\u00e9 jsou n\u011bkter\u00e9 sc\u00e9n\u00e1\u0159e hrozeb. V t\u00e9to st\u00e1le velmi napjat\u00e9 atmosf\u00e9\u0159e do\u0161lo v sobotu ve\u010der kolem 22:00 v Halle (Saale) k d\u011bsiv\u00e9mu incidentu: N\u00e1hle se po cel\u00e9m m\u011bst\u011b rozezn\u011bly sir\u00e9ny, kter\u00e9 oznamovaly \u201eaktivn\u00edho st\u0159elce\u201c. Byla vyhl\u00e1\u0161ena karant\u00e9na.<\/span><\/p>\n<p><span dir=\"auto\">Z\u00e1b\u011bry alarmu, kter\u00e9 zn\u00ed jako v\u00e1\u017en\u00e9 varov\u00e1n\u00ed p\u0159ed ozbrojencem nebo teroristou, koluj\u00ed na soci\u00e1ln\u00edch s\u00edt\u00edch:<\/span><\/p>\n<figure class=\"wp-block-embed is-type-rich is-provider-twitter wp-block-embed-twitter\">\n<div class=\"wp-block-embed__wrapper\">\n<div class=\"twitter-tweet twitter-tweet-rendered\"><iframe id=\"twitter-widget-0\" class=\"\" title=\"X P\u0159\u00edsp\u011bvek\" src=\"https:\/\/platform.twitter.com\/embed\/Tweet.html?dnt=true&amp;embedId=twitter-widget-0&amp;features=eyJ0ZndfdGltZWxpbmVfbGlzdCI6eyJidWNrZXQiOltdLCJ2ZXJzaW9uIjpudWxsfSwidGZ3X2ZvbGxvd2VyX2NvdW50X3N1bnNldCI6eyJidWNrZXQiOnRydWUsInZlcnNpb24iOm51bGx9LCJ0ZndfdHdlZXRfZWRpdF9iYWNrZW5kIjp7ImJ1Y2tldCI6Im9uIiwidmVyc2lvbiI6bnVsbH0sInRmd19yZWZzcmNfc2Vzc2lvbiI6eyJidWNrZXQiOiJvbiIsInZlcnNpb24iOm51bGx9LCJ0ZndfZm9zbnJfc29mdF9pbnRlcnZlbnRpb25zX2VuYWJsZWQiOnsiYnVja2V0Ijoib24iLCJ2ZXJzaW9uIjpudWxsfSwidGZ3X21peGVkX21lZGlhXzE1ODk3Ijp7ImJ1Y2tldCI6InRyZWF0bWVudCIsInZlcnNpb24iOm51bGx9LCJ0ZndfZXhwZXJpbWVudHNfY29va2llX2V4cGlyYXRpb24iOnsiYnVja2V0IjoxMjA5NjAwLCJ2ZXJzaW9uIjpudWxsfSwidGZ3X3Nob3dfYmlyZHdhdGNoX3Bpdm90c19lbmFibGVkIjp7ImJ1Y2tldCI6Im9uIiwidmVyc2lvbiI6bnVsbH0sInRmd19kdXBsaWNhdGVfc2NyaWJlc190b19zZXR0aW5ncyI6eyJidWNrZXQiOiJvbiIsInZlcnNpb24iOm51bGx9LCJ0ZndfdXNlX3Byb2ZpbGVfaW1hZ2Vfc2hhcGVfZW5hYmxlZCI6eyJidWNrZXQiOiJvbiIsInZlcnNpb24iOm51bGx9LCJ0ZndfdmlkZW9faGxzX2R5bmFtaWNfbWFuaWZlc3RzXzE1MDgyIjp7ImJ1Y2tldCI6InRydWVfYml0cmF0ZSIsInZlcnNpb24iOm51bGx9LCJ0ZndfbGVnYWN5X3RpbWVsaW5lX3N1bnNldCI6eyJidWNrZXQiOnRydWUsInZlcnNpb24iOm51bGx9LCJ0ZndfdHdlZXRfZWRpdF9mcm9udGVuZCI6eyJidWNrZXQiOiJvbiIsInZlcnNpb24iOm51bGx9fQ%3D%3D&amp;frame=false&amp;hideCard=false&amp;hideThread=false&amp;id=2010991499513901352&amp;lang=cs&amp;origin=https%3A%2F%2Freport24.news%2Fschock-in-halle-active-shooter-heulende-sirenen-und-lockdown-ansage%2F&amp;sessionId=693c08cc2e55e211022ef99ec724cd9e6a470d36&amp;theme=light&amp;widgetsVersion=2615f7e52b7e0%3A1702314776716&amp;width=550px\" frameborder=\"0\" scrolling=\"no\" allowfullscreen=\"allowfullscreen\" data-tweet-id=\"2010991499513901352\" data-mce-fragment=\"1\"><\/iframe><\/div>\n<\/div>\n<\/figure>\n<p><span dir=\"auto\">Tiskov\u00e1\u00a0<\/span><a href=\"https:\/\/halle.de\/verwaltung-stadtrat\/presseportal\/nachrichten\/nachricht\/sirenen-fehlalarm-stadt-geht-mit-hoher-wahrscheinlichkeit-von-einem-externen-angriff-auf-das-system-aus\" target=\"_blank\" rel=\"noreferrer noopener\"><span dir=\"auto\">zpr\u00e1va<\/span><\/a><span dir=\"auto\">\u00a0na webov\u00fdch str\u00e1nk\u00e1ch m\u011bsta Halle up\u0159es\u0148uje: Poplach nebyl spu\u0161t\u011bn m\u011bstem, st\u00e1tem ani feder\u00e1ln\u00ed vl\u00e1dou.<\/span><\/p>\n<p><em><span dir=\"auto\">Proto je v tuto chv\u00edli nutn\u00e9 s vysokou m\u00edrou pravd\u011bpodobnosti p\u0159edpokl\u00e1dat, \u017ee syst\u00e9m byl v\u00fdsledkem vn\u011bj\u0161\u00edho \u00fatoku. Poplach nebyl spu\u0161t\u011bn m\u011bstem Halle (Saale), spolkovou zem\u00ed Sasko-Anhaltsko ani feder\u00e1ln\u00ed vl\u00e1dou. M\u011bsto Halle (Saale) p\u0159ijalo nezbytn\u00e1 opat\u0159en\u00ed k zabezpe\u010den\u00ed sir\u00e9nov\u00e9ho syst\u00e9mu a podalo policejn\u00ed zpr\u00e1vu. Vy\u0161et\u0159ov\u00e1n\u00ed je nyn\u00ed v pln\u00e9m proudu. V\u0161echny sir\u00e9ny v m\u011bstsk\u00fdch hranic\u00edch jsou chr\u00e1n\u011bny p\u0159ed vn\u011bj\u0161\u00edm p\u0159\u00edstupem a jsou pln\u011b funk\u010dn\u00ed.<\/span><\/em><\/p>\n<p><span dir=\"auto\">Webov\u00e9 str\u00e1nky m\u011bsta byly v sobotu ve\u010der tak\u00e9 kr\u00e1tce nedostupn\u00e9 \u2013 z\u0159ejm\u011b proto, \u017ee po spu\u0161t\u011bn\u00ed alarmu prudce vzrostl po\u010det n\u00e1v\u0161t\u011bv. Nen\u00ed divu, \u017ee mnoho lid\u00ed pravd\u011bpodobn\u011b hledalo informace o \u00fadajn\u00e9m nebezpe\u010d\u00ed.<\/span><\/p>\n<p><span dir=\"auto\">Zpo\u010d\u00e1tku se p\u0159edpokl\u00e1dala technick\u00e1 z\u00e1vada. Tobias Teschner, vedouc\u00ed bezpe\u010dnostn\u00edho odd\u011blen\u00ed m\u011bsta Halle, v\u0161ak\u00a0<\/span><a href=\"https:\/\/www.msn.com\/de-de\/nachrichten\/other\/active-shooter-lockdown-now-sirenenalarm-in-deutscher-gro%C3%9Fstadt-offenbar-von-cyberangriff-ausgel%C3%B6st\/ar-AA1U6Qiv\" target=\"_blank\" rel=\"noreferrer noopener\"><span dir=\"auto\">m\u00e9di\u00edm<\/span><\/a><span dir=\"auto\">\u00a0od t\u00e9 doby sd\u011blil , \u017ee p\u0159edpokl\u00e1daj\u00ed kybernetick\u00fd \u00fatok. A byl pom\u011brn\u011b slo\u017eit\u00fd, proto\u017ee hl\u00e1\u0161en\u00ed vys\u00edlan\u00e9 z reproduktor\u016f nebylo sou\u010d\u00e1st\u00ed syst\u00e9mu. V syst\u00e9mu je ulo\u017eeno pouze dev\u011bt standardizovan\u00fdch n\u011bmeck\u00fdch zpr\u00e1v t\u00fdkaj\u00edc\u00edch se typick\u00fdch mimo\u0159\u00e1dn\u00fdch ud\u00e1lost\u00ed, jako je extr\u00e9mn\u00ed po\u010das\u00ed nebo z\u00e1plavy. \u201eTento text nebyl nahr\u00e1n, neulo\u017een n\u00e1mi a nebyl autorizov\u00e1n,\u201c uvedl Teschner. Zvukov\u00fd soubor proto vlo\u017eili hacke\u0159i.<\/span><\/p>\n<p><span dir=\"auto\">To op\u011bt vyvol\u00e1v\u00e1 ot\u00e1zky ohledn\u011b bezpe\u010dnosti m\u011bstsk\u00e9 infrastruktury. Zat\u00edmco v Berl\u00edn\u011b mohou stovky policist\u016f po ni\u010div\u00e9m levicov\u00e9m teroristick\u00e9m \u00fatoku st\u00e1le st\u0159e\u017eit rozvodny a elektrick\u00e9 veden\u00ed, ud\u00e1losti v Halle nyn\u00ed jasn\u011b ukazuj\u00ed, jak snadno se zlo\u010dinci mohou nabourat do m\u011bstsk\u00fdch popla\u0161n\u00fdch syst\u00e9m\u016f. To rozhodn\u011b nijak neposiluje pocit bezpe\u010d\u00ed ve\u0159ejnosti.<\/span><\/p>\n<p><img decoding=\"async\" loading=\"lazy\" class=\"alignnone size-full wp-image-1185\" src=\"http:\/\/www.infokuryr.cz\/n\/wp-content\/uploads\/2021\/04\/kuryr-podpis.png\" alt=\"\" width=\"84\" height=\"24\" \/><\/p>\n<p>&nbsp;<\/p>\n","protected":false},"excerpt":{"rendered":"<p>V sobotu ve\u010der se v Halle (Saale) n\u00e1hle rozezn\u011bly sir\u00e9ny: Z reproduktor\u016f se v angli\u010dtin\u011b&#8230;<\/p>\n","protected":false},"author":2,"featured_media":96907,"comment_status":"closed","ping_status":"closed","sticky":false,"template":"","format":"standard","meta":[],"categories":[7],"tags":[2502,10401,4409],"_links":{"self":[{"href":"https:\/\/www.infokuryr.cz\/n\/wp-json\/wp\/v2\/posts\/96906"}],"collection":[{"href":"https:\/\/www.infokuryr.cz\/n\/wp-json\/wp\/v2\/posts"}],"about":[{"href":"https:\/\/www.infokuryr.cz\/n\/wp-json\/wp\/v2\/types\/post"}],"author":[{"embeddable":true,"href":"https:\/\/www.infokuryr.cz\/n\/wp-json\/wp\/v2\/users\/2"}],"replies":[{"embeddable":true,"href":"https:\/\/www.infokuryr.cz\/n\/wp-json\/wp\/v2\/comments?post=96906"}],"version-history":[{"count":0,"href":"https:\/\/www.infokuryr.cz\/n\/wp-json\/wp\/v2\/posts\/96906\/revisions"}],"wp:featuredmedia":[{"embeddable":true,"href":"https:\/\/www.infokuryr.cz\/n\/wp-json\/wp\/v2\/media\/96907"}],"wp:attachment":[{"href":"https:\/\/www.infokuryr.cz\/n\/wp-json\/wp\/v2\/media?parent=96906"}],"wp:term":[{"taxonomy":"category","embeddable":true,"href":"https:\/\/www.infokuryr.cz\/n\/wp-json\/wp\/v2\/categories?post=96906"},{"taxonomy":"post_tag","embeddable":true,"href":"https:\/\/www.infokuryr.cz\/n\/wp-json\/wp\/v2\/tags?post=96906"}],"curies":[{"name":"wp","href":"https:\/\/api.w.org\/{rel}","templated":true}]}}